{"id":303,"count":11,"description":"","link":"https:\/\/www.gold.fr\/news\/article\/or-inde\/","name":"Or Inde","slug":"or-inde","taxonomy":"post_tag","meta":[],"yoast_head":"<!-- This site is optimized with the Yoast SEO plugin v27.5 - https:\/\/yoast.com\/product\/yoast-seo-wordpress\/ -->\n<title>En Inde, les prix \u00e9lev\u00e9s de l\u2019or freinent la demande du m\u00e9tal jaune<\/title>\n<meta name=\"description\" content=\"En Inde, les prix \u00e9lev\u00e9s de l\u2019or freinent la demande La baisse du cours de l\u2019or ravive l\u2019app\u00e9tit des indiens Ann\u00e9e de records pour le m\u00e9tal jaune\" \/>\n<meta name=\"robots\" content=\"index, follow, max-snippet:-1, max-image-preview:large, max-video-preview:-1\" \/>\n<link rel=\"canonical\" href=\"https:\/\/www.gold.fr\/news\/article\/or-inde\/\" \/>\n<meta property=\"og:locale\" content=\"fr_FR\" \/>\n<meta property=\"og:type\" content=\"article\" \/>\n<meta property=\"og:title\" content=\"En Inde, les prix \u00e9lev\u00e9s de l\u2019or freinent la demande du m\u00e9tal jaune\" \/>\n<meta property=\"og:description\" content=\"En Inde, les prix \u00e9lev\u00e9s de l\u2019or freinent la demande La baisse du cours de l\u2019or ravive l\u2019app\u00e9tit des indiens Ann\u00e9e de records pour le m\u00e9tal jaune\" \/>\n<meta property=\"og:url\" content=\"https:\/\/www.gold.fr\/news\/article\/or-inde\/\" \/>\n<meta property=\"og:site_name\" content=\"Gold.fr\" \/>\n<meta name=\"twitter:card\" content=\"summary_large_image\" \/>\n<script type=\"application\/ld+json\" class=\"yoast-schema-graph\">{\"@context\":\"https:\\\/\\\/schema.org\",\"@graph\":[{\"@type\":\"CollectionPage\",\"@id\":\"https:\\\/\\\/www.gold.fr\\\/news\\\/article\\\/or-inde\\\/\",\"url\":\"https:\\\/\\\/www.gold.fr\\\/news\\\/article\\\/or-inde\\\/\",\"name\":\"En Inde, les prix \u00e9lev\u00e9s de l\u2019or freinent la demande du m\u00e9tal jaune\",\"isPartOf\":{\"@id\":\"https:\\\/\\\/www.gold.fr\\\/news\\\/#website\"},\"description\":\"En Inde, les prix \u00e9lev\u00e9s de l\u2019or freinent la demande La baisse du cours de l\u2019or ravive l\u2019app\u00e9tit des indiens Ann\u00e9e de records pour le m\u00e9tal jaune\",\"breadcrumb\":{\"@id\":\"https:\\\/\\\/www.gold.fr\\\/news\\\/article\\\/or-inde\\\/#breadcrumb\"},\"inLanguage\":\"fr-FR\"},{\"@type\":\"BreadcrumbList\",\"@id\":\"https:\\\/\\\/www.gold.fr\\\/news\\\/article\\\/or-inde\\\/#breadcrumb\",\"itemListElement\":[{\"@type\":\"ListItem\",\"position\":1,\"name\":\"Accueil\",\"item\":\"https:\\\/\\\/www.gold.fr\\\/\"},{\"@type\":\"ListItem\",\"position\":2,\"name\":\"Actualit\u00e9s\",\"item\":\"https:\\\/\\\/www.gold.fr\\\/news\\\/\"},{\"@type\":\"ListItem\",\"position\":3,\"name\":\"Or Inde\"}]},{\"@type\":\"WebSite\",\"@id\":\"https:\\\/\\\/www.gold.fr\\\/news\\\/#website\",\"url\":\"https:\\\/\\\/www.gold.fr\\\/news\\\/\",\"name\":\"Gold.fr\",\"description\":\"Actualit\u00e9s de l&#039;Or et des m\u00e9taux pr\u00e9cieux\",\"potentialAction\":[{\"@type\":\"SearchAction\",\"target\":{\"@type\":\"EntryPoint\",\"urlTemplate\":\"https:\\\/\\\/www.gold.fr\\\/news\\\/?s={search_term_string}\"},\"query-input\":{\"@type\":\"PropertyValueSpecification\",\"valueRequired\":true,\"valueName\":\"search_term_string\"}}],\"inLanguage\":\"fr-FR\"}]}<\/script>\n<!-- \/ Yoast SEO plugin. -->","yoast_head_json":{"title":"En Inde, les prix \u00e9lev\u00e9s de l\u2019or freinent la demande du m\u00e9tal jaune","description":"En Inde, les prix \u00e9lev\u00e9s de l\u2019or freinent la demande La baisse du cours de l\u2019or ravive l\u2019app\u00e9tit des indiens Ann\u00e9e de records pour le m\u00e9tal jaune","robots":{"index":"index","follow":"follow","max-snippet":"max-snippet:-1","max-image-preview":"max-image-preview:large","max-video-preview":"max-video-preview:-1"},"canonical":"https:\/\/www.gold.fr\/news\/article\/or-inde\/","og_locale":"fr_FR","og_type":"article","og_title":"En Inde, les prix \u00e9lev\u00e9s de l\u2019or freinent la demande du m\u00e9tal jaune","og_description":"En Inde, les prix \u00e9lev\u00e9s de l\u2019or freinent la demande La baisse du cours de l\u2019or ravive l\u2019app\u00e9tit des indiens Ann\u00e9e de records pour le m\u00e9tal jaune","og_url":"https:\/\/www.gold.fr\/news\/article\/or-inde\/","og_site_name":"Gold.fr","twitter_card":"summary_large_image","schema":{"@context":"https:\/\/schema.org","@graph":[{"@type":"CollectionPage","@id":"https:\/\/www.gold.fr\/news\/article\/or-inde\/","url":"https:\/\/www.gold.fr\/news\/article\/or-inde\/","name":"En Inde, les prix \u00e9lev\u00e9s de l\u2019or freinent la demande du m\u00e9tal jaune","isPartOf":{"@id":"https:\/\/www.gold.fr\/news\/#website"},"description":"En Inde, les prix \u00e9lev\u00e9s de l\u2019or freinent la demande La baisse du cours de l\u2019or ravive l\u2019app\u00e9tit des indiens Ann\u00e9e de records pour le m\u00e9tal jaune","breadcrumb":{"@id":"https:\/\/www.gold.fr\/news\/article\/or-inde\/#breadcrumb"},"inLanguage":"fr-FR"},{"@type":"BreadcrumbList","@id":"https:\/\/www.gold.fr\/news\/article\/or-inde\/#breadcrumb","itemListElement":[{"@type":"ListItem","position":1,"name":"Accueil","item":"https:\/\/www.gold.fr\/"},{"@type":"ListItem","position":2,"name":"Actualit\u00e9s","item":"https:\/\/www.gold.fr\/news\/"},{"@type":"ListItem","position":3,"name":"Or Inde"}]},{"@type":"WebSite","@id":"https:\/\/www.gold.fr\/news\/#website","url":"https:\/\/www.gold.fr\/news\/","name":"Gold.fr","description":"Actualit\u00e9s de l&#039;Or et des m\u00e9taux pr\u00e9cieux","potentialAction":[{"@type":"SearchAction","target":{"@type":"EntryPoint","urlTemplate":"https:\/\/www.gold.fr\/news\/?s={search_term_string}"},"query-input":{"@type":"PropertyValueSpecification","valueRequired":true,"valueName":"search_term_string"}}],"inLanguage":"fr-FR"}]}},"_links":{"self":[{"href":"https:\/\/www.gold.fr\/news\/wp-json\/wp\/v2\/tags\/303","targetHints":{"allow":["GET"]}}],"collection":[{"href":"https:\/\/www.gold.fr\/news\/wp-json\/wp\/v2\/tags"}],"about":[{"href":"https:\/\/www.gold.fr\/news\/wp-json\/wp\/v2\/taxonomies\/post_tag"}],"wp:post_type":[{"href":"https:\/\/www.gold.fr\/news\/wp-json\/wp\/v2\/posts?tags=303"}],"curies":[{"name":"wp","href":"https:\/\/api.w.org\/{rel}","templated":true}]}}