{"id":1504,"count":66,"description":"","link":"https:\/\/www.gold.fr\/news\/article\/janet-yellen\/","name":"Janet Yellen","slug":"janet-yellen","taxonomy":"post_tag","meta":[],"yoast_head":"<!-- This site is optimized with the Yoast SEO plugin v27.5 - https:\/\/yoast.com\/product\/yoast-seo-wordpress\/ -->\n<title>Janet Yellen - Economiste et professeur \u00e9m\u00e9rite am\u00e9ricaine La Fed<\/title>\n<meta name=\"description\" content=\"Janet Yellen - Economiste et professeur \u00e9m\u00e9rite am\u00e9ricaine. Elle est vice-pr\u00e9sidente du Conseil des gouverneurs de la R\u00e9serve f\u00e9d\u00e9rale des \u00c9tats-Unis\" \/>\n<meta name=\"robots\" content=\"index, follow, max-snippet:-1, max-image-preview:large, max-video-preview:-1\" \/>\n<link rel=\"canonical\" href=\"https:\/\/www.gold.fr\/news\/article\/janet-yellen\/\" \/>\n<meta property=\"og:locale\" content=\"fr_FR\" \/>\n<meta property=\"og:type\" content=\"article\" \/>\n<meta property=\"og:title\" content=\"Janet Yellen - Economiste et professeur \u00e9m\u00e9rite am\u00e9ricaine La Fed\" \/>\n<meta property=\"og:description\" content=\"Janet Yellen - Economiste et professeur \u00e9m\u00e9rite am\u00e9ricaine. Elle est vice-pr\u00e9sidente du Conseil des gouverneurs de la R\u00e9serve f\u00e9d\u00e9rale des \u00c9tats-Unis\" \/>\n<meta property=\"og:url\" content=\"https:\/\/www.gold.fr\/news\/article\/janet-yellen\/\" \/>\n<meta property=\"og:site_name\" content=\"Gold.fr\" \/>\n<meta name=\"twitter:card\" content=\"summary_large_image\" \/>\n<script type=\"application\/ld+json\" class=\"yoast-schema-graph\">{\"@context\":\"https:\\\/\\\/schema.org\",\"@graph\":[{\"@type\":\"CollectionPage\",\"@id\":\"https:\\\/\\\/www.gold.fr\\\/news\\\/article\\\/janet-yellen\\\/\",\"url\":\"https:\\\/\\\/www.gold.fr\\\/news\\\/article\\\/janet-yellen\\\/\",\"name\":\"Janet Yellen - Economiste et professeur \u00e9m\u00e9rite am\u00e9ricaine La Fed\",\"isPartOf\":{\"@id\":\"https:\\\/\\\/www.gold.fr\\\/news\\\/#website\"},\"description\":\"Janet Yellen - Economiste et professeur \u00e9m\u00e9rite am\u00e9ricaine. Elle est vice-pr\u00e9sidente du Conseil des gouverneurs de la R\u00e9serve f\u00e9d\u00e9rale des \u00c9tats-Unis\",\"breadcrumb\":{\"@id\":\"https:\\\/\\\/www.gold.fr\\\/news\\\/article\\\/janet-yellen\\\/#breadcrumb\"},\"inLanguage\":\"fr-FR\"},{\"@type\":\"BreadcrumbList\",\"@id\":\"https:\\\/\\\/www.gold.fr\\\/news\\\/article\\\/janet-yellen\\\/#breadcrumb\",\"itemListElement\":[{\"@type\":\"ListItem\",\"position\":1,\"name\":\"Accueil\",\"item\":\"https:\\\/\\\/www.gold.fr\\\/\"},{\"@type\":\"ListItem\",\"position\":2,\"name\":\"Actualit\u00e9s\",\"item\":\"https:\\\/\\\/www.gold.fr\\\/news\\\/\"},{\"@type\":\"ListItem\",\"position\":3,\"name\":\"Janet Yellen\"}]},{\"@type\":\"WebSite\",\"@id\":\"https:\\\/\\\/www.gold.fr\\\/news\\\/#website\",\"url\":\"https:\\\/\\\/www.gold.fr\\\/news\\\/\",\"name\":\"Gold.fr\",\"description\":\"Actualit\u00e9s de l&#039;Or et des m\u00e9taux pr\u00e9cieux\",\"potentialAction\":[{\"@type\":\"SearchAction\",\"target\":{\"@type\":\"EntryPoint\",\"urlTemplate\":\"https:\\\/\\\/www.gold.fr\\\/news\\\/?s={search_term_string}\"},\"query-input\":{\"@type\":\"PropertyValueSpecification\",\"valueRequired\":true,\"valueName\":\"search_term_string\"}}],\"inLanguage\":\"fr-FR\"}]}<\/script>\n<!-- \/ Yoast SEO plugin. -->","yoast_head_json":{"title":"Janet Yellen - Economiste et professeur \u00e9m\u00e9rite am\u00e9ricaine La Fed","description":"Janet Yellen - Economiste et professeur \u00e9m\u00e9rite am\u00e9ricaine. Elle est vice-pr\u00e9sidente du Conseil des gouverneurs de la R\u00e9serve f\u00e9d\u00e9rale des \u00c9tats-Unis","robots":{"index":"index","follow":"follow","max-snippet":"max-snippet:-1","max-image-preview":"max-image-preview:large","max-video-preview":"max-video-preview:-1"},"canonical":"https:\/\/www.gold.fr\/news\/article\/janet-yellen\/","og_locale":"fr_FR","og_type":"article","og_title":"Janet Yellen - Economiste et professeur \u00e9m\u00e9rite am\u00e9ricaine La Fed","og_description":"Janet Yellen - Economiste et professeur \u00e9m\u00e9rite am\u00e9ricaine. Elle est vice-pr\u00e9sidente du Conseil des gouverneurs de la R\u00e9serve f\u00e9d\u00e9rale des \u00c9tats-Unis","og_url":"https:\/\/www.gold.fr\/news\/article\/janet-yellen\/","og_site_name":"Gold.fr","twitter_card":"summary_large_image","schema":{"@context":"https:\/\/schema.org","@graph":[{"@type":"CollectionPage","@id":"https:\/\/www.gold.fr\/news\/article\/janet-yellen\/","url":"https:\/\/www.gold.fr\/news\/article\/janet-yellen\/","name":"Janet Yellen - Economiste et professeur \u00e9m\u00e9rite am\u00e9ricaine La Fed","isPartOf":{"@id":"https:\/\/www.gold.fr\/news\/#website"},"description":"Janet Yellen - Economiste et professeur \u00e9m\u00e9rite am\u00e9ricaine. Elle est vice-pr\u00e9sidente du Conseil des gouverneurs de la R\u00e9serve f\u00e9d\u00e9rale des \u00c9tats-Unis","breadcrumb":{"@id":"https:\/\/www.gold.fr\/news\/article\/janet-yellen\/#breadcrumb"},"inLanguage":"fr-FR"},{"@type":"BreadcrumbList","@id":"https:\/\/www.gold.fr\/news\/article\/janet-yellen\/#breadcrumb","itemListElement":[{"@type":"ListItem","position":1,"name":"Accueil","item":"https:\/\/www.gold.fr\/"},{"@type":"ListItem","position":2,"name":"Actualit\u00e9s","item":"https:\/\/www.gold.fr\/news\/"},{"@type":"ListItem","position":3,"name":"Janet Yellen"}]},{"@type":"WebSite","@id":"https:\/\/www.gold.fr\/news\/#website","url":"https:\/\/www.gold.fr\/news\/","name":"Gold.fr","description":"Actualit\u00e9s de l&#039;Or et des m\u00e9taux pr\u00e9cieux","potentialAction":[{"@type":"SearchAction","target":{"@type":"EntryPoint","urlTemplate":"https:\/\/www.gold.fr\/news\/?s={search_term_string}"},"query-input":{"@type":"PropertyValueSpecification","valueRequired":true,"valueName":"search_term_string"}}],"inLanguage":"fr-FR"}]}},"_links":{"self":[{"href":"https:\/\/www.gold.fr\/news\/wp-json\/wp\/v2\/tags\/1504","targetHints":{"allow":["GET"]}}],"collection":[{"href":"https:\/\/www.gold.fr\/news\/wp-json\/wp\/v2\/tags"}],"about":[{"href":"https:\/\/www.gold.fr\/news\/wp-json\/wp\/v2\/taxonomies\/post_tag"}],"wp:post_type":[{"href":"https:\/\/www.gold.fr\/news\/wp-json\/wp\/v2\/posts?tags=1504"}],"curies":[{"name":"wp","href":"https:\/\/api.w.org\/{rel}","templated":true}]}}