{"id":1231,"count":14,"description":"","link":"https:\/\/www.gold.fr\/news\/article\/eurogroupe\/","name":"Eurogroupe","slug":"eurogroupe","taxonomy":"post_tag","meta":[],"yoast_head":"<!-- This site is optimized with the Yoast SEO plugin v27.5 - https:\/\/yoast.com\/product\/yoast-seo-wordpress\/ -->\n<title>Les march\u00e9s entre Eurogroupe et FOMC Crise grecque Economie<\/title>\n<meta name=\"description\" content=\"Les march\u00e9s entre Eurogroupe et FOMC Crise grecque Economie, finance, bourse, FED, Chypre, incertitudes \u00e9conomiques, pr\u00e9carit\u00e9\" \/>\n<meta name=\"robots\" content=\"index, follow, max-snippet:-1, max-image-preview:large, max-video-preview:-1\" \/>\n<link rel=\"canonical\" href=\"https:\/\/www.gold.fr\/news\/article\/eurogroupe\/\" \/>\n<meta property=\"og:locale\" content=\"fr_FR\" \/>\n<meta property=\"og:type\" content=\"article\" \/>\n<meta property=\"og:title\" content=\"Les march\u00e9s entre Eurogroupe et FOMC Crise grecque Economie\" \/>\n<meta property=\"og:description\" content=\"Les march\u00e9s entre Eurogroupe et FOMC Crise grecque Economie, finance, bourse, FED, Chypre, incertitudes \u00e9conomiques, pr\u00e9carit\u00e9\" \/>\n<meta property=\"og:url\" content=\"https:\/\/www.gold.fr\/news\/article\/eurogroupe\/\" \/>\n<meta property=\"og:site_name\" content=\"Gold.fr\" \/>\n<meta name=\"twitter:card\" content=\"summary_large_image\" \/>\n<script type=\"application\/ld+json\" class=\"yoast-schema-graph\">{\"@context\":\"https:\\\/\\\/schema.org\",\"@graph\":[{\"@type\":\"CollectionPage\",\"@id\":\"https:\\\/\\\/www.gold.fr\\\/news\\\/article\\\/eurogroupe\\\/\",\"url\":\"https:\\\/\\\/www.gold.fr\\\/news\\\/article\\\/eurogroupe\\\/\",\"name\":\"Les march\u00e9s entre Eurogroupe et FOMC Crise grecque Economie\",\"isPartOf\":{\"@id\":\"https:\\\/\\\/www.gold.fr\\\/news\\\/#website\"},\"description\":\"Les march\u00e9s entre Eurogroupe et FOMC Crise grecque Economie, finance, bourse, FED, Chypre, incertitudes \u00e9conomiques, pr\u00e9carit\u00e9\",\"breadcrumb\":{\"@id\":\"https:\\\/\\\/www.gold.fr\\\/news\\\/article\\\/eurogroupe\\\/#breadcrumb\"},\"inLanguage\":\"fr-FR\"},{\"@type\":\"BreadcrumbList\",\"@id\":\"https:\\\/\\\/www.gold.fr\\\/news\\\/article\\\/eurogroupe\\\/#breadcrumb\",\"itemListElement\":[{\"@type\":\"ListItem\",\"position\":1,\"name\":\"Accueil\",\"item\":\"https:\\\/\\\/www.gold.fr\\\/\"},{\"@type\":\"ListItem\",\"position\":2,\"name\":\"Actualit\u00e9s\",\"item\":\"https:\\\/\\\/www.gold.fr\\\/news\\\/\"},{\"@type\":\"ListItem\",\"position\":3,\"name\":\"Eurogroupe\"}]},{\"@type\":\"WebSite\",\"@id\":\"https:\\\/\\\/www.gold.fr\\\/news\\\/#website\",\"url\":\"https:\\\/\\\/www.gold.fr\\\/news\\\/\",\"name\":\"Gold.fr\",\"description\":\"Actualit\u00e9s de l&#039;Or et des m\u00e9taux pr\u00e9cieux\",\"potentialAction\":[{\"@type\":\"SearchAction\",\"target\":{\"@type\":\"EntryPoint\",\"urlTemplate\":\"https:\\\/\\\/www.gold.fr\\\/news\\\/?s={search_term_string}\"},\"query-input\":{\"@type\":\"PropertyValueSpecification\",\"valueRequired\":true,\"valueName\":\"search_term_string\"}}],\"inLanguage\":\"fr-FR\"}]}<\/script>\n<!-- \/ Yoast SEO plugin. -->","yoast_head_json":{"title":"Les march\u00e9s entre Eurogroupe et FOMC Crise grecque Economie","description":"Les march\u00e9s entre Eurogroupe et FOMC Crise grecque Economie, finance, bourse, FED, Chypre, incertitudes \u00e9conomiques, pr\u00e9carit\u00e9","robots":{"index":"index","follow":"follow","max-snippet":"max-snippet:-1","max-image-preview":"max-image-preview:large","max-video-preview":"max-video-preview:-1"},"canonical":"https:\/\/www.gold.fr\/news\/article\/eurogroupe\/","og_locale":"fr_FR","og_type":"article","og_title":"Les march\u00e9s entre Eurogroupe et FOMC Crise grecque Economie","og_description":"Les march\u00e9s entre Eurogroupe et FOMC Crise grecque Economie, finance, bourse, FED, Chypre, incertitudes \u00e9conomiques, pr\u00e9carit\u00e9","og_url":"https:\/\/www.gold.fr\/news\/article\/eurogroupe\/","og_site_name":"Gold.fr","twitter_card":"summary_large_image","schema":{"@context":"https:\/\/schema.org","@graph":[{"@type":"CollectionPage","@id":"https:\/\/www.gold.fr\/news\/article\/eurogroupe\/","url":"https:\/\/www.gold.fr\/news\/article\/eurogroupe\/","name":"Les march\u00e9s entre Eurogroupe et FOMC Crise grecque Economie","isPartOf":{"@id":"https:\/\/www.gold.fr\/news\/#website"},"description":"Les march\u00e9s entre Eurogroupe et FOMC Crise grecque Economie, finance, bourse, FED, Chypre, incertitudes \u00e9conomiques, pr\u00e9carit\u00e9","breadcrumb":{"@id":"https:\/\/www.gold.fr\/news\/article\/eurogroupe\/#breadcrumb"},"inLanguage":"fr-FR"},{"@type":"BreadcrumbList","@id":"https:\/\/www.gold.fr\/news\/article\/eurogroupe\/#breadcrumb","itemListElement":[{"@type":"ListItem","position":1,"name":"Accueil","item":"https:\/\/www.gold.fr\/"},{"@type":"ListItem","position":2,"name":"Actualit\u00e9s","item":"https:\/\/www.gold.fr\/news\/"},{"@type":"ListItem","position":3,"name":"Eurogroupe"}]},{"@type":"WebSite","@id":"https:\/\/www.gold.fr\/news\/#website","url":"https:\/\/www.gold.fr\/news\/","name":"Gold.fr","description":"Actualit\u00e9s de l&#039;Or et des m\u00e9taux pr\u00e9cieux","potentialAction":[{"@type":"SearchAction","target":{"@type":"EntryPoint","urlTemplate":"https:\/\/www.gold.fr\/news\/?s={search_term_string}"},"query-input":{"@type":"PropertyValueSpecification","valueRequired":true,"valueName":"search_term_string"}}],"inLanguage":"fr-FR"}]}},"_links":{"self":[{"href":"https:\/\/www.gold.fr\/news\/wp-json\/wp\/v2\/tags\/1231","targetHints":{"allow":["GET"]}}],"collection":[{"href":"https:\/\/www.gold.fr\/news\/wp-json\/wp\/v2\/tags"}],"about":[{"href":"https:\/\/www.gold.fr\/news\/wp-json\/wp\/v2\/taxonomies\/post_tag"}],"wp:post_type":[{"href":"https:\/\/www.gold.fr\/news\/wp-json\/wp\/v2\/posts?tags=1231"}],"curies":[{"name":"wp","href":"https:\/\/api.w.org\/{rel}","templated":true}]}}