{"id":9996,"date":"2012-12-03T09:00:44","date_gmt":"2012-12-03T08:00:44","guid":{"rendered":"https:\/\/www.gold.fr\/news\/?p=9996"},"modified":"2017-11-02T11:34:49","modified_gmt":"2017-11-02T10:34:49","slug":"leurope-une-stagnation-qui-seternise","status":"publish","type":"post","link":"https:\/\/www.gold.fr\/news\/2012\/12\/03\/leurope-une-stagnation-qui-seternise\/","title":{"rendered":"L\u2019Europe &#8211; Une stagnation qui s\u2019\u00e9ternise"},"content":{"rendered":"<p><span style=\"font-size: small;\"><img loading=\"lazy\" decoding=\"async\" class=\"alignleft size-thumbnail wp-image-8430\" title=\"L\u2019Europe - Une stagnation qui s\u2019\u00e9ternise\" src=\"https:\/\/www.gold.fr\/news\/wp-content\/uploads\/2012\/07\/europe-or-150x150.jpg\" alt=\"\" width=\"150\" height=\"150\" \/>Certes, quelques facteurs t\u00e9moignent en faveur du Vieux Continent. D&rsquo;abord, l&rsquo;accord \u00e9tabli \u00e0 propos de <a title=\"L\u2019Or de la Gr\u00e8ce\" href=\"https:\/\/www.gold.fr\/news\/2012\/10\/19\/lor-de-la-grece\/9598\/\" target=\"_blank\">la dette grecque<\/a>. Mais aussi le <strong>PIB<\/strong> allemand dont la croissance est demeur\u00e9e dans le cercle des pr\u00e9visions (<strong>+0.2%<\/strong>), et enfin le r\u00e9cent discours de <strong>Mario Draghi<\/strong>, pr\u00e9sident de la Banque centrale europ\u00e9enne (<strong>BCE<\/strong>), qui rassure sur un \u00ab <em>retour relatif<\/em> \u00bb du calme dans <a title=\"La crise europ\u00e9enne booste le prix de l\u2019or\" href=\"https:\/\/www.gold.fr\/news\/2012\/11\/13\/la-crise-europeenne-booste-le-prix-de-lor\/9809\/\" target=\"_blank\">la zone euro<\/a>. De quoi donc, en principe, rassurer les march\u00e9s d&rsquo;investissement.<\/span>    <span style=\"font-size: small;\">Pas vraiment.<\/span>    <span style=\"font-size: small;\">L&rsquo;Union Europ\u00e9enne continue \u00e0 susciter un scepticisme grandissant, surtout concernant la situation de la Gr\u00e8ce et de l&rsquo;Espagne. Des inqui\u00e9tudes qui plombent de plus en plus l&rsquo;ardeur acheteuse des investisseurs. Vient s&rsquo;ajouter \u00e0 ces facteurs l&rsquo;abaissement r\u00e9cent de la note fran\u00e7aise par l&rsquo;agence de notation <strong>Moody&rsquo;s<\/strong>. La France est ainsi pass\u00e9e de <strong>Aaa<\/strong> \u00e0 <strong>Aa1<\/strong>, en raison essentiellement de l&rsquo;absence de perspectives positives de croissance nationale. Rappelons que la note de la France avait d\u00e9j\u00e0 \u00e9t\u00e9 abaiss\u00e9e, en janvier dernier, par <strong>Standard and Poor&rsquo;s<\/strong>. Des trois principales agences de notation mondiales, ne reste donc plus que <strong>Fitch Ratings<\/strong> qui a d\u00e9j\u00e0 cat\u00e9goris\u00e9 la France sous \u00ab <em>perspective n\u00e9gative<\/em> \u00bb. Son verdict d\u00e9finitif concernant la note fran\u00e7aise sera annonc\u00e9 au cours de l&rsquo;ann\u00e9e 2013 (<strong>Fitch Ratings<\/strong> accorde encore la note <strong>AAA<\/strong> \u00e0 la France).<\/span>    <span style=\"font-size: small;\">Toujours est-il que, du coup, <a title=\"L\u2019euro recule devant le dollar. L\u2019or m\u00e8ne toujours le jeu\" href=\"https:\/\/www.gold.fr\/news\/2012\/11\/15\/leuro-recule-devant-le-dollar-lor-mene-toujours-le-jeu\/9854\/\" target=\"_blank\">euro, dollar<\/a>, ainsi que l&rsquo;ensemble des placements les plus \u00ab <em>populaires<\/em> \u00bb ont r\u00e9cemment accus\u00e9 une baisse plus ou moins consid\u00e9rable.<\/span>    <span style=\"font-size: small;\">De son c\u00f4t\u00e9, et apr\u00e8s avoir accus\u00e9 le coup au cours de la <a title=\"Cours de l'Or de Bourse - Mercredi 28 novembre\" href=\"https:\/\/www.gold.fr\/news\/2012\/11\/28\/laccord-de-la-grece-calme-les-ardeurs\/9989\/\" target=\"_blank\">s\u00e9ance du 28 novembre<\/a>, le <a href='https:\/\/www.gold.fr\/news\/tags\/or' class='esk-seo-plu-link'>m\u00e9tal jaune<\/a> semble \u00eatre l&rsquo;un des tous premiers placements \u00e0 se reprendre. Au lendemain d&rsquo;une journ\u00e9e boursi\u00e8re assez morose, l&rsquo;<a href='https:\/\/www.gold.fr\/news\/tags\/or' class='esk-seo-plu-link'>or<\/a> marque d\u00e9j\u00e0 un retour vers la hausse et confirme sa position de valeur refuge.<\/span><\/p>\n<!-- AddThis Advanced Settings generic via filter on the_content --><!-- AddThis Share Buttons generic via filter on the_content -->","protected":false},"excerpt":{"rendered":"<p>Certes, quelques facteurs t\u00e9moignent en faveur du Vieux Continent. D&rsquo;abord, l&rsquo;accord \u00e9tabli \u00e0 propos de la dette grecque. Mais aussi le PIB allemand dont la croissance est demeur\u00e9e dans le cercle des pr\u00e9visions (+0.2%), et enfin [&hellip;]<\/p>\n","protected":false},"author":18,"featured_media":8430,"comment_status":"open","ping_status":"open","sticky":false,"template":"","format":"standard","meta":{"_mbp_gutenberg_autopost":false,"_pgmb_is_evergreen":false,"_pgmb_ap_template_id":0,"footnotes":""},"categories":[6],"tags":[1013,917],"ppma_author":[2565],"class_list":["post-9996","post","type-post","status-publish","format-standard","has-post-thumbnail","hentry","category-articles-de-presse","tag-leurope","tag-stagnation-de-lor"],"yoast_head":"<!-- This site is optimized with the Yoast SEO plugin v27.5 - https:\/\/yoast.com\/product\/yoast-seo-wordpress\/ -->\n<title>L\u2019Europe - Une stagnation qui s\u2019\u00e9ternise - Gold.fr<\/title>\n<meta name=\"robots\" content=\"index, follow, max-snippet:-1, max-image-preview:large, max-video-preview:-1\" \/>\n<link rel=\"canonical\" href=\"https:\/\/www.gold.fr\/news\/2012\/12\/03\/leurope-une-stagnation-qui-seternise\/\" \/>\n<meta property=\"og:locale\" content=\"fr_FR\" \/>\n<meta property=\"og:type\" content=\"article\" \/>\n<meta property=\"og:title\" content=\"L\u2019Europe - Une stagnation qui s\u2019\u00e9ternise - Gold.fr\" \/>\n<meta property=\"og:description\" content=\"Certes, quelques facteurs t\u00e9moignent en faveur du Vieux Continent. D&rsquo;abord, l&rsquo;accord \u00e9tabli \u00e0 propos de la dette grecque. Mais aussi le PIB allemand dont la croissance est demeur\u00e9e dans le cercle des pr\u00e9visions (+0.2%), et enfin [&hellip;]\" \/>\n<meta property=\"og:url\" content=\"https:\/\/www.gold.fr\/news\/2012\/12\/03\/leurope-une-stagnation-qui-seternise\/\" \/>\n<meta property=\"og:site_name\" content=\"Gold.fr\" \/>\n<meta property=\"article:publisher\" content=\"https:\/\/www.facebook.com\/Goldfr\/\" \/>\n<meta property=\"article:published_time\" content=\"2012-12-03T08:00:44+00:00\" \/>\n<meta property=\"article:modified_time\" content=\"2017-11-02T10:34:49+00:00\" \/>\n<meta property=\"og:image\" content=\"https:\/\/www.gold.fr\/news\/wp-content\/uploads\/2012\/07\/europe-or.jpg\" \/>\n\t<meta property=\"og:image:width\" content=\"600\" \/>\n\t<meta property=\"og:image:height\" content=\"468\" \/>\n\t<meta property=\"og:image:type\" content=\"image\/jpeg\" \/>\n<meta name=\"author\" content=\"Comptoir National de l&#039;Or\" \/>\n<meta name=\"twitter:card\" content=\"summary_large_image\" \/>\n<meta name=\"twitter:label1\" content=\"\u00c9crit par\" \/>\n\t<meta name=\"twitter:data1\" content=\"Comptoir National de l&#039;Or\" \/>\n\t<meta name=\"twitter:label2\" content=\"Dur\u00e9e de lecture estim\u00e9e\" \/>\n\t<meta name=\"twitter:data2\" content=\"2 minutes\" \/>\n<script type=\"application\/ld+json\" class=\"yoast-schema-graph\">{\"@context\":\"https:\\\/\\\/schema.org\",\"@graph\":[{\"@type\":\"Article\",\"@id\":\"https:\\\/\\\/www.gold.fr\\\/news\\\/2012\\\/12\\\/03\\\/leurope-une-stagnation-qui-seternise\\\/#article\",\"isPartOf\":{\"@id\":\"https:\\\/\\\/www.gold.fr\\\/news\\\/2012\\\/12\\\/03\\\/leurope-une-stagnation-qui-seternise\\\/\"},\"author\":{\"name\":\"Comptoir National de l'Or\",\"@id\":\"https:\\\/\\\/www.gold.fr\\\/news\\\/#\\\/schema\\\/person\\\/070491b4b4fb7671bf59b3be20302ce9\"},\"headline\":\"L\u2019Europe &#8211; Une stagnation qui s\u2019\u00e9ternise\",\"datePublished\":\"2012-12-03T08:00:44+00:00\",\"dateModified\":\"2017-11-02T10:34:49+00:00\",\"mainEntityOfPage\":{\"@id\":\"https:\\\/\\\/www.gold.fr\\\/news\\\/2012\\\/12\\\/03\\\/leurope-une-stagnation-qui-seternise\\\/\"},\"wordCount\":325,\"commentCount\":1,\"image\":{\"@id\":\"https:\\\/\\\/www.gold.fr\\\/news\\\/2012\\\/12\\\/03\\\/leurope-une-stagnation-qui-seternise\\\/#primaryimage\"},\"thumbnailUrl\":\"https:\\\/\\\/www.gold.fr\\\/news\\\/wp-content\\\/uploads\\\/2012\\\/07\\\/europe-or.jpg\",\"keywords\":[\"L'europe\",\"Stagnation de l\u2019or\"],\"articleSection\":[\"Articles de presse\"],\"inLanguage\":\"fr-FR\"},{\"@type\":\"WebPage\",\"@id\":\"https:\\\/\\\/www.gold.fr\\\/news\\\/2012\\\/12\\\/03\\\/leurope-une-stagnation-qui-seternise\\\/\",\"url\":\"https:\\\/\\\/www.gold.fr\\\/news\\\/2012\\\/12\\\/03\\\/leurope-une-stagnation-qui-seternise\\\/\",\"name\":\"L\u2019Europe - Une stagnation qui s\u2019\u00e9ternise - Gold.fr\",\"isPartOf\":{\"@id\":\"https:\\\/\\\/www.gold.fr\\\/news\\\/#website\"},\"primaryImageOfPage\":{\"@id\":\"https:\\\/\\\/www.gold.fr\\\/news\\\/2012\\\/12\\\/03\\\/leurope-une-stagnation-qui-seternise\\\/#primaryimage\"},\"image\":{\"@id\":\"https:\\\/\\\/www.gold.fr\\\/news\\\/2012\\\/12\\\/03\\\/leurope-une-stagnation-qui-seternise\\\/#primaryimage\"},\"thumbnailUrl\":\"https:\\\/\\\/www.gold.fr\\\/news\\\/wp-content\\\/uploads\\\/2012\\\/07\\\/europe-or.jpg\",\"datePublished\":\"2012-12-03T08:00:44+00:00\",\"dateModified\":\"2017-11-02T10:34:49+00:00\",\"author\":{\"@id\":\"https:\\\/\\\/www.gold.fr\\\/news\\\/#\\\/schema\\\/person\\\/070491b4b4fb7671bf59b3be20302ce9\"},\"breadcrumb\":{\"@id\":\"https:\\\/\\\/www.gold.fr\\\/news\\\/2012\\\/12\\\/03\\\/leurope-une-stagnation-qui-seternise\\\/#breadcrumb\"},\"inLanguage\":\"fr-FR\",\"potentialAction\":[{\"@type\":\"ReadAction\",\"target\":[\"https:\\\/\\\/www.gold.fr\\\/news\\\/2012\\\/12\\\/03\\\/leurope-une-stagnation-qui-seternise\\\/\"]}]},{\"@type\":\"ImageObject\",\"inLanguage\":\"fr-FR\",\"@id\":\"https:\\\/\\\/www.gold.fr\\\/news\\\/2012\\\/12\\\/03\\\/leurope-une-stagnation-qui-seternise\\\/#primaryimage\",\"url\":\"https:\\\/\\\/www.gold.fr\\\/news\\\/wp-content\\\/uploads\\\/2012\\\/07\\\/europe-or.jpg\",\"contentUrl\":\"https:\\\/\\\/www.gold.fr\\\/news\\\/wp-content\\\/uploads\\\/2012\\\/07\\\/europe-or.jpg\",\"width\":\"600\",\"height\":\"468\",\"caption\":\"L\u2019once en \u00e9quilibre apr\u00e8s le long week-end de P\u00e2ques\"},{\"@type\":\"BreadcrumbList\",\"@id\":\"https:\\\/\\\/www.gold.fr\\\/news\\\/2012\\\/12\\\/03\\\/leurope-une-stagnation-qui-seternise\\\/#breadcrumb\",\"itemListElement\":[{\"@type\":\"ListItem\",\"position\":1,\"name\":\"Accueil\",\"item\":\"https:\\\/\\\/www.gold.fr\\\/\"},{\"@type\":\"ListItem\",\"position\":2,\"name\":\"Actualit\u00e9s\",\"item\":\"https:\\\/\\\/www.gold.fr\\\/news\\\/\"},{\"@type\":\"ListItem\",\"position\":3,\"name\":\"L\u2019Europe &#8211; Une stagnation qui s\u2019\u00e9ternise\"}]},{\"@type\":\"WebSite\",\"@id\":\"https:\\\/\\\/www.gold.fr\\\/news\\\/#website\",\"url\":\"https:\\\/\\\/www.gold.fr\\\/news\\\/\",\"name\":\"Gold.fr\",\"description\":\"Actualit\u00e9s de l&#039;Or et des m\u00e9taux pr\u00e9cieux\",\"potentialAction\":[{\"@type\":\"SearchAction\",\"target\":{\"@type\":\"EntryPoint\",\"urlTemplate\":\"https:\\\/\\\/www.gold.fr\\\/news\\\/?s={search_term_string}\"},\"query-input\":{\"@type\":\"PropertyValueSpecification\",\"valueRequired\":true,\"valueName\":\"search_term_string\"}}],\"inLanguage\":\"fr-FR\"},{\"@type\":\"Person\",\"@id\":\"https:\\\/\\\/www.gold.fr\\\/news\\\/#\\\/schema\\\/person\\\/070491b4b4fb7671bf59b3be20302ce9\",\"name\":\"Comptoir National de l'Or\",\"image\":{\"@type\":\"ImageObject\",\"inLanguage\":\"fr-FR\",\"@id\":\"https:\\\/\\\/secure.gravatar.com\\\/avatar\\\/0a2867fd5abe37bed95d5a65e9d58f01756e11efc68af9888dfc50cfa7f65948?s=96&d=mm&r=gb490554db0a38188709de567aa58480d\",\"url\":\"https:\\\/\\\/secure.gravatar.com\\\/avatar\\\/0a2867fd5abe37bed95d5a65e9d58f01756e11efc68af9888dfc50cfa7f65948?s=96&d=mm&r=g\",\"contentUrl\":\"https:\\\/\\\/secure.gravatar.com\\\/avatar\\\/0a2867fd5abe37bed95d5a65e9d58f01756e11efc68af9888dfc50cfa7f65948?s=96&d=mm&r=g\",\"caption\":\"Comptoir National de l'Or\"},\"description\":\"Notre r\u00e9daction est constitu\u00e9e de membres experts dans les m\u00e9tiers de l'\u00e9conomie et la gestion, des Responsables d'agence Comptoir National de l'Or, des analystes financiers qui publient r\u00e9guli\u00e8rement des \u00e9tudes sur les politiques des banques centrales, le cours de l'or, prix de l'or, cours de l'argent, prix de l'argent, cours du platine, cours du palladium,... la situation en zone euro et l'impact de la strat\u00e9gie mon\u00e9taire de la FED. Notre \u00e9quipe scrute \u00e9galement une information plus g\u00e9n\u00e9raliste \u00e0 la recherche d'actualit\u00e9 \\\"p\u00e9pite\\\" \u00e0 vous partager. Depuis 5 ans, nous avons publi\u00e9 un peu plus de 4000 articles qui s'adressent \u00e0 un public large et vari\u00e9 ayant pour objectif de satisfaire votre curiosit\u00e9 et de partager avec vous une certaine fascination pour le m\u00e9tal jaune, le rachat d'or, et pour ceux qui veulent investir dans l'or, vendre leur or tout simplement en savoir plus... Pour tous vos achat or et argent, n'h\u00e9sitez pas \u00e0 prendre rendez-vous dans l'un de nos nombreux comptoirs.\",\"sameAs\":[\"https:\\\/\\\/www.gold.fr\"]}]}<\/script>\n<!-- \/ Yoast SEO plugin. -->","yoast_head_json":{"title":"L\u2019Europe - Une stagnation qui s\u2019\u00e9ternise - Gold.fr","robots":{"index":"index","follow":"follow","max-snippet":"max-snippet:-1","max-image-preview":"max-image-preview:large","max-video-preview":"max-video-preview:-1"},"canonical":"https:\/\/www.gold.fr\/news\/2012\/12\/03\/leurope-une-stagnation-qui-seternise\/","og_locale":"fr_FR","og_type":"article","og_title":"L\u2019Europe - Une stagnation qui s\u2019\u00e9ternise - Gold.fr","og_description":"Certes, quelques facteurs t\u00e9moignent en faveur du Vieux Continent. D&rsquo;abord, l&rsquo;accord \u00e9tabli \u00e0 propos de la dette grecque. Mais aussi le PIB allemand dont la croissance est demeur\u00e9e dans le cercle des pr\u00e9visions (+0.2%), et enfin [&hellip;]","og_url":"https:\/\/www.gold.fr\/news\/2012\/12\/03\/leurope-une-stagnation-qui-seternise\/","og_site_name":"Gold.fr","article_publisher":"https:\/\/www.facebook.com\/Goldfr\/","article_published_time":"2012-12-03T08:00:44+00:00","article_modified_time":"2017-11-02T10:34:49+00:00","og_image":[{"width":600,"height":468,"url":"https:\/\/www.gold.fr\/news\/wp-content\/uploads\/2012\/07\/europe-or.jpg","type":"image\/jpeg"}],"author":"Comptoir National de l'Or","twitter_card":"summary_large_image","twitter_misc":{"\u00c9crit par":"Comptoir National de l'Or","Dur\u00e9e de lecture estim\u00e9e":"2 minutes"},"schema":{"@context":"https:\/\/schema.org","@graph":[{"@type":"Article","@id":"https:\/\/www.gold.fr\/news\/2012\/12\/03\/leurope-une-stagnation-qui-seternise\/#article","isPartOf":{"@id":"https:\/\/www.gold.fr\/news\/2012\/12\/03\/leurope-une-stagnation-qui-seternise\/"},"author":{"name":"Comptoir National de l'Or","@id":"https:\/\/www.gold.fr\/news\/#\/schema\/person\/070491b4b4fb7671bf59b3be20302ce9"},"headline":"L\u2019Europe &#8211; Une stagnation qui s\u2019\u00e9ternise","datePublished":"2012-12-03T08:00:44+00:00","dateModified":"2017-11-02T10:34:49+00:00","mainEntityOfPage":{"@id":"https:\/\/www.gold.fr\/news\/2012\/12\/03\/leurope-une-stagnation-qui-seternise\/"},"wordCount":325,"commentCount":1,"image":{"@id":"https:\/\/www.gold.fr\/news\/2012\/12\/03\/leurope-une-stagnation-qui-seternise\/#primaryimage"},"thumbnailUrl":"https:\/\/www.gold.fr\/news\/wp-content\/uploads\/2012\/07\/europe-or.jpg","keywords":["L'europe","Stagnation de l\u2019or"],"articleSection":["Articles de presse"],"inLanguage":"fr-FR"},{"@type":"WebPage","@id":"https:\/\/www.gold.fr\/news\/2012\/12\/03\/leurope-une-stagnation-qui-seternise\/","url":"https:\/\/www.gold.fr\/news\/2012\/12\/03\/leurope-une-stagnation-qui-seternise\/","name":"L\u2019Europe - Une stagnation qui s\u2019\u00e9ternise - Gold.fr","isPartOf":{"@id":"https:\/\/www.gold.fr\/news\/#website"},"primaryImageOfPage":{"@id":"https:\/\/www.gold.fr\/news\/2012\/12\/03\/leurope-une-stagnation-qui-seternise\/#primaryimage"},"image":{"@id":"https:\/\/www.gold.fr\/news\/2012\/12\/03\/leurope-une-stagnation-qui-seternise\/#primaryimage"},"thumbnailUrl":"https:\/\/www.gold.fr\/news\/wp-content\/uploads\/2012\/07\/europe-or.jpg","datePublished":"2012-12-03T08:00:44+00:00","dateModified":"2017-11-02T10:34:49+00:00","author":{"@id":"https:\/\/www.gold.fr\/news\/#\/schema\/person\/070491b4b4fb7671bf59b3be20302ce9"},"breadcrumb":{"@id":"https:\/\/www.gold.fr\/news\/2012\/12\/03\/leurope-une-stagnation-qui-seternise\/#breadcrumb"},"inLanguage":"fr-FR","potentialAction":[{"@type":"ReadAction","target":["https:\/\/www.gold.fr\/news\/2012\/12\/03\/leurope-une-stagnation-qui-seternise\/"]}]},{"@type":"ImageObject","inLanguage":"fr-FR","@id":"https:\/\/www.gold.fr\/news\/2012\/12\/03\/leurope-une-stagnation-qui-seternise\/#primaryimage","url":"https:\/\/www.gold.fr\/news\/wp-content\/uploads\/2012\/07\/europe-or.jpg","contentUrl":"https:\/\/www.gold.fr\/news\/wp-content\/uploads\/2012\/07\/europe-or.jpg","width":"600","height":"468","caption":"L\u2019once en \u00e9quilibre apr\u00e8s le long week-end de P\u00e2ques"},{"@type":"BreadcrumbList","@id":"https:\/\/www.gold.fr\/news\/2012\/12\/03\/leurope-une-stagnation-qui-seternise\/#breadcrumb","itemListElement":[{"@type":"ListItem","position":1,"name":"Accueil","item":"https:\/\/www.gold.fr\/"},{"@type":"ListItem","position":2,"name":"Actualit\u00e9s","item":"https:\/\/www.gold.fr\/news\/"},{"@type":"ListItem","position":3,"name":"L\u2019Europe &#8211; Une stagnation qui s\u2019\u00e9ternise"}]},{"@type":"WebSite","@id":"https:\/\/www.gold.fr\/news\/#website","url":"https:\/\/www.gold.fr\/news\/","name":"Gold.fr","description":"Actualit\u00e9s de l&#039;Or et des m\u00e9taux pr\u00e9cieux","potentialAction":[{"@type":"SearchAction","target":{"@type":"EntryPoint","urlTemplate":"https:\/\/www.gold.fr\/news\/?s={search_term_string}"},"query-input":{"@type":"PropertyValueSpecification","valueRequired":true,"valueName":"search_term_string"}}],"inLanguage":"fr-FR"},{"@type":"Person","@id":"https:\/\/www.gold.fr\/news\/#\/schema\/person\/070491b4b4fb7671bf59b3be20302ce9","name":"Comptoir National de l'Or","image":{"@type":"ImageObject","inLanguage":"fr-FR","@id":"https:\/\/secure.gravatar.com\/avatar\/0a2867fd5abe37bed95d5a65e9d58f01756e11efc68af9888dfc50cfa7f65948?s=96&d=mm&r=gb490554db0a38188709de567aa58480d","url":"https:\/\/secure.gravatar.com\/avatar\/0a2867fd5abe37bed95d5a65e9d58f01756e11efc68af9888dfc50cfa7f65948?s=96&d=mm&r=g","contentUrl":"https:\/\/secure.gravatar.com\/avatar\/0a2867fd5abe37bed95d5a65e9d58f01756e11efc68af9888dfc50cfa7f65948?s=96&d=mm&r=g","caption":"Comptoir National de l'Or"},"description":"Notre r\u00e9daction est constitu\u00e9e de membres experts dans les m\u00e9tiers de l'\u00e9conomie et la gestion, des Responsables d'agence Comptoir National de l'Or, des analystes financiers qui publient r\u00e9guli\u00e8rement des \u00e9tudes sur les politiques des banques centrales, le cours de l'or, prix de l'or, cours de l'argent, prix de l'argent, cours du platine, cours du palladium,... la situation en zone euro et l'impact de la strat\u00e9gie mon\u00e9taire de la FED. Notre \u00e9quipe scrute \u00e9galement une information plus g\u00e9n\u00e9raliste \u00e0 la recherche d'actualit\u00e9 \"p\u00e9pite\" \u00e0 vous partager. Depuis 5 ans, nous avons publi\u00e9 un peu plus de 4000 articles qui s'adressent \u00e0 un public large et vari\u00e9 ayant pour objectif de satisfaire votre curiosit\u00e9 et de partager avec vous une certaine fascination pour le m\u00e9tal jaune, le rachat d'or, et pour ceux qui veulent investir dans l'or, vendre leur or tout simplement en savoir plus... Pour tous vos achat or et argent, n'h\u00e9sitez pas \u00e0 prendre rendez-vous dans l'un de nos nombreux comptoirs.","sameAs":["https:\/\/www.gold.fr"]}]}},"authors":[{"term_id":2565,"user_id":18,"is_guest":0,"slug":"julie","display_name":"Comptoir National de l'Or","avatar_url":"https:\/\/secure.gravatar.com\/avatar\/713f289e398d35ead876c4a4cc08607f0d6d266058cfc25683fffb6092d0e572?s=96&d=mm&r=g","0":null,"1":"","2":"","3":"","4":"","5":"","6":"","7":"","8":""}],"_links":{"self":[{"href":"https:\/\/www.gold.fr\/news\/wp-json\/wp\/v2\/posts\/9996","targetHints":{"allow":["GET"]}}],"collection":[{"href":"https:\/\/www.gold.fr\/news\/wp-json\/wp\/v2\/posts"}],"about":[{"href":"https:\/\/www.gold.fr\/news\/wp-json\/wp\/v2\/types\/post"}],"author":[{"embeddable":true,"href":"https:\/\/www.gold.fr\/news\/wp-json\/wp\/v2\/users\/18"}],"replies":[{"embeddable":true,"href":"https:\/\/www.gold.fr\/news\/wp-json\/wp\/v2\/comments?post=9996"}],"version-history":[{"count":0,"href":"https:\/\/www.gold.fr\/news\/wp-json\/wp\/v2\/posts\/9996\/revisions"}],"wp:featuredmedia":[{"embeddable":true,"href":"https:\/\/www.gold.fr\/news\/wp-json\/wp\/v2\/media\/8430"}],"wp:attachment":[{"href":"https:\/\/www.gold.fr\/news\/wp-json\/wp\/v2\/media?parent=9996"}],"wp:term":[{"taxonomy":"category","embeddable":true,"href":"https:\/\/www.gold.fr\/news\/wp-json\/wp\/v2\/categories?post=9996"},{"taxonomy":"post_tag","embeddable":true,"href":"https:\/\/www.gold.fr\/news\/wp-json\/wp\/v2\/tags?post=9996"},{"taxonomy":"author","embeddable":true,"href":"https:\/\/www.gold.fr\/news\/wp-json\/wp\/v2\/ppma_author?post=9996"}],"curies":[{"name":"wp","href":"https:\/\/api.w.org\/{rel}","templated":true}]}}