{"id":9963,"date":"2012-11-27T09:00:44","date_gmt":"2012-11-27T08:00:44","guid":{"rendered":"https:\/\/www.gold.fr\/news\/?p=9963"},"modified":"2017-11-02T11:34:51","modified_gmt":"2017-11-02T10:34:51","slug":"placement-minier-ou-or-physique","status":"publish","type":"post","link":"https:\/\/www.gold.fr\/news\/2012\/11\/27\/placement-minier-ou-or-physique\/","title":{"rendered":"Placement minier ou or physique ?"},"content":{"rendered":"<p><span style=\"font-size: small;\"><img loading=\"lazy\" decoding=\"async\" class=\"alignleft size-thumbnail wp-image-2404\" title=\"Placement minier ou or physique\" src=\"https:\/\/www.gold.fr\/news\/wp-content\/uploads\/2011\/09\/harga-emas1-150x150.jpg\" alt=\"\" width=\"150\" height=\"150\" \/>Il est vrai que la question s&rsquo;impose. <a title=\"Op\u00e9rateurs et or \u2013 Qui contr\u00f4le les principales mines d\u2019or\" href=\"https:\/\/www.gold.fr\/news\/2012\/11\/02\/operateurs-et-or-qui-controle-les-principales-mines-dor\/9730\/\" target=\"_blank\">Les mines d\u2019or<\/a> ont le vent en poupe depuis quelques ann\u00e9es, profitant <a title=\"Pourquoi l\u2019or monte ? \u2013 Les facteurs de la flamb\u00e9e\" href=\"https:\/\/www.gold.fr\/news\/2012\/11\/26\/pourquoi-lor-monte-les-facteurs-de-la-flambee\/9947\/\" target=\"_blank\">de la flamb\u00e9e<\/a> discontinue du <a href='https:\/\/www.gold.fr\/news\/tags\/or' class='esk-seo-plu-link'>m\u00e9tal jaune<\/a>. Du coup, les placements dans les actions des soci\u00e9t\u00e9s mini\u00e8res d&rsquo;<a href='https:\/\/www.gold.fr\/news\/tags\/or' class='esk-seo-plu-link'>or<\/a> ont gagn\u00e9 en popularit\u00e9. Pour les investisseurs, il s&rsquo;agit d&rsquo;aller miser sur les origines m\u00eames de la relique barbare ; les producteurs cot\u00e9s en bourse.<\/span>    <span style=\"font-size: small;\">Pourtant, on ne peut pas vraiment dire que les entreprises aurif\u00e8res cot\u00e9es aient amplement et suffisamment profit\u00e9 du succ\u00e8s fulgurant de l&rsquo;<a href='https:\/\/www.gold.fr\/news\/tags\/or' class='esk-seo-plu-link'>or<\/a>. <strong>Alexandre Carrier<\/strong>, directeur de <strong>Fructi-fonds International <a href='https:\/\/www.gold.fr\/news\/tags\/or' class='esk-seo-plu-link'>Or<\/a><\/strong> chez le groupe <strong>Natixis AM<\/strong>, qualifie ce ph\u00e9nom\u00e8ne de d\u00e9s\u00e9quilibre d&rsquo; \u00ab anomalie \u00bb, expliquant que \u00ab lorsque <a title=\"Prix de l'Once d'Or\" href=\"https:\/\/www.gold.fr\/once-en\/\" target=\"_blank\">l&rsquo;once<\/a> gagne <strong>1 %<\/strong>, les b\u00e9n\u00e9fices des producteurs croissent en moyenne de <strong>2<\/strong> \u00e0 <strong>3 %<\/strong> \u00bb. En tout cas, ils devraient !<\/span>    <span style=\"font-size: small;\">Par ailleurs, opter pour le placement minier, quand on est un investisseur priv\u00e9 fran\u00e7ais, peut s&rsquo;av\u00e9rer plus ardu qu&rsquo;il n&rsquo;y para\u00eet. En effet, il n&rsquo;existe pratiquement pas d&rsquo;<a title=\"Exploitation aurif\u00e8re en France\" href=\"https:\/\/www.gold.fr\/news\/2012\/06\/23\/exploitation-aurifere-en-france\/8214\/\" target=\"_blank\">offre des mines d&rsquo;or<\/a> cot\u00e9es sur Paris. Ce qui signifie qu&rsquo;il faut aller chercher du c\u00f4t\u00e9 des titres \u00e9trangers (places anglaises, allemandes ou encore suisses). L\u00e0 encore, les inconv\u00e9nients s&rsquo;accumulent ; des charges plus importantes et une information quasi impossible \u00e0 obtenir. Dans ce domaine qui exige une veille constante et rapproch\u00e9e, l&rsquo;inconv\u00e9nient est, ind\u00e9niablement, de taille.<\/span>    <span style=\"font-size: small;\">De son c\u00f4t\u00e9, <a title=\"Or physique et or papier\" href=\"https:\/\/www.gold.fr\/news\/2012\/09\/17\/or-physique-et-or-papier-quelle-difference\/9184\/\" target=\"_blank\">l\u2019or physique<\/a> repr\u00e9sente le type de placement le plus avantageux, avec z\u00e9ro inconv\u00e9nient ; la possibilit\u00e9 de \u00ab toucher \u00bb son <a href='https:\/\/www.gold.fr\/news\/tags\/or' class='esk-seo-plu-link'>or<\/a> \u00e0 tout moment, d&rsquo;en acqu\u00e9rir partout en France, mais aussi de surveiller la progression de sa valeur 24h\/24.<\/span>    <span style=\"font-size: small;\">Le choix est, l\u00e0 encore, vite fait.<\/span><\/p>\n<!-- AddThis Advanced Settings generic via filter on the_content --><!-- AddThis Share Buttons generic via filter on the_content -->","protected":false},"excerpt":{"rendered":"<p>Il est vrai que la question s&rsquo;impose. Les mines d\u2019or ont le vent en poupe depuis quelques ann\u00e9es, profitant de la flamb\u00e9e discontinue du m\u00e9tal jaune. Du coup, les placements dans les actions des soci\u00e9t\u00e9s mini\u00e8res [&hellip;]<\/p>\n","protected":false},"author":18,"featured_media":2404,"comment_status":"open","ping_status":"open","sticky":false,"template":"","format":"standard","meta":{"_mbp_gutenberg_autopost":false,"_pgmb_is_evergreen":false,"_pgmb_ap_template_id":0,"footnotes":""},"categories":[6],"tags":[86,477,1005],"ppma_author":[2565],"class_list":["post-9963","post","type-post","status-publish","format-standard","has-post-thumbnail","hentry","category-articles-de-presse","tag-mine-dor","tag-or-physique","tag-placement-minier"],"yoast_head":"<!-- This site is optimized with the Yoast SEO plugin v27.5 - https:\/\/yoast.com\/product\/yoast-seo-wordpress\/ -->\n<title>Placement minier ou or physique ? - Gold.fr<\/title>\n<meta name=\"robots\" content=\"index, follow, max-snippet:-1, max-image-preview:large, max-video-preview:-1\" \/>\n<link rel=\"canonical\" href=\"https:\/\/www.gold.fr\/news\/2012\/11\/27\/placement-minier-ou-or-physique\/\" \/>\n<meta property=\"og:locale\" content=\"fr_FR\" \/>\n<meta property=\"og:type\" content=\"article\" \/>\n<meta property=\"og:title\" content=\"Placement minier ou or physique ? - Gold.fr\" \/>\n<meta property=\"og:description\" content=\"Il est vrai que la question s&rsquo;impose. Les mines d\u2019or ont le vent en poupe depuis quelques ann\u00e9es, profitant de la flamb\u00e9e discontinue du m\u00e9tal jaune. Du coup, les placements dans les actions des soci\u00e9t\u00e9s mini\u00e8res [&hellip;]\" \/>\n<meta property=\"og:url\" content=\"https:\/\/www.gold.fr\/news\/2012\/11\/27\/placement-minier-ou-or-physique\/\" \/>\n<meta property=\"og:site_name\" content=\"Gold.fr\" \/>\n<meta property=\"article:publisher\" content=\"https:\/\/www.facebook.com\/Goldfr\/\" \/>\n<meta property=\"article:published_time\" content=\"2012-11-27T08:00:44+00:00\" \/>\n<meta property=\"article:modified_time\" content=\"2017-11-02T10:34:51+00:00\" \/>\n<meta property=\"og:image\" content=\"https:\/\/www.gold.fr\/news\/wp-content\/uploads\/2011\/09\/harga-emas1.jpg\" \/>\n\t<meta property=\"og:image:width\" content=\"636\" \/>\n\t<meta property=\"og:image:height\" content=\"477\" \/>\n\t<meta property=\"og:image:type\" content=\"image\/jpeg\" \/>\n<meta name=\"author\" content=\"Comptoir National de l&#039;Or\" \/>\n<meta name=\"twitter:card\" content=\"summary_large_image\" \/>\n<meta name=\"twitter:label1\" content=\"\u00c9crit par\" \/>\n\t<meta name=\"twitter:data1\" content=\"Comptoir National de l&#039;Or\" \/>\n\t<meta name=\"twitter:label2\" content=\"Dur\u00e9e de lecture estim\u00e9e\" \/>\n\t<meta name=\"twitter:data2\" content=\"1 minute\" \/>\n<script type=\"application\/ld+json\" class=\"yoast-schema-graph\">{\"@context\":\"https:\\\/\\\/schema.org\",\"@graph\":[{\"@type\":\"Article\",\"@id\":\"https:\\\/\\\/www.gold.fr\\\/news\\\/2012\\\/11\\\/27\\\/placement-minier-ou-or-physique\\\/#article\",\"isPartOf\":{\"@id\":\"https:\\\/\\\/www.gold.fr\\\/news\\\/2012\\\/11\\\/27\\\/placement-minier-ou-or-physique\\\/\"},\"author\":{\"name\":\"Comptoir National de l'Or\",\"@id\":\"https:\\\/\\\/www.gold.fr\\\/news\\\/#\\\/schema\\\/person\\\/070491b4b4fb7671bf59b3be20302ce9\"},\"headline\":\"Placement minier ou or physique ?\",\"datePublished\":\"2012-11-27T08:00:44+00:00\",\"dateModified\":\"2017-11-02T10:34:51+00:00\",\"mainEntityOfPage\":{\"@id\":\"https:\\\/\\\/www.gold.fr\\\/news\\\/2012\\\/11\\\/27\\\/placement-minier-ou-or-physique\\\/\"},\"wordCount\":302,\"commentCount\":0,\"image\":{\"@id\":\"https:\\\/\\\/www.gold.fr\\\/news\\\/2012\\\/11\\\/27\\\/placement-minier-ou-or-physique\\\/#primaryimage\"},\"thumbnailUrl\":\"https:\\\/\\\/www.gold.fr\\\/news\\\/wp-content\\\/uploads\\\/2011\\\/09\\\/harga-emas1.jpg\",\"keywords\":[\"mine d'or\",\"or physique\",\"Placement minier\"],\"articleSection\":[\"Articles de presse\"],\"inLanguage\":\"fr-FR\"},{\"@type\":\"WebPage\",\"@id\":\"https:\\\/\\\/www.gold.fr\\\/news\\\/2012\\\/11\\\/27\\\/placement-minier-ou-or-physique\\\/\",\"url\":\"https:\\\/\\\/www.gold.fr\\\/news\\\/2012\\\/11\\\/27\\\/placement-minier-ou-or-physique\\\/\",\"name\":\"Placement minier ou or physique ? - Gold.fr\",\"isPartOf\":{\"@id\":\"https:\\\/\\\/www.gold.fr\\\/news\\\/#website\"},\"primaryImageOfPage\":{\"@id\":\"https:\\\/\\\/www.gold.fr\\\/news\\\/2012\\\/11\\\/27\\\/placement-minier-ou-or-physique\\\/#primaryimage\"},\"image\":{\"@id\":\"https:\\\/\\\/www.gold.fr\\\/news\\\/2012\\\/11\\\/27\\\/placement-minier-ou-or-physique\\\/#primaryimage\"},\"thumbnailUrl\":\"https:\\\/\\\/www.gold.fr\\\/news\\\/wp-content\\\/uploads\\\/2011\\\/09\\\/harga-emas1.jpg\",\"datePublished\":\"2012-11-27T08:00:44+00:00\",\"dateModified\":\"2017-11-02T10:34:51+00:00\",\"author\":{\"@id\":\"https:\\\/\\\/www.gold.fr\\\/news\\\/#\\\/schema\\\/person\\\/070491b4b4fb7671bf59b3be20302ce9\"},\"breadcrumb\":{\"@id\":\"https:\\\/\\\/www.gold.fr\\\/news\\\/2012\\\/11\\\/27\\\/placement-minier-ou-or-physique\\\/#breadcrumb\"},\"inLanguage\":\"fr-FR\",\"potentialAction\":[{\"@type\":\"ReadAction\",\"target\":[\"https:\\\/\\\/www.gold.fr\\\/news\\\/2012\\\/11\\\/27\\\/placement-minier-ou-or-physique\\\/\"]}]},{\"@type\":\"ImageObject\",\"inLanguage\":\"fr-FR\",\"@id\":\"https:\\\/\\\/www.gold.fr\\\/news\\\/2012\\\/11\\\/27\\\/placement-minier-ou-or-physique\\\/#primaryimage\",\"url\":\"https:\\\/\\\/www.gold.fr\\\/news\\\/wp-content\\\/uploads\\\/2011\\\/09\\\/harga-emas1.jpg\",\"contentUrl\":\"https:\\\/\\\/www.gold.fr\\\/news\\\/wp-content\\\/uploads\\\/2011\\\/09\\\/harga-emas1.jpg\",\"width\":\"636\",\"height\":\"477\",\"caption\":\"L\u2019once en hausse en d\u00e9pit de l\u2019instabilit\u00e9 politique\"},{\"@type\":\"BreadcrumbList\",\"@id\":\"https:\\\/\\\/www.gold.fr\\\/news\\\/2012\\\/11\\\/27\\\/placement-minier-ou-or-physique\\\/#breadcrumb\",\"itemListElement\":[{\"@type\":\"ListItem\",\"position\":1,\"name\":\"Accueil\",\"item\":\"https:\\\/\\\/www.gold.fr\\\/\"},{\"@type\":\"ListItem\",\"position\":2,\"name\":\"Actualit\u00e9s\",\"item\":\"https:\\\/\\\/www.gold.fr\\\/news\\\/\"},{\"@type\":\"ListItem\",\"position\":3,\"name\":\"Placement minier ou or physique ?\"}]},{\"@type\":\"WebSite\",\"@id\":\"https:\\\/\\\/www.gold.fr\\\/news\\\/#website\",\"url\":\"https:\\\/\\\/www.gold.fr\\\/news\\\/\",\"name\":\"Gold.fr\",\"description\":\"Actualit\u00e9s de l&#039;Or et des m\u00e9taux pr\u00e9cieux\",\"potentialAction\":[{\"@type\":\"SearchAction\",\"target\":{\"@type\":\"EntryPoint\",\"urlTemplate\":\"https:\\\/\\\/www.gold.fr\\\/news\\\/?s={search_term_string}\"},\"query-input\":{\"@type\":\"PropertyValueSpecification\",\"valueRequired\":true,\"valueName\":\"search_term_string\"}}],\"inLanguage\":\"fr-FR\"},{\"@type\":\"Person\",\"@id\":\"https:\\\/\\\/www.gold.fr\\\/news\\\/#\\\/schema\\\/person\\\/070491b4b4fb7671bf59b3be20302ce9\",\"name\":\"Comptoir National de l'Or\",\"image\":{\"@type\":\"ImageObject\",\"inLanguage\":\"fr-FR\",\"@id\":\"https:\\\/\\\/secure.gravatar.com\\\/avatar\\\/0a2867fd5abe37bed95d5a65e9d58f01756e11efc68af9888dfc50cfa7f65948?s=96&d=mm&r=gb490554db0a38188709de567aa58480d\",\"url\":\"https:\\\/\\\/secure.gravatar.com\\\/avatar\\\/0a2867fd5abe37bed95d5a65e9d58f01756e11efc68af9888dfc50cfa7f65948?s=96&d=mm&r=g\",\"contentUrl\":\"https:\\\/\\\/secure.gravatar.com\\\/avatar\\\/0a2867fd5abe37bed95d5a65e9d58f01756e11efc68af9888dfc50cfa7f65948?s=96&d=mm&r=g\",\"caption\":\"Comptoir National de l'Or\"},\"description\":\"Notre r\u00e9daction est constitu\u00e9e de membres experts dans les m\u00e9tiers de l'\u00e9conomie et la gestion, des Responsables d'agence Comptoir National de l'Or, des analystes financiers qui publient r\u00e9guli\u00e8rement des \u00e9tudes sur les politiques des banques centrales, le cours de l'or, prix de l'or, cours de l'argent, prix de l'argent, cours du platine, cours du palladium,... la situation en zone euro et l'impact de la strat\u00e9gie mon\u00e9taire de la FED. Notre \u00e9quipe scrute \u00e9galement une information plus g\u00e9n\u00e9raliste \u00e0 la recherche d'actualit\u00e9 \\\"p\u00e9pite\\\" \u00e0 vous partager. Depuis 5 ans, nous avons publi\u00e9 un peu plus de 4000 articles qui s'adressent \u00e0 un public large et vari\u00e9 ayant pour objectif de satisfaire votre curiosit\u00e9 et de partager avec vous une certaine fascination pour le m\u00e9tal jaune, le rachat d'or, et pour ceux qui veulent investir dans l'or, vendre leur or tout simplement en savoir plus... Pour tous vos achat or et argent, n'h\u00e9sitez pas \u00e0 prendre rendez-vous dans l'un de nos nombreux comptoirs.\",\"sameAs\":[\"https:\\\/\\\/www.gold.fr\"]}]}<\/script>\n<!-- \/ Yoast SEO plugin. -->","yoast_head_json":{"title":"Placement minier ou or physique ? - Gold.fr","robots":{"index":"index","follow":"follow","max-snippet":"max-snippet:-1","max-image-preview":"max-image-preview:large","max-video-preview":"max-video-preview:-1"},"canonical":"https:\/\/www.gold.fr\/news\/2012\/11\/27\/placement-minier-ou-or-physique\/","og_locale":"fr_FR","og_type":"article","og_title":"Placement minier ou or physique ? - Gold.fr","og_description":"Il est vrai que la question s&rsquo;impose. Les mines d\u2019or ont le vent en poupe depuis quelques ann\u00e9es, profitant de la flamb\u00e9e discontinue du m\u00e9tal jaune. Du coup, les placements dans les actions des soci\u00e9t\u00e9s mini\u00e8res [&hellip;]","og_url":"https:\/\/www.gold.fr\/news\/2012\/11\/27\/placement-minier-ou-or-physique\/","og_site_name":"Gold.fr","article_publisher":"https:\/\/www.facebook.com\/Goldfr\/","article_published_time":"2012-11-27T08:00:44+00:00","article_modified_time":"2017-11-02T10:34:51+00:00","og_image":[{"width":636,"height":477,"url":"https:\/\/www.gold.fr\/news\/wp-content\/uploads\/2011\/09\/harga-emas1.jpg","type":"image\/jpeg"}],"author":"Comptoir National de l'Or","twitter_card":"summary_large_image","twitter_misc":{"\u00c9crit par":"Comptoir National de l'Or","Dur\u00e9e de lecture estim\u00e9e":"1 minute"},"schema":{"@context":"https:\/\/schema.org","@graph":[{"@type":"Article","@id":"https:\/\/www.gold.fr\/news\/2012\/11\/27\/placement-minier-ou-or-physique\/#article","isPartOf":{"@id":"https:\/\/www.gold.fr\/news\/2012\/11\/27\/placement-minier-ou-or-physique\/"},"author":{"name":"Comptoir National de l'Or","@id":"https:\/\/www.gold.fr\/news\/#\/schema\/person\/070491b4b4fb7671bf59b3be20302ce9"},"headline":"Placement minier ou or physique ?","datePublished":"2012-11-27T08:00:44+00:00","dateModified":"2017-11-02T10:34:51+00:00","mainEntityOfPage":{"@id":"https:\/\/www.gold.fr\/news\/2012\/11\/27\/placement-minier-ou-or-physique\/"},"wordCount":302,"commentCount":0,"image":{"@id":"https:\/\/www.gold.fr\/news\/2012\/11\/27\/placement-minier-ou-or-physique\/#primaryimage"},"thumbnailUrl":"https:\/\/www.gold.fr\/news\/wp-content\/uploads\/2011\/09\/harga-emas1.jpg","keywords":["mine d'or","or physique","Placement minier"],"articleSection":["Articles de presse"],"inLanguage":"fr-FR"},{"@type":"WebPage","@id":"https:\/\/www.gold.fr\/news\/2012\/11\/27\/placement-minier-ou-or-physique\/","url":"https:\/\/www.gold.fr\/news\/2012\/11\/27\/placement-minier-ou-or-physique\/","name":"Placement minier ou or physique ? - Gold.fr","isPartOf":{"@id":"https:\/\/www.gold.fr\/news\/#website"},"primaryImageOfPage":{"@id":"https:\/\/www.gold.fr\/news\/2012\/11\/27\/placement-minier-ou-or-physique\/#primaryimage"},"image":{"@id":"https:\/\/www.gold.fr\/news\/2012\/11\/27\/placement-minier-ou-or-physique\/#primaryimage"},"thumbnailUrl":"https:\/\/www.gold.fr\/news\/wp-content\/uploads\/2011\/09\/harga-emas1.jpg","datePublished":"2012-11-27T08:00:44+00:00","dateModified":"2017-11-02T10:34:51+00:00","author":{"@id":"https:\/\/www.gold.fr\/news\/#\/schema\/person\/070491b4b4fb7671bf59b3be20302ce9"},"breadcrumb":{"@id":"https:\/\/www.gold.fr\/news\/2012\/11\/27\/placement-minier-ou-or-physique\/#breadcrumb"},"inLanguage":"fr-FR","potentialAction":[{"@type":"ReadAction","target":["https:\/\/www.gold.fr\/news\/2012\/11\/27\/placement-minier-ou-or-physique\/"]}]},{"@type":"ImageObject","inLanguage":"fr-FR","@id":"https:\/\/www.gold.fr\/news\/2012\/11\/27\/placement-minier-ou-or-physique\/#primaryimage","url":"https:\/\/www.gold.fr\/news\/wp-content\/uploads\/2011\/09\/harga-emas1.jpg","contentUrl":"https:\/\/www.gold.fr\/news\/wp-content\/uploads\/2011\/09\/harga-emas1.jpg","width":"636","height":"477","caption":"L\u2019once en hausse en d\u00e9pit de l\u2019instabilit\u00e9 politique"},{"@type":"BreadcrumbList","@id":"https:\/\/www.gold.fr\/news\/2012\/11\/27\/placement-minier-ou-or-physique\/#breadcrumb","itemListElement":[{"@type":"ListItem","position":1,"name":"Accueil","item":"https:\/\/www.gold.fr\/"},{"@type":"ListItem","position":2,"name":"Actualit\u00e9s","item":"https:\/\/www.gold.fr\/news\/"},{"@type":"ListItem","position":3,"name":"Placement minier ou or physique ?"}]},{"@type":"WebSite","@id":"https:\/\/www.gold.fr\/news\/#website","url":"https:\/\/www.gold.fr\/news\/","name":"Gold.fr","description":"Actualit\u00e9s de l&#039;Or et des m\u00e9taux pr\u00e9cieux","potentialAction":[{"@type":"SearchAction","target":{"@type":"EntryPoint","urlTemplate":"https:\/\/www.gold.fr\/news\/?s={search_term_string}"},"query-input":{"@type":"PropertyValueSpecification","valueRequired":true,"valueName":"search_term_string"}}],"inLanguage":"fr-FR"},{"@type":"Person","@id":"https:\/\/www.gold.fr\/news\/#\/schema\/person\/070491b4b4fb7671bf59b3be20302ce9","name":"Comptoir National de l'Or","image":{"@type":"ImageObject","inLanguage":"fr-FR","@id":"https:\/\/secure.gravatar.com\/avatar\/0a2867fd5abe37bed95d5a65e9d58f01756e11efc68af9888dfc50cfa7f65948?s=96&d=mm&r=gb490554db0a38188709de567aa58480d","url":"https:\/\/secure.gravatar.com\/avatar\/0a2867fd5abe37bed95d5a65e9d58f01756e11efc68af9888dfc50cfa7f65948?s=96&d=mm&r=g","contentUrl":"https:\/\/secure.gravatar.com\/avatar\/0a2867fd5abe37bed95d5a65e9d58f01756e11efc68af9888dfc50cfa7f65948?s=96&d=mm&r=g","caption":"Comptoir National de l'Or"},"description":"Notre r\u00e9daction est constitu\u00e9e de membres experts dans les m\u00e9tiers de l'\u00e9conomie et la gestion, des Responsables d'agence Comptoir National de l'Or, des analystes financiers qui publient r\u00e9guli\u00e8rement des \u00e9tudes sur les politiques des banques centrales, le cours de l'or, prix de l'or, cours de l'argent, prix de l'argent, cours du platine, cours du palladium,... la situation en zone euro et l'impact de la strat\u00e9gie mon\u00e9taire de la FED. Notre \u00e9quipe scrute \u00e9galement une information plus g\u00e9n\u00e9raliste \u00e0 la recherche d'actualit\u00e9 \"p\u00e9pite\" \u00e0 vous partager. Depuis 5 ans, nous avons publi\u00e9 un peu plus de 4000 articles qui s'adressent \u00e0 un public large et vari\u00e9 ayant pour objectif de satisfaire votre curiosit\u00e9 et de partager avec vous une certaine fascination pour le m\u00e9tal jaune, le rachat d'or, et pour ceux qui veulent investir dans l'or, vendre leur or tout simplement en savoir plus... Pour tous vos achat or et argent, n'h\u00e9sitez pas \u00e0 prendre rendez-vous dans l'un de nos nombreux comptoirs.","sameAs":["https:\/\/www.gold.fr"]}]}},"authors":[{"term_id":2565,"user_id":18,"is_guest":0,"slug":"julie","display_name":"Comptoir National de l'Or","avatar_url":"https:\/\/secure.gravatar.com\/avatar\/713f289e398d35ead876c4a4cc08607f0d6d266058cfc25683fffb6092d0e572?s=96&d=mm&r=g","0":null,"1":"","2":"","3":"","4":"","5":"","6":"","7":"","8":""}],"_links":{"self":[{"href":"https:\/\/www.gold.fr\/news\/wp-json\/wp\/v2\/posts\/9963","targetHints":{"allow":["GET"]}}],"collection":[{"href":"https:\/\/www.gold.fr\/news\/wp-json\/wp\/v2\/posts"}],"about":[{"href":"https:\/\/www.gold.fr\/news\/wp-json\/wp\/v2\/types\/post"}],"author":[{"embeddable":true,"href":"https:\/\/www.gold.fr\/news\/wp-json\/wp\/v2\/users\/18"}],"replies":[{"embeddable":true,"href":"https:\/\/www.gold.fr\/news\/wp-json\/wp\/v2\/comments?post=9963"}],"version-history":[{"count":0,"href":"https:\/\/www.gold.fr\/news\/wp-json\/wp\/v2\/posts\/9963\/revisions"}],"wp:featuredmedia":[{"embeddable":true,"href":"https:\/\/www.gold.fr\/news\/wp-json\/wp\/v2\/media\/2404"}],"wp:attachment":[{"href":"https:\/\/www.gold.fr\/news\/wp-json\/wp\/v2\/media?parent=9963"}],"wp:term":[{"taxonomy":"category","embeddable":true,"href":"https:\/\/www.gold.fr\/news\/wp-json\/wp\/v2\/categories?post=9963"},{"taxonomy":"post_tag","embeddable":true,"href":"https:\/\/www.gold.fr\/news\/wp-json\/wp\/v2\/tags?post=9963"},{"taxonomy":"author","embeddable":true,"href":"https:\/\/www.gold.fr\/news\/wp-json\/wp\/v2\/ppma_author?post=9963"}],"curies":[{"name":"wp","href":"https:\/\/api.w.org\/{rel}","templated":true}]}}