{"id":9938,"date":"2012-11-22T09:00:28","date_gmt":"2012-11-22T08:00:28","guid":{"rendered":"https:\/\/www.gold.fr\/news\/?p=9938"},"modified":"2017-11-02T11:34:52","modified_gmt":"2017-11-02T10:34:52","slug":"la-demande-asiatique-en-or-fait-un-retour-en-force","status":"publish","type":"post","link":"https:\/\/www.gold.fr\/news\/2012\/11\/22\/la-demande-asiatique-en-or-fait-un-retour-en-force\/","title":{"rendered":"La demande asiatique en or fait un retour en force"},"content":{"rendered":"<p><span style=\"font-size: small;\"><img loading=\"lazy\" decoding=\"async\" class=\"alignleft size-thumbnail wp-image-6639\" title=\"La demande asiatique en or fait un retour en force\" src=\"https:\/\/www.gold.fr\/news\/wp-content\/uploads\/2012\/04\/inde-or-150x150.jpg\" alt=\"\" width=\"150\" height=\"150\" \/>Avec la persistance de plusieurs \u00ab <a title=\"L\u2019or se maintient malgr\u00e9 la crise\" href=\"https:\/\/www.gold.fr\/news\/2012\/11\/21\/lor-se-maintient-malgre-la-crise\/9898\/\" target=\"_blank\">menaces<\/a> \u00bb \u00e9conomiques mondiales, certains intervenants exprimaient, la semaine derni\u00e8re, leurs craintes quant \u00e0 l&rsquo;aptitude du <a href='https:\/\/www.gold.fr\/news\/tags\/or' class='esk-seo-plu-link'>m\u00e9tal jaune<\/a> \u00e0 traverser la crise g\u00e9n\u00e9ralis\u00e9e sans en subir les effets baissiers. L&rsquo;<a href='https:\/\/www.gold.fr\/news\/tags\/or' class='esk-seo-plu-link'>or<\/a> peut-il r\u00e9ellement passer la phase du <a title=\"Le mur fiscal am\u00e9ricain consolide la hausse de l\u2019or\" href=\"https:\/\/www.gold.fr\/news\/2012\/11\/13\/le-mur-fiscal-americain-consolide-la-hausse-de-lor\/9837\/\" target=\"_blank\">mur fiscal am\u00e9ricain<\/a> et celle de la saga, tr\u00e8s compliqu\u00e9e, de la dette grecque, sans chuter consid\u00e9rablement ?<\/span>    <span style=\"font-size: small;\">Ce sera finalement un vent asiatique qui soufflera la r\u00e9ponse \u00e0 ces inqui\u00e9tudes infond\u00e9es. Apr\u00e8s une saison estivale assez morose, les champions de la consommation mondiale en <a href='https:\/\/www.gold.fr\/news\/tags\/or' class='esk-seo-plu-link'>or<\/a> (<a title=\"Hausse de l\u2019or \u2013 Le facteur asiatique\" href=\"https:\/\/www.gold.fr\/news\/2012\/11\/14\/hausse-de-lor-le-facteur-asiatique\/9851\/\" target=\"_blank\">Inde et Chine<\/a>) semblent en effet avoir r\u00e9cup\u00e9r\u00e9 toute la vigueur de leur l\u00e9gendaire app\u00e9tit.<\/span>    <span style=\"font-size: small;\">Au d\u00e9but de la semaine derni\u00e8re, des repr\u00e9sentants du gouvernement indien avaient annonc\u00e9 que la demande nationale en <a href='https:\/\/www.gold.fr\/news\/tags\/or' class='esk-seo-plu-link'>or<\/a> allait certainement enregistrer une tr\u00e8s nette hausse, pouvant aller jusqu&rsquo;\u00e0 <strong>15%<\/strong> \u00e0 la fin de ce dernier trimestre 2012. Ce sursaut est partiellement d\u00fb \u00e0 la baisse <a title=\"Prix de l'Or\" href=\"https:\/\/www.gold.fr\/cours-prix-de-l-or\/\" target=\"_blank\">des prix<\/a>, mais surtout \u00e0 la saison des f\u00eates qui se prolongera jusqu&rsquo;au mois de d\u00e9cembre. La c\u00e9l\u00e9bration de <strong>Dhanteras et Diwali<\/strong>, ainsi que la saison des mariages repr\u00e9sentent, traditionnellement, l&rsquo;occasion d&rsquo;<a title=\"Acheter de l'Or\" href=\"https:\/\/www.gold.fr\/achat-or\/\" target=\"_blank\">offrir de l\u2019or<\/a>. Des quantit\u00e9s tr\u00e8s consid\u00e9rables d&rsquo;<a href='https:\/\/www.gold.fr\/news\/tags\/or' class='esk-seo-plu-link'>or<\/a>.<\/span>    <span style=\"font-size: small;\">De son c\u00f4t\u00e9, la Chine a r\u00e9cemment annonc\u00e9 la stabilisation d&rsquo;une \u00e9conomie nationale qui avait r\u00e9cemment connu plus de bas que de hauts. Le pays rentre \u00e9galement dans la saison des f\u00eates -g\u00e9n\u00e9ralement tr\u00e8s \u00ab dor\u00e9es \u00bb- relatives au nouvel an lunaire (novembre et d\u00e9cembre).<\/span><\/p>\n<!-- AddThis Advanced Settings generic via filter on the_content --><!-- AddThis Share Buttons generic via filter on the_content -->","protected":false},"excerpt":{"rendered":"<p>Avec la persistance de plusieurs \u00ab menaces \u00bb \u00e9conomiques mondiales, certains intervenants exprimaient, la semaine derni\u00e8re, leurs craintes quant \u00e0 l&rsquo;aptitude du m\u00e9tal jaune \u00e0 traverser la crise g\u00e9n\u00e9ralis\u00e9e sans en subir les effets baissiers. L&rsquo;or [&hellip;]<\/p>\n","protected":false},"author":18,"featured_media":6639,"comment_status":"open","ping_status":"open","sticky":false,"template":"","format":"standard","meta":{"_mbp_gutenberg_autopost":false,"_pgmb_is_evergreen":false,"_pgmb_ap_template_id":0,"footnotes":""},"categories":[6],"tags":[146,999,263,76,83],"ppma_author":[2565],"class_list":["post-9938","post","type-post","status-publish","format-standard","has-post-thumbnail","hentry","category-articles-de-presse","tag-chine","tag-demande-asiatique","tag-inde","tag-or","tag-prix-de-lor"],"yoast_head":"<!-- This site is optimized with the Yoast SEO plugin v27.5 - https:\/\/yoast.com\/product\/yoast-seo-wordpress\/ -->\n<title>La demande asiatique en or fait un retour en force - Gold.fr<\/title>\n<meta name=\"robots\" content=\"index, follow, max-snippet:-1, max-image-preview:large, max-video-preview:-1\" \/>\n<link rel=\"canonical\" href=\"https:\/\/www.gold.fr\/news\/2012\/11\/22\/la-demande-asiatique-en-or-fait-un-retour-en-force\/\" \/>\n<meta property=\"og:locale\" content=\"fr_FR\" \/>\n<meta property=\"og:type\" content=\"article\" \/>\n<meta property=\"og:title\" content=\"La demande asiatique en or fait un retour en force - Gold.fr\" \/>\n<meta property=\"og:description\" content=\"Avec la persistance de plusieurs \u00ab menaces \u00bb \u00e9conomiques mondiales, certains intervenants exprimaient, la semaine derni\u00e8re, leurs craintes quant \u00e0 l&rsquo;aptitude du m\u00e9tal jaune \u00e0 traverser la crise g\u00e9n\u00e9ralis\u00e9e sans en subir les effets baissiers. L&rsquo;or [&hellip;]\" \/>\n<meta property=\"og:url\" content=\"https:\/\/www.gold.fr\/news\/2012\/11\/22\/la-demande-asiatique-en-or-fait-un-retour-en-force\/\" \/>\n<meta property=\"og:site_name\" content=\"Gold.fr\" \/>\n<meta property=\"article:publisher\" content=\"https:\/\/www.facebook.com\/Goldfr\/\" \/>\n<meta property=\"article:published_time\" content=\"2012-11-22T08:00:28+00:00\" \/>\n<meta property=\"article:modified_time\" content=\"2017-11-02T10:34:52+00:00\" \/>\n<meta property=\"og:image\" content=\"https:\/\/www.gold.fr\/news\/wp-content\/uploads\/2012\/04\/inde-or.jpg\" \/>\n\t<meta property=\"og:image:width\" content=\"600\" \/>\n\t<meta property=\"og:image:height\" content=\"399\" \/>\n\t<meta property=\"og:image:type\" content=\"image\/jpeg\" \/>\n<meta name=\"author\" content=\"Comptoir National de l&#039;Or\" \/>\n<meta name=\"twitter:card\" content=\"summary_large_image\" \/>\n<meta name=\"twitter:label1\" content=\"\u00c9crit par\" \/>\n\t<meta name=\"twitter:data1\" content=\"Comptoir National de l&#039;Or\" \/>\n\t<meta name=\"twitter:label2\" content=\"Dur\u00e9e de lecture estim\u00e9e\" \/>\n\t<meta name=\"twitter:data2\" content=\"1 minute\" \/>\n<script type=\"application\/ld+json\" class=\"yoast-schema-graph\">{\"@context\":\"https:\\\/\\\/schema.org\",\"@graph\":[{\"@type\":\"Article\",\"@id\":\"https:\\\/\\\/www.gold.fr\\\/news\\\/2012\\\/11\\\/22\\\/la-demande-asiatique-en-or-fait-un-retour-en-force\\\/#article\",\"isPartOf\":{\"@id\":\"https:\\\/\\\/www.gold.fr\\\/news\\\/2012\\\/11\\\/22\\\/la-demande-asiatique-en-or-fait-un-retour-en-force\\\/\"},\"author\":{\"name\":\"Comptoir National de l'Or\",\"@id\":\"https:\\\/\\\/www.gold.fr\\\/news\\\/#\\\/schema\\\/person\\\/070491b4b4fb7671bf59b3be20302ce9\"},\"headline\":\"La demande asiatique en or fait un retour en force\",\"datePublished\":\"2012-11-22T08:00:28+00:00\",\"dateModified\":\"2017-11-02T10:34:52+00:00\",\"mainEntityOfPage\":{\"@id\":\"https:\\\/\\\/www.gold.fr\\\/news\\\/2012\\\/11\\\/22\\\/la-demande-asiatique-en-or-fait-un-retour-en-force\\\/\"},\"wordCount\":278,\"commentCount\":2,\"image\":{\"@id\":\"https:\\\/\\\/www.gold.fr\\\/news\\\/2012\\\/11\\\/22\\\/la-demande-asiatique-en-or-fait-un-retour-en-force\\\/#primaryimage\"},\"thumbnailUrl\":\"https:\\\/\\\/www.gold.fr\\\/news\\\/wp-content\\\/uploads\\\/2012\\\/04\\\/inde-or.jpg\",\"keywords\":[\"chine\",\"demande asiatique\",\"Inde\",\"Or\",\"prix de l'or\"],\"articleSection\":[\"Articles de presse\"],\"inLanguage\":\"fr-FR\"},{\"@type\":\"WebPage\",\"@id\":\"https:\\\/\\\/www.gold.fr\\\/news\\\/2012\\\/11\\\/22\\\/la-demande-asiatique-en-or-fait-un-retour-en-force\\\/\",\"url\":\"https:\\\/\\\/www.gold.fr\\\/news\\\/2012\\\/11\\\/22\\\/la-demande-asiatique-en-or-fait-un-retour-en-force\\\/\",\"name\":\"La demande asiatique en or fait un retour en force - Gold.fr\",\"isPartOf\":{\"@id\":\"https:\\\/\\\/www.gold.fr\\\/news\\\/#website\"},\"primaryImageOfPage\":{\"@id\":\"https:\\\/\\\/www.gold.fr\\\/news\\\/2012\\\/11\\\/22\\\/la-demande-asiatique-en-or-fait-un-retour-en-force\\\/#primaryimage\"},\"image\":{\"@id\":\"https:\\\/\\\/www.gold.fr\\\/news\\\/2012\\\/11\\\/22\\\/la-demande-asiatique-en-or-fait-un-retour-en-force\\\/#primaryimage\"},\"thumbnailUrl\":\"https:\\\/\\\/www.gold.fr\\\/news\\\/wp-content\\\/uploads\\\/2012\\\/04\\\/inde-or.jpg\",\"datePublished\":\"2012-11-22T08:00:28+00:00\",\"dateModified\":\"2017-11-02T10:34:52+00:00\",\"author\":{\"@id\":\"https:\\\/\\\/www.gold.fr\\\/news\\\/#\\\/schema\\\/person\\\/070491b4b4fb7671bf59b3be20302ce9\"},\"breadcrumb\":{\"@id\":\"https:\\\/\\\/www.gold.fr\\\/news\\\/2012\\\/11\\\/22\\\/la-demande-asiatique-en-or-fait-un-retour-en-force\\\/#breadcrumb\"},\"inLanguage\":\"fr-FR\",\"potentialAction\":[{\"@type\":\"ReadAction\",\"target\":[\"https:\\\/\\\/www.gold.fr\\\/news\\\/2012\\\/11\\\/22\\\/la-demande-asiatique-en-or-fait-un-retour-en-force\\\/\"]}]},{\"@type\":\"ImageObject\",\"inLanguage\":\"fr-FR\",\"@id\":\"https:\\\/\\\/www.gold.fr\\\/news\\\/2012\\\/11\\\/22\\\/la-demande-asiatique-en-or-fait-un-retour-en-force\\\/#primaryimage\",\"url\":\"https:\\\/\\\/www.gold.fr\\\/news\\\/wp-content\\\/uploads\\\/2012\\\/04\\\/inde-or.jpg\",\"contentUrl\":\"https:\\\/\\\/www.gold.fr\\\/news\\\/wp-content\\\/uploads\\\/2012\\\/04\\\/inde-or.jpg\",\"width\":\"600\",\"height\":\"399\",\"caption\":\"Demande mondiale Or : L\u2019Orient en retrait\"},{\"@type\":\"BreadcrumbList\",\"@id\":\"https:\\\/\\\/www.gold.fr\\\/news\\\/2012\\\/11\\\/22\\\/la-demande-asiatique-en-or-fait-un-retour-en-force\\\/#breadcrumb\",\"itemListElement\":[{\"@type\":\"ListItem\",\"position\":1,\"name\":\"Accueil\",\"item\":\"https:\\\/\\\/www.gold.fr\\\/\"},{\"@type\":\"ListItem\",\"position\":2,\"name\":\"Actualit\u00e9s\",\"item\":\"https:\\\/\\\/www.gold.fr\\\/news\\\/\"},{\"@type\":\"ListItem\",\"position\":3,\"name\":\"La demande asiatique en or fait un retour en force\"}]},{\"@type\":\"WebSite\",\"@id\":\"https:\\\/\\\/www.gold.fr\\\/news\\\/#website\",\"url\":\"https:\\\/\\\/www.gold.fr\\\/news\\\/\",\"name\":\"Gold.fr\",\"description\":\"Actualit\u00e9s de l&#039;Or et des m\u00e9taux pr\u00e9cieux\",\"potentialAction\":[{\"@type\":\"SearchAction\",\"target\":{\"@type\":\"EntryPoint\",\"urlTemplate\":\"https:\\\/\\\/www.gold.fr\\\/news\\\/?s={search_term_string}\"},\"query-input\":{\"@type\":\"PropertyValueSpecification\",\"valueRequired\":true,\"valueName\":\"search_term_string\"}}],\"inLanguage\":\"fr-FR\"},{\"@type\":\"Person\",\"@id\":\"https:\\\/\\\/www.gold.fr\\\/news\\\/#\\\/schema\\\/person\\\/070491b4b4fb7671bf59b3be20302ce9\",\"name\":\"Comptoir National de l'Or\",\"image\":{\"@type\":\"ImageObject\",\"inLanguage\":\"fr-FR\",\"@id\":\"https:\\\/\\\/secure.gravatar.com\\\/avatar\\\/0a2867fd5abe37bed95d5a65e9d58f01756e11efc68af9888dfc50cfa7f65948?s=96&d=mm&r=gb490554db0a38188709de567aa58480d\",\"url\":\"https:\\\/\\\/secure.gravatar.com\\\/avatar\\\/0a2867fd5abe37bed95d5a65e9d58f01756e11efc68af9888dfc50cfa7f65948?s=96&d=mm&r=g\",\"contentUrl\":\"https:\\\/\\\/secure.gravatar.com\\\/avatar\\\/0a2867fd5abe37bed95d5a65e9d58f01756e11efc68af9888dfc50cfa7f65948?s=96&d=mm&r=g\",\"caption\":\"Comptoir National de l'Or\"},\"description\":\"Notre r\u00e9daction est constitu\u00e9e de membres experts dans les m\u00e9tiers de l'\u00e9conomie et la gestion, des Responsables d'agence Comptoir National de l'Or, des analystes financiers qui publient r\u00e9guli\u00e8rement des \u00e9tudes sur les politiques des banques centrales, le cours de l'or, prix de l'or, cours de l'argent, prix de l'argent, cours du platine, cours du palladium,... la situation en zone euro et l'impact de la strat\u00e9gie mon\u00e9taire de la FED. Notre \u00e9quipe scrute \u00e9galement une information plus g\u00e9n\u00e9raliste \u00e0 la recherche d'actualit\u00e9 \\\"p\u00e9pite\\\" \u00e0 vous partager. Depuis 5 ans, nous avons publi\u00e9 un peu plus de 4000 articles qui s'adressent \u00e0 un public large et vari\u00e9 ayant pour objectif de satisfaire votre curiosit\u00e9 et de partager avec vous une certaine fascination pour le m\u00e9tal jaune, le rachat d'or, et pour ceux qui veulent investir dans l'or, vendre leur or tout simplement en savoir plus... Pour tous vos achat or et argent, n'h\u00e9sitez pas \u00e0 prendre rendez-vous dans l'un de nos nombreux comptoirs.\",\"sameAs\":[\"https:\\\/\\\/www.gold.fr\"]}]}<\/script>\n<!-- \/ Yoast SEO plugin. -->","yoast_head_json":{"title":"La demande asiatique en or fait un retour en force - Gold.fr","robots":{"index":"index","follow":"follow","max-snippet":"max-snippet:-1","max-image-preview":"max-image-preview:large","max-video-preview":"max-video-preview:-1"},"canonical":"https:\/\/www.gold.fr\/news\/2012\/11\/22\/la-demande-asiatique-en-or-fait-un-retour-en-force\/","og_locale":"fr_FR","og_type":"article","og_title":"La demande asiatique en or fait un retour en force - Gold.fr","og_description":"Avec la persistance de plusieurs \u00ab menaces \u00bb \u00e9conomiques mondiales, certains intervenants exprimaient, la semaine derni\u00e8re, leurs craintes quant \u00e0 l&rsquo;aptitude du m\u00e9tal jaune \u00e0 traverser la crise g\u00e9n\u00e9ralis\u00e9e sans en subir les effets baissiers. L&rsquo;or [&hellip;]","og_url":"https:\/\/www.gold.fr\/news\/2012\/11\/22\/la-demande-asiatique-en-or-fait-un-retour-en-force\/","og_site_name":"Gold.fr","article_publisher":"https:\/\/www.facebook.com\/Goldfr\/","article_published_time":"2012-11-22T08:00:28+00:00","article_modified_time":"2017-11-02T10:34:52+00:00","og_image":[{"width":600,"height":399,"url":"https:\/\/www.gold.fr\/news\/wp-content\/uploads\/2012\/04\/inde-or.jpg","type":"image\/jpeg"}],"author":"Comptoir National de l'Or","twitter_card":"summary_large_image","twitter_misc":{"\u00c9crit par":"Comptoir National de l'Or","Dur\u00e9e de lecture estim\u00e9e":"1 minute"},"schema":{"@context":"https:\/\/schema.org","@graph":[{"@type":"Article","@id":"https:\/\/www.gold.fr\/news\/2012\/11\/22\/la-demande-asiatique-en-or-fait-un-retour-en-force\/#article","isPartOf":{"@id":"https:\/\/www.gold.fr\/news\/2012\/11\/22\/la-demande-asiatique-en-or-fait-un-retour-en-force\/"},"author":{"name":"Comptoir National de l'Or","@id":"https:\/\/www.gold.fr\/news\/#\/schema\/person\/070491b4b4fb7671bf59b3be20302ce9"},"headline":"La demande asiatique en or fait un retour en force","datePublished":"2012-11-22T08:00:28+00:00","dateModified":"2017-11-02T10:34:52+00:00","mainEntityOfPage":{"@id":"https:\/\/www.gold.fr\/news\/2012\/11\/22\/la-demande-asiatique-en-or-fait-un-retour-en-force\/"},"wordCount":278,"commentCount":2,"image":{"@id":"https:\/\/www.gold.fr\/news\/2012\/11\/22\/la-demande-asiatique-en-or-fait-un-retour-en-force\/#primaryimage"},"thumbnailUrl":"https:\/\/www.gold.fr\/news\/wp-content\/uploads\/2012\/04\/inde-or.jpg","keywords":["chine","demande asiatique","Inde","Or","prix de l'or"],"articleSection":["Articles de presse"],"inLanguage":"fr-FR"},{"@type":"WebPage","@id":"https:\/\/www.gold.fr\/news\/2012\/11\/22\/la-demande-asiatique-en-or-fait-un-retour-en-force\/","url":"https:\/\/www.gold.fr\/news\/2012\/11\/22\/la-demande-asiatique-en-or-fait-un-retour-en-force\/","name":"La demande asiatique en or fait un retour en force - Gold.fr","isPartOf":{"@id":"https:\/\/www.gold.fr\/news\/#website"},"primaryImageOfPage":{"@id":"https:\/\/www.gold.fr\/news\/2012\/11\/22\/la-demande-asiatique-en-or-fait-un-retour-en-force\/#primaryimage"},"image":{"@id":"https:\/\/www.gold.fr\/news\/2012\/11\/22\/la-demande-asiatique-en-or-fait-un-retour-en-force\/#primaryimage"},"thumbnailUrl":"https:\/\/www.gold.fr\/news\/wp-content\/uploads\/2012\/04\/inde-or.jpg","datePublished":"2012-11-22T08:00:28+00:00","dateModified":"2017-11-02T10:34:52+00:00","author":{"@id":"https:\/\/www.gold.fr\/news\/#\/schema\/person\/070491b4b4fb7671bf59b3be20302ce9"},"breadcrumb":{"@id":"https:\/\/www.gold.fr\/news\/2012\/11\/22\/la-demande-asiatique-en-or-fait-un-retour-en-force\/#breadcrumb"},"inLanguage":"fr-FR","potentialAction":[{"@type":"ReadAction","target":["https:\/\/www.gold.fr\/news\/2012\/11\/22\/la-demande-asiatique-en-or-fait-un-retour-en-force\/"]}]},{"@type":"ImageObject","inLanguage":"fr-FR","@id":"https:\/\/www.gold.fr\/news\/2012\/11\/22\/la-demande-asiatique-en-or-fait-un-retour-en-force\/#primaryimage","url":"https:\/\/www.gold.fr\/news\/wp-content\/uploads\/2012\/04\/inde-or.jpg","contentUrl":"https:\/\/www.gold.fr\/news\/wp-content\/uploads\/2012\/04\/inde-or.jpg","width":"600","height":"399","caption":"Demande mondiale Or : L\u2019Orient en retrait"},{"@type":"BreadcrumbList","@id":"https:\/\/www.gold.fr\/news\/2012\/11\/22\/la-demande-asiatique-en-or-fait-un-retour-en-force\/#breadcrumb","itemListElement":[{"@type":"ListItem","position":1,"name":"Accueil","item":"https:\/\/www.gold.fr\/"},{"@type":"ListItem","position":2,"name":"Actualit\u00e9s","item":"https:\/\/www.gold.fr\/news\/"},{"@type":"ListItem","position":3,"name":"La demande asiatique en or fait un retour en force"}]},{"@type":"WebSite","@id":"https:\/\/www.gold.fr\/news\/#website","url":"https:\/\/www.gold.fr\/news\/","name":"Gold.fr","description":"Actualit\u00e9s de l&#039;Or et des m\u00e9taux pr\u00e9cieux","potentialAction":[{"@type":"SearchAction","target":{"@type":"EntryPoint","urlTemplate":"https:\/\/www.gold.fr\/news\/?s={search_term_string}"},"query-input":{"@type":"PropertyValueSpecification","valueRequired":true,"valueName":"search_term_string"}}],"inLanguage":"fr-FR"},{"@type":"Person","@id":"https:\/\/www.gold.fr\/news\/#\/schema\/person\/070491b4b4fb7671bf59b3be20302ce9","name":"Comptoir National de l'Or","image":{"@type":"ImageObject","inLanguage":"fr-FR","@id":"https:\/\/secure.gravatar.com\/avatar\/0a2867fd5abe37bed95d5a65e9d58f01756e11efc68af9888dfc50cfa7f65948?s=96&d=mm&r=gb490554db0a38188709de567aa58480d","url":"https:\/\/secure.gravatar.com\/avatar\/0a2867fd5abe37bed95d5a65e9d58f01756e11efc68af9888dfc50cfa7f65948?s=96&d=mm&r=g","contentUrl":"https:\/\/secure.gravatar.com\/avatar\/0a2867fd5abe37bed95d5a65e9d58f01756e11efc68af9888dfc50cfa7f65948?s=96&d=mm&r=g","caption":"Comptoir National de l'Or"},"description":"Notre r\u00e9daction est constitu\u00e9e de membres experts dans les m\u00e9tiers de l'\u00e9conomie et la gestion, des Responsables d'agence Comptoir National de l'Or, des analystes financiers qui publient r\u00e9guli\u00e8rement des \u00e9tudes sur les politiques des banques centrales, le cours de l'or, prix de l'or, cours de l'argent, prix de l'argent, cours du platine, cours du palladium,... la situation en zone euro et l'impact de la strat\u00e9gie mon\u00e9taire de la FED. Notre \u00e9quipe scrute \u00e9galement une information plus g\u00e9n\u00e9raliste \u00e0 la recherche d'actualit\u00e9 \"p\u00e9pite\" \u00e0 vous partager. Depuis 5 ans, nous avons publi\u00e9 un peu plus de 4000 articles qui s'adressent \u00e0 un public large et vari\u00e9 ayant pour objectif de satisfaire votre curiosit\u00e9 et de partager avec vous une certaine fascination pour le m\u00e9tal jaune, le rachat d'or, et pour ceux qui veulent investir dans l'or, vendre leur or tout simplement en savoir plus... Pour tous vos achat or et argent, n'h\u00e9sitez pas \u00e0 prendre rendez-vous dans l'un de nos nombreux comptoirs.","sameAs":["https:\/\/www.gold.fr"]}]}},"authors":[{"term_id":2565,"user_id":18,"is_guest":0,"slug":"julie","display_name":"Comptoir National de l'Or","avatar_url":"https:\/\/secure.gravatar.com\/avatar\/713f289e398d35ead876c4a4cc08607f0d6d266058cfc25683fffb6092d0e572?s=96&d=mm&r=g","0":null,"1":"","2":"","3":"","4":"","5":"","6":"","7":"","8":""}],"_links":{"self":[{"href":"https:\/\/www.gold.fr\/news\/wp-json\/wp\/v2\/posts\/9938","targetHints":{"allow":["GET"]}}],"collection":[{"href":"https:\/\/www.gold.fr\/news\/wp-json\/wp\/v2\/posts"}],"about":[{"href":"https:\/\/www.gold.fr\/news\/wp-json\/wp\/v2\/types\/post"}],"author":[{"embeddable":true,"href":"https:\/\/www.gold.fr\/news\/wp-json\/wp\/v2\/users\/18"}],"replies":[{"embeddable":true,"href":"https:\/\/www.gold.fr\/news\/wp-json\/wp\/v2\/comments?post=9938"}],"version-history":[{"count":0,"href":"https:\/\/www.gold.fr\/news\/wp-json\/wp\/v2\/posts\/9938\/revisions"}],"wp:featuredmedia":[{"embeddable":true,"href":"https:\/\/www.gold.fr\/news\/wp-json\/wp\/v2\/media\/6639"}],"wp:attachment":[{"href":"https:\/\/www.gold.fr\/news\/wp-json\/wp\/v2\/media?parent=9938"}],"wp:term":[{"taxonomy":"category","embeddable":true,"href":"https:\/\/www.gold.fr\/news\/wp-json\/wp\/v2\/categories?post=9938"},{"taxonomy":"post_tag","embeddable":true,"href":"https:\/\/www.gold.fr\/news\/wp-json\/wp\/v2\/tags?post=9938"},{"taxonomy":"author","embeddable":true,"href":"https:\/\/www.gold.fr\/news\/wp-json\/wp\/v2\/ppma_author?post=9938"}],"curies":[{"name":"wp","href":"https:\/\/api.w.org\/{rel}","templated":true}]}}