{"id":9842,"date":"2012-11-14T09:00:49","date_gmt":"2012-11-14T08:00:49","guid":{"rendered":"https:\/\/www.gold.fr\/news\/?p=9842"},"modified":"2017-11-02T11:34:55","modified_gmt":"2017-11-02T10:34:55","slug":"lor-en-voie-de-depasser-ses-plus-hauts-annuels","status":"publish","type":"post","link":"https:\/\/www.gold.fr\/news\/2012\/11\/14\/lor-en-voie-de-depasser-ses-plus-hauts-annuels\/","title":{"rendered":"L\u2019or en voie de d\u00e9passer ses plus hauts annuels"},"content":{"rendered":"<p><span style=\"font-size: small;\"><img loading=\"lazy\" decoding=\"async\" class=\"alignleft size-thumbnail wp-image-5545\" title=\"Cours de l'Or de Bourse\" src=\"https:\/\/www.gold.fr\/news\/wp-content\/uploads\/2012\/02\/hausse-de-lor-150x150.jpg\" alt=\"\" width=\"150\" height=\"150\" \/>C&rsquo;est en tout cas l&rsquo;avis partag\u00e9 \u00e0 l&rsquo;unanimit\u00e9, en ce moment, par les principaux intervenants et experts du march\u00e9 des mati\u00e8res premi\u00e8res.<\/span>    <span style=\"font-size: small;\">Justement ; impossible d&rsquo;ignorer le fait flagrant que, \u00e0 la veille de l&rsquo;annonce des <a title=\"La victoire d\u2019Obama\" href=\"https:\/\/www.gold.fr\/news\/2012\/11\/07\/la-victoire-dobamaune-victoire-aussi-pour-lor\/9785\/\" target=\"_blank\">r\u00e9sultats des \u00e9lections pr\u00e9sidentielles am\u00e9ricaines<\/a>, et dans un march\u00e9 de mati\u00e8res premi\u00e8res globalement baissier et morose, l&rsquo;<a href='https:\/\/www.gold.fr\/news\/tags\/or' class='esk-seo-plu-link'>or<\/a> s&rsquo;appr\u00e9ciait \u00e0 la hausse et <a title=\"L\u2019or \u00e9lu avant Obama \" href=\"https:\/\/www.gold.fr\/news\/2012\/11\/08\/lor-elu-avant-obama\/9788\/\" target=\"_blank\">gagnait quelques dizaines de dollars<\/a> en l&rsquo;espace de quelques heures.<\/span>    <span style=\"font-size: small;\">Certes, au moment o\u00f9 la victoire du pr\u00e9sident r\u00e9\u00e9lu \u00e9tait annonc\u00e9e, l&rsquo;<a href='https:\/\/www.gold.fr\/news\/tags\/or' class='esk-seo-plu-link'>or<\/a> n&rsquo;a pas r\u00e9ussi \u00e0 r\u00e9it\u00e9rer l&rsquo;exploit du sacre d&rsquo;Obama en 2008 (une flamb\u00e9e de <strong>4,3 %<\/strong> sur le march\u00e9 spot \u00e0 New York), mais presque ! Et, dans tous les cas, les experts du march\u00e9 estiment que, \u00e9tant donn\u00e9 la conjoncture, ce fait n&rsquo;a rien d&rsquo;\u00e9tonnant. Ils soulignent \u00e9galement que la relique barbare est bien partie pour tester \u00e0 nouveau ses plus hauts annuels. \u00ab <em>Je pense que l&rsquo;<a href='https:\/\/www.gold.fr\/news\/tags\/or' class='esk-seo-plu-link'>or<\/a> va remonter autour de 1.800 dollars cette ann\u00e9e. On va assister \u00e0 un rebond des cours dans les jours, les semaines et les mois qui viennent<\/em> \u00bb commente <strong>Yuichi Ikemuzi<\/strong>, analyste chez la <strong>Standard Bank<\/strong>.<\/span>    <span style=\"font-size: small;\">Les professionnels de <strong>l&rsquo;Australia and New Zealand Banking Group<\/strong> (ANZ) rejoignent leur homologues, indiquant \u00ab <em>qu&rsquo;il peut m\u00eame y avoir un risque que ces pr\u00e9visions soient d\u00e9pass\u00e9es, en cas de nouvel assouplissement de la politique \u00e9conomique des Etats-Unis, ou en cas de tensions inflationnistes li\u00e9es \u00e0 l&rsquo;injection de liquidit\u00e9s au cours des quatre derni\u00e8res ann\u00e9es<\/em> \u00bb.<\/span><\/p>\n<!-- AddThis Advanced Settings generic via filter on the_content --><!-- AddThis Share Buttons generic via filter on the_content -->","protected":false},"excerpt":{"rendered":"<p>C&rsquo;est en tout cas l&rsquo;avis partag\u00e9 \u00e0 l&rsquo;unanimit\u00e9, en ce moment, par les principaux intervenants et experts du march\u00e9 des mati\u00e8res premi\u00e8res. Justement ; impossible d&rsquo;ignorer le fait flagrant que, \u00e0 la veille de l&rsquo;annonce des [&hellip;]<\/p>\n","protected":false},"author":18,"featured_media":5545,"comment_status":"open","ping_status":"open","sticky":false,"template":"","format":"standard","meta":{"_mbp_gutenberg_autopost":false,"_pgmb_is_evergreen":false,"_pgmb_ap_template_id":0,"footnotes":""},"categories":[6],"tags":[460,216,83],"ppma_author":[2565],"class_list":["post-9842","post","type-post","status-publish","format-standard","has-post-thumbnail","hentry","category-articles-de-presse","tag-elections-presidentielles","tag-flambee-de-lor","tag-prix-de-lor"],"yoast_head":"<!-- This site is optimized with the Yoast SEO plugin v27.5 - https:\/\/yoast.com\/product\/yoast-seo-wordpress\/ -->\n<title>L\u2019or en voie de d\u00e9passer ses plus hauts annuels - Gold.fr<\/title>\n<meta name=\"robots\" content=\"index, follow, max-snippet:-1, max-image-preview:large, max-video-preview:-1\" \/>\n<link rel=\"canonical\" href=\"https:\/\/www.gold.fr\/news\/2012\/11\/14\/lor-en-voie-de-depasser-ses-plus-hauts-annuels\/\" \/>\n<meta property=\"og:locale\" content=\"fr_FR\" \/>\n<meta property=\"og:type\" content=\"article\" \/>\n<meta property=\"og:title\" content=\"L\u2019or en voie de d\u00e9passer ses plus hauts annuels - Gold.fr\" \/>\n<meta property=\"og:description\" content=\"C&rsquo;est en tout cas l&rsquo;avis partag\u00e9 \u00e0 l&rsquo;unanimit\u00e9, en ce moment, par les principaux intervenants et experts du march\u00e9 des mati\u00e8res premi\u00e8res. Justement ; impossible d&rsquo;ignorer le fait flagrant que, \u00e0 la veille de l&rsquo;annonce des [&hellip;]\" \/>\n<meta property=\"og:url\" content=\"https:\/\/www.gold.fr\/news\/2012\/11\/14\/lor-en-voie-de-depasser-ses-plus-hauts-annuels\/\" \/>\n<meta property=\"og:site_name\" content=\"Gold.fr\" \/>\n<meta property=\"article:publisher\" content=\"https:\/\/www.facebook.com\/Goldfr\/\" \/>\n<meta property=\"article:published_time\" content=\"2012-11-14T08:00:49+00:00\" \/>\n<meta property=\"article:modified_time\" content=\"2017-11-02T10:34:55+00:00\" \/>\n<meta property=\"og:image\" content=\"https:\/\/www.gold.fr\/news\/wp-content\/uploads\/2012\/02\/hausse-de-lor.jpg\" \/>\n\t<meta property=\"og:image:width\" content=\"600\" \/>\n\t<meta property=\"og:image:height\" content=\"428\" \/>\n\t<meta property=\"og:image:type\" content=\"image\/jpeg\" \/>\n<meta name=\"author\" content=\"Comptoir National de l&#039;Or\" \/>\n<meta name=\"twitter:card\" content=\"summary_large_image\" \/>\n<meta name=\"twitter:label1\" content=\"\u00c9crit par\" \/>\n\t<meta name=\"twitter:data1\" content=\"Comptoir National de l&#039;Or\" \/>\n\t<meta name=\"twitter:label2\" content=\"Dur\u00e9e de lecture estim\u00e9e\" \/>\n\t<meta name=\"twitter:data2\" content=\"1 minute\" \/>\n<script type=\"application\/ld+json\" class=\"yoast-schema-graph\">{\"@context\":\"https:\\\/\\\/schema.org\",\"@graph\":[{\"@type\":\"Article\",\"@id\":\"https:\\\/\\\/www.gold.fr\\\/news\\\/2012\\\/11\\\/14\\\/lor-en-voie-de-depasser-ses-plus-hauts-annuels\\\/#article\",\"isPartOf\":{\"@id\":\"https:\\\/\\\/www.gold.fr\\\/news\\\/2012\\\/11\\\/14\\\/lor-en-voie-de-depasser-ses-plus-hauts-annuels\\\/\"},\"author\":{\"name\":\"Comptoir National de l'Or\",\"@id\":\"https:\\\/\\\/www.gold.fr\\\/news\\\/#\\\/schema\\\/person\\\/070491b4b4fb7671bf59b3be20302ce9\"},\"headline\":\"L\u2019or en voie de d\u00e9passer ses plus hauts annuels\",\"datePublished\":\"2012-11-14T08:00:49+00:00\",\"dateModified\":\"2017-11-02T10:34:55+00:00\",\"mainEntityOfPage\":{\"@id\":\"https:\\\/\\\/www.gold.fr\\\/news\\\/2012\\\/11\\\/14\\\/lor-en-voie-de-depasser-ses-plus-hauts-annuels\\\/\"},\"wordCount\":275,\"commentCount\":0,\"image\":{\"@id\":\"https:\\\/\\\/www.gold.fr\\\/news\\\/2012\\\/11\\\/14\\\/lor-en-voie-de-depasser-ses-plus-hauts-annuels\\\/#primaryimage\"},\"thumbnailUrl\":\"https:\\\/\\\/www.gold.fr\\\/news\\\/wp-content\\\/uploads\\\/2012\\\/02\\\/hausse-de-lor.jpg\",\"keywords\":[\"\u00e9lections pr\u00e9sidentielles\",\"flamb\u00e9e de l'or\",\"prix de l'or\"],\"articleSection\":[\"Articles de presse\"],\"inLanguage\":\"fr-FR\"},{\"@type\":\"WebPage\",\"@id\":\"https:\\\/\\\/www.gold.fr\\\/news\\\/2012\\\/11\\\/14\\\/lor-en-voie-de-depasser-ses-plus-hauts-annuels\\\/\",\"url\":\"https:\\\/\\\/www.gold.fr\\\/news\\\/2012\\\/11\\\/14\\\/lor-en-voie-de-depasser-ses-plus-hauts-annuels\\\/\",\"name\":\"L\u2019or en voie de d\u00e9passer ses plus hauts annuels - Gold.fr\",\"isPartOf\":{\"@id\":\"https:\\\/\\\/www.gold.fr\\\/news\\\/#website\"},\"primaryImageOfPage\":{\"@id\":\"https:\\\/\\\/www.gold.fr\\\/news\\\/2012\\\/11\\\/14\\\/lor-en-voie-de-depasser-ses-plus-hauts-annuels\\\/#primaryimage\"},\"image\":{\"@id\":\"https:\\\/\\\/www.gold.fr\\\/news\\\/2012\\\/11\\\/14\\\/lor-en-voie-de-depasser-ses-plus-hauts-annuels\\\/#primaryimage\"},\"thumbnailUrl\":\"https:\\\/\\\/www.gold.fr\\\/news\\\/wp-content\\\/uploads\\\/2012\\\/02\\\/hausse-de-lor.jpg\",\"datePublished\":\"2012-11-14T08:00:49+00:00\",\"dateModified\":\"2017-11-02T10:34:55+00:00\",\"author\":{\"@id\":\"https:\\\/\\\/www.gold.fr\\\/news\\\/#\\\/schema\\\/person\\\/070491b4b4fb7671bf59b3be20302ce9\"},\"breadcrumb\":{\"@id\":\"https:\\\/\\\/www.gold.fr\\\/news\\\/2012\\\/11\\\/14\\\/lor-en-voie-de-depasser-ses-plus-hauts-annuels\\\/#breadcrumb\"},\"inLanguage\":\"fr-FR\",\"potentialAction\":[{\"@type\":\"ReadAction\",\"target\":[\"https:\\\/\\\/www.gold.fr\\\/news\\\/2012\\\/11\\\/14\\\/lor-en-voie-de-depasser-ses-plus-hauts-annuels\\\/\"]}]},{\"@type\":\"ImageObject\",\"inLanguage\":\"fr-FR\",\"@id\":\"https:\\\/\\\/www.gold.fr\\\/news\\\/2012\\\/11\\\/14\\\/lor-en-voie-de-depasser-ses-plus-hauts-annuels\\\/#primaryimage\",\"url\":\"https:\\\/\\\/www.gold.fr\\\/news\\\/wp-content\\\/uploads\\\/2012\\\/02\\\/hausse-de-lor.jpg\",\"contentUrl\":\"https:\\\/\\\/www.gold.fr\\\/news\\\/wp-content\\\/uploads\\\/2012\\\/02\\\/hausse-de-lor.jpg\",\"width\":\"600\",\"height\":\"428\",\"caption\":\"L\u2019or s\u2019appr\u00eate \u00e0 s\u2019envoler\"},{\"@type\":\"BreadcrumbList\",\"@id\":\"https:\\\/\\\/www.gold.fr\\\/news\\\/2012\\\/11\\\/14\\\/lor-en-voie-de-depasser-ses-plus-hauts-annuels\\\/#breadcrumb\",\"itemListElement\":[{\"@type\":\"ListItem\",\"position\":1,\"name\":\"Accueil\",\"item\":\"https:\\\/\\\/www.gold.fr\\\/\"},{\"@type\":\"ListItem\",\"position\":2,\"name\":\"Actualit\u00e9s\",\"item\":\"https:\\\/\\\/www.gold.fr\\\/news\\\/\"},{\"@type\":\"ListItem\",\"position\":3,\"name\":\"L\u2019or en voie de d\u00e9passer ses plus hauts annuels\"}]},{\"@type\":\"WebSite\",\"@id\":\"https:\\\/\\\/www.gold.fr\\\/news\\\/#website\",\"url\":\"https:\\\/\\\/www.gold.fr\\\/news\\\/\",\"name\":\"Gold.fr\",\"description\":\"Actualit\u00e9s de l&#039;Or et des m\u00e9taux pr\u00e9cieux\",\"potentialAction\":[{\"@type\":\"SearchAction\",\"target\":{\"@type\":\"EntryPoint\",\"urlTemplate\":\"https:\\\/\\\/www.gold.fr\\\/news\\\/?s={search_term_string}\"},\"query-input\":{\"@type\":\"PropertyValueSpecification\",\"valueRequired\":true,\"valueName\":\"search_term_string\"}}],\"inLanguage\":\"fr-FR\"},{\"@type\":\"Person\",\"@id\":\"https:\\\/\\\/www.gold.fr\\\/news\\\/#\\\/schema\\\/person\\\/070491b4b4fb7671bf59b3be20302ce9\",\"name\":\"Comptoir National de l'Or\",\"image\":{\"@type\":\"ImageObject\",\"inLanguage\":\"fr-FR\",\"@id\":\"https:\\\/\\\/secure.gravatar.com\\\/avatar\\\/0a2867fd5abe37bed95d5a65e9d58f01756e11efc68af9888dfc50cfa7f65948?s=96&d=mm&r=gb490554db0a38188709de567aa58480d\",\"url\":\"https:\\\/\\\/secure.gravatar.com\\\/avatar\\\/0a2867fd5abe37bed95d5a65e9d58f01756e11efc68af9888dfc50cfa7f65948?s=96&d=mm&r=g\",\"contentUrl\":\"https:\\\/\\\/secure.gravatar.com\\\/avatar\\\/0a2867fd5abe37bed95d5a65e9d58f01756e11efc68af9888dfc50cfa7f65948?s=96&d=mm&r=g\",\"caption\":\"Comptoir National de l'Or\"},\"description\":\"Notre r\u00e9daction est constitu\u00e9e de membres experts dans les m\u00e9tiers de l'\u00e9conomie et la gestion, des Responsables d'agence Comptoir National de l'Or, des analystes financiers qui publient r\u00e9guli\u00e8rement des \u00e9tudes sur les politiques des banques centrales, le cours de l'or, prix de l'or, cours de l'argent, prix de l'argent, cours du platine, cours du palladium,... la situation en zone euro et l'impact de la strat\u00e9gie mon\u00e9taire de la FED. Notre \u00e9quipe scrute \u00e9galement une information plus g\u00e9n\u00e9raliste \u00e0 la recherche d'actualit\u00e9 \\\"p\u00e9pite\\\" \u00e0 vous partager. Depuis 5 ans, nous avons publi\u00e9 un peu plus de 4000 articles qui s'adressent \u00e0 un public large et vari\u00e9 ayant pour objectif de satisfaire votre curiosit\u00e9 et de partager avec vous une certaine fascination pour le m\u00e9tal jaune, le rachat d'or, et pour ceux qui veulent investir dans l'or, vendre leur or tout simplement en savoir plus... Pour tous vos achat or et argent, n'h\u00e9sitez pas \u00e0 prendre rendez-vous dans l'un de nos nombreux comptoirs.\",\"sameAs\":[\"https:\\\/\\\/www.gold.fr\"]}]}<\/script>\n<!-- \/ Yoast SEO plugin. -->","yoast_head_json":{"title":"L\u2019or en voie de d\u00e9passer ses plus hauts annuels - Gold.fr","robots":{"index":"index","follow":"follow","max-snippet":"max-snippet:-1","max-image-preview":"max-image-preview:large","max-video-preview":"max-video-preview:-1"},"canonical":"https:\/\/www.gold.fr\/news\/2012\/11\/14\/lor-en-voie-de-depasser-ses-plus-hauts-annuels\/","og_locale":"fr_FR","og_type":"article","og_title":"L\u2019or en voie de d\u00e9passer ses plus hauts annuels - Gold.fr","og_description":"C&rsquo;est en tout cas l&rsquo;avis partag\u00e9 \u00e0 l&rsquo;unanimit\u00e9, en ce moment, par les principaux intervenants et experts du march\u00e9 des mati\u00e8res premi\u00e8res. Justement ; impossible d&rsquo;ignorer le fait flagrant que, \u00e0 la veille de l&rsquo;annonce des [&hellip;]","og_url":"https:\/\/www.gold.fr\/news\/2012\/11\/14\/lor-en-voie-de-depasser-ses-plus-hauts-annuels\/","og_site_name":"Gold.fr","article_publisher":"https:\/\/www.facebook.com\/Goldfr\/","article_published_time":"2012-11-14T08:00:49+00:00","article_modified_time":"2017-11-02T10:34:55+00:00","og_image":[{"width":600,"height":428,"url":"https:\/\/www.gold.fr\/news\/wp-content\/uploads\/2012\/02\/hausse-de-lor.jpg","type":"image\/jpeg"}],"author":"Comptoir National de l'Or","twitter_card":"summary_large_image","twitter_misc":{"\u00c9crit par":"Comptoir National de l'Or","Dur\u00e9e de lecture estim\u00e9e":"1 minute"},"schema":{"@context":"https:\/\/schema.org","@graph":[{"@type":"Article","@id":"https:\/\/www.gold.fr\/news\/2012\/11\/14\/lor-en-voie-de-depasser-ses-plus-hauts-annuels\/#article","isPartOf":{"@id":"https:\/\/www.gold.fr\/news\/2012\/11\/14\/lor-en-voie-de-depasser-ses-plus-hauts-annuels\/"},"author":{"name":"Comptoir National de l'Or","@id":"https:\/\/www.gold.fr\/news\/#\/schema\/person\/070491b4b4fb7671bf59b3be20302ce9"},"headline":"L\u2019or en voie de d\u00e9passer ses plus hauts annuels","datePublished":"2012-11-14T08:00:49+00:00","dateModified":"2017-11-02T10:34:55+00:00","mainEntityOfPage":{"@id":"https:\/\/www.gold.fr\/news\/2012\/11\/14\/lor-en-voie-de-depasser-ses-plus-hauts-annuels\/"},"wordCount":275,"commentCount":0,"image":{"@id":"https:\/\/www.gold.fr\/news\/2012\/11\/14\/lor-en-voie-de-depasser-ses-plus-hauts-annuels\/#primaryimage"},"thumbnailUrl":"https:\/\/www.gold.fr\/news\/wp-content\/uploads\/2012\/02\/hausse-de-lor.jpg","keywords":["\u00e9lections pr\u00e9sidentielles","flamb\u00e9e de l'or","prix de l'or"],"articleSection":["Articles de presse"],"inLanguage":"fr-FR"},{"@type":"WebPage","@id":"https:\/\/www.gold.fr\/news\/2012\/11\/14\/lor-en-voie-de-depasser-ses-plus-hauts-annuels\/","url":"https:\/\/www.gold.fr\/news\/2012\/11\/14\/lor-en-voie-de-depasser-ses-plus-hauts-annuels\/","name":"L\u2019or en voie de d\u00e9passer ses plus hauts annuels - Gold.fr","isPartOf":{"@id":"https:\/\/www.gold.fr\/news\/#website"},"primaryImageOfPage":{"@id":"https:\/\/www.gold.fr\/news\/2012\/11\/14\/lor-en-voie-de-depasser-ses-plus-hauts-annuels\/#primaryimage"},"image":{"@id":"https:\/\/www.gold.fr\/news\/2012\/11\/14\/lor-en-voie-de-depasser-ses-plus-hauts-annuels\/#primaryimage"},"thumbnailUrl":"https:\/\/www.gold.fr\/news\/wp-content\/uploads\/2012\/02\/hausse-de-lor.jpg","datePublished":"2012-11-14T08:00:49+00:00","dateModified":"2017-11-02T10:34:55+00:00","author":{"@id":"https:\/\/www.gold.fr\/news\/#\/schema\/person\/070491b4b4fb7671bf59b3be20302ce9"},"breadcrumb":{"@id":"https:\/\/www.gold.fr\/news\/2012\/11\/14\/lor-en-voie-de-depasser-ses-plus-hauts-annuels\/#breadcrumb"},"inLanguage":"fr-FR","potentialAction":[{"@type":"ReadAction","target":["https:\/\/www.gold.fr\/news\/2012\/11\/14\/lor-en-voie-de-depasser-ses-plus-hauts-annuels\/"]}]},{"@type":"ImageObject","inLanguage":"fr-FR","@id":"https:\/\/www.gold.fr\/news\/2012\/11\/14\/lor-en-voie-de-depasser-ses-plus-hauts-annuels\/#primaryimage","url":"https:\/\/www.gold.fr\/news\/wp-content\/uploads\/2012\/02\/hausse-de-lor.jpg","contentUrl":"https:\/\/www.gold.fr\/news\/wp-content\/uploads\/2012\/02\/hausse-de-lor.jpg","width":"600","height":"428","caption":"L\u2019or s\u2019appr\u00eate \u00e0 s\u2019envoler"},{"@type":"BreadcrumbList","@id":"https:\/\/www.gold.fr\/news\/2012\/11\/14\/lor-en-voie-de-depasser-ses-plus-hauts-annuels\/#breadcrumb","itemListElement":[{"@type":"ListItem","position":1,"name":"Accueil","item":"https:\/\/www.gold.fr\/"},{"@type":"ListItem","position":2,"name":"Actualit\u00e9s","item":"https:\/\/www.gold.fr\/news\/"},{"@type":"ListItem","position":3,"name":"L\u2019or en voie de d\u00e9passer ses plus hauts annuels"}]},{"@type":"WebSite","@id":"https:\/\/www.gold.fr\/news\/#website","url":"https:\/\/www.gold.fr\/news\/","name":"Gold.fr","description":"Actualit\u00e9s de l&#039;Or et des m\u00e9taux pr\u00e9cieux","potentialAction":[{"@type":"SearchAction","target":{"@type":"EntryPoint","urlTemplate":"https:\/\/www.gold.fr\/news\/?s={search_term_string}"},"query-input":{"@type":"PropertyValueSpecification","valueRequired":true,"valueName":"search_term_string"}}],"inLanguage":"fr-FR"},{"@type":"Person","@id":"https:\/\/www.gold.fr\/news\/#\/schema\/person\/070491b4b4fb7671bf59b3be20302ce9","name":"Comptoir National de l'Or","image":{"@type":"ImageObject","inLanguage":"fr-FR","@id":"https:\/\/secure.gravatar.com\/avatar\/0a2867fd5abe37bed95d5a65e9d58f01756e11efc68af9888dfc50cfa7f65948?s=96&d=mm&r=gb490554db0a38188709de567aa58480d","url":"https:\/\/secure.gravatar.com\/avatar\/0a2867fd5abe37bed95d5a65e9d58f01756e11efc68af9888dfc50cfa7f65948?s=96&d=mm&r=g","contentUrl":"https:\/\/secure.gravatar.com\/avatar\/0a2867fd5abe37bed95d5a65e9d58f01756e11efc68af9888dfc50cfa7f65948?s=96&d=mm&r=g","caption":"Comptoir National de l'Or"},"description":"Notre r\u00e9daction est constitu\u00e9e de membres experts dans les m\u00e9tiers de l'\u00e9conomie et la gestion, des Responsables d'agence Comptoir National de l'Or, des analystes financiers qui publient r\u00e9guli\u00e8rement des \u00e9tudes sur les politiques des banques centrales, le cours de l'or, prix de l'or, cours de l'argent, prix de l'argent, cours du platine, cours du palladium,... la situation en zone euro et l'impact de la strat\u00e9gie mon\u00e9taire de la FED. Notre \u00e9quipe scrute \u00e9galement une information plus g\u00e9n\u00e9raliste \u00e0 la recherche d'actualit\u00e9 \"p\u00e9pite\" \u00e0 vous partager. Depuis 5 ans, nous avons publi\u00e9 un peu plus de 4000 articles qui s'adressent \u00e0 un public large et vari\u00e9 ayant pour objectif de satisfaire votre curiosit\u00e9 et de partager avec vous une certaine fascination pour le m\u00e9tal jaune, le rachat d'or, et pour ceux qui veulent investir dans l'or, vendre leur or tout simplement en savoir plus... Pour tous vos achat or et argent, n'h\u00e9sitez pas \u00e0 prendre rendez-vous dans l'un de nos nombreux comptoirs.","sameAs":["https:\/\/www.gold.fr"]}]}},"authors":[{"term_id":2565,"user_id":18,"is_guest":0,"slug":"julie","display_name":"Comptoir National de l'Or","avatar_url":"https:\/\/secure.gravatar.com\/avatar\/713f289e398d35ead876c4a4cc08607f0d6d266058cfc25683fffb6092d0e572?s=96&d=mm&r=g","0":null,"1":"","2":"","3":"","4":"","5":"","6":"","7":"","8":""}],"_links":{"self":[{"href":"https:\/\/www.gold.fr\/news\/wp-json\/wp\/v2\/posts\/9842","targetHints":{"allow":["GET"]}}],"collection":[{"href":"https:\/\/www.gold.fr\/news\/wp-json\/wp\/v2\/posts"}],"about":[{"href":"https:\/\/www.gold.fr\/news\/wp-json\/wp\/v2\/types\/post"}],"author":[{"embeddable":true,"href":"https:\/\/www.gold.fr\/news\/wp-json\/wp\/v2\/users\/18"}],"replies":[{"embeddable":true,"href":"https:\/\/www.gold.fr\/news\/wp-json\/wp\/v2\/comments?post=9842"}],"version-history":[{"count":0,"href":"https:\/\/www.gold.fr\/news\/wp-json\/wp\/v2\/posts\/9842\/revisions"}],"wp:featuredmedia":[{"embeddable":true,"href":"https:\/\/www.gold.fr\/news\/wp-json\/wp\/v2\/media\/5545"}],"wp:attachment":[{"href":"https:\/\/www.gold.fr\/news\/wp-json\/wp\/v2\/media?parent=9842"}],"wp:term":[{"taxonomy":"category","embeddable":true,"href":"https:\/\/www.gold.fr\/news\/wp-json\/wp\/v2\/categories?post=9842"},{"taxonomy":"post_tag","embeddable":true,"href":"https:\/\/www.gold.fr\/news\/wp-json\/wp\/v2\/tags?post=9842"},{"taxonomy":"author","embeddable":true,"href":"https:\/\/www.gold.fr\/news\/wp-json\/wp\/v2\/ppma_author?post=9842"}],"curies":[{"name":"wp","href":"https:\/\/api.w.org\/{rel}","templated":true}]}}