{"id":9807,"date":"2012-11-12T17:00:13","date_gmt":"2012-11-12T16:00:13","guid":{"rendered":"https:\/\/www.gold.fr\/news\/?p=9807"},"modified":"2021-09-10T16:11:57","modified_gmt":"2021-09-10T14:11:57","slug":"lor-realise-un-record-historique-au-premier-mandat-dobama","status":"publish","type":"post","link":"https:\/\/www.gold.fr\/news\/2012\/11\/12\/lor-realise-un-record-historique-au-premier-mandat-dobama\/","title":{"rendered":"L\u2019or r\u00e9alise un record historique au premier mandat d\u2019Obama"},"content":{"rendered":"<p><span style=\"font-size: small;\"><img loading=\"lazy\" decoding=\"async\" class=\"alignleft size-thumbnail wp-image-4649\" title=\"Prix de l'Or\" src=\"https:\/\/www.gold.fr\/news\/wp-content\/uploads\/2012\/11\/or-obama.jpg\" alt=\"\" width=\"150\" height=\"150\" \/>A la veille de l&rsquo;annonce des r\u00e9sultats des scrutins des <a title=\"La victoire d\u2019Obama\" href=\"https:\/\/www.gold.fr\/news\/2012\/11\/07\/la-victoire-dobamaune-victoire-aussi-pour-lor\/9785\/\" target=\"_blank\" rel=\"noopener\">pr\u00e9sidentielles am\u00e9ricaines<\/a>, <strong>Edel Tully<\/strong>, analyste chez <strong>UBS<\/strong>, d\u00e9clarait que \u00ab <em>une victoire d&rsquo;Obama serait le sc\u00e9nario id\u00e9al pour l&rsquo;<a class=\"esk-seo-plu-link\" href=\"https:\/\/www.gold.fr\/news\/tags\/or\">or<\/a> en raison de ses projets en mati\u00e8re de politique fiscale et mon\u00e9taire<\/em> \u00bb. La conclusion est assez \u00e9vidente ; pas besoin d&rsquo;\u00eatre expert pour \u00e9noncer une telle pr\u00e9vision. La victoire du parti d\u00e9mocrate aura r\u00e9ussi \u00e0 hisser la relique barbare \u00e0 un niveau qui la rapproche d\u00e9sormais davantage des <strong>1 800 dollars<\/strong> pr\u00e9vus par diff\u00e9rents intervenants <a title=\"Le chemin sinueux vers les 1 800 dollars\" href=\"https:\/\/www.gold.fr\/news\/2012\/10\/23\/le-chemin-sinueux-vers-les-1-800-dollars\/9644\/\" target=\"_blank\" rel=\"noopener\">pour la fin de l\u2019ann\u00e9e <strong>2012<\/strong><\/a>.<\/span> <span style=\"font-size: small;\">Il faut admettre que le premier mandat de <strong>Barack Obama<\/strong> avait d\u00e9j\u00e0 grandement b\u00e9n\u00e9fici\u00e9 au <a class=\"esk-seo-plu-link\" href=\"https:\/\/www.gold.fr\/news\/tags\/or\">m\u00e9tal jaune<\/a>. Sous l&rsquo;administration Obama, la <strong>FED<\/strong> avait instaur\u00e9 une strat\u00e9gie fond\u00e9e sur des taux particuli\u00e8rement bas. Quatre ann\u00e9es d&rsquo;une politique mon\u00e9taire et fiscale qui a contribu\u00e9 au passage historique de l&rsquo;<a class=\"esk-seo-plu-link\" href=\"https:\/\/www.gold.fr\/news\/tags\/or\">or<\/a> de <strong>729 dollars<\/strong> <a title=\"Prix de l'Once d'Or\" href=\"https:\/\/www.gold.fr\/once-en\/\" target=\"_blank\" rel=\"noopener\">l&rsquo;once<\/a> \u00e0 <strong>1.725 dollars<\/strong>, soit un total de <strong>1.000 dollars<\/strong> d&rsquo;\u00e9volution positive. Un record in\u00e9dit pour la relique barbare. En sa qualit\u00e9 de \u00ab <em>bouclier contre les crises<\/em> \u00bb, le <a class=\"esk-seo-plu-link\" href=\"https:\/\/www.gold.fr\/news\/tags\/or\">m\u00e9tal jaune<\/a> avait r\u00e9ussi \u00e0 se maintenir au sommet des valeurs refuges largement favoris\u00e9es par les investisseurs.<\/span> <span style=\"font-size: small;\">Cette ann\u00e9e, \u00e0 l&rsquo;occasion des pr\u00e9sidentielles am\u00e9ricaines, l&rsquo;<a class=\"esk-seo-plu-link\" href=\"https:\/\/www.gold.fr\/news\/tags\/or\">or<\/a> r\u00e9ussit encore l&rsquo;exploit de r\u00e9aliser une nette hausse, au c\u0153ur d&rsquo;une p\u00e9riode traditionnellement caract\u00e9ris\u00e9e par une tension qui, au mieux, fige les march\u00e9s dans leur ensemble, et, au pire, les tire vers le bas.<\/span><\/p>\n<!-- AddThis Advanced Settings generic via filter on the_content --><!-- AddThis Share Buttons generic via filter on the_content -->","protected":false},"excerpt":{"rendered":"<p>A la veille de l&rsquo;annonce des r\u00e9sultats des scrutins des pr\u00e9sidentielles am\u00e9ricaines, Edel Tully, analyste chez UBS, d\u00e9clarait que \u00ab une victoire d&rsquo;Obama serait le sc\u00e9nario id\u00e9al pour l&rsquo;or en raison de ses projets en mati\u00e8re [&hellip;]<\/p>\n","protected":false},"author":18,"featured_media":9786,"comment_status":"closed","ping_status":"closed","sticky":false,"template":"","format":"standard","meta":{"_mbp_gutenberg_autopost":false,"_pgmb_is_evergreen":false,"_pgmb_ap_template_id":0,"footnotes":""},"categories":[6],"tags":[460,915,83,972],"ppma_author":[2565],"class_list":["post-9807","post","type-post","status-publish","format-standard","has-post-thumbnail","hentry","category-articles-de-presse","tag-elections-presidentielles","tag-or-et-records","tag-prix-de-lor","tag-victoire-dobama"],"yoast_head":"<!-- This site is optimized with the Yoast SEO plugin v27.5 - https:\/\/yoast.com\/product\/yoast-seo-wordpress\/ -->\n<title>L\u2019or r\u00e9alise un record historique au premier mandat d\u2019Obama - Gold.fr<\/title>\n<meta name=\"robots\" content=\"index, follow, max-snippet:-1, max-image-preview:large, max-video-preview:-1\" \/>\n<link rel=\"canonical\" href=\"https:\/\/www.gold.fr\/news\/2012\/11\/12\/lor-realise-un-record-historique-au-premier-mandat-dobama\/\" \/>\n<meta property=\"og:locale\" content=\"fr_FR\" \/>\n<meta property=\"og:type\" content=\"article\" \/>\n<meta property=\"og:title\" content=\"L\u2019or r\u00e9alise un record historique au premier mandat d\u2019Obama - Gold.fr\" \/>\n<meta property=\"og:description\" content=\"A la veille de l&rsquo;annonce des r\u00e9sultats des scrutins des pr\u00e9sidentielles am\u00e9ricaines, Edel Tully, analyste chez UBS, d\u00e9clarait que \u00ab une victoire d&rsquo;Obama serait le sc\u00e9nario id\u00e9al pour l&rsquo;or en raison de ses projets en mati\u00e8re [&hellip;]\" \/>\n<meta property=\"og:url\" content=\"https:\/\/www.gold.fr\/news\/2012\/11\/12\/lor-realise-un-record-historique-au-premier-mandat-dobama\/\" \/>\n<meta property=\"og:site_name\" content=\"Gold.fr\" \/>\n<meta property=\"article:publisher\" content=\"https:\/\/www.facebook.com\/Goldfr\/\" \/>\n<meta property=\"article:published_time\" content=\"2012-11-12T16:00:13+00:00\" \/>\n<meta property=\"article:modified_time\" content=\"2021-09-10T14:11:57+00:00\" \/>\n<meta property=\"og:image\" content=\"https:\/\/www.gold.fr\/news\/wp-content\/uploads\/2012\/11\/or-obama.jpg\" \/>\n\t<meta property=\"og:image:width\" content=\"600\" \/>\n\t<meta property=\"og:image:height\" content=\"356\" \/>\n\t<meta property=\"og:image:type\" content=\"image\/jpeg\" \/>\n<meta name=\"author\" content=\"Comptoir National de l&#039;Or\" \/>\n<meta name=\"twitter:card\" content=\"summary_large_image\" \/>\n<meta name=\"twitter:label1\" content=\"\u00c9crit par\" \/>\n\t<meta name=\"twitter:data1\" content=\"Comptoir National de l&#039;Or\" \/>\n\t<meta name=\"twitter:label2\" content=\"Dur\u00e9e de lecture estim\u00e9e\" \/>\n\t<meta name=\"twitter:data2\" content=\"1 minute\" \/>\n<script type=\"application\/ld+json\" class=\"yoast-schema-graph\">{\"@context\":\"https:\\\/\\\/schema.org\",\"@graph\":[{\"@type\":\"Article\",\"@id\":\"https:\\\/\\\/www.gold.fr\\\/news\\\/2012\\\/11\\\/12\\\/lor-realise-un-record-historique-au-premier-mandat-dobama\\\/#article\",\"isPartOf\":{\"@id\":\"https:\\\/\\\/www.gold.fr\\\/news\\\/2012\\\/11\\\/12\\\/lor-realise-un-record-historique-au-premier-mandat-dobama\\\/\"},\"author\":{\"name\":\"Comptoir National de l'Or\",\"@id\":\"https:\\\/\\\/www.gold.fr\\\/news\\\/#\\\/schema\\\/person\\\/070491b4b4fb7671bf59b3be20302ce9\"},\"headline\":\"L\u2019or r\u00e9alise un record historique au premier mandat d\u2019Obama\",\"datePublished\":\"2012-11-12T16:00:13+00:00\",\"dateModified\":\"2021-09-10T14:11:57+00:00\",\"mainEntityOfPage\":{\"@id\":\"https:\\\/\\\/www.gold.fr\\\/news\\\/2012\\\/11\\\/12\\\/lor-realise-un-record-historique-au-premier-mandat-dobama\\\/\"},\"wordCount\":278,\"image\":{\"@id\":\"https:\\\/\\\/www.gold.fr\\\/news\\\/2012\\\/11\\\/12\\\/lor-realise-un-record-historique-au-premier-mandat-dobama\\\/#primaryimage\"},\"thumbnailUrl\":\"https:\\\/\\\/www.gold.fr\\\/news\\\/wp-content\\\/uploads\\\/2012\\\/11\\\/or-obama.jpg\",\"keywords\":[\"\u00e9lections pr\u00e9sidentielles\",\"Or et records\",\"prix de l'or\",\"victoire d\u2019Obama\"],\"articleSection\":[\"Articles de presse\"],\"inLanguage\":\"fr-FR\"},{\"@type\":\"WebPage\",\"@id\":\"https:\\\/\\\/www.gold.fr\\\/news\\\/2012\\\/11\\\/12\\\/lor-realise-un-record-historique-au-premier-mandat-dobama\\\/\",\"url\":\"https:\\\/\\\/www.gold.fr\\\/news\\\/2012\\\/11\\\/12\\\/lor-realise-un-record-historique-au-premier-mandat-dobama\\\/\",\"name\":\"L\u2019or r\u00e9alise un record historique au premier mandat d\u2019Obama - Gold.fr\",\"isPartOf\":{\"@id\":\"https:\\\/\\\/www.gold.fr\\\/news\\\/#website\"},\"primaryImageOfPage\":{\"@id\":\"https:\\\/\\\/www.gold.fr\\\/news\\\/2012\\\/11\\\/12\\\/lor-realise-un-record-historique-au-premier-mandat-dobama\\\/#primaryimage\"},\"image\":{\"@id\":\"https:\\\/\\\/www.gold.fr\\\/news\\\/2012\\\/11\\\/12\\\/lor-realise-un-record-historique-au-premier-mandat-dobama\\\/#primaryimage\"},\"thumbnailUrl\":\"https:\\\/\\\/www.gold.fr\\\/news\\\/wp-content\\\/uploads\\\/2012\\\/11\\\/or-obama.jpg\",\"datePublished\":\"2012-11-12T16:00:13+00:00\",\"dateModified\":\"2021-09-10T14:11:57+00:00\",\"author\":{\"@id\":\"https:\\\/\\\/www.gold.fr\\\/news\\\/#\\\/schema\\\/person\\\/070491b4b4fb7671bf59b3be20302ce9\"},\"breadcrumb\":{\"@id\":\"https:\\\/\\\/www.gold.fr\\\/news\\\/2012\\\/11\\\/12\\\/lor-realise-un-record-historique-au-premier-mandat-dobama\\\/#breadcrumb\"},\"inLanguage\":\"fr-FR\",\"potentialAction\":[{\"@type\":\"ReadAction\",\"target\":[\"https:\\\/\\\/www.gold.fr\\\/news\\\/2012\\\/11\\\/12\\\/lor-realise-un-record-historique-au-premier-mandat-dobama\\\/\"]}]},{\"@type\":\"ImageObject\",\"inLanguage\":\"fr-FR\",\"@id\":\"https:\\\/\\\/www.gold.fr\\\/news\\\/2012\\\/11\\\/12\\\/lor-realise-un-record-historique-au-premier-mandat-dobama\\\/#primaryimage\",\"url\":\"https:\\\/\\\/www.gold.fr\\\/news\\\/wp-content\\\/uploads\\\/2012\\\/11\\\/or-obama.jpg\",\"contentUrl\":\"https:\\\/\\\/www.gold.fr\\\/news\\\/wp-content\\\/uploads\\\/2012\\\/11\\\/or-obama.jpg\",\"width\":\"600\",\"height\":\"356\",\"caption\":\"La victoire d\u2019Obama\u2026une victoire aussi pour l\u2019or\"},{\"@type\":\"BreadcrumbList\",\"@id\":\"https:\\\/\\\/www.gold.fr\\\/news\\\/2012\\\/11\\\/12\\\/lor-realise-un-record-historique-au-premier-mandat-dobama\\\/#breadcrumb\",\"itemListElement\":[{\"@type\":\"ListItem\",\"position\":1,\"name\":\"Accueil\",\"item\":\"https:\\\/\\\/www.gold.fr\\\/\"},{\"@type\":\"ListItem\",\"position\":2,\"name\":\"Actualit\u00e9s\",\"item\":\"https:\\\/\\\/www.gold.fr\\\/news\\\/\"},{\"@type\":\"ListItem\",\"position\":3,\"name\":\"L\u2019or r\u00e9alise un record historique au premier mandat d\u2019Obama\"}]},{\"@type\":\"WebSite\",\"@id\":\"https:\\\/\\\/www.gold.fr\\\/news\\\/#website\",\"url\":\"https:\\\/\\\/www.gold.fr\\\/news\\\/\",\"name\":\"Gold.fr\",\"description\":\"Actualit\u00e9s de l&#039;Or et des m\u00e9taux pr\u00e9cieux\",\"potentialAction\":[{\"@type\":\"SearchAction\",\"target\":{\"@type\":\"EntryPoint\",\"urlTemplate\":\"https:\\\/\\\/www.gold.fr\\\/news\\\/?s={search_term_string}\"},\"query-input\":{\"@type\":\"PropertyValueSpecification\",\"valueRequired\":true,\"valueName\":\"search_term_string\"}}],\"inLanguage\":\"fr-FR\"},{\"@type\":\"Person\",\"@id\":\"https:\\\/\\\/www.gold.fr\\\/news\\\/#\\\/schema\\\/person\\\/070491b4b4fb7671bf59b3be20302ce9\",\"name\":\"Comptoir National de l'Or\",\"image\":{\"@type\":\"ImageObject\",\"inLanguage\":\"fr-FR\",\"@id\":\"https:\\\/\\\/secure.gravatar.com\\\/avatar\\\/0a2867fd5abe37bed95d5a65e9d58f01756e11efc68af9888dfc50cfa7f65948?s=96&d=mm&r=gb490554db0a38188709de567aa58480d\",\"url\":\"https:\\\/\\\/secure.gravatar.com\\\/avatar\\\/0a2867fd5abe37bed95d5a65e9d58f01756e11efc68af9888dfc50cfa7f65948?s=96&d=mm&r=g\",\"contentUrl\":\"https:\\\/\\\/secure.gravatar.com\\\/avatar\\\/0a2867fd5abe37bed95d5a65e9d58f01756e11efc68af9888dfc50cfa7f65948?s=96&d=mm&r=g\",\"caption\":\"Comptoir National de l'Or\"},\"description\":\"Notre r\u00e9daction est constitu\u00e9e de membres experts dans les m\u00e9tiers de l'\u00e9conomie et la gestion, des Responsables d'agence Comptoir National de l'Or, des analystes financiers qui publient r\u00e9guli\u00e8rement des \u00e9tudes sur les politiques des banques centrales, le cours de l'or, prix de l'or, cours de l'argent, prix de l'argent, cours du platine, cours du palladium,... la situation en zone euro et l'impact de la strat\u00e9gie mon\u00e9taire de la FED. Notre \u00e9quipe scrute \u00e9galement une information plus g\u00e9n\u00e9raliste \u00e0 la recherche d'actualit\u00e9 \\\"p\u00e9pite\\\" \u00e0 vous partager. Depuis 5 ans, nous avons publi\u00e9 un peu plus de 4000 articles qui s'adressent \u00e0 un public large et vari\u00e9 ayant pour objectif de satisfaire votre curiosit\u00e9 et de partager avec vous une certaine fascination pour le m\u00e9tal jaune, le rachat d'or, et pour ceux qui veulent investir dans l'or, vendre leur or tout simplement en savoir plus... Pour tous vos achat or et argent, n'h\u00e9sitez pas \u00e0 prendre rendez-vous dans l'un de nos nombreux comptoirs.\",\"sameAs\":[\"https:\\\/\\\/www.gold.fr\"]}]}<\/script>\n<!-- \/ Yoast SEO plugin. -->","yoast_head_json":{"title":"L\u2019or r\u00e9alise un record historique au premier mandat d\u2019Obama - Gold.fr","robots":{"index":"index","follow":"follow","max-snippet":"max-snippet:-1","max-image-preview":"max-image-preview:large","max-video-preview":"max-video-preview:-1"},"canonical":"https:\/\/www.gold.fr\/news\/2012\/11\/12\/lor-realise-un-record-historique-au-premier-mandat-dobama\/","og_locale":"fr_FR","og_type":"article","og_title":"L\u2019or r\u00e9alise un record historique au premier mandat d\u2019Obama - Gold.fr","og_description":"A la veille de l&rsquo;annonce des r\u00e9sultats des scrutins des pr\u00e9sidentielles am\u00e9ricaines, Edel Tully, analyste chez UBS, d\u00e9clarait que \u00ab une victoire d&rsquo;Obama serait le sc\u00e9nario id\u00e9al pour l&rsquo;or en raison de ses projets en mati\u00e8re [&hellip;]","og_url":"https:\/\/www.gold.fr\/news\/2012\/11\/12\/lor-realise-un-record-historique-au-premier-mandat-dobama\/","og_site_name":"Gold.fr","article_publisher":"https:\/\/www.facebook.com\/Goldfr\/","article_published_time":"2012-11-12T16:00:13+00:00","article_modified_time":"2021-09-10T14:11:57+00:00","og_image":[{"width":600,"height":356,"url":"https:\/\/www.gold.fr\/news\/wp-content\/uploads\/2012\/11\/or-obama.jpg","type":"image\/jpeg"}],"author":"Comptoir National de l'Or","twitter_card":"summary_large_image","twitter_misc":{"\u00c9crit par":"Comptoir National de l'Or","Dur\u00e9e de lecture estim\u00e9e":"1 minute"},"schema":{"@context":"https:\/\/schema.org","@graph":[{"@type":"Article","@id":"https:\/\/www.gold.fr\/news\/2012\/11\/12\/lor-realise-un-record-historique-au-premier-mandat-dobama\/#article","isPartOf":{"@id":"https:\/\/www.gold.fr\/news\/2012\/11\/12\/lor-realise-un-record-historique-au-premier-mandat-dobama\/"},"author":{"name":"Comptoir National de l'Or","@id":"https:\/\/www.gold.fr\/news\/#\/schema\/person\/070491b4b4fb7671bf59b3be20302ce9"},"headline":"L\u2019or r\u00e9alise un record historique au premier mandat d\u2019Obama","datePublished":"2012-11-12T16:00:13+00:00","dateModified":"2021-09-10T14:11:57+00:00","mainEntityOfPage":{"@id":"https:\/\/www.gold.fr\/news\/2012\/11\/12\/lor-realise-un-record-historique-au-premier-mandat-dobama\/"},"wordCount":278,"image":{"@id":"https:\/\/www.gold.fr\/news\/2012\/11\/12\/lor-realise-un-record-historique-au-premier-mandat-dobama\/#primaryimage"},"thumbnailUrl":"https:\/\/www.gold.fr\/news\/wp-content\/uploads\/2012\/11\/or-obama.jpg","keywords":["\u00e9lections pr\u00e9sidentielles","Or et records","prix de l'or","victoire d\u2019Obama"],"articleSection":["Articles de presse"],"inLanguage":"fr-FR"},{"@type":"WebPage","@id":"https:\/\/www.gold.fr\/news\/2012\/11\/12\/lor-realise-un-record-historique-au-premier-mandat-dobama\/","url":"https:\/\/www.gold.fr\/news\/2012\/11\/12\/lor-realise-un-record-historique-au-premier-mandat-dobama\/","name":"L\u2019or r\u00e9alise un record historique au premier mandat d\u2019Obama - Gold.fr","isPartOf":{"@id":"https:\/\/www.gold.fr\/news\/#website"},"primaryImageOfPage":{"@id":"https:\/\/www.gold.fr\/news\/2012\/11\/12\/lor-realise-un-record-historique-au-premier-mandat-dobama\/#primaryimage"},"image":{"@id":"https:\/\/www.gold.fr\/news\/2012\/11\/12\/lor-realise-un-record-historique-au-premier-mandat-dobama\/#primaryimage"},"thumbnailUrl":"https:\/\/www.gold.fr\/news\/wp-content\/uploads\/2012\/11\/or-obama.jpg","datePublished":"2012-11-12T16:00:13+00:00","dateModified":"2021-09-10T14:11:57+00:00","author":{"@id":"https:\/\/www.gold.fr\/news\/#\/schema\/person\/070491b4b4fb7671bf59b3be20302ce9"},"breadcrumb":{"@id":"https:\/\/www.gold.fr\/news\/2012\/11\/12\/lor-realise-un-record-historique-au-premier-mandat-dobama\/#breadcrumb"},"inLanguage":"fr-FR","potentialAction":[{"@type":"ReadAction","target":["https:\/\/www.gold.fr\/news\/2012\/11\/12\/lor-realise-un-record-historique-au-premier-mandat-dobama\/"]}]},{"@type":"ImageObject","inLanguage":"fr-FR","@id":"https:\/\/www.gold.fr\/news\/2012\/11\/12\/lor-realise-un-record-historique-au-premier-mandat-dobama\/#primaryimage","url":"https:\/\/www.gold.fr\/news\/wp-content\/uploads\/2012\/11\/or-obama.jpg","contentUrl":"https:\/\/www.gold.fr\/news\/wp-content\/uploads\/2012\/11\/or-obama.jpg","width":"600","height":"356","caption":"La victoire d\u2019Obama\u2026une victoire aussi pour l\u2019or"},{"@type":"BreadcrumbList","@id":"https:\/\/www.gold.fr\/news\/2012\/11\/12\/lor-realise-un-record-historique-au-premier-mandat-dobama\/#breadcrumb","itemListElement":[{"@type":"ListItem","position":1,"name":"Accueil","item":"https:\/\/www.gold.fr\/"},{"@type":"ListItem","position":2,"name":"Actualit\u00e9s","item":"https:\/\/www.gold.fr\/news\/"},{"@type":"ListItem","position":3,"name":"L\u2019or r\u00e9alise un record historique au premier mandat d\u2019Obama"}]},{"@type":"WebSite","@id":"https:\/\/www.gold.fr\/news\/#website","url":"https:\/\/www.gold.fr\/news\/","name":"Gold.fr","description":"Actualit\u00e9s de l&#039;Or et des m\u00e9taux pr\u00e9cieux","potentialAction":[{"@type":"SearchAction","target":{"@type":"EntryPoint","urlTemplate":"https:\/\/www.gold.fr\/news\/?s={search_term_string}"},"query-input":{"@type":"PropertyValueSpecification","valueRequired":true,"valueName":"search_term_string"}}],"inLanguage":"fr-FR"},{"@type":"Person","@id":"https:\/\/www.gold.fr\/news\/#\/schema\/person\/070491b4b4fb7671bf59b3be20302ce9","name":"Comptoir National de l'Or","image":{"@type":"ImageObject","inLanguage":"fr-FR","@id":"https:\/\/secure.gravatar.com\/avatar\/0a2867fd5abe37bed95d5a65e9d58f01756e11efc68af9888dfc50cfa7f65948?s=96&d=mm&r=gb490554db0a38188709de567aa58480d","url":"https:\/\/secure.gravatar.com\/avatar\/0a2867fd5abe37bed95d5a65e9d58f01756e11efc68af9888dfc50cfa7f65948?s=96&d=mm&r=g","contentUrl":"https:\/\/secure.gravatar.com\/avatar\/0a2867fd5abe37bed95d5a65e9d58f01756e11efc68af9888dfc50cfa7f65948?s=96&d=mm&r=g","caption":"Comptoir National de l'Or"},"description":"Notre r\u00e9daction est constitu\u00e9e de membres experts dans les m\u00e9tiers de l'\u00e9conomie et la gestion, des Responsables d'agence Comptoir National de l'Or, des analystes financiers qui publient r\u00e9guli\u00e8rement des \u00e9tudes sur les politiques des banques centrales, le cours de l'or, prix de l'or, cours de l'argent, prix de l'argent, cours du platine, cours du palladium,... la situation en zone euro et l'impact de la strat\u00e9gie mon\u00e9taire de la FED. Notre \u00e9quipe scrute \u00e9galement une information plus g\u00e9n\u00e9raliste \u00e0 la recherche d'actualit\u00e9 \"p\u00e9pite\" \u00e0 vous partager. Depuis 5 ans, nous avons publi\u00e9 un peu plus de 4000 articles qui s'adressent \u00e0 un public large et vari\u00e9 ayant pour objectif de satisfaire votre curiosit\u00e9 et de partager avec vous une certaine fascination pour le m\u00e9tal jaune, le rachat d'or, et pour ceux qui veulent investir dans l'or, vendre leur or tout simplement en savoir plus... Pour tous vos achat or et argent, n'h\u00e9sitez pas \u00e0 prendre rendez-vous dans l'un de nos nombreux comptoirs.","sameAs":["https:\/\/www.gold.fr"]}]}},"authors":[{"term_id":2565,"user_id":18,"is_guest":0,"slug":"julie","display_name":"Comptoir National de l'Or","avatar_url":"https:\/\/secure.gravatar.com\/avatar\/713f289e398d35ead876c4a4cc08607f0d6d266058cfc25683fffb6092d0e572?s=96&d=mm&r=g","0":null,"1":"","2":"","3":"","4":"","5":"","6":"","7":"","8":""}],"_links":{"self":[{"href":"https:\/\/www.gold.fr\/news\/wp-json\/wp\/v2\/posts\/9807","targetHints":{"allow":["GET"]}}],"collection":[{"href":"https:\/\/www.gold.fr\/news\/wp-json\/wp\/v2\/posts"}],"about":[{"href":"https:\/\/www.gold.fr\/news\/wp-json\/wp\/v2\/types\/post"}],"author":[{"embeddable":true,"href":"https:\/\/www.gold.fr\/news\/wp-json\/wp\/v2\/users\/18"}],"replies":[{"embeddable":true,"href":"https:\/\/www.gold.fr\/news\/wp-json\/wp\/v2\/comments?post=9807"}],"version-history":[{"count":0,"href":"https:\/\/www.gold.fr\/news\/wp-json\/wp\/v2\/posts\/9807\/revisions"}],"wp:featuredmedia":[{"embeddable":true,"href":"https:\/\/www.gold.fr\/news\/wp-json\/wp\/v2\/media\/9786"}],"wp:attachment":[{"href":"https:\/\/www.gold.fr\/news\/wp-json\/wp\/v2\/media?parent=9807"}],"wp:term":[{"taxonomy":"category","embeddable":true,"href":"https:\/\/www.gold.fr\/news\/wp-json\/wp\/v2\/categories?post=9807"},{"taxonomy":"post_tag","embeddable":true,"href":"https:\/\/www.gold.fr\/news\/wp-json\/wp\/v2\/tags?post=9807"},{"taxonomy":"author","embeddable":true,"href":"https:\/\/www.gold.fr\/news\/wp-json\/wp\/v2\/ppma_author?post=9807"}],"curies":[{"name":"wp","href":"https:\/\/api.w.org\/{rel}","templated":true}]}}