{"id":9779,"date":"2012-11-07T09:00:00","date_gmt":"2012-11-07T08:00:00","guid":{"rendered":"https:\/\/www.gold.fr\/news\/?p=9779"},"modified":"2017-11-02T11:34:59","modified_gmt":"2017-11-02T10:34:59","slug":"le-kirghizistan-se-met-en-mode-or","status":"publish","type":"post","link":"https:\/\/www.gold.fr\/news\/2012\/11\/07\/le-kirghizistan-se-met-en-mode-or\/","title":{"rendered":"Le Kirghizistan se met en mode Or"},"content":{"rendered":"<p><span style=\"font-size: small;\"><img loading=\"lazy\" decoding=\"async\" class=\"alignleft size-thumbnail wp-image-9780\" title=\"Le Kirghizistan se met en mode Or\" src=\"https:\/\/www.gold.fr\/news\/wp-content\/uploads\/2012\/11\/article-or-150x150.jpg\" alt=\"\" width=\"150\" height=\"150\" \/>C&rsquo;est le g\u00e9ant minier australien <strong>Kentor Gold<\/strong> qui a d\u00e9croch\u00e9 cette v\u00e9ritable mine d&rsquo;<a href='https:\/\/www.gold.fr\/news\/tags\/or' class='esk-seo-plu-link'>or<\/a>. Litt\u00e9ralement.<\/span>    <span style=\"font-size: small;\">Le gouvernement kirghize a m\u00eame mis en place une commission interminist\u00e9rielle sp\u00e9cialement cr\u00e9\u00e9e pour d\u00e9livrer une d\u00e9cision d\u00e9finitive sur ce projet. Et le groupe minier avait fait appel aux services d&rsquo;une soci\u00e9t\u00e9 russe d&rsquo;audit afin de confirmer que ce projet d&rsquo;exploitation \u00e9tait bel et bien conforme \u00e0 la l\u00e9gislation kirghize sur l&rsquo;environnement. Il y quelques semaines (le 15 octobre dernier), <strong>Kentor Gold<\/strong> annon\u00e7ait donc avoir obtenu la pr\u00e9cieuse confirmation qui lui permet d&rsquo;exploiter la mine d&rsquo;<a href='https:\/\/www.gold.fr\/news\/tags\/or' class='esk-seo-plu-link'>or<\/a> et de cuivre d&rsquo;<strong>Andash<\/strong>, au Kirghizistan. Un rapport a \u00e9t\u00e9 d&rsquo;ailleurs transmis \u00e0 la fameuse commission qui ne devrait pas tarder \u00e0 offrir son aval.<\/span>    <span style=\"font-size: small;\">Durant les six premi\u00e8res ann\u00e9es de son exploitation, cette mine devrait aboutir \u00e0 une production annuelle avoisinant les 70.000 <a title=\"Prix de l'Once d'Or\" href=\"https:\/\/www.gold.fr\/once-en\/\" target=\"_blank\">onces d\u2019or<\/a> et les <strong>7.400 tonnes de cuivre<\/strong> (d&rsquo;apr\u00e8s les calculs minutieux de la tr\u00e8s heureuse Kentor Gold). Ce projet minier de grande envergure devrait \u00e9galement fournir plusieurs opportunit\u00e9s d&rsquo;expansion ult\u00e9rieures.<\/span>    <span style=\"font-size: small;\">Notons au passage que l&rsquo;exploitation de la mine ne devrait pas engendrer des grands co\u00fbts de production. Ce qui signifie qu&rsquo;elle sera en activit\u00e9 aussit\u00f4t l&rsquo;aval officiel des autorit\u00e9s locales obtenu.<\/span>    <span style=\"font-size: small;\">Rappelons que, l&rsquo;engouement mondial pour l&rsquo;<a href='https:\/\/www.gold.fr\/news\/tags\/or' class='esk-seo-plu-link'>or<\/a> est tel que le peuple kirghize fait pression sur son gouvernement afin de nationaliser la plus importante mine d&rsquo;<a href='https:\/\/www.gold.fr\/news\/tags\/or' class='esk-seo-plu-link'>or<\/a> nationale en activit\u00e9, Kumtor. Une mine qui fournit pas moins de <strong>12%<\/strong> du PIB kirghize.<\/span><\/p>\n<!-- AddThis Advanced Settings generic via filter on the_content --><!-- AddThis Share Buttons generic via filter on the_content -->","protected":false},"excerpt":{"rendered":"<p>C&rsquo;est le g\u00e9ant minier australien Kentor Gold qui a d\u00e9croch\u00e9 cette v\u00e9ritable mine d&rsquo;or. Litt\u00e9ralement. Le gouvernement kirghize a m\u00eame mis en place une commission interminist\u00e9rielle sp\u00e9cialement cr\u00e9\u00e9e pour d\u00e9livrer une d\u00e9cision d\u00e9finitive sur ce projet. [&hellip;]<\/p>\n","protected":false},"author":18,"featured_media":9780,"comment_status":"open","ping_status":"open","sticky":false,"template":"","format":"standard","meta":{"_mbp_gutenberg_autopost":false,"_pgmb_is_evergreen":false,"_pgmb_ap_template_id":0,"footnotes":""},"categories":[6],"tags":[971,655],"ppma_author":[2565],"class_list":["post-9779","post","type-post","status-publish","format-standard","has-post-thumbnail","hentry","category-articles-de-presse","tag-kentor-gold","tag-mines-dor"],"yoast_head":"<!-- This site is optimized with the Yoast SEO plugin v27.5 - https:\/\/yoast.com\/product\/yoast-seo-wordpress\/ -->\n<title>Le Kirghizistan se met en mode Or - Gold.fr<\/title>\n<meta name=\"robots\" content=\"index, follow, max-snippet:-1, max-image-preview:large, max-video-preview:-1\" \/>\n<link rel=\"canonical\" href=\"https:\/\/www.gold.fr\/news\/2012\/11\/07\/le-kirghizistan-se-met-en-mode-or\/\" \/>\n<meta property=\"og:locale\" content=\"fr_FR\" \/>\n<meta property=\"og:type\" content=\"article\" \/>\n<meta property=\"og:title\" content=\"Le Kirghizistan se met en mode Or - Gold.fr\" \/>\n<meta property=\"og:description\" content=\"C&rsquo;est le g\u00e9ant minier australien Kentor Gold qui a d\u00e9croch\u00e9 cette v\u00e9ritable mine d&rsquo;or. Litt\u00e9ralement. Le gouvernement kirghize a m\u00eame mis en place une commission interminist\u00e9rielle sp\u00e9cialement cr\u00e9\u00e9e pour d\u00e9livrer une d\u00e9cision d\u00e9finitive sur ce projet. [&hellip;]\" \/>\n<meta property=\"og:url\" content=\"https:\/\/www.gold.fr\/news\/2012\/11\/07\/le-kirghizistan-se-met-en-mode-or\/\" \/>\n<meta property=\"og:site_name\" content=\"Gold.fr\" \/>\n<meta property=\"article:publisher\" content=\"https:\/\/www.facebook.com\/Goldfr\/\" \/>\n<meta property=\"article:published_time\" content=\"2012-11-07T08:00:00+00:00\" \/>\n<meta property=\"article:modified_time\" content=\"2017-11-02T10:34:59+00:00\" \/>\n<meta property=\"og:image\" content=\"https:\/\/www.gold.fr\/news\/wp-content\/uploads\/2012\/11\/article-or.jpg\" \/>\n\t<meta property=\"og:image:width\" content=\"600\" \/>\n\t<meta property=\"og:image:height\" content=\"359\" \/>\n\t<meta property=\"og:image:type\" content=\"image\/jpeg\" \/>\n<meta name=\"author\" content=\"Comptoir National de l&#039;Or\" \/>\n<meta name=\"twitter:card\" content=\"summary_large_image\" \/>\n<meta name=\"twitter:label1\" content=\"\u00c9crit par\" \/>\n\t<meta name=\"twitter:data1\" content=\"Comptoir National de l&#039;Or\" \/>\n\t<meta name=\"twitter:label2\" content=\"Dur\u00e9e de lecture estim\u00e9e\" \/>\n\t<meta name=\"twitter:data2\" content=\"1 minute\" \/>\n<script type=\"application\/ld+json\" class=\"yoast-schema-graph\">{\"@context\":\"https:\\\/\\\/schema.org\",\"@graph\":[{\"@type\":\"Article\",\"@id\":\"https:\\\/\\\/www.gold.fr\\\/news\\\/2012\\\/11\\\/07\\\/le-kirghizistan-se-met-en-mode-or\\\/#article\",\"isPartOf\":{\"@id\":\"https:\\\/\\\/www.gold.fr\\\/news\\\/2012\\\/11\\\/07\\\/le-kirghizistan-se-met-en-mode-or\\\/\"},\"author\":{\"name\":\"Comptoir National de l'Or\",\"@id\":\"https:\\\/\\\/www.gold.fr\\\/news\\\/#\\\/schema\\\/person\\\/070491b4b4fb7671bf59b3be20302ce9\"},\"headline\":\"Le Kirghizistan se met en mode Or\",\"datePublished\":\"2012-11-07T08:00:00+00:00\",\"dateModified\":\"2017-11-02T10:34:59+00:00\",\"mainEntityOfPage\":{\"@id\":\"https:\\\/\\\/www.gold.fr\\\/news\\\/2012\\\/11\\\/07\\\/le-kirghizistan-se-met-en-mode-or\\\/\"},\"wordCount\":279,\"commentCount\":0,\"image\":{\"@id\":\"https:\\\/\\\/www.gold.fr\\\/news\\\/2012\\\/11\\\/07\\\/le-kirghizistan-se-met-en-mode-or\\\/#primaryimage\"},\"thumbnailUrl\":\"https:\\\/\\\/www.gold.fr\\\/news\\\/wp-content\\\/uploads\\\/2012\\\/11\\\/article-or.jpg\",\"keywords\":[\"Kentor Gold\",\"Mines d'Or\"],\"articleSection\":[\"Articles de presse\"],\"inLanguage\":\"fr-FR\"},{\"@type\":\"WebPage\",\"@id\":\"https:\\\/\\\/www.gold.fr\\\/news\\\/2012\\\/11\\\/07\\\/le-kirghizistan-se-met-en-mode-or\\\/\",\"url\":\"https:\\\/\\\/www.gold.fr\\\/news\\\/2012\\\/11\\\/07\\\/le-kirghizistan-se-met-en-mode-or\\\/\",\"name\":\"Le Kirghizistan se met en mode Or - Gold.fr\",\"isPartOf\":{\"@id\":\"https:\\\/\\\/www.gold.fr\\\/news\\\/#website\"},\"primaryImageOfPage\":{\"@id\":\"https:\\\/\\\/www.gold.fr\\\/news\\\/2012\\\/11\\\/07\\\/le-kirghizistan-se-met-en-mode-or\\\/#primaryimage\"},\"image\":{\"@id\":\"https:\\\/\\\/www.gold.fr\\\/news\\\/2012\\\/11\\\/07\\\/le-kirghizistan-se-met-en-mode-or\\\/#primaryimage\"},\"thumbnailUrl\":\"https:\\\/\\\/www.gold.fr\\\/news\\\/wp-content\\\/uploads\\\/2012\\\/11\\\/article-or.jpg\",\"datePublished\":\"2012-11-07T08:00:00+00:00\",\"dateModified\":\"2017-11-02T10:34:59+00:00\",\"author\":{\"@id\":\"https:\\\/\\\/www.gold.fr\\\/news\\\/#\\\/schema\\\/person\\\/070491b4b4fb7671bf59b3be20302ce9\"},\"breadcrumb\":{\"@id\":\"https:\\\/\\\/www.gold.fr\\\/news\\\/2012\\\/11\\\/07\\\/le-kirghizistan-se-met-en-mode-or\\\/#breadcrumb\"},\"inLanguage\":\"fr-FR\",\"potentialAction\":[{\"@type\":\"ReadAction\",\"target\":[\"https:\\\/\\\/www.gold.fr\\\/news\\\/2012\\\/11\\\/07\\\/le-kirghizistan-se-met-en-mode-or\\\/\"]}]},{\"@type\":\"ImageObject\",\"inLanguage\":\"fr-FR\",\"@id\":\"https:\\\/\\\/www.gold.fr\\\/news\\\/2012\\\/11\\\/07\\\/le-kirghizistan-se-met-en-mode-or\\\/#primaryimage\",\"url\":\"https:\\\/\\\/www.gold.fr\\\/news\\\/wp-content\\\/uploads\\\/2012\\\/11\\\/article-or.jpg\",\"contentUrl\":\"https:\\\/\\\/www.gold.fr\\\/news\\\/wp-content\\\/uploads\\\/2012\\\/11\\\/article-or.jpg\",\"width\":\"600\",\"height\":\"359\",\"caption\":\"Le Kirghizistan se met en mode Or\"},{\"@type\":\"BreadcrumbList\",\"@id\":\"https:\\\/\\\/www.gold.fr\\\/news\\\/2012\\\/11\\\/07\\\/le-kirghizistan-se-met-en-mode-or\\\/#breadcrumb\",\"itemListElement\":[{\"@type\":\"ListItem\",\"position\":1,\"name\":\"Accueil\",\"item\":\"https:\\\/\\\/www.gold.fr\\\/\"},{\"@type\":\"ListItem\",\"position\":2,\"name\":\"Actualit\u00e9s\",\"item\":\"https:\\\/\\\/www.gold.fr\\\/news\\\/\"},{\"@type\":\"ListItem\",\"position\":3,\"name\":\"Le Kirghizistan se met en mode Or\"}]},{\"@type\":\"WebSite\",\"@id\":\"https:\\\/\\\/www.gold.fr\\\/news\\\/#website\",\"url\":\"https:\\\/\\\/www.gold.fr\\\/news\\\/\",\"name\":\"Gold.fr\",\"description\":\"Actualit\u00e9s de l&#039;Or et des m\u00e9taux pr\u00e9cieux\",\"potentialAction\":[{\"@type\":\"SearchAction\",\"target\":{\"@type\":\"EntryPoint\",\"urlTemplate\":\"https:\\\/\\\/www.gold.fr\\\/news\\\/?s={search_term_string}\"},\"query-input\":{\"@type\":\"PropertyValueSpecification\",\"valueRequired\":true,\"valueName\":\"search_term_string\"}}],\"inLanguage\":\"fr-FR\"},{\"@type\":\"Person\",\"@id\":\"https:\\\/\\\/www.gold.fr\\\/news\\\/#\\\/schema\\\/person\\\/070491b4b4fb7671bf59b3be20302ce9\",\"name\":\"Comptoir National de l'Or\",\"image\":{\"@type\":\"ImageObject\",\"inLanguage\":\"fr-FR\",\"@id\":\"https:\\\/\\\/secure.gravatar.com\\\/avatar\\\/0a2867fd5abe37bed95d5a65e9d58f01756e11efc68af9888dfc50cfa7f65948?s=96&d=mm&r=gb490554db0a38188709de567aa58480d\",\"url\":\"https:\\\/\\\/secure.gravatar.com\\\/avatar\\\/0a2867fd5abe37bed95d5a65e9d58f01756e11efc68af9888dfc50cfa7f65948?s=96&d=mm&r=g\",\"contentUrl\":\"https:\\\/\\\/secure.gravatar.com\\\/avatar\\\/0a2867fd5abe37bed95d5a65e9d58f01756e11efc68af9888dfc50cfa7f65948?s=96&d=mm&r=g\",\"caption\":\"Comptoir National de l'Or\"},\"description\":\"Notre r\u00e9daction est constitu\u00e9e de membres experts dans les m\u00e9tiers de l'\u00e9conomie et la gestion, des Responsables d'agence Comptoir National de l'Or, des analystes financiers qui publient r\u00e9guli\u00e8rement des \u00e9tudes sur les politiques des banques centrales, le cours de l'or, prix de l'or, cours de l'argent, prix de l'argent, cours du platine, cours du palladium,... la situation en zone euro et l'impact de la strat\u00e9gie mon\u00e9taire de la FED. Notre \u00e9quipe scrute \u00e9galement une information plus g\u00e9n\u00e9raliste \u00e0 la recherche d'actualit\u00e9 \\\"p\u00e9pite\\\" \u00e0 vous partager. Depuis 5 ans, nous avons publi\u00e9 un peu plus de 4000 articles qui s'adressent \u00e0 un public large et vari\u00e9 ayant pour objectif de satisfaire votre curiosit\u00e9 et de partager avec vous une certaine fascination pour le m\u00e9tal jaune, le rachat d'or, et pour ceux qui veulent investir dans l'or, vendre leur or tout simplement en savoir plus... Pour tous vos achat or et argent, n'h\u00e9sitez pas \u00e0 prendre rendez-vous dans l'un de nos nombreux comptoirs.\",\"sameAs\":[\"https:\\\/\\\/www.gold.fr\"]}]}<\/script>\n<!-- \/ Yoast SEO plugin. -->","yoast_head_json":{"title":"Le Kirghizistan se met en mode Or - Gold.fr","robots":{"index":"index","follow":"follow","max-snippet":"max-snippet:-1","max-image-preview":"max-image-preview:large","max-video-preview":"max-video-preview:-1"},"canonical":"https:\/\/www.gold.fr\/news\/2012\/11\/07\/le-kirghizistan-se-met-en-mode-or\/","og_locale":"fr_FR","og_type":"article","og_title":"Le Kirghizistan se met en mode Or - Gold.fr","og_description":"C&rsquo;est le g\u00e9ant minier australien Kentor Gold qui a d\u00e9croch\u00e9 cette v\u00e9ritable mine d&rsquo;or. Litt\u00e9ralement. Le gouvernement kirghize a m\u00eame mis en place une commission interminist\u00e9rielle sp\u00e9cialement cr\u00e9\u00e9e pour d\u00e9livrer une d\u00e9cision d\u00e9finitive sur ce projet. [&hellip;]","og_url":"https:\/\/www.gold.fr\/news\/2012\/11\/07\/le-kirghizistan-se-met-en-mode-or\/","og_site_name":"Gold.fr","article_publisher":"https:\/\/www.facebook.com\/Goldfr\/","article_published_time":"2012-11-07T08:00:00+00:00","article_modified_time":"2017-11-02T10:34:59+00:00","og_image":[{"width":600,"height":359,"url":"https:\/\/www.gold.fr\/news\/wp-content\/uploads\/2012\/11\/article-or.jpg","type":"image\/jpeg"}],"author":"Comptoir National de l'Or","twitter_card":"summary_large_image","twitter_misc":{"\u00c9crit par":"Comptoir National de l'Or","Dur\u00e9e de lecture estim\u00e9e":"1 minute"},"schema":{"@context":"https:\/\/schema.org","@graph":[{"@type":"Article","@id":"https:\/\/www.gold.fr\/news\/2012\/11\/07\/le-kirghizistan-se-met-en-mode-or\/#article","isPartOf":{"@id":"https:\/\/www.gold.fr\/news\/2012\/11\/07\/le-kirghizistan-se-met-en-mode-or\/"},"author":{"name":"Comptoir National de l'Or","@id":"https:\/\/www.gold.fr\/news\/#\/schema\/person\/070491b4b4fb7671bf59b3be20302ce9"},"headline":"Le Kirghizistan se met en mode Or","datePublished":"2012-11-07T08:00:00+00:00","dateModified":"2017-11-02T10:34:59+00:00","mainEntityOfPage":{"@id":"https:\/\/www.gold.fr\/news\/2012\/11\/07\/le-kirghizistan-se-met-en-mode-or\/"},"wordCount":279,"commentCount":0,"image":{"@id":"https:\/\/www.gold.fr\/news\/2012\/11\/07\/le-kirghizistan-se-met-en-mode-or\/#primaryimage"},"thumbnailUrl":"https:\/\/www.gold.fr\/news\/wp-content\/uploads\/2012\/11\/article-or.jpg","keywords":["Kentor Gold","Mines d'Or"],"articleSection":["Articles de presse"],"inLanguage":"fr-FR"},{"@type":"WebPage","@id":"https:\/\/www.gold.fr\/news\/2012\/11\/07\/le-kirghizistan-se-met-en-mode-or\/","url":"https:\/\/www.gold.fr\/news\/2012\/11\/07\/le-kirghizistan-se-met-en-mode-or\/","name":"Le Kirghizistan se met en mode Or - Gold.fr","isPartOf":{"@id":"https:\/\/www.gold.fr\/news\/#website"},"primaryImageOfPage":{"@id":"https:\/\/www.gold.fr\/news\/2012\/11\/07\/le-kirghizistan-se-met-en-mode-or\/#primaryimage"},"image":{"@id":"https:\/\/www.gold.fr\/news\/2012\/11\/07\/le-kirghizistan-se-met-en-mode-or\/#primaryimage"},"thumbnailUrl":"https:\/\/www.gold.fr\/news\/wp-content\/uploads\/2012\/11\/article-or.jpg","datePublished":"2012-11-07T08:00:00+00:00","dateModified":"2017-11-02T10:34:59+00:00","author":{"@id":"https:\/\/www.gold.fr\/news\/#\/schema\/person\/070491b4b4fb7671bf59b3be20302ce9"},"breadcrumb":{"@id":"https:\/\/www.gold.fr\/news\/2012\/11\/07\/le-kirghizistan-se-met-en-mode-or\/#breadcrumb"},"inLanguage":"fr-FR","potentialAction":[{"@type":"ReadAction","target":["https:\/\/www.gold.fr\/news\/2012\/11\/07\/le-kirghizistan-se-met-en-mode-or\/"]}]},{"@type":"ImageObject","inLanguage":"fr-FR","@id":"https:\/\/www.gold.fr\/news\/2012\/11\/07\/le-kirghizistan-se-met-en-mode-or\/#primaryimage","url":"https:\/\/www.gold.fr\/news\/wp-content\/uploads\/2012\/11\/article-or.jpg","contentUrl":"https:\/\/www.gold.fr\/news\/wp-content\/uploads\/2012\/11\/article-or.jpg","width":"600","height":"359","caption":"Le Kirghizistan se met en mode Or"},{"@type":"BreadcrumbList","@id":"https:\/\/www.gold.fr\/news\/2012\/11\/07\/le-kirghizistan-se-met-en-mode-or\/#breadcrumb","itemListElement":[{"@type":"ListItem","position":1,"name":"Accueil","item":"https:\/\/www.gold.fr\/"},{"@type":"ListItem","position":2,"name":"Actualit\u00e9s","item":"https:\/\/www.gold.fr\/news\/"},{"@type":"ListItem","position":3,"name":"Le Kirghizistan se met en mode Or"}]},{"@type":"WebSite","@id":"https:\/\/www.gold.fr\/news\/#website","url":"https:\/\/www.gold.fr\/news\/","name":"Gold.fr","description":"Actualit\u00e9s de l&#039;Or et des m\u00e9taux pr\u00e9cieux","potentialAction":[{"@type":"SearchAction","target":{"@type":"EntryPoint","urlTemplate":"https:\/\/www.gold.fr\/news\/?s={search_term_string}"},"query-input":{"@type":"PropertyValueSpecification","valueRequired":true,"valueName":"search_term_string"}}],"inLanguage":"fr-FR"},{"@type":"Person","@id":"https:\/\/www.gold.fr\/news\/#\/schema\/person\/070491b4b4fb7671bf59b3be20302ce9","name":"Comptoir National de l'Or","image":{"@type":"ImageObject","inLanguage":"fr-FR","@id":"https:\/\/secure.gravatar.com\/avatar\/0a2867fd5abe37bed95d5a65e9d58f01756e11efc68af9888dfc50cfa7f65948?s=96&d=mm&r=gb490554db0a38188709de567aa58480d","url":"https:\/\/secure.gravatar.com\/avatar\/0a2867fd5abe37bed95d5a65e9d58f01756e11efc68af9888dfc50cfa7f65948?s=96&d=mm&r=g","contentUrl":"https:\/\/secure.gravatar.com\/avatar\/0a2867fd5abe37bed95d5a65e9d58f01756e11efc68af9888dfc50cfa7f65948?s=96&d=mm&r=g","caption":"Comptoir National de l'Or"},"description":"Notre r\u00e9daction est constitu\u00e9e de membres experts dans les m\u00e9tiers de l'\u00e9conomie et la gestion, des Responsables d'agence Comptoir National de l'Or, des analystes financiers qui publient r\u00e9guli\u00e8rement des \u00e9tudes sur les politiques des banques centrales, le cours de l'or, prix de l'or, cours de l'argent, prix de l'argent, cours du platine, cours du palladium,... la situation en zone euro et l'impact de la strat\u00e9gie mon\u00e9taire de la FED. Notre \u00e9quipe scrute \u00e9galement une information plus g\u00e9n\u00e9raliste \u00e0 la recherche d'actualit\u00e9 \"p\u00e9pite\" \u00e0 vous partager. Depuis 5 ans, nous avons publi\u00e9 un peu plus de 4000 articles qui s'adressent \u00e0 un public large et vari\u00e9 ayant pour objectif de satisfaire votre curiosit\u00e9 et de partager avec vous une certaine fascination pour le m\u00e9tal jaune, le rachat d'or, et pour ceux qui veulent investir dans l'or, vendre leur or tout simplement en savoir plus... Pour tous vos achat or et argent, n'h\u00e9sitez pas \u00e0 prendre rendez-vous dans l'un de nos nombreux comptoirs.","sameAs":["https:\/\/www.gold.fr"]}]}},"authors":[{"term_id":2565,"user_id":18,"is_guest":0,"slug":"julie","display_name":"Comptoir National de l'Or","avatar_url":"https:\/\/secure.gravatar.com\/avatar\/713f289e398d35ead876c4a4cc08607f0d6d266058cfc25683fffb6092d0e572?s=96&d=mm&r=g","0":null,"1":"","2":"","3":"","4":"","5":"","6":"","7":"","8":""}],"_links":{"self":[{"href":"https:\/\/www.gold.fr\/news\/wp-json\/wp\/v2\/posts\/9779","targetHints":{"allow":["GET"]}}],"collection":[{"href":"https:\/\/www.gold.fr\/news\/wp-json\/wp\/v2\/posts"}],"about":[{"href":"https:\/\/www.gold.fr\/news\/wp-json\/wp\/v2\/types\/post"}],"author":[{"embeddable":true,"href":"https:\/\/www.gold.fr\/news\/wp-json\/wp\/v2\/users\/18"}],"replies":[{"embeddable":true,"href":"https:\/\/www.gold.fr\/news\/wp-json\/wp\/v2\/comments?post=9779"}],"version-history":[{"count":0,"href":"https:\/\/www.gold.fr\/news\/wp-json\/wp\/v2\/posts\/9779\/revisions"}],"wp:featuredmedia":[{"embeddable":true,"href":"https:\/\/www.gold.fr\/news\/wp-json\/wp\/v2\/media\/9780"}],"wp:attachment":[{"href":"https:\/\/www.gold.fr\/news\/wp-json\/wp\/v2\/media?parent=9779"}],"wp:term":[{"taxonomy":"category","embeddable":true,"href":"https:\/\/www.gold.fr\/news\/wp-json\/wp\/v2\/categories?post=9779"},{"taxonomy":"post_tag","embeddable":true,"href":"https:\/\/www.gold.fr\/news\/wp-json\/wp\/v2\/tags?post=9779"},{"taxonomy":"author","embeddable":true,"href":"https:\/\/www.gold.fr\/news\/wp-json\/wp\/v2\/ppma_author?post=9779"}],"curies":[{"name":"wp","href":"https:\/\/api.w.org\/{rel}","templated":true}]}}