{"id":9728,"date":"2012-11-01T17:00:14","date_gmt":"2012-11-01T16:00:14","guid":{"rendered":"https:\/\/www.gold.fr\/news\/?p=9728"},"modified":"2017-11-02T11:35:01","modified_gmt":"2017-11-02T10:35:01","slug":"le-prix-de-lor-soutenu-par-un-solide-plancher","status":"publish","type":"post","link":"https:\/\/www.gold.fr\/news\/2012\/11\/01\/le-prix-de-lor-soutenu-par-un-solide-plancher\/","title":{"rendered":"Le prix de l\u2019or soutenu par un solide \u00ab plancher \u00bb"},"content":{"rendered":"<p><span style=\"font-size: small;\"><img loading=\"lazy\" decoding=\"async\" class=\"alignleft size-thumbnail wp-image-4173\" title=\"Prix de l'Or\" src=\"https:\/\/www.gold.fr\/news\/wp-content\/uploads\/2011\/12\/6136-000213-150x150.jpg\" alt=\"\" width=\"150\" height=\"150\" \/>Apr\u00e8s avoir fr\u00f4l\u00e9 les <strong>1 800 dollars<\/strong> l&rsquo;<a title=\"Prix de l'Once d'Or\" href=\"https:\/\/www.gold.fr\/once-en\/\" target=\"_blank\">once<\/a> au d\u00e9but du mois d&rsquo;octobre, <a title=\"Prix de l'Or\" href=\"https:\/\/www.gold.fr\/achat-or\/\" target=\"_blank\">le prix de l\u2019or<\/a> s&rsquo;est repli\u00e9 durant deux semaines, relativement plomb\u00e9 par une morosit\u00e9 qui a frapp\u00e9 l&rsquo;ensemble des march\u00e9s, dans un contexte de perspectives \u00e9conomiques mondiales globalement pessimistes.<\/span>    <span style=\"font-size: small;\"><strong>Austin Kiddle<\/strong>, analyste chez le courtier sp\u00e9cialis\u00e9 <strong>Sharps Pixley<\/strong>, confirme \u00e9galement que \u00ab <em><a title=\"Cours de l'Or de Bourse\" href=\"https:\/\/www.gold.fr\/cours-prix-de-l-or\/\" target=\"_blank\">le cours de l&rsquo;or<\/a> a r\u00e9agi aux r\u00e9visions en baisse des pr\u00e9visions sur la croissance \u00e9conomique mondiale annonc\u00e9es d&rsquo;abord par la Banque mondiale, puis par le Fonds mon\u00e9taire international (FMI)<\/em> \u00bb. L&rsquo;analyste estime en effet que \u00ab <em>les inqui\u00e9tudes sur la conjoncture \u00e9conomique tendent \u00e0 affaiblir l&rsquo;app\u00e9tit g\u00e9n\u00e9ral pour les m\u00e9taux pr\u00e9cieux<\/em> \u00bb, ce qui pousse une partie des investisseurs \u00e0 tenter la solution d\u00e9sastreuse des liquidit\u00e9s en devises.<\/span>    <span style=\"font-size: small;\">Et la man\u0153uvre est loin d&rsquo;avoir l&rsquo;effet escompt\u00e9 puisque m\u00eame <a title=\"Correction de l\u2019or\" href=\"https:\/\/www.gold.fr\/news\/2012\/10\/24\/correction-de-lor-une-etape-necessaire\/9650\/\" target=\"_blank\">la phase de correction<\/a> subie r\u00e9cemment par le <a href='https:\/\/www.gold.fr\/news\/tags\/or' class='esk-seo-plu-link'>m\u00e9tal jaune<\/a> n&rsquo;a pas r\u00e9ussi \u00e0 maintenir durablement <a title=\"March\u00e9s de l'Or\" href=\"https:\/\/www.gold.fr\/news\/2012\/07\/11\/les-marches-de-lor\/8442\/\" target=\"_blank\">le march\u00e9 de l&rsquo;or<\/a> en dessous du support des <strong>1 700 dollars<\/strong>. Selon les analystes de <strong>Barclays Capital<\/strong>, il s&rsquo;agit l\u00e0 de la preuve flagrante que l&rsquo;<a href='https:\/\/www.gold.fr\/news\/tags\/or' class='esk-seo-plu-link'>or<\/a> b\u00e9n\u00e9ficie \u00ab <em>d&rsquo;un solide plancher pour les prix<\/em> \u00bb, ce qui confirme, dans la foul\u00e9e, la continuation de l&rsquo;ascension du prix de la relique barbare.<\/span><\/p>\n<!-- AddThis Advanced Settings generic via filter on the_content --><!-- AddThis Share Buttons generic via filter on the_content -->","protected":false},"excerpt":{"rendered":"<p>Apr\u00e8s avoir fr\u00f4l\u00e9 les 1 800 dollars l&rsquo;once au d\u00e9but du mois d&rsquo;octobre, le prix de l\u2019or s&rsquo;est repli\u00e9 durant deux semaines, relativement plomb\u00e9 par une morosit\u00e9 qui a frapp\u00e9 l&rsquo;ensemble des march\u00e9s, dans un contexte [&hellip;]<\/p>\n","protected":false},"author":18,"featured_media":4173,"comment_status":"open","ping_status":"open","sticky":false,"template":"","format":"standard","meta":{"_mbp_gutenberg_autopost":false,"_pgmb_is_evergreen":false,"_pgmb_ap_template_id":0,"footnotes":""},"categories":[6],"tags":[90,958,83],"ppma_author":[2565],"class_list":["post-9728","post","type-post","status-publish","format-standard","has-post-thumbnail","hentry","category-articles-de-presse","tag-correction-de-lor","tag-phase-de-correction","tag-prix-de-lor"],"yoast_head":"<!-- This site is optimized with the Yoast SEO plugin v27.5 - https:\/\/yoast.com\/product\/yoast-seo-wordpress\/ -->\n<title>Le prix de l\u2019or soutenu par un solide \u00ab plancher \u00bb - Gold.fr<\/title>\n<meta name=\"robots\" content=\"index, follow, max-snippet:-1, max-image-preview:large, max-video-preview:-1\" \/>\n<link rel=\"canonical\" href=\"https:\/\/www.gold.fr\/news\/2012\/11\/01\/le-prix-de-lor-soutenu-par-un-solide-plancher\/\" \/>\n<meta property=\"og:locale\" content=\"fr_FR\" \/>\n<meta property=\"og:type\" content=\"article\" \/>\n<meta property=\"og:title\" content=\"Le prix de l\u2019or soutenu par un solide \u00ab plancher \u00bb - Gold.fr\" \/>\n<meta property=\"og:description\" content=\"Apr\u00e8s avoir fr\u00f4l\u00e9 les 1 800 dollars l&rsquo;once au d\u00e9but du mois d&rsquo;octobre, le prix de l\u2019or s&rsquo;est repli\u00e9 durant deux semaines, relativement plomb\u00e9 par une morosit\u00e9 qui a frapp\u00e9 l&rsquo;ensemble des march\u00e9s, dans un contexte [&hellip;]\" \/>\n<meta property=\"og:url\" content=\"https:\/\/www.gold.fr\/news\/2012\/11\/01\/le-prix-de-lor-soutenu-par-un-solide-plancher\/\" \/>\n<meta property=\"og:site_name\" content=\"Gold.fr\" \/>\n<meta property=\"article:publisher\" content=\"https:\/\/www.facebook.com\/Goldfr\/\" \/>\n<meta property=\"article:published_time\" content=\"2012-11-01T16:00:14+00:00\" \/>\n<meta property=\"article:modified_time\" content=\"2017-11-02T10:35:01+00:00\" \/>\n<meta property=\"og:image\" content=\"https:\/\/www.gold.fr\/news\/wp-content\/uploads\/2011\/12\/6136-000213.jpg\" \/>\n\t<meta property=\"og:image:width\" content=\"600\" \/>\n\t<meta property=\"og:image:height\" content=\"441\" \/>\n\t<meta property=\"og:image:type\" content=\"image\/jpeg\" \/>\n<meta name=\"author\" content=\"Comptoir National de l&#039;Or\" \/>\n<meta name=\"twitter:card\" content=\"summary_large_image\" \/>\n<meta name=\"twitter:label1\" content=\"\u00c9crit par\" \/>\n\t<meta name=\"twitter:data1\" content=\"Comptoir National de l&#039;Or\" \/>\n\t<meta name=\"twitter:label2\" content=\"Dur\u00e9e de lecture estim\u00e9e\" \/>\n\t<meta name=\"twitter:data2\" content=\"1 minute\" \/>\n<script type=\"application\/ld+json\" class=\"yoast-schema-graph\">{\"@context\":\"https:\\\/\\\/schema.org\",\"@graph\":[{\"@type\":\"Article\",\"@id\":\"https:\\\/\\\/www.gold.fr\\\/news\\\/2012\\\/11\\\/01\\\/le-prix-de-lor-soutenu-par-un-solide-plancher\\\/#article\",\"isPartOf\":{\"@id\":\"https:\\\/\\\/www.gold.fr\\\/news\\\/2012\\\/11\\\/01\\\/le-prix-de-lor-soutenu-par-un-solide-plancher\\\/\"},\"author\":{\"name\":\"Comptoir National de l'Or\",\"@id\":\"https:\\\/\\\/www.gold.fr\\\/news\\\/#\\\/schema\\\/person\\\/070491b4b4fb7671bf59b3be20302ce9\"},\"headline\":\"Le prix de l\u2019or soutenu par un solide \u00ab plancher \u00bb\",\"datePublished\":\"2012-11-01T16:00:14+00:00\",\"dateModified\":\"2017-11-02T10:35:01+00:00\",\"mainEntityOfPage\":{\"@id\":\"https:\\\/\\\/www.gold.fr\\\/news\\\/2012\\\/11\\\/01\\\/le-prix-de-lor-soutenu-par-un-solide-plancher\\\/\"},\"wordCount\":242,\"commentCount\":2,\"image\":{\"@id\":\"https:\\\/\\\/www.gold.fr\\\/news\\\/2012\\\/11\\\/01\\\/le-prix-de-lor-soutenu-par-un-solide-plancher\\\/#primaryimage\"},\"thumbnailUrl\":\"https:\\\/\\\/www.gold.fr\\\/news\\\/wp-content\\\/uploads\\\/2011\\\/12\\\/6136-000213.jpg\",\"keywords\":[\"correction de l'or\",\"phase de correction\",\"prix de l'or\"],\"articleSection\":[\"Articles de presse\"],\"inLanguage\":\"fr-FR\"},{\"@type\":\"WebPage\",\"@id\":\"https:\\\/\\\/www.gold.fr\\\/news\\\/2012\\\/11\\\/01\\\/le-prix-de-lor-soutenu-par-un-solide-plancher\\\/\",\"url\":\"https:\\\/\\\/www.gold.fr\\\/news\\\/2012\\\/11\\\/01\\\/le-prix-de-lor-soutenu-par-un-solide-plancher\\\/\",\"name\":\"Le prix de l\u2019or soutenu par un solide \u00ab plancher \u00bb - Gold.fr\",\"isPartOf\":{\"@id\":\"https:\\\/\\\/www.gold.fr\\\/news\\\/#website\"},\"primaryImageOfPage\":{\"@id\":\"https:\\\/\\\/www.gold.fr\\\/news\\\/2012\\\/11\\\/01\\\/le-prix-de-lor-soutenu-par-un-solide-plancher\\\/#primaryimage\"},\"image\":{\"@id\":\"https:\\\/\\\/www.gold.fr\\\/news\\\/2012\\\/11\\\/01\\\/le-prix-de-lor-soutenu-par-un-solide-plancher\\\/#primaryimage\"},\"thumbnailUrl\":\"https:\\\/\\\/www.gold.fr\\\/news\\\/wp-content\\\/uploads\\\/2011\\\/12\\\/6136-000213.jpg\",\"datePublished\":\"2012-11-01T16:00:14+00:00\",\"dateModified\":\"2017-11-02T10:35:01+00:00\",\"author\":{\"@id\":\"https:\\\/\\\/www.gold.fr\\\/news\\\/#\\\/schema\\\/person\\\/070491b4b4fb7671bf59b3be20302ce9\"},\"breadcrumb\":{\"@id\":\"https:\\\/\\\/www.gold.fr\\\/news\\\/2012\\\/11\\\/01\\\/le-prix-de-lor-soutenu-par-un-solide-plancher\\\/#breadcrumb\"},\"inLanguage\":\"fr-FR\",\"potentialAction\":[{\"@type\":\"ReadAction\",\"target\":[\"https:\\\/\\\/www.gold.fr\\\/news\\\/2012\\\/11\\\/01\\\/le-prix-de-lor-soutenu-par-un-solide-plancher\\\/\"]}]},{\"@type\":\"ImageObject\",\"inLanguage\":\"fr-FR\",\"@id\":\"https:\\\/\\\/www.gold.fr\\\/news\\\/2012\\\/11\\\/01\\\/le-prix-de-lor-soutenu-par-un-solide-plancher\\\/#primaryimage\",\"url\":\"https:\\\/\\\/www.gold.fr\\\/news\\\/wp-content\\\/uploads\\\/2011\\\/12\\\/6136-000213.jpg\",\"contentUrl\":\"https:\\\/\\\/www.gold.fr\\\/news\\\/wp-content\\\/uploads\\\/2011\\\/12\\\/6136-000213.jpg\",\"width\":\"600\",\"height\":\"441\",\"caption\":\"L\u2019or sort vainqueur de l\u2019ann\u00e9e 2012\"},{\"@type\":\"BreadcrumbList\",\"@id\":\"https:\\\/\\\/www.gold.fr\\\/news\\\/2012\\\/11\\\/01\\\/le-prix-de-lor-soutenu-par-un-solide-plancher\\\/#breadcrumb\",\"itemListElement\":[{\"@type\":\"ListItem\",\"position\":1,\"name\":\"Accueil\",\"item\":\"https:\\\/\\\/www.gold.fr\\\/\"},{\"@type\":\"ListItem\",\"position\":2,\"name\":\"Actualit\u00e9s\",\"item\":\"https:\\\/\\\/www.gold.fr\\\/news\\\/\"},{\"@type\":\"ListItem\",\"position\":3,\"name\":\"Le prix de l\u2019or soutenu par un solide \u00ab plancher \u00bb\"}]},{\"@type\":\"WebSite\",\"@id\":\"https:\\\/\\\/www.gold.fr\\\/news\\\/#website\",\"url\":\"https:\\\/\\\/www.gold.fr\\\/news\\\/\",\"name\":\"Gold.fr\",\"description\":\"Actualit\u00e9s de l&#039;Or et des m\u00e9taux pr\u00e9cieux\",\"potentialAction\":[{\"@type\":\"SearchAction\",\"target\":{\"@type\":\"EntryPoint\",\"urlTemplate\":\"https:\\\/\\\/www.gold.fr\\\/news\\\/?s={search_term_string}\"},\"query-input\":{\"@type\":\"PropertyValueSpecification\",\"valueRequired\":true,\"valueName\":\"search_term_string\"}}],\"inLanguage\":\"fr-FR\"},{\"@type\":\"Person\",\"@id\":\"https:\\\/\\\/www.gold.fr\\\/news\\\/#\\\/schema\\\/person\\\/070491b4b4fb7671bf59b3be20302ce9\",\"name\":\"Comptoir National de l'Or\",\"image\":{\"@type\":\"ImageObject\",\"inLanguage\":\"fr-FR\",\"@id\":\"https:\\\/\\\/secure.gravatar.com\\\/avatar\\\/0a2867fd5abe37bed95d5a65e9d58f01756e11efc68af9888dfc50cfa7f65948?s=96&d=mm&r=gb490554db0a38188709de567aa58480d\",\"url\":\"https:\\\/\\\/secure.gravatar.com\\\/avatar\\\/0a2867fd5abe37bed95d5a65e9d58f01756e11efc68af9888dfc50cfa7f65948?s=96&d=mm&r=g\",\"contentUrl\":\"https:\\\/\\\/secure.gravatar.com\\\/avatar\\\/0a2867fd5abe37bed95d5a65e9d58f01756e11efc68af9888dfc50cfa7f65948?s=96&d=mm&r=g\",\"caption\":\"Comptoir National de l'Or\"},\"description\":\"Notre r\u00e9daction est constitu\u00e9e de membres experts dans les m\u00e9tiers de l'\u00e9conomie et la gestion, des Responsables d'agence Comptoir National de l'Or, des analystes financiers qui publient r\u00e9guli\u00e8rement des \u00e9tudes sur les politiques des banques centrales, le cours de l'or, prix de l'or, cours de l'argent, prix de l'argent, cours du platine, cours du palladium,... la situation en zone euro et l'impact de la strat\u00e9gie mon\u00e9taire de la FED. Notre \u00e9quipe scrute \u00e9galement une information plus g\u00e9n\u00e9raliste \u00e0 la recherche d'actualit\u00e9 \\\"p\u00e9pite\\\" \u00e0 vous partager. Depuis 5 ans, nous avons publi\u00e9 un peu plus de 4000 articles qui s'adressent \u00e0 un public large et vari\u00e9 ayant pour objectif de satisfaire votre curiosit\u00e9 et de partager avec vous une certaine fascination pour le m\u00e9tal jaune, le rachat d'or, et pour ceux qui veulent investir dans l'or, vendre leur or tout simplement en savoir plus... Pour tous vos achat or et argent, n'h\u00e9sitez pas \u00e0 prendre rendez-vous dans l'un de nos nombreux comptoirs.\",\"sameAs\":[\"https:\\\/\\\/www.gold.fr\"]}]}<\/script>\n<!-- \/ Yoast SEO plugin. -->","yoast_head_json":{"title":"Le prix de l\u2019or soutenu par un solide \u00ab plancher \u00bb - Gold.fr","robots":{"index":"index","follow":"follow","max-snippet":"max-snippet:-1","max-image-preview":"max-image-preview:large","max-video-preview":"max-video-preview:-1"},"canonical":"https:\/\/www.gold.fr\/news\/2012\/11\/01\/le-prix-de-lor-soutenu-par-un-solide-plancher\/","og_locale":"fr_FR","og_type":"article","og_title":"Le prix de l\u2019or soutenu par un solide \u00ab plancher \u00bb - Gold.fr","og_description":"Apr\u00e8s avoir fr\u00f4l\u00e9 les 1 800 dollars l&rsquo;once au d\u00e9but du mois d&rsquo;octobre, le prix de l\u2019or s&rsquo;est repli\u00e9 durant deux semaines, relativement plomb\u00e9 par une morosit\u00e9 qui a frapp\u00e9 l&rsquo;ensemble des march\u00e9s, dans un contexte [&hellip;]","og_url":"https:\/\/www.gold.fr\/news\/2012\/11\/01\/le-prix-de-lor-soutenu-par-un-solide-plancher\/","og_site_name":"Gold.fr","article_publisher":"https:\/\/www.facebook.com\/Goldfr\/","article_published_time":"2012-11-01T16:00:14+00:00","article_modified_time":"2017-11-02T10:35:01+00:00","og_image":[{"width":600,"height":441,"url":"https:\/\/www.gold.fr\/news\/wp-content\/uploads\/2011\/12\/6136-000213.jpg","type":"image\/jpeg"}],"author":"Comptoir National de l'Or","twitter_card":"summary_large_image","twitter_misc":{"\u00c9crit par":"Comptoir National de l'Or","Dur\u00e9e de lecture estim\u00e9e":"1 minute"},"schema":{"@context":"https:\/\/schema.org","@graph":[{"@type":"Article","@id":"https:\/\/www.gold.fr\/news\/2012\/11\/01\/le-prix-de-lor-soutenu-par-un-solide-plancher\/#article","isPartOf":{"@id":"https:\/\/www.gold.fr\/news\/2012\/11\/01\/le-prix-de-lor-soutenu-par-un-solide-plancher\/"},"author":{"name":"Comptoir National de l'Or","@id":"https:\/\/www.gold.fr\/news\/#\/schema\/person\/070491b4b4fb7671bf59b3be20302ce9"},"headline":"Le prix de l\u2019or soutenu par un solide \u00ab plancher \u00bb","datePublished":"2012-11-01T16:00:14+00:00","dateModified":"2017-11-02T10:35:01+00:00","mainEntityOfPage":{"@id":"https:\/\/www.gold.fr\/news\/2012\/11\/01\/le-prix-de-lor-soutenu-par-un-solide-plancher\/"},"wordCount":242,"commentCount":2,"image":{"@id":"https:\/\/www.gold.fr\/news\/2012\/11\/01\/le-prix-de-lor-soutenu-par-un-solide-plancher\/#primaryimage"},"thumbnailUrl":"https:\/\/www.gold.fr\/news\/wp-content\/uploads\/2011\/12\/6136-000213.jpg","keywords":["correction de l'or","phase de correction","prix de l'or"],"articleSection":["Articles de presse"],"inLanguage":"fr-FR"},{"@type":"WebPage","@id":"https:\/\/www.gold.fr\/news\/2012\/11\/01\/le-prix-de-lor-soutenu-par-un-solide-plancher\/","url":"https:\/\/www.gold.fr\/news\/2012\/11\/01\/le-prix-de-lor-soutenu-par-un-solide-plancher\/","name":"Le prix de l\u2019or soutenu par un solide \u00ab plancher \u00bb - Gold.fr","isPartOf":{"@id":"https:\/\/www.gold.fr\/news\/#website"},"primaryImageOfPage":{"@id":"https:\/\/www.gold.fr\/news\/2012\/11\/01\/le-prix-de-lor-soutenu-par-un-solide-plancher\/#primaryimage"},"image":{"@id":"https:\/\/www.gold.fr\/news\/2012\/11\/01\/le-prix-de-lor-soutenu-par-un-solide-plancher\/#primaryimage"},"thumbnailUrl":"https:\/\/www.gold.fr\/news\/wp-content\/uploads\/2011\/12\/6136-000213.jpg","datePublished":"2012-11-01T16:00:14+00:00","dateModified":"2017-11-02T10:35:01+00:00","author":{"@id":"https:\/\/www.gold.fr\/news\/#\/schema\/person\/070491b4b4fb7671bf59b3be20302ce9"},"breadcrumb":{"@id":"https:\/\/www.gold.fr\/news\/2012\/11\/01\/le-prix-de-lor-soutenu-par-un-solide-plancher\/#breadcrumb"},"inLanguage":"fr-FR","potentialAction":[{"@type":"ReadAction","target":["https:\/\/www.gold.fr\/news\/2012\/11\/01\/le-prix-de-lor-soutenu-par-un-solide-plancher\/"]}]},{"@type":"ImageObject","inLanguage":"fr-FR","@id":"https:\/\/www.gold.fr\/news\/2012\/11\/01\/le-prix-de-lor-soutenu-par-un-solide-plancher\/#primaryimage","url":"https:\/\/www.gold.fr\/news\/wp-content\/uploads\/2011\/12\/6136-000213.jpg","contentUrl":"https:\/\/www.gold.fr\/news\/wp-content\/uploads\/2011\/12\/6136-000213.jpg","width":"600","height":"441","caption":"L\u2019or sort vainqueur de l\u2019ann\u00e9e 2012"},{"@type":"BreadcrumbList","@id":"https:\/\/www.gold.fr\/news\/2012\/11\/01\/le-prix-de-lor-soutenu-par-un-solide-plancher\/#breadcrumb","itemListElement":[{"@type":"ListItem","position":1,"name":"Accueil","item":"https:\/\/www.gold.fr\/"},{"@type":"ListItem","position":2,"name":"Actualit\u00e9s","item":"https:\/\/www.gold.fr\/news\/"},{"@type":"ListItem","position":3,"name":"Le prix de l\u2019or soutenu par un solide \u00ab plancher \u00bb"}]},{"@type":"WebSite","@id":"https:\/\/www.gold.fr\/news\/#website","url":"https:\/\/www.gold.fr\/news\/","name":"Gold.fr","description":"Actualit\u00e9s de l&#039;Or et des m\u00e9taux pr\u00e9cieux","potentialAction":[{"@type":"SearchAction","target":{"@type":"EntryPoint","urlTemplate":"https:\/\/www.gold.fr\/news\/?s={search_term_string}"},"query-input":{"@type":"PropertyValueSpecification","valueRequired":true,"valueName":"search_term_string"}}],"inLanguage":"fr-FR"},{"@type":"Person","@id":"https:\/\/www.gold.fr\/news\/#\/schema\/person\/070491b4b4fb7671bf59b3be20302ce9","name":"Comptoir National de l'Or","image":{"@type":"ImageObject","inLanguage":"fr-FR","@id":"https:\/\/secure.gravatar.com\/avatar\/0a2867fd5abe37bed95d5a65e9d58f01756e11efc68af9888dfc50cfa7f65948?s=96&d=mm&r=gb490554db0a38188709de567aa58480d","url":"https:\/\/secure.gravatar.com\/avatar\/0a2867fd5abe37bed95d5a65e9d58f01756e11efc68af9888dfc50cfa7f65948?s=96&d=mm&r=g","contentUrl":"https:\/\/secure.gravatar.com\/avatar\/0a2867fd5abe37bed95d5a65e9d58f01756e11efc68af9888dfc50cfa7f65948?s=96&d=mm&r=g","caption":"Comptoir National de l'Or"},"description":"Notre r\u00e9daction est constitu\u00e9e de membres experts dans les m\u00e9tiers de l'\u00e9conomie et la gestion, des Responsables d'agence Comptoir National de l'Or, des analystes financiers qui publient r\u00e9guli\u00e8rement des \u00e9tudes sur les politiques des banques centrales, le cours de l'or, prix de l'or, cours de l'argent, prix de l'argent, cours du platine, cours du palladium,... la situation en zone euro et l'impact de la strat\u00e9gie mon\u00e9taire de la FED. Notre \u00e9quipe scrute \u00e9galement une information plus g\u00e9n\u00e9raliste \u00e0 la recherche d'actualit\u00e9 \"p\u00e9pite\" \u00e0 vous partager. Depuis 5 ans, nous avons publi\u00e9 un peu plus de 4000 articles qui s'adressent \u00e0 un public large et vari\u00e9 ayant pour objectif de satisfaire votre curiosit\u00e9 et de partager avec vous une certaine fascination pour le m\u00e9tal jaune, le rachat d'or, et pour ceux qui veulent investir dans l'or, vendre leur or tout simplement en savoir plus... Pour tous vos achat or et argent, n'h\u00e9sitez pas \u00e0 prendre rendez-vous dans l'un de nos nombreux comptoirs.","sameAs":["https:\/\/www.gold.fr"]}]}},"authors":[{"term_id":2565,"user_id":18,"is_guest":0,"slug":"julie","display_name":"Comptoir National de l'Or","avatar_url":"https:\/\/secure.gravatar.com\/avatar\/713f289e398d35ead876c4a4cc08607f0d6d266058cfc25683fffb6092d0e572?s=96&d=mm&r=g","0":null,"1":"","2":"","3":"","4":"","5":"","6":"","7":"","8":""}],"_links":{"self":[{"href":"https:\/\/www.gold.fr\/news\/wp-json\/wp\/v2\/posts\/9728","targetHints":{"allow":["GET"]}}],"collection":[{"href":"https:\/\/www.gold.fr\/news\/wp-json\/wp\/v2\/posts"}],"about":[{"href":"https:\/\/www.gold.fr\/news\/wp-json\/wp\/v2\/types\/post"}],"author":[{"embeddable":true,"href":"https:\/\/www.gold.fr\/news\/wp-json\/wp\/v2\/users\/18"}],"replies":[{"embeddable":true,"href":"https:\/\/www.gold.fr\/news\/wp-json\/wp\/v2\/comments?post=9728"}],"version-history":[{"count":0,"href":"https:\/\/www.gold.fr\/news\/wp-json\/wp\/v2\/posts\/9728\/revisions"}],"wp:featuredmedia":[{"embeddable":true,"href":"https:\/\/www.gold.fr\/news\/wp-json\/wp\/v2\/media\/4173"}],"wp:attachment":[{"href":"https:\/\/www.gold.fr\/news\/wp-json\/wp\/v2\/media?parent=9728"}],"wp:term":[{"taxonomy":"category","embeddable":true,"href":"https:\/\/www.gold.fr\/news\/wp-json\/wp\/v2\/categories?post=9728"},{"taxonomy":"post_tag","embeddable":true,"href":"https:\/\/www.gold.fr\/news\/wp-json\/wp\/v2\/tags?post=9728"},{"taxonomy":"author","embeddable":true,"href":"https:\/\/www.gold.fr\/news\/wp-json\/wp\/v2\/ppma_author?post=9728"}],"curies":[{"name":"wp","href":"https:\/\/api.w.org\/{rel}","templated":true}]}}