{"id":9646,"date":"2012-10-23T17:00:54","date_gmt":"2012-10-23T15:00:54","guid":{"rendered":"https:\/\/www.gold.fr\/news\/?p=9646"},"modified":"2017-11-02T11:40:18","modified_gmt":"2017-11-02T10:40:18","slug":"lor-soutenu-par-la-situation-geopolitique-mondiale","status":"publish","type":"post","link":"https:\/\/www.gold.fr\/news\/2012\/10\/23\/lor-soutenu-par-la-situation-geopolitique-mondiale\/","title":{"rendered":"L&rsquo;or soutenu par la situation g\u00e9opolitique mondiale"},"content":{"rendered":"<p><span style=\"font-size: small;\"><img loading=\"lazy\" decoding=\"async\" class=\"alignleft size-thumbnail wp-image-3372\" title=\"L'or soutenu par la situation g\u00e9opolitique mondiale\" src=\"https:\/\/www.gold.fr\/news\/wp-content\/uploads\/2011\/11\/83109311-150x150.jpg\" alt=\"\" width=\"150\" height=\"150\" \/>\u00ab <em>(\u2026) mais l&rsquo;un des plus grands facteurs de soutien du march\u00e9 de l&rsquo;<a href='https:\/\/www.gold.fr\/news\/tags\/or' class='esk-seo-plu-link'>or<\/a> (\u2026) reste la vague des mouvements sociaux persistants en Afrique du sud, qui paralysent le secteur minier du pays<\/em>\u00bb, soulignait la semaine derni\u00e8re <strong>Caroline Bain<\/strong>, analyste du cabinet londonien <strong>EIU<\/strong>. Rappelons tout de m\u00eame que l&rsquo;Afrique du Sud est, accessoirement et entre autres distinctions dans ce domaine, le quatri\u00e8me producteur aurif\u00e8re mondial.<\/span>    <span style=\"font-size: small;\">Autre preuve irr\u00e9futable -si besoin est- de l&rsquo;in\u00e9branlable consommation gourmande que r\u00e9servent inconditionnellement les investisseurs (en l&rsquo;occurrence, sp\u00e9culatifs) \u00e0 la valeur de l&rsquo;<a href='https:\/\/www.gold.fr\/news\/tags\/or' class='esk-seo-plu-link'>or<\/a>, <strong>SPDR Gold Trust<\/strong>, plus important fonds d&rsquo;<a href='https:\/\/www.gold.fr\/news\/tags\/or' class='esk-seo-plu-link'>or<\/a> cot\u00e9 au niveau international, a enregistr\u00e9, il y a une semaine, une progression de ses participations qui s&rsquo;est hiss\u00e9e \u00e0 <strong>1333,44 tonnes<\/strong>, un record historique, soit pr\u00e8s de <strong>12 tonnes<\/strong> de plus que la semaine d&rsquo;avant (<strong>1320,78 tonnes<\/strong>).<\/span>    <span style=\"font-size: small;\">D&rsquo;un autre c\u00f4t\u00e9, on remarque que le d\u00e9veloppement des \u00e9v\u00e8nements g\u00e9opolitiques dans le monde -peu importe la place concern\u00e9e du monde- b\u00e9n\u00e9ficie toujours \u00e0 l&rsquo;<a href='https:\/\/www.gold.fr\/news\/tags\/or' class='esk-seo-plu-link'>or<\/a>. <a title=\"L\u2019\u00e9conomie am\u00e9ricaine au service de l\u2019or\" href=\"https:\/\/www.gold.fr\/news\/2012\/10\/19\/leconomie-americaine-au-service-de-lor\/9628\/\" target=\"_blank\">Les crises \u00e9conomiques et\/ou sociales majeures<\/a> (Etats-Unis, pays membres de l&rsquo;Union Europ\u00e9enne\u2026), les guerres et r\u00e9voltes (pays de l&rsquo;Afrique du Nord, Am\u00e9rique du Sud\u2026), et autres conflits significatifs (Moyen Orient\u2026) qui marquent quotidiennement la sc\u00e8ne g\u00e9opolitique mondiale sont autant de motivation pour les investisseurs pour se tourner vers la valeur refuge qui n&rsquo;a jamais manqu\u00e9 de les pr\u00e9munir contre les r\u00e9percussions des crises, qu&rsquo;elles soient directes ou indirectes.<\/span><\/p>\n<!-- AddThis Advanced Settings generic via filter on the_content --><!-- AddThis Share Buttons generic via filter on the_content -->","protected":false},"excerpt":{"rendered":"<p>\u00ab (\u2026) mais l&rsquo;un des plus grands facteurs de soutien du march\u00e9 de l&rsquo;or (\u2026) reste la vague des mouvements sociaux persistants en Afrique du sud, qui paralysent le secteur minier du pays\u00bb, soulignait la semaine [&hellip;]<\/p>\n","protected":false},"author":18,"featured_media":3372,"comment_status":"open","ping_status":"open","sticky":false,"template":"","format":"standard","meta":{"_mbp_gutenberg_autopost":false,"_pgmb_is_evergreen":false,"_pgmb_ap_template_id":0,"footnotes":""},"categories":[6],"tags":[76,83,941],"ppma_author":[2565],"class_list":["post-9646","post","type-post","status-publish","format-standard","has-post-thumbnail","hentry","category-articles-de-presse","tag-or","tag-prix-de-lor","tag-situation-geopolitique-mondiale"],"yoast_head":"<!-- This site is optimized with the Yoast SEO plugin v27.5 - https:\/\/yoast.com\/product\/yoast-seo-wordpress\/ -->\n<title>L&#039;or soutenu par la situation g\u00e9opolitique mondiale - Gold.fr<\/title>\n<meta name=\"robots\" content=\"index, follow, max-snippet:-1, max-image-preview:large, max-video-preview:-1\" \/>\n<link rel=\"canonical\" href=\"https:\/\/www.gold.fr\/news\/2012\/10\/23\/lor-soutenu-par-la-situation-geopolitique-mondiale\/\" \/>\n<meta property=\"og:locale\" content=\"fr_FR\" \/>\n<meta property=\"og:type\" content=\"article\" \/>\n<meta property=\"og:title\" content=\"L&#039;or soutenu par la situation g\u00e9opolitique mondiale - Gold.fr\" \/>\n<meta property=\"og:description\" content=\"\u00ab (\u2026) mais l&rsquo;un des plus grands facteurs de soutien du march\u00e9 de l&rsquo;or (\u2026) reste la vague des mouvements sociaux persistants en Afrique du sud, qui paralysent le secteur minier du pays\u00bb, soulignait la semaine [&hellip;]\" \/>\n<meta property=\"og:url\" content=\"https:\/\/www.gold.fr\/news\/2012\/10\/23\/lor-soutenu-par-la-situation-geopolitique-mondiale\/\" \/>\n<meta property=\"og:site_name\" content=\"Gold.fr\" \/>\n<meta property=\"article:publisher\" content=\"https:\/\/www.facebook.com\/Goldfr\/\" \/>\n<meta property=\"article:published_time\" content=\"2012-10-23T15:00:54+00:00\" \/>\n<meta property=\"article:modified_time\" content=\"2017-11-02T10:40:18+00:00\" \/>\n<meta property=\"og:image\" content=\"https:\/\/www.gold.fr\/news\/wp-content\/uploads\/2011\/11\/83109311.jpg\" \/>\n\t<meta property=\"og:image:width\" content=\"600\" \/>\n\t<meta property=\"og:image:height\" content=\"400\" \/>\n\t<meta property=\"og:image:type\" content=\"image\/jpeg\" \/>\n<meta name=\"author\" content=\"Comptoir National de l&#039;Or\" \/>\n<meta name=\"twitter:card\" content=\"summary_large_image\" \/>\n<meta name=\"twitter:label1\" content=\"\u00c9crit par\" \/>\n\t<meta name=\"twitter:data1\" content=\"Comptoir National de l&#039;Or\" \/>\n\t<meta name=\"twitter:label2\" content=\"Dur\u00e9e de lecture estim\u00e9e\" \/>\n\t<meta name=\"twitter:data2\" content=\"1 minute\" \/>\n<script type=\"application\/ld+json\" class=\"yoast-schema-graph\">{\"@context\":\"https:\\\/\\\/schema.org\",\"@graph\":[{\"@type\":\"Article\",\"@id\":\"https:\\\/\\\/www.gold.fr\\\/news\\\/2012\\\/10\\\/23\\\/lor-soutenu-par-la-situation-geopolitique-mondiale\\\/#article\",\"isPartOf\":{\"@id\":\"https:\\\/\\\/www.gold.fr\\\/news\\\/2012\\\/10\\\/23\\\/lor-soutenu-par-la-situation-geopolitique-mondiale\\\/\"},\"author\":{\"name\":\"Comptoir National de l'Or\",\"@id\":\"https:\\\/\\\/www.gold.fr\\\/news\\\/#\\\/schema\\\/person\\\/070491b4b4fb7671bf59b3be20302ce9\"},\"headline\":\"L&rsquo;or soutenu par la situation g\u00e9opolitique mondiale\",\"datePublished\":\"2012-10-23T15:00:54+00:00\",\"dateModified\":\"2017-11-02T10:40:18+00:00\",\"mainEntityOfPage\":{\"@id\":\"https:\\\/\\\/www.gold.fr\\\/news\\\/2012\\\/10\\\/23\\\/lor-soutenu-par-la-situation-geopolitique-mondiale\\\/\"},\"wordCount\":267,\"commentCount\":0,\"image\":{\"@id\":\"https:\\\/\\\/www.gold.fr\\\/news\\\/2012\\\/10\\\/23\\\/lor-soutenu-par-la-situation-geopolitique-mondiale\\\/#primaryimage\"},\"thumbnailUrl\":\"https:\\\/\\\/www.gold.fr\\\/news\\\/wp-content\\\/uploads\\\/2011\\\/11\\\/83109311.jpg\",\"keywords\":[\"Or\",\"prix de l'or\",\"situation g\u00e9opolitique mondiale\"],\"articleSection\":[\"Articles de presse\"],\"inLanguage\":\"fr-FR\"},{\"@type\":\"WebPage\",\"@id\":\"https:\\\/\\\/www.gold.fr\\\/news\\\/2012\\\/10\\\/23\\\/lor-soutenu-par-la-situation-geopolitique-mondiale\\\/\",\"url\":\"https:\\\/\\\/www.gold.fr\\\/news\\\/2012\\\/10\\\/23\\\/lor-soutenu-par-la-situation-geopolitique-mondiale\\\/\",\"name\":\"L'or soutenu par la situation g\u00e9opolitique mondiale - Gold.fr\",\"isPartOf\":{\"@id\":\"https:\\\/\\\/www.gold.fr\\\/news\\\/#website\"},\"primaryImageOfPage\":{\"@id\":\"https:\\\/\\\/www.gold.fr\\\/news\\\/2012\\\/10\\\/23\\\/lor-soutenu-par-la-situation-geopolitique-mondiale\\\/#primaryimage\"},\"image\":{\"@id\":\"https:\\\/\\\/www.gold.fr\\\/news\\\/2012\\\/10\\\/23\\\/lor-soutenu-par-la-situation-geopolitique-mondiale\\\/#primaryimage\"},\"thumbnailUrl\":\"https:\\\/\\\/www.gold.fr\\\/news\\\/wp-content\\\/uploads\\\/2011\\\/11\\\/83109311.jpg\",\"datePublished\":\"2012-10-23T15:00:54+00:00\",\"dateModified\":\"2017-11-02T10:40:18+00:00\",\"author\":{\"@id\":\"https:\\\/\\\/www.gold.fr\\\/news\\\/#\\\/schema\\\/person\\\/070491b4b4fb7671bf59b3be20302ce9\"},\"breadcrumb\":{\"@id\":\"https:\\\/\\\/www.gold.fr\\\/news\\\/2012\\\/10\\\/23\\\/lor-soutenu-par-la-situation-geopolitique-mondiale\\\/#breadcrumb\"},\"inLanguage\":\"fr-FR\",\"potentialAction\":[{\"@type\":\"ReadAction\",\"target\":[\"https:\\\/\\\/www.gold.fr\\\/news\\\/2012\\\/10\\\/23\\\/lor-soutenu-par-la-situation-geopolitique-mondiale\\\/\"]}]},{\"@type\":\"ImageObject\",\"inLanguage\":\"fr-FR\",\"@id\":\"https:\\\/\\\/www.gold.fr\\\/news\\\/2012\\\/10\\\/23\\\/lor-soutenu-par-la-situation-geopolitique-mondiale\\\/#primaryimage\",\"url\":\"https:\\\/\\\/www.gold.fr\\\/news\\\/wp-content\\\/uploads\\\/2011\\\/11\\\/83109311.jpg\",\"contentUrl\":\"https:\\\/\\\/www.gold.fr\\\/news\\\/wp-content\\\/uploads\\\/2011\\\/11\\\/83109311.jpg\",\"width\":\"600\",\"height\":\"400\",\"caption\":\"L\u2019or en stagnation face \u00e0 un march\u00e9 en \u00e9quilibre\"},{\"@type\":\"BreadcrumbList\",\"@id\":\"https:\\\/\\\/www.gold.fr\\\/news\\\/2012\\\/10\\\/23\\\/lor-soutenu-par-la-situation-geopolitique-mondiale\\\/#breadcrumb\",\"itemListElement\":[{\"@type\":\"ListItem\",\"position\":1,\"name\":\"Accueil\",\"item\":\"https:\\\/\\\/www.gold.fr\\\/\"},{\"@type\":\"ListItem\",\"position\":2,\"name\":\"Actualit\u00e9s\",\"item\":\"https:\\\/\\\/www.gold.fr\\\/news\\\/\"},{\"@type\":\"ListItem\",\"position\":3,\"name\":\"L&rsquo;or soutenu par la situation g\u00e9opolitique mondiale\"}]},{\"@type\":\"WebSite\",\"@id\":\"https:\\\/\\\/www.gold.fr\\\/news\\\/#website\",\"url\":\"https:\\\/\\\/www.gold.fr\\\/news\\\/\",\"name\":\"Gold.fr\",\"description\":\"Actualit\u00e9s de l&#039;Or et des m\u00e9taux pr\u00e9cieux\",\"potentialAction\":[{\"@type\":\"SearchAction\",\"target\":{\"@type\":\"EntryPoint\",\"urlTemplate\":\"https:\\\/\\\/www.gold.fr\\\/news\\\/?s={search_term_string}\"},\"query-input\":{\"@type\":\"PropertyValueSpecification\",\"valueRequired\":true,\"valueName\":\"search_term_string\"}}],\"inLanguage\":\"fr-FR\"},{\"@type\":\"Person\",\"@id\":\"https:\\\/\\\/www.gold.fr\\\/news\\\/#\\\/schema\\\/person\\\/070491b4b4fb7671bf59b3be20302ce9\",\"name\":\"Comptoir National de l'Or\",\"image\":{\"@type\":\"ImageObject\",\"inLanguage\":\"fr-FR\",\"@id\":\"https:\\\/\\\/secure.gravatar.com\\\/avatar\\\/0a2867fd5abe37bed95d5a65e9d58f01756e11efc68af9888dfc50cfa7f65948?s=96&d=mm&r=gb490554db0a38188709de567aa58480d\",\"url\":\"https:\\\/\\\/secure.gravatar.com\\\/avatar\\\/0a2867fd5abe37bed95d5a65e9d58f01756e11efc68af9888dfc50cfa7f65948?s=96&d=mm&r=g\",\"contentUrl\":\"https:\\\/\\\/secure.gravatar.com\\\/avatar\\\/0a2867fd5abe37bed95d5a65e9d58f01756e11efc68af9888dfc50cfa7f65948?s=96&d=mm&r=g\",\"caption\":\"Comptoir National de l'Or\"},\"description\":\"Notre r\u00e9daction est constitu\u00e9e de membres experts dans les m\u00e9tiers de l'\u00e9conomie et la gestion, des Responsables d'agence Comptoir National de l'Or, des analystes financiers qui publient r\u00e9guli\u00e8rement des \u00e9tudes sur les politiques des banques centrales, le cours de l'or, prix de l'or, cours de l'argent, prix de l'argent, cours du platine, cours du palladium,... la situation en zone euro et l'impact de la strat\u00e9gie mon\u00e9taire de la FED. Notre \u00e9quipe scrute \u00e9galement une information plus g\u00e9n\u00e9raliste \u00e0 la recherche d'actualit\u00e9 \\\"p\u00e9pite\\\" \u00e0 vous partager. Depuis 5 ans, nous avons publi\u00e9 un peu plus de 4000 articles qui s'adressent \u00e0 un public large et vari\u00e9 ayant pour objectif de satisfaire votre curiosit\u00e9 et de partager avec vous une certaine fascination pour le m\u00e9tal jaune, le rachat d'or, et pour ceux qui veulent investir dans l'or, vendre leur or tout simplement en savoir plus... Pour tous vos achat or et argent, n'h\u00e9sitez pas \u00e0 prendre rendez-vous dans l'un de nos nombreux comptoirs.\",\"sameAs\":[\"https:\\\/\\\/www.gold.fr\"]}]}<\/script>\n<!-- \/ Yoast SEO plugin. -->","yoast_head_json":{"title":"L'or soutenu par la situation g\u00e9opolitique mondiale - Gold.fr","robots":{"index":"index","follow":"follow","max-snippet":"max-snippet:-1","max-image-preview":"max-image-preview:large","max-video-preview":"max-video-preview:-1"},"canonical":"https:\/\/www.gold.fr\/news\/2012\/10\/23\/lor-soutenu-par-la-situation-geopolitique-mondiale\/","og_locale":"fr_FR","og_type":"article","og_title":"L'or soutenu par la situation g\u00e9opolitique mondiale - Gold.fr","og_description":"\u00ab (\u2026) mais l&rsquo;un des plus grands facteurs de soutien du march\u00e9 de l&rsquo;or (\u2026) reste la vague des mouvements sociaux persistants en Afrique du sud, qui paralysent le secteur minier du pays\u00bb, soulignait la semaine [&hellip;]","og_url":"https:\/\/www.gold.fr\/news\/2012\/10\/23\/lor-soutenu-par-la-situation-geopolitique-mondiale\/","og_site_name":"Gold.fr","article_publisher":"https:\/\/www.facebook.com\/Goldfr\/","article_published_time":"2012-10-23T15:00:54+00:00","article_modified_time":"2017-11-02T10:40:18+00:00","og_image":[{"width":600,"height":400,"url":"https:\/\/www.gold.fr\/news\/wp-content\/uploads\/2011\/11\/83109311.jpg","type":"image\/jpeg"}],"author":"Comptoir National de l'Or","twitter_card":"summary_large_image","twitter_misc":{"\u00c9crit par":"Comptoir National de l'Or","Dur\u00e9e de lecture estim\u00e9e":"1 minute"},"schema":{"@context":"https:\/\/schema.org","@graph":[{"@type":"Article","@id":"https:\/\/www.gold.fr\/news\/2012\/10\/23\/lor-soutenu-par-la-situation-geopolitique-mondiale\/#article","isPartOf":{"@id":"https:\/\/www.gold.fr\/news\/2012\/10\/23\/lor-soutenu-par-la-situation-geopolitique-mondiale\/"},"author":{"name":"Comptoir National de l'Or","@id":"https:\/\/www.gold.fr\/news\/#\/schema\/person\/070491b4b4fb7671bf59b3be20302ce9"},"headline":"L&rsquo;or soutenu par la situation g\u00e9opolitique mondiale","datePublished":"2012-10-23T15:00:54+00:00","dateModified":"2017-11-02T10:40:18+00:00","mainEntityOfPage":{"@id":"https:\/\/www.gold.fr\/news\/2012\/10\/23\/lor-soutenu-par-la-situation-geopolitique-mondiale\/"},"wordCount":267,"commentCount":0,"image":{"@id":"https:\/\/www.gold.fr\/news\/2012\/10\/23\/lor-soutenu-par-la-situation-geopolitique-mondiale\/#primaryimage"},"thumbnailUrl":"https:\/\/www.gold.fr\/news\/wp-content\/uploads\/2011\/11\/83109311.jpg","keywords":["Or","prix de l'or","situation g\u00e9opolitique mondiale"],"articleSection":["Articles de presse"],"inLanguage":"fr-FR"},{"@type":"WebPage","@id":"https:\/\/www.gold.fr\/news\/2012\/10\/23\/lor-soutenu-par-la-situation-geopolitique-mondiale\/","url":"https:\/\/www.gold.fr\/news\/2012\/10\/23\/lor-soutenu-par-la-situation-geopolitique-mondiale\/","name":"L'or soutenu par la situation g\u00e9opolitique mondiale - Gold.fr","isPartOf":{"@id":"https:\/\/www.gold.fr\/news\/#website"},"primaryImageOfPage":{"@id":"https:\/\/www.gold.fr\/news\/2012\/10\/23\/lor-soutenu-par-la-situation-geopolitique-mondiale\/#primaryimage"},"image":{"@id":"https:\/\/www.gold.fr\/news\/2012\/10\/23\/lor-soutenu-par-la-situation-geopolitique-mondiale\/#primaryimage"},"thumbnailUrl":"https:\/\/www.gold.fr\/news\/wp-content\/uploads\/2011\/11\/83109311.jpg","datePublished":"2012-10-23T15:00:54+00:00","dateModified":"2017-11-02T10:40:18+00:00","author":{"@id":"https:\/\/www.gold.fr\/news\/#\/schema\/person\/070491b4b4fb7671bf59b3be20302ce9"},"breadcrumb":{"@id":"https:\/\/www.gold.fr\/news\/2012\/10\/23\/lor-soutenu-par-la-situation-geopolitique-mondiale\/#breadcrumb"},"inLanguage":"fr-FR","potentialAction":[{"@type":"ReadAction","target":["https:\/\/www.gold.fr\/news\/2012\/10\/23\/lor-soutenu-par-la-situation-geopolitique-mondiale\/"]}]},{"@type":"ImageObject","inLanguage":"fr-FR","@id":"https:\/\/www.gold.fr\/news\/2012\/10\/23\/lor-soutenu-par-la-situation-geopolitique-mondiale\/#primaryimage","url":"https:\/\/www.gold.fr\/news\/wp-content\/uploads\/2011\/11\/83109311.jpg","contentUrl":"https:\/\/www.gold.fr\/news\/wp-content\/uploads\/2011\/11\/83109311.jpg","width":"600","height":"400","caption":"L\u2019or en stagnation face \u00e0 un march\u00e9 en \u00e9quilibre"},{"@type":"BreadcrumbList","@id":"https:\/\/www.gold.fr\/news\/2012\/10\/23\/lor-soutenu-par-la-situation-geopolitique-mondiale\/#breadcrumb","itemListElement":[{"@type":"ListItem","position":1,"name":"Accueil","item":"https:\/\/www.gold.fr\/"},{"@type":"ListItem","position":2,"name":"Actualit\u00e9s","item":"https:\/\/www.gold.fr\/news\/"},{"@type":"ListItem","position":3,"name":"L&rsquo;or soutenu par la situation g\u00e9opolitique mondiale"}]},{"@type":"WebSite","@id":"https:\/\/www.gold.fr\/news\/#website","url":"https:\/\/www.gold.fr\/news\/","name":"Gold.fr","description":"Actualit\u00e9s de l&#039;Or et des m\u00e9taux pr\u00e9cieux","potentialAction":[{"@type":"SearchAction","target":{"@type":"EntryPoint","urlTemplate":"https:\/\/www.gold.fr\/news\/?s={search_term_string}"},"query-input":{"@type":"PropertyValueSpecification","valueRequired":true,"valueName":"search_term_string"}}],"inLanguage":"fr-FR"},{"@type":"Person","@id":"https:\/\/www.gold.fr\/news\/#\/schema\/person\/070491b4b4fb7671bf59b3be20302ce9","name":"Comptoir National de l'Or","image":{"@type":"ImageObject","inLanguage":"fr-FR","@id":"https:\/\/secure.gravatar.com\/avatar\/0a2867fd5abe37bed95d5a65e9d58f01756e11efc68af9888dfc50cfa7f65948?s=96&d=mm&r=gb490554db0a38188709de567aa58480d","url":"https:\/\/secure.gravatar.com\/avatar\/0a2867fd5abe37bed95d5a65e9d58f01756e11efc68af9888dfc50cfa7f65948?s=96&d=mm&r=g","contentUrl":"https:\/\/secure.gravatar.com\/avatar\/0a2867fd5abe37bed95d5a65e9d58f01756e11efc68af9888dfc50cfa7f65948?s=96&d=mm&r=g","caption":"Comptoir National de l'Or"},"description":"Notre r\u00e9daction est constitu\u00e9e de membres experts dans les m\u00e9tiers de l'\u00e9conomie et la gestion, des Responsables d'agence Comptoir National de l'Or, des analystes financiers qui publient r\u00e9guli\u00e8rement des \u00e9tudes sur les politiques des banques centrales, le cours de l'or, prix de l'or, cours de l'argent, prix de l'argent, cours du platine, cours du palladium,... la situation en zone euro et l'impact de la strat\u00e9gie mon\u00e9taire de la FED. Notre \u00e9quipe scrute \u00e9galement une information plus g\u00e9n\u00e9raliste \u00e0 la recherche d'actualit\u00e9 \"p\u00e9pite\" \u00e0 vous partager. Depuis 5 ans, nous avons publi\u00e9 un peu plus de 4000 articles qui s'adressent \u00e0 un public large et vari\u00e9 ayant pour objectif de satisfaire votre curiosit\u00e9 et de partager avec vous une certaine fascination pour le m\u00e9tal jaune, le rachat d'or, et pour ceux qui veulent investir dans l'or, vendre leur or tout simplement en savoir plus... Pour tous vos achat or et argent, n'h\u00e9sitez pas \u00e0 prendre rendez-vous dans l'un de nos nombreux comptoirs.","sameAs":["https:\/\/www.gold.fr"]}]}},"authors":[{"term_id":2565,"user_id":18,"is_guest":0,"slug":"julie","display_name":"Comptoir National de l'Or","avatar_url":"https:\/\/secure.gravatar.com\/avatar\/713f289e398d35ead876c4a4cc08607f0d6d266058cfc25683fffb6092d0e572?s=96&d=mm&r=g","0":null,"1":"","2":"","3":"","4":"","5":"","6":"","7":"","8":""}],"_links":{"self":[{"href":"https:\/\/www.gold.fr\/news\/wp-json\/wp\/v2\/posts\/9646","targetHints":{"allow":["GET"]}}],"collection":[{"href":"https:\/\/www.gold.fr\/news\/wp-json\/wp\/v2\/posts"}],"about":[{"href":"https:\/\/www.gold.fr\/news\/wp-json\/wp\/v2\/types\/post"}],"author":[{"embeddable":true,"href":"https:\/\/www.gold.fr\/news\/wp-json\/wp\/v2\/users\/18"}],"replies":[{"embeddable":true,"href":"https:\/\/www.gold.fr\/news\/wp-json\/wp\/v2\/comments?post=9646"}],"version-history":[{"count":0,"href":"https:\/\/www.gold.fr\/news\/wp-json\/wp\/v2\/posts\/9646\/revisions"}],"wp:featuredmedia":[{"embeddable":true,"href":"https:\/\/www.gold.fr\/news\/wp-json\/wp\/v2\/media\/3372"}],"wp:attachment":[{"href":"https:\/\/www.gold.fr\/news\/wp-json\/wp\/v2\/media?parent=9646"}],"wp:term":[{"taxonomy":"category","embeddable":true,"href":"https:\/\/www.gold.fr\/news\/wp-json\/wp\/v2\/categories?post=9646"},{"taxonomy":"post_tag","embeddable":true,"href":"https:\/\/www.gold.fr\/news\/wp-json\/wp\/v2\/tags?post=9646"},{"taxonomy":"author","embeddable":true,"href":"https:\/\/www.gold.fr\/news\/wp-json\/wp\/v2\/ppma_author?post=9646"}],"curies":[{"name":"wp","href":"https:\/\/api.w.org\/{rel}","templated":true}]}}