{"id":9614,"date":"2012-10-22T14:15:06","date_gmt":"2012-10-22T12:15:06","guid":{"rendered":"https:\/\/www.gold.fr\/news\/?p=9614"},"modified":"2018-03-16T11:19:24","modified_gmt":"2018-03-16T10:19:24","slug":"ouverture-du-comptoir-national-de-lor-davignon","status":"publish","type":"post","link":"https:\/\/www.gold.fr\/news\/2012\/10\/22\/ouverture-du-comptoir-national-de-lor-davignon\/","title":{"rendered":"Ouverture du Comptoir National de l&rsquo;Or d&rsquo;Avignon !"},"content":{"rendered":"<p><span style=\"font-size: small;\"><img loading=\"lazy\" decoding=\"async\" class=\"alignleft size-full wp-image-7743\" title=\"Comptoir National de l'Or - Gold.fr - Achat et Vente d'Or\" src=\"https:\/\/www.gold.fr\/news\/wp-content\/uploads\/2012\/06\/logo_cndo.jpg\" alt=\"\" width=\"150\" height=\"84\" srcset=\"https:\/\/www.gold.fr\/news\/wp-content\/uploads\/2012\/06\/logo_cndo.jpg 150w, https:\/\/www.gold.fr\/news\/wp-content\/uploads\/2012\/06\/logo_cndo-1x1.jpg 1w\" sizes=\"auto, (max-width: 150px) 100vw, 150px\" \/>A partir du lundi<strong> 5 novembre 2012<\/strong>, le <a class=\"esk-seo-plu-link\" href=\"https:\/\/www.gold.fr\/news\/tags\/comptoir-achat-dor\">Comptoir<\/a> National de l&rsquo;Or d&rsquo;Avignon vous accueillera au <strong>9 rue Thiers &#8211; 84000 Avignon<\/strong>.<\/span> <span style=\"font-size: small;\">Vous pourrez alors vendre votre or : vous b\u00e9n\u00e9ficierez d&rsquo;une expertise gratuite de vos <strong>bijoux en or<\/strong> et autres <strong>d\u00e9bris d&rsquo;or<\/strong> (or dentaire, d\u00e9bris d&rsquo;or, bijoux en or).<\/span> <span style=\"font-size: small;\">Vous pourrez \u00e9galement avoir acc\u00e8s au march\u00e9 de l&rsquo;<strong>Or investissement<\/strong> sur les cours officiels de la bourse.<\/span> <span style=\"font-size: small;\"><a title=\"Comptoir National de l'Or Avignon\" href=\"https:\/\/www.gold.fr\/comptoirs-achat-vente-or\/avignon\/\" target=\"_blank\" rel=\"noopener\">Comptoir National de l&rsquo;Or d&rsquo;Avignon<\/a> :<\/span> <span style=\"font-size: small;\">Adresse : 9 rue Thiers &#8211; 84000 Avignon<\/span> <span style=\"font-size: small;\">Email : avignon@gold.fr<\/span> <span style=\"font-size: small;\">Responsable d&rsquo;<a class=\"esk-seo-plu-link\" href=\"https:\/\/www.gold.fr\/news\/tags\/comptoir-achat-dor\">agence<\/a> : Kamel Messai<\/span> <span style=\"font-size: small;\"><a title=\"Contact Comptoir National de l'Or Avignon\" href=\"https:\/\/www.gold.fr\/contact-comptoir\/avignon\/\" target=\"_blank\" rel=\"noopener\">&gt;&gt;&gt; contacter ce comptoir<\/a><\/span><\/p>\n<!-- AddThis Advanced Settings generic via filter on the_content --><!-- AddThis Share Buttons generic via filter on the_content -->","protected":false},"excerpt":{"rendered":"<p>A partir du lundi 5 novembre 2012, le Comptoir National de l&rsquo;Or d&rsquo;Avignon vous accueillera au 9 rue Thiers &#8211; 84000 Avignon. Vous pourrez alors vendre votre or : vous b\u00e9n\u00e9ficierez d&rsquo;une expertise gratuite de vos [&hellip;]<\/p>\n","protected":false},"author":11,"featured_media":7742,"comment_status":"open","ping_status":"open","sticky":false,"template":"","format":"standard","meta":{"_mbp_gutenberg_autopost":false,"_pgmb_is_evergreen":false,"_pgmb_ap_template_id":0,"footnotes":""},"categories":[5],"tags":[17,231,939,336,304,18,464,937,938],"ppma_author":[2562],"class_list":["post-9614","post","type-post","status-publish","format-standard","has-post-thumbnail","hentry","category-flash-infos","tag-achat-dor","tag-achat-or","tag-comptoir-national-de-lor-avignon","tag-rachat-dor","tag-rachat-or","tag-vente-dor","tag-vente-or","tag-_avignon_","tag-_avignon_footer_"],"yoast_head":"<!-- This site is optimized with the Yoast SEO plugin v27.5 - https:\/\/yoast.com\/product\/yoast-seo-wordpress\/ -->\n<title>Ouverture du Comptoir National de l&#039;Or d&#039;Avignon ! - Gold.fr<\/title>\n<meta name=\"robots\" content=\"index, follow, max-snippet:-1, max-image-preview:large, max-video-preview:-1\" \/>\n<link rel=\"canonical\" href=\"https:\/\/www.gold.fr\/news\/2012\/10\/22\/ouverture-du-comptoir-national-de-lor-davignon\/\" \/>\n<meta property=\"og:locale\" content=\"fr_FR\" \/>\n<meta property=\"og:type\" content=\"article\" \/>\n<meta property=\"og:title\" content=\"Ouverture du Comptoir National de l&#039;Or d&#039;Avignon ! - Gold.fr\" \/>\n<meta property=\"og:description\" content=\"A partir du lundi 5 novembre 2012, le Comptoir National de l&rsquo;Or d&rsquo;Avignon vous accueillera au 9 rue Thiers &#8211; 84000 Avignon. Vous pourrez alors vendre votre or : vous b\u00e9n\u00e9ficierez d&rsquo;une expertise gratuite de vos [&hellip;]\" \/>\n<meta property=\"og:url\" content=\"https:\/\/www.gold.fr\/news\/2012\/10\/22\/ouverture-du-comptoir-national-de-lor-davignon\/\" \/>\n<meta property=\"og:site_name\" content=\"Gold.fr\" \/>\n<meta property=\"article:publisher\" content=\"https:\/\/www.facebook.com\/Goldfr\/\" \/>\n<meta property=\"article:published_time\" content=\"2012-10-22T12:15:06+00:00\" \/>\n<meta property=\"article:modified_time\" content=\"2018-03-16T10:19:24+00:00\" \/>\n<meta property=\"og:image\" content=\"https:\/\/www.gold.fr\/news\/wp-content\/uploads\/2012\/06\/logo-cndo.jpg\" \/>\n\t<meta property=\"og:image:width\" content=\"620\" \/>\n\t<meta property=\"og:image:height\" content=\"349\" \/>\n\t<meta property=\"og:image:type\" content=\"image\/jpeg\" \/>\n<meta name=\"author\" content=\"Anthony\" \/>\n<meta name=\"twitter:card\" content=\"summary_large_image\" \/>\n<meta name=\"twitter:label1\" content=\"\u00c9crit par\" \/>\n\t<meta name=\"twitter:data1\" content=\"Anthony\" \/>\n<script type=\"application\/ld+json\" class=\"yoast-schema-graph\">{\"@context\":\"https:\\\/\\\/schema.org\",\"@graph\":[{\"@type\":\"Article\",\"@id\":\"https:\\\/\\\/www.gold.fr\\\/news\\\/2012\\\/10\\\/22\\\/ouverture-du-comptoir-national-de-lor-davignon\\\/#article\",\"isPartOf\":{\"@id\":\"https:\\\/\\\/www.gold.fr\\\/news\\\/2012\\\/10\\\/22\\\/ouverture-du-comptoir-national-de-lor-davignon\\\/\"},\"author\":{\"name\":\"Anthony\",\"@id\":\"https:\\\/\\\/www.gold.fr\\\/news\\\/#\\\/schema\\\/person\\\/feb6458ffd7bceeeb4e228398c34fbe5\"},\"headline\":\"Ouverture du Comptoir National de l&rsquo;Or d&rsquo;Avignon !\",\"datePublished\":\"2012-10-22T12:15:06+00:00\",\"dateModified\":\"2018-03-16T10:19:24+00:00\",\"mainEntityOfPage\":{\"@id\":\"https:\\\/\\\/www.gold.fr\\\/news\\\/2012\\\/10\\\/22\\\/ouverture-du-comptoir-national-de-lor-davignon\\\/\"},\"wordCount\":109,\"commentCount\":0,\"image\":{\"@id\":\"https:\\\/\\\/www.gold.fr\\\/news\\\/2012\\\/10\\\/22\\\/ouverture-du-comptoir-national-de-lor-davignon\\\/#primaryimage\"},\"thumbnailUrl\":\"https:\\\/\\\/www.gold.fr\\\/news\\\/wp-content\\\/uploads\\\/2012\\\/06\\\/logo-cndo.jpg\",\"keywords\":[\"Achat d'Or\",\"Achat or\",\"comptoir national de l'or Avignon\",\"Rachat d'Or\",\"rachat or\",\"Vente d'Or\",\"Vente or\",\"_avignon_\",\"_avignon_footer_\"],\"articleSection\":[\"Flash infos\"],\"inLanguage\":\"fr-FR\"},{\"@type\":\"WebPage\",\"@id\":\"https:\\\/\\\/www.gold.fr\\\/news\\\/2012\\\/10\\\/22\\\/ouverture-du-comptoir-national-de-lor-davignon\\\/\",\"url\":\"https:\\\/\\\/www.gold.fr\\\/news\\\/2012\\\/10\\\/22\\\/ouverture-du-comptoir-national-de-lor-davignon\\\/\",\"name\":\"Ouverture du Comptoir National de l'Or d'Avignon ! - Gold.fr\",\"isPartOf\":{\"@id\":\"https:\\\/\\\/www.gold.fr\\\/news\\\/#website\"},\"primaryImageOfPage\":{\"@id\":\"https:\\\/\\\/www.gold.fr\\\/news\\\/2012\\\/10\\\/22\\\/ouverture-du-comptoir-national-de-lor-davignon\\\/#primaryimage\"},\"image\":{\"@id\":\"https:\\\/\\\/www.gold.fr\\\/news\\\/2012\\\/10\\\/22\\\/ouverture-du-comptoir-national-de-lor-davignon\\\/#primaryimage\"},\"thumbnailUrl\":\"https:\\\/\\\/www.gold.fr\\\/news\\\/wp-content\\\/uploads\\\/2012\\\/06\\\/logo-cndo.jpg\",\"datePublished\":\"2012-10-22T12:15:06+00:00\",\"dateModified\":\"2018-03-16T10:19:24+00:00\",\"author\":{\"@id\":\"https:\\\/\\\/www.gold.fr\\\/news\\\/#\\\/schema\\\/person\\\/feb6458ffd7bceeeb4e228398c34fbe5\"},\"breadcrumb\":{\"@id\":\"https:\\\/\\\/www.gold.fr\\\/news\\\/2012\\\/10\\\/22\\\/ouverture-du-comptoir-national-de-lor-davignon\\\/#breadcrumb\"},\"inLanguage\":\"fr-FR\",\"potentialAction\":[{\"@type\":\"ReadAction\",\"target\":[\"https:\\\/\\\/www.gold.fr\\\/news\\\/2012\\\/10\\\/22\\\/ouverture-du-comptoir-national-de-lor-davignon\\\/\"]}]},{\"@type\":\"ImageObject\",\"inLanguage\":\"fr-FR\",\"@id\":\"https:\\\/\\\/www.gold.fr\\\/news\\\/2012\\\/10\\\/22\\\/ouverture-du-comptoir-national-de-lor-davignon\\\/#primaryimage\",\"url\":\"https:\\\/\\\/www.gold.fr\\\/news\\\/wp-content\\\/uploads\\\/2012\\\/06\\\/logo-cndo.jpg\",\"contentUrl\":\"https:\\\/\\\/www.gold.fr\\\/news\\\/wp-content\\\/uploads\\\/2012\\\/06\\\/logo-cndo.jpg\",\"width\":\"620\",\"height\":\"349\",\"caption\":\"Logo Comptoir National de l'Or\"},{\"@type\":\"BreadcrumbList\",\"@id\":\"https:\\\/\\\/www.gold.fr\\\/news\\\/2012\\\/10\\\/22\\\/ouverture-du-comptoir-national-de-lor-davignon\\\/#breadcrumb\",\"itemListElement\":[{\"@type\":\"ListItem\",\"position\":1,\"name\":\"Accueil\",\"item\":\"https:\\\/\\\/www.gold.fr\\\/\"},{\"@type\":\"ListItem\",\"position\":2,\"name\":\"Actualit\u00e9s\",\"item\":\"https:\\\/\\\/www.gold.fr\\\/news\\\/\"},{\"@type\":\"ListItem\",\"position\":3,\"name\":\"Ouverture du Comptoir National de l&rsquo;Or d&rsquo;Avignon !\"}]},{\"@type\":\"WebSite\",\"@id\":\"https:\\\/\\\/www.gold.fr\\\/news\\\/#website\",\"url\":\"https:\\\/\\\/www.gold.fr\\\/news\\\/\",\"name\":\"Gold.fr\",\"description\":\"Actualit\u00e9s de l&#039;Or et des m\u00e9taux pr\u00e9cieux\",\"potentialAction\":[{\"@type\":\"SearchAction\",\"target\":{\"@type\":\"EntryPoint\",\"urlTemplate\":\"https:\\\/\\\/www.gold.fr\\\/news\\\/?s={search_term_string}\"},\"query-input\":{\"@type\":\"PropertyValueSpecification\",\"valueRequired\":true,\"valueName\":\"search_term_string\"}}],\"inLanguage\":\"fr-FR\"},{\"@type\":\"Person\",\"@id\":\"https:\\\/\\\/www.gold.fr\\\/news\\\/#\\\/schema\\\/person\\\/feb6458ffd7bceeeb4e228398c34fbe5\",\"name\":\"Anthony\",\"image\":{\"@type\":\"ImageObject\",\"inLanguage\":\"fr-FR\",\"@id\":\"https:\\\/\\\/secure.gravatar.com\\\/avatar\\\/19974f7c75da5f0b217374f3a37eb05031e41aaad4ceb3fe17ada2ab3daf6b95?s=96&d=mm&r=gbc5324aff3d366843e00df00c899c1a8\",\"url\":\"https:\\\/\\\/secure.gravatar.com\\\/avatar\\\/19974f7c75da5f0b217374f3a37eb05031e41aaad4ceb3fe17ada2ab3daf6b95?s=96&d=mm&r=g\",\"contentUrl\":\"https:\\\/\\\/secure.gravatar.com\\\/avatar\\\/19974f7c75da5f0b217374f3a37eb05031e41aaad4ceb3fe17ada2ab3daf6b95?s=96&d=mm&r=g\",\"caption\":\"Anthony\"},\"description\":\"Notre r\u00e9daction est constitu\u00e9e de membres experts dans les m\u00e9tiers de l'\u00e9conomie et la gestion, des Responsables d'agence Comptoir National de l'Or, des analystes financiers qui publient r\u00e9guli\u00e8rement des \u00e9tudes sur les politiques des banques centrales, le cours de l'or, le cours de l'argent, cours du platine, cours du palladium... la situation en zone euro et l'impact de la strat\u00e9gie mon\u00e9taire de la FED. Notre \u00e9quipe scrute \u00e9galement une information plus g\u00e9n\u00e9raliste \u00e0 la recherche d'actualit\u00e9 \\\"p\u00e9pite\\\" \u00e0 vous partager. Depuis 5 ans, nous avons publi\u00e9 un peu plus de 4000 articles qui s'adressent \u00e0 un public large et vari\u00e9 ayant pour objectif de satisfaire votre curiosit\u00e9 et de partager avec vous une certaine fascination pour le m\u00e9tal jaune, pour ceux qui veulent investir dans l'or, vendre leur or tout simplement en savoir plus...\",\"sameAs\":[\"https:\\\/\\\/www.gold.fr\\\/news\"]}]}<\/script>\n<!-- \/ Yoast SEO plugin. -->","yoast_head_json":{"title":"Ouverture du Comptoir National de l'Or d'Avignon ! - Gold.fr","robots":{"index":"index","follow":"follow","max-snippet":"max-snippet:-1","max-image-preview":"max-image-preview:large","max-video-preview":"max-video-preview:-1"},"canonical":"https:\/\/www.gold.fr\/news\/2012\/10\/22\/ouverture-du-comptoir-national-de-lor-davignon\/","og_locale":"fr_FR","og_type":"article","og_title":"Ouverture du Comptoir National de l'Or d'Avignon ! - Gold.fr","og_description":"A partir du lundi 5 novembre 2012, le Comptoir National de l&rsquo;Or d&rsquo;Avignon vous accueillera au 9 rue Thiers &#8211; 84000 Avignon. Vous pourrez alors vendre votre or : vous b\u00e9n\u00e9ficierez d&rsquo;une expertise gratuite de vos [&hellip;]","og_url":"https:\/\/www.gold.fr\/news\/2012\/10\/22\/ouverture-du-comptoir-national-de-lor-davignon\/","og_site_name":"Gold.fr","article_publisher":"https:\/\/www.facebook.com\/Goldfr\/","article_published_time":"2012-10-22T12:15:06+00:00","article_modified_time":"2018-03-16T10:19:24+00:00","og_image":[{"width":620,"height":349,"url":"https:\/\/www.gold.fr\/news\/wp-content\/uploads\/2012\/06\/logo-cndo.jpg","type":"image\/jpeg"}],"author":"Anthony","twitter_card":"summary_large_image","twitter_misc":{"\u00c9crit par":"Anthony"},"schema":{"@context":"https:\/\/schema.org","@graph":[{"@type":"Article","@id":"https:\/\/www.gold.fr\/news\/2012\/10\/22\/ouverture-du-comptoir-national-de-lor-davignon\/#article","isPartOf":{"@id":"https:\/\/www.gold.fr\/news\/2012\/10\/22\/ouverture-du-comptoir-national-de-lor-davignon\/"},"author":{"name":"Anthony","@id":"https:\/\/www.gold.fr\/news\/#\/schema\/person\/feb6458ffd7bceeeb4e228398c34fbe5"},"headline":"Ouverture du Comptoir National de l&rsquo;Or d&rsquo;Avignon !","datePublished":"2012-10-22T12:15:06+00:00","dateModified":"2018-03-16T10:19:24+00:00","mainEntityOfPage":{"@id":"https:\/\/www.gold.fr\/news\/2012\/10\/22\/ouverture-du-comptoir-national-de-lor-davignon\/"},"wordCount":109,"commentCount":0,"image":{"@id":"https:\/\/www.gold.fr\/news\/2012\/10\/22\/ouverture-du-comptoir-national-de-lor-davignon\/#primaryimage"},"thumbnailUrl":"https:\/\/www.gold.fr\/news\/wp-content\/uploads\/2012\/06\/logo-cndo.jpg","keywords":["Achat d'Or","Achat or","comptoir national de l'or Avignon","Rachat d'Or","rachat or","Vente d'Or","Vente or","_avignon_","_avignon_footer_"],"articleSection":["Flash infos"],"inLanguage":"fr-FR"},{"@type":"WebPage","@id":"https:\/\/www.gold.fr\/news\/2012\/10\/22\/ouverture-du-comptoir-national-de-lor-davignon\/","url":"https:\/\/www.gold.fr\/news\/2012\/10\/22\/ouverture-du-comptoir-national-de-lor-davignon\/","name":"Ouverture du Comptoir National de l'Or d'Avignon ! - Gold.fr","isPartOf":{"@id":"https:\/\/www.gold.fr\/news\/#website"},"primaryImageOfPage":{"@id":"https:\/\/www.gold.fr\/news\/2012\/10\/22\/ouverture-du-comptoir-national-de-lor-davignon\/#primaryimage"},"image":{"@id":"https:\/\/www.gold.fr\/news\/2012\/10\/22\/ouverture-du-comptoir-national-de-lor-davignon\/#primaryimage"},"thumbnailUrl":"https:\/\/www.gold.fr\/news\/wp-content\/uploads\/2012\/06\/logo-cndo.jpg","datePublished":"2012-10-22T12:15:06+00:00","dateModified":"2018-03-16T10:19:24+00:00","author":{"@id":"https:\/\/www.gold.fr\/news\/#\/schema\/person\/feb6458ffd7bceeeb4e228398c34fbe5"},"breadcrumb":{"@id":"https:\/\/www.gold.fr\/news\/2012\/10\/22\/ouverture-du-comptoir-national-de-lor-davignon\/#breadcrumb"},"inLanguage":"fr-FR","potentialAction":[{"@type":"ReadAction","target":["https:\/\/www.gold.fr\/news\/2012\/10\/22\/ouverture-du-comptoir-national-de-lor-davignon\/"]}]},{"@type":"ImageObject","inLanguage":"fr-FR","@id":"https:\/\/www.gold.fr\/news\/2012\/10\/22\/ouverture-du-comptoir-national-de-lor-davignon\/#primaryimage","url":"https:\/\/www.gold.fr\/news\/wp-content\/uploads\/2012\/06\/logo-cndo.jpg","contentUrl":"https:\/\/www.gold.fr\/news\/wp-content\/uploads\/2012\/06\/logo-cndo.jpg","width":"620","height":"349","caption":"Logo Comptoir National de l'Or"},{"@type":"BreadcrumbList","@id":"https:\/\/www.gold.fr\/news\/2012\/10\/22\/ouverture-du-comptoir-national-de-lor-davignon\/#breadcrumb","itemListElement":[{"@type":"ListItem","position":1,"name":"Accueil","item":"https:\/\/www.gold.fr\/"},{"@type":"ListItem","position":2,"name":"Actualit\u00e9s","item":"https:\/\/www.gold.fr\/news\/"},{"@type":"ListItem","position":3,"name":"Ouverture du Comptoir National de l&rsquo;Or d&rsquo;Avignon !"}]},{"@type":"WebSite","@id":"https:\/\/www.gold.fr\/news\/#website","url":"https:\/\/www.gold.fr\/news\/","name":"Gold.fr","description":"Actualit\u00e9s de l&#039;Or et des m\u00e9taux pr\u00e9cieux","potentialAction":[{"@type":"SearchAction","target":{"@type":"EntryPoint","urlTemplate":"https:\/\/www.gold.fr\/news\/?s={search_term_string}"},"query-input":{"@type":"PropertyValueSpecification","valueRequired":true,"valueName":"search_term_string"}}],"inLanguage":"fr-FR"},{"@type":"Person","@id":"https:\/\/www.gold.fr\/news\/#\/schema\/person\/feb6458ffd7bceeeb4e228398c34fbe5","name":"Anthony","image":{"@type":"ImageObject","inLanguage":"fr-FR","@id":"https:\/\/secure.gravatar.com\/avatar\/19974f7c75da5f0b217374f3a37eb05031e41aaad4ceb3fe17ada2ab3daf6b95?s=96&d=mm&r=gbc5324aff3d366843e00df00c899c1a8","url":"https:\/\/secure.gravatar.com\/avatar\/19974f7c75da5f0b217374f3a37eb05031e41aaad4ceb3fe17ada2ab3daf6b95?s=96&d=mm&r=g","contentUrl":"https:\/\/secure.gravatar.com\/avatar\/19974f7c75da5f0b217374f3a37eb05031e41aaad4ceb3fe17ada2ab3daf6b95?s=96&d=mm&r=g","caption":"Anthony"},"description":"Notre r\u00e9daction est constitu\u00e9e de membres experts dans les m\u00e9tiers de l'\u00e9conomie et la gestion, des Responsables d'agence Comptoir National de l'Or, des analystes financiers qui publient r\u00e9guli\u00e8rement des \u00e9tudes sur les politiques des banques centrales, le cours de l'or, le cours de l'argent, cours du platine, cours du palladium... la situation en zone euro et l'impact de la strat\u00e9gie mon\u00e9taire de la FED. Notre \u00e9quipe scrute \u00e9galement une information plus g\u00e9n\u00e9raliste \u00e0 la recherche d'actualit\u00e9 \"p\u00e9pite\" \u00e0 vous partager. Depuis 5 ans, nous avons publi\u00e9 un peu plus de 4000 articles qui s'adressent \u00e0 un public large et vari\u00e9 ayant pour objectif de satisfaire votre curiosit\u00e9 et de partager avec vous une certaine fascination pour le m\u00e9tal jaune, pour ceux qui veulent investir dans l'or, vendre leur or tout simplement en savoir plus...","sameAs":["https:\/\/www.gold.fr\/news"]}]}},"authors":[{"term_id":2562,"user_id":11,"is_guest":0,"slug":"anthony","display_name":"Anthony","avatar_url":"https:\/\/secure.gravatar.com\/avatar\/19974f7c75da5f0b217374f3a37eb05031e41aaad4ceb3fe17ada2ab3daf6b95?s=96&d=mm&r=g","0":null,"1":"","2":"","3":"","4":"","5":"","6":"","7":"","8":""}],"_links":{"self":[{"href":"https:\/\/www.gold.fr\/news\/wp-json\/wp\/v2\/posts\/9614","targetHints":{"allow":["GET"]}}],"collection":[{"href":"https:\/\/www.gold.fr\/news\/wp-json\/wp\/v2\/posts"}],"about":[{"href":"https:\/\/www.gold.fr\/news\/wp-json\/wp\/v2\/types\/post"}],"author":[{"embeddable":true,"href":"https:\/\/www.gold.fr\/news\/wp-json\/wp\/v2\/users\/11"}],"replies":[{"embeddable":true,"href":"https:\/\/www.gold.fr\/news\/wp-json\/wp\/v2\/comments?post=9614"}],"version-history":[{"count":0,"href":"https:\/\/www.gold.fr\/news\/wp-json\/wp\/v2\/posts\/9614\/revisions"}],"wp:featuredmedia":[{"embeddable":true,"href":"https:\/\/www.gold.fr\/news\/wp-json\/wp\/v2\/media\/7742"}],"wp:attachment":[{"href":"https:\/\/www.gold.fr\/news\/wp-json\/wp\/v2\/media?parent=9614"}],"wp:term":[{"taxonomy":"category","embeddable":true,"href":"https:\/\/www.gold.fr\/news\/wp-json\/wp\/v2\/categories?post=9614"},{"taxonomy":"post_tag","embeddable":true,"href":"https:\/\/www.gold.fr\/news\/wp-json\/wp\/v2\/tags?post=9614"},{"taxonomy":"author","embeddable":true,"href":"https:\/\/www.gold.fr\/news\/wp-json\/wp\/v2\/ppma_author?post=9614"}],"curies":[{"name":"wp","href":"https:\/\/api.w.org\/{rel}","templated":true}]}}