{"id":9598,"date":"2012-10-19T09:00:20","date_gmt":"2012-10-19T07:00:20","guid":{"rendered":"https:\/\/www.gold.fr\/news\/?p=9598"},"modified":"2017-11-02T11:35:06","modified_gmt":"2017-11-02T10:35:06","slug":"lor-de-la-grece","status":"publish","type":"post","link":"https:\/\/www.gold.fr\/news\/2012\/10\/19\/lor-de-la-grece\/","title":{"rendered":"L&rsquo;Or de la Gr\u00e8ce"},"content":{"rendered":"<p><span style=\"font-size: small;\"><img loading=\"lazy\" decoding=\"async\" class=\"alignleft size-thumbnail wp-image-4547\" title=\"L\u2019Or de la Gr\u00e8ce\" src=\"https:\/\/www.gold.fr\/news\/wp-content\/uploads\/2011\/12\/87319963-150x150.jpg\" alt=\"\" width=\"150\" height=\"150\" \/>Le berceau de la culture europ\u00e9enne et de la civilisation occidentale pourrait \u00eatre sur le point de devenir le plus important producteur d&rsquo;<a href='https:\/\/www.gold.fr\/news\/tags\/or' class='esk-seo-plu-link'>or<\/a> d&rsquo;Europe.<\/span>    <span style=\"font-size: small;\"> La <strong>\u00ab\u00a0cit\u00e9\u00a0\u00bb<\/strong> qui donna des sueurs froides \u00e0 l&rsquo;actuel empire europ\u00e9en avec la crise de la dette publique grecque, est en voie de retrouver ses ann\u00e9es de faste.<\/span>    <span style=\"font-size: small;\"> Depuis l&rsquo;antiquit\u00e9 jusqu&rsquo;\u00e0 nos jours et malgr\u00e9 les difficult\u00e9s, cette petite r\u00e9publique hell\u00e9nique renferme des tr\u00e9sors dont l&rsquo;humanit\u00e9 ne saurait se passer.<\/span>    <span style=\"font-size: small;\"> A l&rsquo;instar de la philosophie, du th\u00e9\u00e2tre ou encore de la d\u00e9mocratie qu&rsquo;elle a vu na\u00eetre gr\u00e2ce \u00e0 ses hommes, <strong>la Gr\u00e8ce<\/strong> doit actuellement son salut \u00e0 sa g\u00e9ologie.<\/span>    <span style=\"font-size: small;\"> En effet, c&rsquo;est dans les montagnes grecques qu&rsquo;un investissement d&rsquo;un milliard de dollars est en <a title=\"L\u2019or dans le nord de la gr\u00e8ce\" href=\"https:\/\/www.gold.fr\/news\/2012\/08\/30\/lor-dans-le-nord-de-la-grece-1ere-partie\/8986\/\" target=\"_blank\">projet pour extraire&#8230; de l\u2019or<\/a>.<\/span>    <span style=\"font-size: small;\"> A l&rsquo;instar d&rsquo;autres pays comme le P\u00e9rou, des r\u00e9sistances s&rsquo;opposent au projet en raison des donn\u00e9es environnementales, mais c&rsquo;est sans compter sur l&rsquo;avanc\u00e9e des techniques d&rsquo;extraction et sur le nombre d&#8217;emplois que va g\u00e9n\u00e9rer le projet.<\/span>    <span style=\"font-size: small;\"><strong> La Gr\u00e8ce<\/strong> compte actuellement 3 zones aurif\u00e8res; pr\u00e8s de <a title=\"L\u2019or dans le nord de la gr\u00e8ce\" href=\"https:\/\/www.gold.fr\/news\/2012\/08\/30\/lor-dans-le-nord-de-la-grece-2eme-partie\/8989\/\" target=\"_blank\"><strong>Perama<\/strong><\/a>, en <strong>Thrace<\/strong> (nord-est) ainsi que pr\u00e8s de <strong>Kilkis<\/strong> et en <strong>Chalcidique<\/strong>, en <strong>Mac\u00e9doine<\/strong> (nord).  <\/span>    <span style=\"font-size: small;\"> Si en <strong>Mac\u00e9doine<\/strong> le processus d&rsquo;extraction d&rsquo;<a href='https:\/\/www.gold.fr\/news\/tags\/or' class='esk-seo-plu-link'>or<\/a> a \u00e9t\u00e9 entam\u00e9 en <strong>juillet 2011<\/strong>, avec l&rsquo;autorisation d&rsquo;exploitation d\u00e9livr\u00e9e par le minist\u00e8re de l&rsquo;environnement, dans les autres zones, beaucoup ont peur pour l&rsquo;avenir de l&rsquo;agriculture et du tourisme.<\/span>    <span style=\"font-size: small;\"> A l&rsquo;heure actuelle, <a title=\"Prix de l'Once d'Or\" href=\"https:\/\/www.gold.fr\/once-en\/\" target=\"_blank\">l\u2019once d\u2019or<\/a> est \u00e0 <strong>1 750 dollars<\/strong>, mais les analystes ont s\u00e9rieusement envisag\u00e9 un d\u00e9passement des <strong>1800 dollars<\/strong> avant la fin de l&rsquo;ann\u00e9e, cela pr\u00e9sage de beaux jours pour la relique barbare qui est plus que jamais la valeur refuge dans un march\u00e9 de plus en plus instable.<\/span><\/p>\n<!-- AddThis Advanced Settings generic via filter on the_content --><!-- AddThis Share Buttons generic via filter on the_content -->","protected":false},"excerpt":{"rendered":"<p>Le berceau de la culture europ\u00e9enne et de la civilisation occidentale pourrait \u00eatre sur le point de devenir le plus important producteur d&rsquo;or d&rsquo;Europe. La \u00ab\u00a0cit\u00e9\u00a0\u00bb qui donna des sueurs froides \u00e0 l&rsquo;actuel empire europ\u00e9en avec [&hellip;]<\/p>\n","protected":false},"author":18,"featured_media":4547,"comment_status":"open","ping_status":"open","sticky":false,"template":"","format":"standard","meta":{"_mbp_gutenberg_autopost":false,"_pgmb_is_evergreen":false,"_pgmb_ap_template_id":0,"footnotes":""},"categories":[6],"tags":[224,722,814],"ppma_author":[2565],"class_list":["post-9598","post","type-post","status-publish","format-standard","has-post-thumbnail","hentry","category-articles-de-presse","tag-grece","tag-lor","tag-sites-dexploitation-dor"],"yoast_head":"<!-- This site is optimized with the Yoast SEO plugin v27.5 - https:\/\/yoast.com\/product\/yoast-seo-wordpress\/ -->\n<title>L&#039;Or de la Gr\u00e8ce - Gold.fr<\/title>\n<meta name=\"robots\" content=\"index, follow, max-snippet:-1, max-image-preview:large, max-video-preview:-1\" \/>\n<link rel=\"canonical\" href=\"https:\/\/www.gold.fr\/news\/2012\/10\/19\/lor-de-la-grece\/\" \/>\n<meta property=\"og:locale\" content=\"fr_FR\" \/>\n<meta property=\"og:type\" content=\"article\" \/>\n<meta property=\"og:title\" content=\"L&#039;Or de la Gr\u00e8ce - Gold.fr\" \/>\n<meta property=\"og:description\" content=\"Le berceau de la culture europ\u00e9enne et de la civilisation occidentale pourrait \u00eatre sur le point de devenir le plus important producteur d&rsquo;or d&rsquo;Europe. La \u00ab\u00a0cit\u00e9\u00a0\u00bb qui donna des sueurs froides \u00e0 l&rsquo;actuel empire europ\u00e9en avec [&hellip;]\" \/>\n<meta property=\"og:url\" content=\"https:\/\/www.gold.fr\/news\/2012\/10\/19\/lor-de-la-grece\/\" \/>\n<meta property=\"og:site_name\" content=\"Gold.fr\" \/>\n<meta property=\"article:publisher\" content=\"https:\/\/www.facebook.com\/Goldfr\/\" \/>\n<meta property=\"article:published_time\" content=\"2012-10-19T07:00:20+00:00\" \/>\n<meta property=\"article:modified_time\" content=\"2017-11-02T10:35:06+00:00\" \/>\n<meta property=\"og:image\" content=\"https:\/\/www.gold.fr\/news\/wp-content\/uploads\/2011\/12\/87319963.jpg\" \/>\n\t<meta property=\"og:image:width\" content=\"600\" \/>\n\t<meta property=\"og:image:height\" content=\"400\" \/>\n\t<meta property=\"og:image:type\" content=\"image\/jpeg\" \/>\n<meta name=\"author\" content=\"Comptoir National de l&#039;Or\" \/>\n<meta name=\"twitter:card\" content=\"summary_large_image\" \/>\n<meta name=\"twitter:label1\" content=\"\u00c9crit par\" \/>\n\t<meta name=\"twitter:data1\" content=\"Comptoir National de l&#039;Or\" \/>\n\t<meta name=\"twitter:label2\" content=\"Dur\u00e9e de lecture estim\u00e9e\" \/>\n\t<meta name=\"twitter:data2\" content=\"1 minute\" \/>\n<script type=\"application\/ld+json\" class=\"yoast-schema-graph\">{\"@context\":\"https:\\\/\\\/schema.org\",\"@graph\":[{\"@type\":\"Article\",\"@id\":\"https:\\\/\\\/www.gold.fr\\\/news\\\/2012\\\/10\\\/19\\\/lor-de-la-grece\\\/#article\",\"isPartOf\":{\"@id\":\"https:\\\/\\\/www.gold.fr\\\/news\\\/2012\\\/10\\\/19\\\/lor-de-la-grece\\\/\"},\"author\":{\"name\":\"Comptoir National de l'Or\",\"@id\":\"https:\\\/\\\/www.gold.fr\\\/news\\\/#\\\/schema\\\/person\\\/070491b4b4fb7671bf59b3be20302ce9\"},\"headline\":\"L&rsquo;Or de la Gr\u00e8ce\",\"datePublished\":\"2012-10-19T07:00:20+00:00\",\"dateModified\":\"2017-11-02T10:35:06+00:00\",\"mainEntityOfPage\":{\"@id\":\"https:\\\/\\\/www.gold.fr\\\/news\\\/2012\\\/10\\\/19\\\/lor-de-la-grece\\\/\"},\"wordCount\":328,\"commentCount\":2,\"image\":{\"@id\":\"https:\\\/\\\/www.gold.fr\\\/news\\\/2012\\\/10\\\/19\\\/lor-de-la-grece\\\/#primaryimage\"},\"thumbnailUrl\":\"https:\\\/\\\/www.gold.fr\\\/news\\\/wp-content\\\/uploads\\\/2011\\\/12\\\/87319963.jpg\",\"keywords\":[\"Gr\u00e8ce\",\"L'Or\",\"sites d'exploitation d'Or\"],\"articleSection\":[\"Articles de presse\"],\"inLanguage\":\"fr-FR\"},{\"@type\":\"WebPage\",\"@id\":\"https:\\\/\\\/www.gold.fr\\\/news\\\/2012\\\/10\\\/19\\\/lor-de-la-grece\\\/\",\"url\":\"https:\\\/\\\/www.gold.fr\\\/news\\\/2012\\\/10\\\/19\\\/lor-de-la-grece\\\/\",\"name\":\"L'Or de la Gr\u00e8ce - Gold.fr\",\"isPartOf\":{\"@id\":\"https:\\\/\\\/www.gold.fr\\\/news\\\/#website\"},\"primaryImageOfPage\":{\"@id\":\"https:\\\/\\\/www.gold.fr\\\/news\\\/2012\\\/10\\\/19\\\/lor-de-la-grece\\\/#primaryimage\"},\"image\":{\"@id\":\"https:\\\/\\\/www.gold.fr\\\/news\\\/2012\\\/10\\\/19\\\/lor-de-la-grece\\\/#primaryimage\"},\"thumbnailUrl\":\"https:\\\/\\\/www.gold.fr\\\/news\\\/wp-content\\\/uploads\\\/2011\\\/12\\\/87319963.jpg\",\"datePublished\":\"2012-10-19T07:00:20+00:00\",\"dateModified\":\"2017-11-02T10:35:06+00:00\",\"author\":{\"@id\":\"https:\\\/\\\/www.gold.fr\\\/news\\\/#\\\/schema\\\/person\\\/070491b4b4fb7671bf59b3be20302ce9\"},\"breadcrumb\":{\"@id\":\"https:\\\/\\\/www.gold.fr\\\/news\\\/2012\\\/10\\\/19\\\/lor-de-la-grece\\\/#breadcrumb\"},\"inLanguage\":\"fr-FR\",\"potentialAction\":[{\"@type\":\"ReadAction\",\"target\":[\"https:\\\/\\\/www.gold.fr\\\/news\\\/2012\\\/10\\\/19\\\/lor-de-la-grece\\\/\"]}]},{\"@type\":\"ImageObject\",\"inLanguage\":\"fr-FR\",\"@id\":\"https:\\\/\\\/www.gold.fr\\\/news\\\/2012\\\/10\\\/19\\\/lor-de-la-grece\\\/#primaryimage\",\"url\":\"https:\\\/\\\/www.gold.fr\\\/news\\\/wp-content\\\/uploads\\\/2011\\\/12\\\/87319963.jpg\",\"contentUrl\":\"https:\\\/\\\/www.gold.fr\\\/news\\\/wp-content\\\/uploads\\\/2011\\\/12\\\/87319963.jpg\",\"width\":\"600\",\"height\":\"400\",\"caption\":\"Dossier grec : La fin d\u2019une crise ?\"},{\"@type\":\"BreadcrumbList\",\"@id\":\"https:\\\/\\\/www.gold.fr\\\/news\\\/2012\\\/10\\\/19\\\/lor-de-la-grece\\\/#breadcrumb\",\"itemListElement\":[{\"@type\":\"ListItem\",\"position\":1,\"name\":\"Accueil\",\"item\":\"https:\\\/\\\/www.gold.fr\\\/\"},{\"@type\":\"ListItem\",\"position\":2,\"name\":\"Actualit\u00e9s\",\"item\":\"https:\\\/\\\/www.gold.fr\\\/news\\\/\"},{\"@type\":\"ListItem\",\"position\":3,\"name\":\"L&rsquo;Or de la Gr\u00e8ce\"}]},{\"@type\":\"WebSite\",\"@id\":\"https:\\\/\\\/www.gold.fr\\\/news\\\/#website\",\"url\":\"https:\\\/\\\/www.gold.fr\\\/news\\\/\",\"name\":\"Gold.fr\",\"description\":\"Actualit\u00e9s de l&#039;Or et des m\u00e9taux pr\u00e9cieux\",\"potentialAction\":[{\"@type\":\"SearchAction\",\"target\":{\"@type\":\"EntryPoint\",\"urlTemplate\":\"https:\\\/\\\/www.gold.fr\\\/news\\\/?s={search_term_string}\"},\"query-input\":{\"@type\":\"PropertyValueSpecification\",\"valueRequired\":true,\"valueName\":\"search_term_string\"}}],\"inLanguage\":\"fr-FR\"},{\"@type\":\"Person\",\"@id\":\"https:\\\/\\\/www.gold.fr\\\/news\\\/#\\\/schema\\\/person\\\/070491b4b4fb7671bf59b3be20302ce9\",\"name\":\"Comptoir National de l'Or\",\"image\":{\"@type\":\"ImageObject\",\"inLanguage\":\"fr-FR\",\"@id\":\"https:\\\/\\\/secure.gravatar.com\\\/avatar\\\/0a2867fd5abe37bed95d5a65e9d58f01756e11efc68af9888dfc50cfa7f65948?s=96&d=mm&r=gb490554db0a38188709de567aa58480d\",\"url\":\"https:\\\/\\\/secure.gravatar.com\\\/avatar\\\/0a2867fd5abe37bed95d5a65e9d58f01756e11efc68af9888dfc50cfa7f65948?s=96&d=mm&r=g\",\"contentUrl\":\"https:\\\/\\\/secure.gravatar.com\\\/avatar\\\/0a2867fd5abe37bed95d5a65e9d58f01756e11efc68af9888dfc50cfa7f65948?s=96&d=mm&r=g\",\"caption\":\"Comptoir National de l'Or\"},\"description\":\"Notre r\u00e9daction est constitu\u00e9e de membres experts dans les m\u00e9tiers de l'\u00e9conomie et la gestion, des Responsables d'agence Comptoir National de l'Or, des analystes financiers qui publient r\u00e9guli\u00e8rement des \u00e9tudes sur les politiques des banques centrales, le cours de l'or, prix de l'or, cours de l'argent, prix de l'argent, cours du platine, cours du palladium,... la situation en zone euro et l'impact de la strat\u00e9gie mon\u00e9taire de la FED. Notre \u00e9quipe scrute \u00e9galement une information plus g\u00e9n\u00e9raliste \u00e0 la recherche d'actualit\u00e9 \\\"p\u00e9pite\\\" \u00e0 vous partager. Depuis 5 ans, nous avons publi\u00e9 un peu plus de 4000 articles qui s'adressent \u00e0 un public large et vari\u00e9 ayant pour objectif de satisfaire votre curiosit\u00e9 et de partager avec vous une certaine fascination pour le m\u00e9tal jaune, le rachat d'or, et pour ceux qui veulent investir dans l'or, vendre leur or tout simplement en savoir plus... Pour tous vos achat or et argent, n'h\u00e9sitez pas \u00e0 prendre rendez-vous dans l'un de nos nombreux comptoirs.\",\"sameAs\":[\"https:\\\/\\\/www.gold.fr\"]}]}<\/script>\n<!-- \/ Yoast SEO plugin. -->","yoast_head_json":{"title":"L'Or de la Gr\u00e8ce - Gold.fr","robots":{"index":"index","follow":"follow","max-snippet":"max-snippet:-1","max-image-preview":"max-image-preview:large","max-video-preview":"max-video-preview:-1"},"canonical":"https:\/\/www.gold.fr\/news\/2012\/10\/19\/lor-de-la-grece\/","og_locale":"fr_FR","og_type":"article","og_title":"L'Or de la Gr\u00e8ce - Gold.fr","og_description":"Le berceau de la culture europ\u00e9enne et de la civilisation occidentale pourrait \u00eatre sur le point de devenir le plus important producteur d&rsquo;or d&rsquo;Europe. La \u00ab\u00a0cit\u00e9\u00a0\u00bb qui donna des sueurs froides \u00e0 l&rsquo;actuel empire europ\u00e9en avec [&hellip;]","og_url":"https:\/\/www.gold.fr\/news\/2012\/10\/19\/lor-de-la-grece\/","og_site_name":"Gold.fr","article_publisher":"https:\/\/www.facebook.com\/Goldfr\/","article_published_time":"2012-10-19T07:00:20+00:00","article_modified_time":"2017-11-02T10:35:06+00:00","og_image":[{"width":600,"height":400,"url":"https:\/\/www.gold.fr\/news\/wp-content\/uploads\/2011\/12\/87319963.jpg","type":"image\/jpeg"}],"author":"Comptoir National de l'Or","twitter_card":"summary_large_image","twitter_misc":{"\u00c9crit par":"Comptoir National de l'Or","Dur\u00e9e de lecture estim\u00e9e":"1 minute"},"schema":{"@context":"https:\/\/schema.org","@graph":[{"@type":"Article","@id":"https:\/\/www.gold.fr\/news\/2012\/10\/19\/lor-de-la-grece\/#article","isPartOf":{"@id":"https:\/\/www.gold.fr\/news\/2012\/10\/19\/lor-de-la-grece\/"},"author":{"name":"Comptoir National de l'Or","@id":"https:\/\/www.gold.fr\/news\/#\/schema\/person\/070491b4b4fb7671bf59b3be20302ce9"},"headline":"L&rsquo;Or de la Gr\u00e8ce","datePublished":"2012-10-19T07:00:20+00:00","dateModified":"2017-11-02T10:35:06+00:00","mainEntityOfPage":{"@id":"https:\/\/www.gold.fr\/news\/2012\/10\/19\/lor-de-la-grece\/"},"wordCount":328,"commentCount":2,"image":{"@id":"https:\/\/www.gold.fr\/news\/2012\/10\/19\/lor-de-la-grece\/#primaryimage"},"thumbnailUrl":"https:\/\/www.gold.fr\/news\/wp-content\/uploads\/2011\/12\/87319963.jpg","keywords":["Gr\u00e8ce","L'Or","sites d'exploitation d'Or"],"articleSection":["Articles de presse"],"inLanguage":"fr-FR"},{"@type":"WebPage","@id":"https:\/\/www.gold.fr\/news\/2012\/10\/19\/lor-de-la-grece\/","url":"https:\/\/www.gold.fr\/news\/2012\/10\/19\/lor-de-la-grece\/","name":"L'Or de la Gr\u00e8ce - Gold.fr","isPartOf":{"@id":"https:\/\/www.gold.fr\/news\/#website"},"primaryImageOfPage":{"@id":"https:\/\/www.gold.fr\/news\/2012\/10\/19\/lor-de-la-grece\/#primaryimage"},"image":{"@id":"https:\/\/www.gold.fr\/news\/2012\/10\/19\/lor-de-la-grece\/#primaryimage"},"thumbnailUrl":"https:\/\/www.gold.fr\/news\/wp-content\/uploads\/2011\/12\/87319963.jpg","datePublished":"2012-10-19T07:00:20+00:00","dateModified":"2017-11-02T10:35:06+00:00","author":{"@id":"https:\/\/www.gold.fr\/news\/#\/schema\/person\/070491b4b4fb7671bf59b3be20302ce9"},"breadcrumb":{"@id":"https:\/\/www.gold.fr\/news\/2012\/10\/19\/lor-de-la-grece\/#breadcrumb"},"inLanguage":"fr-FR","potentialAction":[{"@type":"ReadAction","target":["https:\/\/www.gold.fr\/news\/2012\/10\/19\/lor-de-la-grece\/"]}]},{"@type":"ImageObject","inLanguage":"fr-FR","@id":"https:\/\/www.gold.fr\/news\/2012\/10\/19\/lor-de-la-grece\/#primaryimage","url":"https:\/\/www.gold.fr\/news\/wp-content\/uploads\/2011\/12\/87319963.jpg","contentUrl":"https:\/\/www.gold.fr\/news\/wp-content\/uploads\/2011\/12\/87319963.jpg","width":"600","height":"400","caption":"Dossier grec : La fin d\u2019une crise ?"},{"@type":"BreadcrumbList","@id":"https:\/\/www.gold.fr\/news\/2012\/10\/19\/lor-de-la-grece\/#breadcrumb","itemListElement":[{"@type":"ListItem","position":1,"name":"Accueil","item":"https:\/\/www.gold.fr\/"},{"@type":"ListItem","position":2,"name":"Actualit\u00e9s","item":"https:\/\/www.gold.fr\/news\/"},{"@type":"ListItem","position":3,"name":"L&rsquo;Or de la Gr\u00e8ce"}]},{"@type":"WebSite","@id":"https:\/\/www.gold.fr\/news\/#website","url":"https:\/\/www.gold.fr\/news\/","name":"Gold.fr","description":"Actualit\u00e9s de l&#039;Or et des m\u00e9taux pr\u00e9cieux","potentialAction":[{"@type":"SearchAction","target":{"@type":"EntryPoint","urlTemplate":"https:\/\/www.gold.fr\/news\/?s={search_term_string}"},"query-input":{"@type":"PropertyValueSpecification","valueRequired":true,"valueName":"search_term_string"}}],"inLanguage":"fr-FR"},{"@type":"Person","@id":"https:\/\/www.gold.fr\/news\/#\/schema\/person\/070491b4b4fb7671bf59b3be20302ce9","name":"Comptoir National de l'Or","image":{"@type":"ImageObject","inLanguage":"fr-FR","@id":"https:\/\/secure.gravatar.com\/avatar\/0a2867fd5abe37bed95d5a65e9d58f01756e11efc68af9888dfc50cfa7f65948?s=96&d=mm&r=gb490554db0a38188709de567aa58480d","url":"https:\/\/secure.gravatar.com\/avatar\/0a2867fd5abe37bed95d5a65e9d58f01756e11efc68af9888dfc50cfa7f65948?s=96&d=mm&r=g","contentUrl":"https:\/\/secure.gravatar.com\/avatar\/0a2867fd5abe37bed95d5a65e9d58f01756e11efc68af9888dfc50cfa7f65948?s=96&d=mm&r=g","caption":"Comptoir National de l'Or"},"description":"Notre r\u00e9daction est constitu\u00e9e de membres experts dans les m\u00e9tiers de l'\u00e9conomie et la gestion, des Responsables d'agence Comptoir National de l'Or, des analystes financiers qui publient r\u00e9guli\u00e8rement des \u00e9tudes sur les politiques des banques centrales, le cours de l'or, prix de l'or, cours de l'argent, prix de l'argent, cours du platine, cours du palladium,... la situation en zone euro et l'impact de la strat\u00e9gie mon\u00e9taire de la FED. Notre \u00e9quipe scrute \u00e9galement une information plus g\u00e9n\u00e9raliste \u00e0 la recherche d'actualit\u00e9 \"p\u00e9pite\" \u00e0 vous partager. Depuis 5 ans, nous avons publi\u00e9 un peu plus de 4000 articles qui s'adressent \u00e0 un public large et vari\u00e9 ayant pour objectif de satisfaire votre curiosit\u00e9 et de partager avec vous une certaine fascination pour le m\u00e9tal jaune, le rachat d'or, et pour ceux qui veulent investir dans l'or, vendre leur or tout simplement en savoir plus... Pour tous vos achat or et argent, n'h\u00e9sitez pas \u00e0 prendre rendez-vous dans l'un de nos nombreux comptoirs.","sameAs":["https:\/\/www.gold.fr"]}]}},"authors":[{"term_id":2565,"user_id":18,"is_guest":0,"slug":"julie","display_name":"Comptoir National de l'Or","avatar_url":"https:\/\/secure.gravatar.com\/avatar\/713f289e398d35ead876c4a4cc08607f0d6d266058cfc25683fffb6092d0e572?s=96&d=mm&r=g","0":null,"1":"","2":"","3":"","4":"","5":"","6":"","7":"","8":""}],"_links":{"self":[{"href":"https:\/\/www.gold.fr\/news\/wp-json\/wp\/v2\/posts\/9598","targetHints":{"allow":["GET"]}}],"collection":[{"href":"https:\/\/www.gold.fr\/news\/wp-json\/wp\/v2\/posts"}],"about":[{"href":"https:\/\/www.gold.fr\/news\/wp-json\/wp\/v2\/types\/post"}],"author":[{"embeddable":true,"href":"https:\/\/www.gold.fr\/news\/wp-json\/wp\/v2\/users\/18"}],"replies":[{"embeddable":true,"href":"https:\/\/www.gold.fr\/news\/wp-json\/wp\/v2\/comments?post=9598"}],"version-history":[{"count":0,"href":"https:\/\/www.gold.fr\/news\/wp-json\/wp\/v2\/posts\/9598\/revisions"}],"wp:featuredmedia":[{"embeddable":true,"href":"https:\/\/www.gold.fr\/news\/wp-json\/wp\/v2\/media\/4547"}],"wp:attachment":[{"href":"https:\/\/www.gold.fr\/news\/wp-json\/wp\/v2\/media?parent=9598"}],"wp:term":[{"taxonomy":"category","embeddable":true,"href":"https:\/\/www.gold.fr\/news\/wp-json\/wp\/v2\/categories?post=9598"},{"taxonomy":"post_tag","embeddable":true,"href":"https:\/\/www.gold.fr\/news\/wp-json\/wp\/v2\/tags?post=9598"},{"taxonomy":"author","embeddable":true,"href":"https:\/\/www.gold.fr\/news\/wp-json\/wp\/v2\/ppma_author?post=9598"}],"curies":[{"name":"wp","href":"https:\/\/api.w.org\/{rel}","templated":true}]}}