{"id":9572,"date":"2012-10-17T17:00:26","date_gmt":"2012-10-17T15:00:26","guid":{"rendered":"https:\/\/www.gold.fr\/news\/?p=9572"},"modified":"2021-09-10T16:18:32","modified_gmt":"2021-09-10T14:18:32","slug":"correction-de-lor-une-phase-necessaire","status":"publish","type":"post","link":"https:\/\/www.gold.fr\/news\/2012\/10\/17\/correction-de-lor-une-phase-necessaire\/","title":{"rendered":"Correction de l\u2019or \u2013 Une phase n\u00e9cessaire"},"content":{"rendered":"<p><span style=\"font-size: small;\"><img loading=\"lazy\" decoding=\"async\" class=\"alignleft size-thumbnail wp-image-2846\" title=\"Correction de l\u2019or\" src=\"https:\/\/www.gold.fr\/news\/wp-content\/uploads\/2018\/12\/tonnes-or-lingots.jpg\" alt=\"\" width=\"150\" height=\"150\" \/>D&rsquo;apr\u00e8s les analystes de la <strong>Standard Bank<\/strong>, il est grand temps que <a title=\"Consolidation de l\u2019or\" href=\"https:\/\/www.gold.fr\/news\/2012\/10\/10\/consolidation-de-lor-une-conjoncture-favorable\/9485\/\" target=\"_blank\" rel=\"noopener\">la course haussi\u00e8re<\/a> du <a class=\"esk-seo-plu-link\" href=\"https:\/\/www.gold.fr\/news\/tags\/or\">m\u00e9tal jaune<\/a> fasse une br\u00e8ve halte et reprenne son souffle. Ils tirent ainsi cette conclusion apr\u00e8s avoir not\u00e9 que les \u00ab <em>positions nettes longues sur les produits d\u00e9riv\u00e9s se sont d\u00e9j\u00e0 accumul\u00e9es et le march\u00e9 physique reste peu actif<\/em> \u00bb. Ce qui signifie que la cadence effr\u00e9n\u00e9e de hausse que connait l&rsquo;<a class=\"esk-seo-plu-link\" href=\"https:\/\/www.gold.fr\/news\/tags\/or\">or<\/a> depuis quelques semaines va probablement continuer \u00e0 ralentir, avant de repartir de plus belle.<\/span> <span style=\"font-size: small;\">En attendant que cette phase de \u00ab <em>creux<\/em> \u00bb arrive \u00e0 son terme, une autre \u00ab <em>formule<\/em> \u00bb d&rsquo;<a class=\"esk-seo-plu-link\" href=\"https:\/\/www.gold.fr\/news\/tags\/or\">or<\/a> marque sa pr\u00e9sence par une s\u00e9rie de records inattendus. Les <a title=\"Or ETF\" href=\"https:\/\/www.gold.fr\/news\/2012\/10\/09\/or-etf-est-ce-le-bon-choix-1ere-partie\/9446\/\" target=\"_blank\" rel=\"noopener\">ETF<\/a>, g\u00e9n\u00e9ralement discrets et stagnants, enchainent les exploits depuis peu. Le <strong>SPDR Gold Shares<\/strong> am\u00e9ricain (premier au monde par la taille de la masse de <a title=\"Lingot d'Or\" href=\"https:\/\/www.gold.fr\/cours-prix-de-l-or\/lingot-1-kg\/\" target=\"_blank\" rel=\"noopener\">lingots<\/a> qui y est adoss\u00e9e) d\u00e9tient aujourd&rsquo;hui <strong>1.340 tonnes<\/strong>, \u00e0 lui tout seul. Le fait seul d&rsquo;avoir d\u00e9pass\u00e9 les <strong>1.300 tonnes<\/strong> repr\u00e9sente un exploit historique en soi.<\/span> <span style=\"font-size: small;\">Les intervenants sur les <strong>ETF<\/strong> auraient tort de s&rsquo;en priver\u2026pendant que \u00e7a dure ! <a title=\"Or Physique et Or Papier\" href=\"https:\/\/www.gold.fr\/news\/2012\/09\/17\/or-physique-et-or-papier-quelle-difference\/9184\/\" target=\"_blank\" rel=\"noopener\">L\u2019or physique<\/a> poss\u00e8de, \u00e0 court terme, un potentiel important. De plus, si les Etats-Unis maintiennent leur politique mon\u00e9taire arrangeante, la relique barbare sera \u00e0 m\u00eame, \u00e0 moyen terme, de franchir \u00e0 nouveau son record l\u00e9gendaire enregistr\u00e9 en septembre 2011 (<strong>1 930 dollars<\/strong> <a title=\"Prix de l'Once d'Or\" href=\"https:\/\/www.gold.fr\/once-en\/\" target=\"_blank\" rel=\"noopener\">l&rsquo;once<\/a>).<\/span><\/p>\n<!-- AddThis Advanced Settings generic via filter on the_content --><!-- AddThis Share Buttons generic via filter on the_content -->","protected":false},"excerpt":{"rendered":"<p>D&rsquo;apr\u00e8s les analystes de la Standard Bank, il est grand temps que la course haussi\u00e8re du m\u00e9tal jaune fasse une br\u00e8ve halte et reprenne son souffle. Ils tirent ainsi cette conclusion apr\u00e8s avoir not\u00e9 que les [&hellip;]<\/p>\n","protected":false},"author":18,"featured_media":34866,"comment_status":"closed","ping_status":"closed","sticky":false,"template":"","format":"standard","meta":{"_mbp_gutenberg_autopost":false,"_pgmb_is_evergreen":false,"_pgmb_ap_template_id":0,"footnotes":""},"categories":[6],"tags":[90,933,927,84],"ppma_author":[2565],"class_list":["post-9572","post","type-post","status-publish","format-standard","has-post-thumbnail","hentry","category-articles-de-presse","tag-correction-de-lor","tag-course-haussiere","tag-prix-de-lonce","tag-cours-de-lor"],"yoast_head":"<!-- This site is optimized with the Yoast SEO plugin v27.5 - https:\/\/yoast.com\/product\/yoast-seo-wordpress\/ -->\n<title>Correction de l\u2019or \u2013 Une phase n\u00e9cessaire - Gold.fr<\/title>\n<meta name=\"robots\" content=\"index, follow, max-snippet:-1, max-image-preview:large, max-video-preview:-1\" \/>\n<link rel=\"canonical\" href=\"https:\/\/www.gold.fr\/news\/2012\/10\/17\/correction-de-lor-une-phase-necessaire\/\" \/>\n<meta property=\"og:locale\" content=\"fr_FR\" \/>\n<meta property=\"og:type\" content=\"article\" \/>\n<meta property=\"og:title\" content=\"Correction de l\u2019or \u2013 Une phase n\u00e9cessaire - Gold.fr\" \/>\n<meta property=\"og:description\" content=\"D&rsquo;apr\u00e8s les analystes de la Standard Bank, il est grand temps que la course haussi\u00e8re du m\u00e9tal jaune fasse une br\u00e8ve halte et reprenne son souffle. Ils tirent ainsi cette conclusion apr\u00e8s avoir not\u00e9 que les [&hellip;]\" \/>\n<meta property=\"og:url\" content=\"https:\/\/www.gold.fr\/news\/2012\/10\/17\/correction-de-lor-une-phase-necessaire\/\" \/>\n<meta property=\"og:site_name\" content=\"Gold.fr\" \/>\n<meta property=\"article:publisher\" content=\"https:\/\/www.facebook.com\/Goldfr\/\" \/>\n<meta property=\"article:published_time\" content=\"2012-10-17T15:00:26+00:00\" \/>\n<meta property=\"article:modified_time\" content=\"2021-09-10T14:18:32+00:00\" \/>\n<meta property=\"og:image\" content=\"https:\/\/www.gold.fr\/news\/wp-content\/uploads\/2018\/12\/tonnes-or-lingots.jpg\" \/>\n\t<meta property=\"og:image:width\" content=\"1254\" \/>\n\t<meta property=\"og:image:height\" content=\"836\" \/>\n\t<meta property=\"og:image:type\" content=\"image\/jpeg\" \/>\n<meta name=\"author\" content=\"Comptoir National de l&#039;Or\" \/>\n<meta name=\"twitter:card\" content=\"summary_large_image\" \/>\n<meta name=\"twitter:label1\" content=\"\u00c9crit par\" \/>\n\t<meta name=\"twitter:data1\" content=\"Comptoir National de l&#039;Or\" \/>\n\t<meta name=\"twitter:label2\" content=\"Dur\u00e9e de lecture estim\u00e9e\" \/>\n\t<meta name=\"twitter:data2\" content=\"1 minute\" \/>\n<script type=\"application\/ld+json\" class=\"yoast-schema-graph\">{\"@context\":\"https:\\\/\\\/schema.org\",\"@graph\":[{\"@type\":\"Article\",\"@id\":\"https:\\\/\\\/www.gold.fr\\\/news\\\/2012\\\/10\\\/17\\\/correction-de-lor-une-phase-necessaire\\\/#article\",\"isPartOf\":{\"@id\":\"https:\\\/\\\/www.gold.fr\\\/news\\\/2012\\\/10\\\/17\\\/correction-de-lor-une-phase-necessaire\\\/\"},\"author\":{\"name\":\"Comptoir National de l'Or\",\"@id\":\"https:\\\/\\\/www.gold.fr\\\/news\\\/#\\\/schema\\\/person\\\/070491b4b4fb7671bf59b3be20302ce9\"},\"headline\":\"Correction de l\u2019or \u2013 Une phase n\u00e9cessaire\",\"datePublished\":\"2012-10-17T15:00:26+00:00\",\"dateModified\":\"2021-09-10T14:18:32+00:00\",\"mainEntityOfPage\":{\"@id\":\"https:\\\/\\\/www.gold.fr\\\/news\\\/2012\\\/10\\\/17\\\/correction-de-lor-une-phase-necessaire\\\/\"},\"wordCount\":242,\"image\":{\"@id\":\"https:\\\/\\\/www.gold.fr\\\/news\\\/2012\\\/10\\\/17\\\/correction-de-lor-une-phase-necessaire\\\/#primaryimage\"},\"thumbnailUrl\":\"https:\\\/\\\/www.gold.fr\\\/news\\\/wp-content\\\/uploads\\\/2018\\\/12\\\/tonnes-or-lingots.jpg\",\"keywords\":[\"correction de l'or\",\"course haussi\u00e8re\",\"prix de l'once\",\"Tout Cours de l'Or\"],\"articleSection\":[\"Articles de presse\"],\"inLanguage\":\"fr-FR\"},{\"@type\":\"WebPage\",\"@id\":\"https:\\\/\\\/www.gold.fr\\\/news\\\/2012\\\/10\\\/17\\\/correction-de-lor-une-phase-necessaire\\\/\",\"url\":\"https:\\\/\\\/www.gold.fr\\\/news\\\/2012\\\/10\\\/17\\\/correction-de-lor-une-phase-necessaire\\\/\",\"name\":\"Correction de l\u2019or \u2013 Une phase n\u00e9cessaire - Gold.fr\",\"isPartOf\":{\"@id\":\"https:\\\/\\\/www.gold.fr\\\/news\\\/#website\"},\"primaryImageOfPage\":{\"@id\":\"https:\\\/\\\/www.gold.fr\\\/news\\\/2012\\\/10\\\/17\\\/correction-de-lor-une-phase-necessaire\\\/#primaryimage\"},\"image\":{\"@id\":\"https:\\\/\\\/www.gold.fr\\\/news\\\/2012\\\/10\\\/17\\\/correction-de-lor-une-phase-necessaire\\\/#primaryimage\"},\"thumbnailUrl\":\"https:\\\/\\\/www.gold.fr\\\/news\\\/wp-content\\\/uploads\\\/2018\\\/12\\\/tonnes-or-lingots.jpg\",\"datePublished\":\"2012-10-17T15:00:26+00:00\",\"dateModified\":\"2021-09-10T14:18:32+00:00\",\"author\":{\"@id\":\"https:\\\/\\\/www.gold.fr\\\/news\\\/#\\\/schema\\\/person\\\/070491b4b4fb7671bf59b3be20302ce9\"},\"breadcrumb\":{\"@id\":\"https:\\\/\\\/www.gold.fr\\\/news\\\/2012\\\/10\\\/17\\\/correction-de-lor-une-phase-necessaire\\\/#breadcrumb\"},\"inLanguage\":\"fr-FR\",\"potentialAction\":[{\"@type\":\"ReadAction\",\"target\":[\"https:\\\/\\\/www.gold.fr\\\/news\\\/2012\\\/10\\\/17\\\/correction-de-lor-une-phase-necessaire\\\/\"]}]},{\"@type\":\"ImageObject\",\"inLanguage\":\"fr-FR\",\"@id\":\"https:\\\/\\\/www.gold.fr\\\/news\\\/2012\\\/10\\\/17\\\/correction-de-lor-une-phase-necessaire\\\/#primaryimage\",\"url\":\"https:\\\/\\\/www.gold.fr\\\/news\\\/wp-content\\\/uploads\\\/2018\\\/12\\\/tonnes-or-lingots.jpg\",\"contentUrl\":\"https:\\\/\\\/www.gold.fr\\\/news\\\/wp-content\\\/uploads\\\/2018\\\/12\\\/tonnes-or-lingots.jpg\",\"width\":1254,\"height\":836,\"caption\":\"Ces 5 fonds cot\u00e9s qui d\u00e9tiennent 1500 tonnes d\u2019or\"},{\"@type\":\"BreadcrumbList\",\"@id\":\"https:\\\/\\\/www.gold.fr\\\/news\\\/2012\\\/10\\\/17\\\/correction-de-lor-une-phase-necessaire\\\/#breadcrumb\",\"itemListElement\":[{\"@type\":\"ListItem\",\"position\":1,\"name\":\"Accueil\",\"item\":\"https:\\\/\\\/www.gold.fr\\\/\"},{\"@type\":\"ListItem\",\"position\":2,\"name\":\"Actualit\u00e9s\",\"item\":\"https:\\\/\\\/www.gold.fr\\\/news\\\/\"},{\"@type\":\"ListItem\",\"position\":3,\"name\":\"Correction de l\u2019or \u2013 Une phase n\u00e9cessaire\"}]},{\"@type\":\"WebSite\",\"@id\":\"https:\\\/\\\/www.gold.fr\\\/news\\\/#website\",\"url\":\"https:\\\/\\\/www.gold.fr\\\/news\\\/\",\"name\":\"Gold.fr\",\"description\":\"Actualit\u00e9s de l&#039;Or et des m\u00e9taux pr\u00e9cieux\",\"potentialAction\":[{\"@type\":\"SearchAction\",\"target\":{\"@type\":\"EntryPoint\",\"urlTemplate\":\"https:\\\/\\\/www.gold.fr\\\/news\\\/?s={search_term_string}\"},\"query-input\":{\"@type\":\"PropertyValueSpecification\",\"valueRequired\":true,\"valueName\":\"search_term_string\"}}],\"inLanguage\":\"fr-FR\"},{\"@type\":\"Person\",\"@id\":\"https:\\\/\\\/www.gold.fr\\\/news\\\/#\\\/schema\\\/person\\\/070491b4b4fb7671bf59b3be20302ce9\",\"name\":\"Comptoir National de l'Or\",\"image\":{\"@type\":\"ImageObject\",\"inLanguage\":\"fr-FR\",\"@id\":\"https:\\\/\\\/secure.gravatar.com\\\/avatar\\\/0a2867fd5abe37bed95d5a65e9d58f01756e11efc68af9888dfc50cfa7f65948?s=96&d=mm&r=gb490554db0a38188709de567aa58480d\",\"url\":\"https:\\\/\\\/secure.gravatar.com\\\/avatar\\\/0a2867fd5abe37bed95d5a65e9d58f01756e11efc68af9888dfc50cfa7f65948?s=96&d=mm&r=g\",\"contentUrl\":\"https:\\\/\\\/secure.gravatar.com\\\/avatar\\\/0a2867fd5abe37bed95d5a65e9d58f01756e11efc68af9888dfc50cfa7f65948?s=96&d=mm&r=g\",\"caption\":\"Comptoir National de l'Or\"},\"description\":\"Notre r\u00e9daction est constitu\u00e9e de membres experts dans les m\u00e9tiers de l'\u00e9conomie et la gestion, des Responsables d'agence Comptoir National de l'Or, des analystes financiers qui publient r\u00e9guli\u00e8rement des \u00e9tudes sur les politiques des banques centrales, le cours de l'or, prix de l'or, cours de l'argent, prix de l'argent, cours du platine, cours du palladium,... la situation en zone euro et l'impact de la strat\u00e9gie mon\u00e9taire de la FED. Notre \u00e9quipe scrute \u00e9galement une information plus g\u00e9n\u00e9raliste \u00e0 la recherche d'actualit\u00e9 \\\"p\u00e9pite\\\" \u00e0 vous partager. Depuis 5 ans, nous avons publi\u00e9 un peu plus de 4000 articles qui s'adressent \u00e0 un public large et vari\u00e9 ayant pour objectif de satisfaire votre curiosit\u00e9 et de partager avec vous une certaine fascination pour le m\u00e9tal jaune, le rachat d'or, et pour ceux qui veulent investir dans l'or, vendre leur or tout simplement en savoir plus... Pour tous vos achat or et argent, n'h\u00e9sitez pas \u00e0 prendre rendez-vous dans l'un de nos nombreux comptoirs.\",\"sameAs\":[\"https:\\\/\\\/www.gold.fr\"]}]}<\/script>\n<!-- \/ Yoast SEO plugin. -->","yoast_head_json":{"title":"Correction de l\u2019or \u2013 Une phase n\u00e9cessaire - Gold.fr","robots":{"index":"index","follow":"follow","max-snippet":"max-snippet:-1","max-image-preview":"max-image-preview:large","max-video-preview":"max-video-preview:-1"},"canonical":"https:\/\/www.gold.fr\/news\/2012\/10\/17\/correction-de-lor-une-phase-necessaire\/","og_locale":"fr_FR","og_type":"article","og_title":"Correction de l\u2019or \u2013 Une phase n\u00e9cessaire - Gold.fr","og_description":"D&rsquo;apr\u00e8s les analystes de la Standard Bank, il est grand temps que la course haussi\u00e8re du m\u00e9tal jaune fasse une br\u00e8ve halte et reprenne son souffle. Ils tirent ainsi cette conclusion apr\u00e8s avoir not\u00e9 que les [&hellip;]","og_url":"https:\/\/www.gold.fr\/news\/2012\/10\/17\/correction-de-lor-une-phase-necessaire\/","og_site_name":"Gold.fr","article_publisher":"https:\/\/www.facebook.com\/Goldfr\/","article_published_time":"2012-10-17T15:00:26+00:00","article_modified_time":"2021-09-10T14:18:32+00:00","og_image":[{"width":1254,"height":836,"url":"https:\/\/www.gold.fr\/news\/wp-content\/uploads\/2018\/12\/tonnes-or-lingots.jpg","type":"image\/jpeg"}],"author":"Comptoir National de l'Or","twitter_card":"summary_large_image","twitter_misc":{"\u00c9crit par":"Comptoir National de l'Or","Dur\u00e9e de lecture estim\u00e9e":"1 minute"},"schema":{"@context":"https:\/\/schema.org","@graph":[{"@type":"Article","@id":"https:\/\/www.gold.fr\/news\/2012\/10\/17\/correction-de-lor-une-phase-necessaire\/#article","isPartOf":{"@id":"https:\/\/www.gold.fr\/news\/2012\/10\/17\/correction-de-lor-une-phase-necessaire\/"},"author":{"name":"Comptoir National de l'Or","@id":"https:\/\/www.gold.fr\/news\/#\/schema\/person\/070491b4b4fb7671bf59b3be20302ce9"},"headline":"Correction de l\u2019or \u2013 Une phase n\u00e9cessaire","datePublished":"2012-10-17T15:00:26+00:00","dateModified":"2021-09-10T14:18:32+00:00","mainEntityOfPage":{"@id":"https:\/\/www.gold.fr\/news\/2012\/10\/17\/correction-de-lor-une-phase-necessaire\/"},"wordCount":242,"image":{"@id":"https:\/\/www.gold.fr\/news\/2012\/10\/17\/correction-de-lor-une-phase-necessaire\/#primaryimage"},"thumbnailUrl":"https:\/\/www.gold.fr\/news\/wp-content\/uploads\/2018\/12\/tonnes-or-lingots.jpg","keywords":["correction de l'or","course haussi\u00e8re","prix de l'once","Tout Cours de l'Or"],"articleSection":["Articles de presse"],"inLanguage":"fr-FR"},{"@type":"WebPage","@id":"https:\/\/www.gold.fr\/news\/2012\/10\/17\/correction-de-lor-une-phase-necessaire\/","url":"https:\/\/www.gold.fr\/news\/2012\/10\/17\/correction-de-lor-une-phase-necessaire\/","name":"Correction de l\u2019or \u2013 Une phase n\u00e9cessaire - Gold.fr","isPartOf":{"@id":"https:\/\/www.gold.fr\/news\/#website"},"primaryImageOfPage":{"@id":"https:\/\/www.gold.fr\/news\/2012\/10\/17\/correction-de-lor-une-phase-necessaire\/#primaryimage"},"image":{"@id":"https:\/\/www.gold.fr\/news\/2012\/10\/17\/correction-de-lor-une-phase-necessaire\/#primaryimage"},"thumbnailUrl":"https:\/\/www.gold.fr\/news\/wp-content\/uploads\/2018\/12\/tonnes-or-lingots.jpg","datePublished":"2012-10-17T15:00:26+00:00","dateModified":"2021-09-10T14:18:32+00:00","author":{"@id":"https:\/\/www.gold.fr\/news\/#\/schema\/person\/070491b4b4fb7671bf59b3be20302ce9"},"breadcrumb":{"@id":"https:\/\/www.gold.fr\/news\/2012\/10\/17\/correction-de-lor-une-phase-necessaire\/#breadcrumb"},"inLanguage":"fr-FR","potentialAction":[{"@type":"ReadAction","target":["https:\/\/www.gold.fr\/news\/2012\/10\/17\/correction-de-lor-une-phase-necessaire\/"]}]},{"@type":"ImageObject","inLanguage":"fr-FR","@id":"https:\/\/www.gold.fr\/news\/2012\/10\/17\/correction-de-lor-une-phase-necessaire\/#primaryimage","url":"https:\/\/www.gold.fr\/news\/wp-content\/uploads\/2018\/12\/tonnes-or-lingots.jpg","contentUrl":"https:\/\/www.gold.fr\/news\/wp-content\/uploads\/2018\/12\/tonnes-or-lingots.jpg","width":1254,"height":836,"caption":"Ces 5 fonds cot\u00e9s qui d\u00e9tiennent 1500 tonnes d\u2019or"},{"@type":"BreadcrumbList","@id":"https:\/\/www.gold.fr\/news\/2012\/10\/17\/correction-de-lor-une-phase-necessaire\/#breadcrumb","itemListElement":[{"@type":"ListItem","position":1,"name":"Accueil","item":"https:\/\/www.gold.fr\/"},{"@type":"ListItem","position":2,"name":"Actualit\u00e9s","item":"https:\/\/www.gold.fr\/news\/"},{"@type":"ListItem","position":3,"name":"Correction de l\u2019or \u2013 Une phase n\u00e9cessaire"}]},{"@type":"WebSite","@id":"https:\/\/www.gold.fr\/news\/#website","url":"https:\/\/www.gold.fr\/news\/","name":"Gold.fr","description":"Actualit\u00e9s de l&#039;Or et des m\u00e9taux pr\u00e9cieux","potentialAction":[{"@type":"SearchAction","target":{"@type":"EntryPoint","urlTemplate":"https:\/\/www.gold.fr\/news\/?s={search_term_string}"},"query-input":{"@type":"PropertyValueSpecification","valueRequired":true,"valueName":"search_term_string"}}],"inLanguage":"fr-FR"},{"@type":"Person","@id":"https:\/\/www.gold.fr\/news\/#\/schema\/person\/070491b4b4fb7671bf59b3be20302ce9","name":"Comptoir National de l'Or","image":{"@type":"ImageObject","inLanguage":"fr-FR","@id":"https:\/\/secure.gravatar.com\/avatar\/0a2867fd5abe37bed95d5a65e9d58f01756e11efc68af9888dfc50cfa7f65948?s=96&d=mm&r=gb490554db0a38188709de567aa58480d","url":"https:\/\/secure.gravatar.com\/avatar\/0a2867fd5abe37bed95d5a65e9d58f01756e11efc68af9888dfc50cfa7f65948?s=96&d=mm&r=g","contentUrl":"https:\/\/secure.gravatar.com\/avatar\/0a2867fd5abe37bed95d5a65e9d58f01756e11efc68af9888dfc50cfa7f65948?s=96&d=mm&r=g","caption":"Comptoir National de l'Or"},"description":"Notre r\u00e9daction est constitu\u00e9e de membres experts dans les m\u00e9tiers de l'\u00e9conomie et la gestion, des Responsables d'agence Comptoir National de l'Or, des analystes financiers qui publient r\u00e9guli\u00e8rement des \u00e9tudes sur les politiques des banques centrales, le cours de l'or, prix de l'or, cours de l'argent, prix de l'argent, cours du platine, cours du palladium,... la situation en zone euro et l'impact de la strat\u00e9gie mon\u00e9taire de la FED. Notre \u00e9quipe scrute \u00e9galement une information plus g\u00e9n\u00e9raliste \u00e0 la recherche d'actualit\u00e9 \"p\u00e9pite\" \u00e0 vous partager. Depuis 5 ans, nous avons publi\u00e9 un peu plus de 4000 articles qui s'adressent \u00e0 un public large et vari\u00e9 ayant pour objectif de satisfaire votre curiosit\u00e9 et de partager avec vous une certaine fascination pour le m\u00e9tal jaune, le rachat d'or, et pour ceux qui veulent investir dans l'or, vendre leur or tout simplement en savoir plus... Pour tous vos achat or et argent, n'h\u00e9sitez pas \u00e0 prendre rendez-vous dans l'un de nos nombreux comptoirs.","sameAs":["https:\/\/www.gold.fr"]}]}},"authors":[{"term_id":2565,"user_id":18,"is_guest":0,"slug":"julie","display_name":"Comptoir National de l'Or","avatar_url":"https:\/\/secure.gravatar.com\/avatar\/713f289e398d35ead876c4a4cc08607f0d6d266058cfc25683fffb6092d0e572?s=96&d=mm&r=g","0":null,"1":"","2":"","3":"","4":"","5":"","6":"","7":"","8":""}],"_links":{"self":[{"href":"https:\/\/www.gold.fr\/news\/wp-json\/wp\/v2\/posts\/9572","targetHints":{"allow":["GET"]}}],"collection":[{"href":"https:\/\/www.gold.fr\/news\/wp-json\/wp\/v2\/posts"}],"about":[{"href":"https:\/\/www.gold.fr\/news\/wp-json\/wp\/v2\/types\/post"}],"author":[{"embeddable":true,"href":"https:\/\/www.gold.fr\/news\/wp-json\/wp\/v2\/users\/18"}],"replies":[{"embeddable":true,"href":"https:\/\/www.gold.fr\/news\/wp-json\/wp\/v2\/comments?post=9572"}],"version-history":[{"count":0,"href":"https:\/\/www.gold.fr\/news\/wp-json\/wp\/v2\/posts\/9572\/revisions"}],"wp:featuredmedia":[{"embeddable":true,"href":"https:\/\/www.gold.fr\/news\/wp-json\/wp\/v2\/media\/34866"}],"wp:attachment":[{"href":"https:\/\/www.gold.fr\/news\/wp-json\/wp\/v2\/media?parent=9572"}],"wp:term":[{"taxonomy":"category","embeddable":true,"href":"https:\/\/www.gold.fr\/news\/wp-json\/wp\/v2\/categories?post=9572"},{"taxonomy":"post_tag","embeddable":true,"href":"https:\/\/www.gold.fr\/news\/wp-json\/wp\/v2\/tags?post=9572"},{"taxonomy":"author","embeddable":true,"href":"https:\/\/www.gold.fr\/news\/wp-json\/wp\/v2\/ppma_author?post=9572"}],"curies":[{"name":"wp","href":"https:\/\/api.w.org\/{rel}","templated":true}]}}