{"id":9419,"date":"2012-10-02T13:00:04","date_gmt":"2012-10-02T11:00:04","guid":{"rendered":"https:\/\/www.gold.fr\/news\/?p=9419"},"modified":"2017-11-02T11:35:12","modified_gmt":"2017-11-02T10:35:12","slug":"cours-de-lor-lor-maintient-le-cap-de-la-hausse","status":"publish","type":"post","link":"https:\/\/www.gold.fr\/news\/2012\/10\/02\/cours-de-lor-lor-maintient-le-cap-de-la-hausse\/","title":{"rendered":"Cours de l&rsquo;Or : L\u2019or maintient le cap de la hausse."},"content":{"rendered":"<p><span style=\"font-size: small;\"><img loading=\"lazy\" decoding=\"async\" class=\"alignleft size-thumbnail wp-image-2925\" title=\"Cours de l'Or de la Bourse\" src=\"https:\/\/www.gold.fr\/news\/wp-content\/uploads\/2011\/10\/974582111-150x150.jpg\" alt=\"\" width=\"150\" height=\"150\" \/>Le seuil des <strong>1 770 dollars<\/strong> l&rsquo;once semble \u00eatre d\u00e9pass\u00e9 de mani\u00e8re permanente, et la relique barbare fr\u00f4le m\u00eame l\u00e9g\u00e8rement les <strong>1 780 dollars<\/strong>. C&rsquo;est un d\u00e9but de semaine particuli\u00e8rement brillant qui annonce un mois d&rsquo;octobre tr\u00e8s dor\u00e9.<\/span>    <span style=\"font-size: small;\"><a title=\"Cours de l\u2019or : Lundi 1 octobre\" href=\"https:\/\/www.gold.fr\/news\/2012\/10\/01\/cours-de-lor-une-nouvelle-semaine-dhesitation-en-perspective\/9402\/\" target=\"_blank\">La s\u00e9ance de la veille<\/a> aura fourni son propre lot d&rsquo;adr\u00e9naline. Cl\u00f4tur\u00e9e sur <a title=\"Cours de l'Or de Bourse\" href=\"https:\/\/www.gold.fr\/cours-prix-de-l-or\/\" target=\"_blank\">un cours<\/a> de <strong>1 773.90 dollars<\/strong> l&rsquo;once, la journ\u00e9e boursi\u00e8re de l&rsquo;<a href='https:\/\/www.gold.fr\/news\/tags\/or' class='esk-seo-plu-link'>or<\/a> a vu passer le <a href='https:\/\/www.gold.fr\/news\/tags\/or' class='esk-seo-plu-link'>m\u00e9tal pr\u00e9cieux<\/a> des timides <strong>1 770.50 dollars<\/strong> aux impressionnants <strong>1 787 dollars<\/strong>.<\/span>    <span style=\"font-size: small;\">Avec une ouverture \u00e0 <strong>1 776.90 dollars<\/strong>, la s\u00e9ance de ce mardi 2 octobre 2012 marque d\u00e9j\u00e0 une hausse de l&rsquo;ordre de <strong>0.17%<\/strong> et maintient ainsi le cap d&rsquo;une hausse aussi solide qu&rsquo;acc\u00e9l\u00e9r\u00e9e.<\/span><\/p>\n<!-- AddThis Advanced Settings generic via filter on the_content --><!-- AddThis Share Buttons generic via filter on the_content -->","protected":false},"excerpt":{"rendered":"<p>Le seuil des 1 770 dollars l&rsquo;once semble \u00eatre d\u00e9pass\u00e9 de mani\u00e8re permanente, et la relique barbare fr\u00f4le m\u00eame l\u00e9g\u00e8rement les 1 780 dollars. C&rsquo;est un d\u00e9but de semaine particuli\u00e8rement brillant qui annonce un mois d&rsquo;octobre [&hellip;]<\/p>\n","protected":false},"author":18,"featured_media":2925,"comment_status":"open","ping_status":"open","sticky":false,"template":"","format":"standard","meta":{"_mbp_gutenberg_autopost":false,"_pgmb_is_evergreen":false,"_pgmb_ap_template_id":0,"footnotes":""},"categories":[5],"tags":[385,84],"ppma_author":[2565],"class_list":["post-9419","post","type-post","status-publish","format-standard","has-post-thumbnail","hentry","category-flash-infos","tag-cours-de-lor-de-bourse","tag-cours-de-lor"],"yoast_head":"<!-- This site is optimized with the Yoast SEO plugin v26.9 - https:\/\/yoast.com\/product\/yoast-seo-wordpress\/ -->\n<title>Cours de l&#039;Or : L\u2019or maintient le cap de la hausse. - Gold.fr<\/title>\n<meta name=\"robots\" content=\"index, follow, max-snippet:-1, max-image-preview:large, max-video-preview:-1\" \/>\n<link rel=\"canonical\" href=\"https:\/\/www.gold.fr\/news\/2012\/10\/02\/cours-de-lor-lor-maintient-le-cap-de-la-hausse\/\" \/>\n<meta property=\"og:locale\" content=\"fr_FR\" \/>\n<meta property=\"og:type\" content=\"article\" \/>\n<meta property=\"og:title\" content=\"Cours de l&#039;Or : L\u2019or maintient le cap de la hausse. - Gold.fr\" \/>\n<meta property=\"og:description\" content=\"Le seuil des 1 770 dollars l&rsquo;once semble \u00eatre d\u00e9pass\u00e9 de mani\u00e8re permanente, et la relique barbare fr\u00f4le m\u00eame l\u00e9g\u00e8rement les 1 780 dollars. C&rsquo;est un d\u00e9but de semaine particuli\u00e8rement brillant qui annonce un mois d&rsquo;octobre [&hellip;]\" \/>\n<meta property=\"og:url\" content=\"https:\/\/www.gold.fr\/news\/2012\/10\/02\/cours-de-lor-lor-maintient-le-cap-de-la-hausse\/\" \/>\n<meta property=\"og:site_name\" content=\"Gold.fr\" \/>\n<meta property=\"article:publisher\" content=\"https:\/\/www.facebook.com\/Goldfr\/\" \/>\n<meta property=\"article:published_time\" content=\"2012-10-02T11:00:04+00:00\" \/>\n<meta property=\"article:modified_time\" content=\"2017-11-02T10:35:12+00:00\" \/>\n<meta property=\"og:image\" content=\"https:\/\/www.gold.fr\/news\/wp-content\/uploads\/2011\/10\/974582111.jpg\" \/>\n\t<meta property=\"og:image:width\" content=\"600\" \/>\n\t<meta property=\"og:image:height\" content=\"407\" \/>\n\t<meta property=\"og:image:type\" content=\"image\/jpeg\" \/>\n<meta name=\"author\" content=\"Comptoir National de l&#039;Or\" \/>\n<meta name=\"twitter:card\" content=\"summary_large_image\" \/>\n<meta name=\"twitter:label1\" content=\"\u00c9crit par\" \/>\n\t<meta name=\"twitter:data1\" content=\"Comptoir National de l&#039;Or\" \/>\n\t<meta name=\"twitter:label2\" content=\"Dur\u00e9e de lecture estim\u00e9e\" \/>\n\t<meta name=\"twitter:data2\" content=\"1 minute\" \/>\n<script type=\"application\/ld+json\" class=\"yoast-schema-graph\">{\"@context\":\"https:\/\/schema.org\",\"@graph\":[{\"@type\":\"Article\",\"@id\":\"https:\/\/www.gold.fr\/news\/2012\/10\/02\/cours-de-lor-lor-maintient-le-cap-de-la-hausse\/#article\",\"isPartOf\":{\"@id\":\"https:\/\/www.gold.fr\/news\/2012\/10\/02\/cours-de-lor-lor-maintient-le-cap-de-la-hausse\/\"},\"author\":{\"name\":\"Comptoir National de l'Or\",\"@id\":\"https:\/\/www.gold.fr\/news\/#\/schema\/person\/760ee7cec237915eebf2be78df0404c4\"},\"headline\":\"Cours de l&rsquo;Or : L\u2019or maintient le cap de la hausse.\",\"datePublished\":\"2012-10-02T11:00:04+00:00\",\"dateModified\":\"2017-11-02T10:35:12+00:00\",\"mainEntityOfPage\":{\"@id\":\"https:\/\/www.gold.fr\/news\/2012\/10\/02\/cours-de-lor-lor-maintient-le-cap-de-la-hausse\/\"},\"wordCount\":139,\"commentCount\":3,\"image\":{\"@id\":\"https:\/\/www.gold.fr\/news\/2012\/10\/02\/cours-de-lor-lor-maintient-le-cap-de-la-hausse\/#primaryimage\"},\"thumbnailUrl\":\"https:\/\/www.gold.fr\/news\/wp-content\/uploads\/2011\/10\/974582111.jpg\",\"keywords\":[\"cours de l'or de bourse\",\"Tout Cours de l'Or\"],\"articleSection\":[\"Flash infos\"],\"inLanguage\":\"fr-FR\"},{\"@type\":\"WebPage\",\"@id\":\"https:\/\/www.gold.fr\/news\/2012\/10\/02\/cours-de-lor-lor-maintient-le-cap-de-la-hausse\/\",\"url\":\"https:\/\/www.gold.fr\/news\/2012\/10\/02\/cours-de-lor-lor-maintient-le-cap-de-la-hausse\/\",\"name\":\"Cours de l'Or : L\u2019or maintient le cap de la hausse. - Gold.fr\",\"isPartOf\":{\"@id\":\"https:\/\/www.gold.fr\/news\/#website\"},\"primaryImageOfPage\":{\"@id\":\"https:\/\/www.gold.fr\/news\/2012\/10\/02\/cours-de-lor-lor-maintient-le-cap-de-la-hausse\/#primaryimage\"},\"image\":{\"@id\":\"https:\/\/www.gold.fr\/news\/2012\/10\/02\/cours-de-lor-lor-maintient-le-cap-de-la-hausse\/#primaryimage\"},\"thumbnailUrl\":\"https:\/\/www.gold.fr\/news\/wp-content\/uploads\/2011\/10\/974582111.jpg\",\"datePublished\":\"2012-10-02T11:00:04+00:00\",\"dateModified\":\"2017-11-02T10:35:12+00:00\",\"author\":{\"@id\":\"https:\/\/www.gold.fr\/news\/#\/schema\/person\/760ee7cec237915eebf2be78df0404c4\"},\"breadcrumb\":{\"@id\":\"https:\/\/www.gold.fr\/news\/2012\/10\/02\/cours-de-lor-lor-maintient-le-cap-de-la-hausse\/#breadcrumb\"},\"inLanguage\":\"fr-FR\",\"potentialAction\":[{\"@type\":\"ReadAction\",\"target\":[\"https:\/\/www.gold.fr\/news\/2012\/10\/02\/cours-de-lor-lor-maintient-le-cap-de-la-hausse\/\"]}]},{\"@type\":\"ImageObject\",\"inLanguage\":\"fr-FR\",\"@id\":\"https:\/\/www.gold.fr\/news\/2012\/10\/02\/cours-de-lor-lor-maintient-le-cap-de-la-hausse\/#primaryimage\",\"url\":\"https:\/\/www.gold.fr\/news\/wp-content\/uploads\/2011\/10\/974582111.jpg\",\"contentUrl\":\"https:\/\/www.gold.fr\/news\/wp-content\/uploads\/2011\/10\/974582111.jpg\",\"width\":\"600\",\"height\":\"407\",\"caption\":\"March\u00e9 de l\u2019or : Une hausse semestrielle de 30%\"},{\"@type\":\"BreadcrumbList\",\"@id\":\"https:\/\/www.gold.fr\/news\/2012\/10\/02\/cours-de-lor-lor-maintient-le-cap-de-la-hausse\/#breadcrumb\",\"itemListElement\":[{\"@type\":\"ListItem\",\"position\":1,\"name\":\"Accueil\",\"item\":\"https:\/\/www.gold.fr\/\"},{\"@type\":\"ListItem\",\"position\":2,\"name\":\"Actualit\u00e9s\",\"item\":\"https:\/\/www.gold.fr\/news\/\"},{\"@type\":\"ListItem\",\"position\":3,\"name\":\"Cours de l&rsquo;Or : L\u2019or maintient le cap de la hausse.\"}]},{\"@type\":\"WebSite\",\"@id\":\"https:\/\/www.gold.fr\/news\/#website\",\"url\":\"https:\/\/www.gold.fr\/news\/\",\"name\":\"Gold.fr\",\"description\":\"Actualit\u00e9s de l&#039;Or et des m\u00e9taux pr\u00e9cieux\",\"potentialAction\":[{\"@type\":\"SearchAction\",\"target\":{\"@type\":\"EntryPoint\",\"urlTemplate\":\"https:\/\/www.gold.fr\/news\/?s={search_term_string}\"},\"query-input\":{\"@type\":\"PropertyValueSpecification\",\"valueRequired\":true,\"valueName\":\"search_term_string\"}}],\"inLanguage\":\"fr-FR\"},{\"@type\":\"Person\",\"@id\":\"https:\/\/www.gold.fr\/news\/#\/schema\/person\/760ee7cec237915eebf2be78df0404c4\",\"name\":\"Comptoir National de l'Or\",\"image\":{\"@type\":\"ImageObject\",\"inLanguage\":\"fr-FR\",\"@id\":\"https:\/\/www.gold.fr\/news\/#\/schema\/person\/image\/c36675942654553a86039d2dfa93c740\",\"url\":\"https:\/\/secure.gravatar.com\/avatar\/713f289e398d35ead876c4a4cc08607f0d6d266058cfc25683fffb6092d0e572?s=96&d=mm&r=g\",\"contentUrl\":\"https:\/\/secure.gravatar.com\/avatar\/713f289e398d35ead876c4a4cc08607f0d6d266058cfc25683fffb6092d0e572?s=96&d=mm&r=g\",\"caption\":\"Comptoir National de l'Or\"},\"description\":\"Notre r\u00e9daction est constitu\u00e9e de membres experts dans les m\u00e9tiers de l'\u00e9conomie et la gestion, des Responsables d'agence Comptoir National de l'Or, des analystes financiers qui publient r\u00e9guli\u00e8rement des \u00e9tudes sur les politiques des banques centrales, le cours de l'or, prix de l'or, cours de l'argent, prix de l'argent, cours du platine, cours du palladium,... la situation en zone euro et l'impact de la strat\u00e9gie mon\u00e9taire de la FED. Notre \u00e9quipe scrute \u00e9galement une information plus g\u00e9n\u00e9raliste \u00e0 la recherche d'actualit\u00e9 \\\"p\u00e9pite\\\" \u00e0 vous partager. Depuis 5 ans, nous avons publi\u00e9 un peu plus de 4000 articles qui s'adressent \u00e0 un public large et vari\u00e9 ayant pour objectif de satisfaire votre curiosit\u00e9 et de partager avec vous une certaine fascination pour le m\u00e9tal jaune, le rachat d'or, et pour ceux qui veulent investir dans l'or, vendre leur or tout simplement en savoir plus... Pour tous vos achat or et argent, n'h\u00e9sitez pas \u00e0 prendre rendez-vous dans l'un de nos nombreux comptoirs.\",\"sameAs\":[\"https:\/\/www.gold.fr\"]}]}<\/script>\n<!-- \/ Yoast SEO plugin. -->","yoast_head_json":{"title":"Cours de l'Or : L\u2019or maintient le cap de la hausse. - Gold.fr","robots":{"index":"index","follow":"follow","max-snippet":"max-snippet:-1","max-image-preview":"max-image-preview:large","max-video-preview":"max-video-preview:-1"},"canonical":"https:\/\/www.gold.fr\/news\/2012\/10\/02\/cours-de-lor-lor-maintient-le-cap-de-la-hausse\/","og_locale":"fr_FR","og_type":"article","og_title":"Cours de l'Or : L\u2019or maintient le cap de la hausse. - Gold.fr","og_description":"Le seuil des 1 770 dollars l&rsquo;once semble \u00eatre d\u00e9pass\u00e9 de mani\u00e8re permanente, et la relique barbare fr\u00f4le m\u00eame l\u00e9g\u00e8rement les 1 780 dollars. C&rsquo;est un d\u00e9but de semaine particuli\u00e8rement brillant qui annonce un mois d&rsquo;octobre [&hellip;]","og_url":"https:\/\/www.gold.fr\/news\/2012\/10\/02\/cours-de-lor-lor-maintient-le-cap-de-la-hausse\/","og_site_name":"Gold.fr","article_publisher":"https:\/\/www.facebook.com\/Goldfr\/","article_published_time":"2012-10-02T11:00:04+00:00","article_modified_time":"2017-11-02T10:35:12+00:00","og_image":[{"width":600,"height":407,"url":"https:\/\/www.gold.fr\/news\/wp-content\/uploads\/2011\/10\/974582111.jpg","type":"image\/jpeg"}],"author":"Comptoir National de l'Or","twitter_card":"summary_large_image","twitter_misc":{"\u00c9crit par":"Comptoir National de l'Or","Dur\u00e9e de lecture estim\u00e9e":"1 minute"},"schema":{"@context":"https:\/\/schema.org","@graph":[{"@type":"Article","@id":"https:\/\/www.gold.fr\/news\/2012\/10\/02\/cours-de-lor-lor-maintient-le-cap-de-la-hausse\/#article","isPartOf":{"@id":"https:\/\/www.gold.fr\/news\/2012\/10\/02\/cours-de-lor-lor-maintient-le-cap-de-la-hausse\/"},"author":{"name":"Comptoir National de l'Or","@id":"https:\/\/www.gold.fr\/news\/#\/schema\/person\/760ee7cec237915eebf2be78df0404c4"},"headline":"Cours de l&rsquo;Or : L\u2019or maintient le cap de la hausse.","datePublished":"2012-10-02T11:00:04+00:00","dateModified":"2017-11-02T10:35:12+00:00","mainEntityOfPage":{"@id":"https:\/\/www.gold.fr\/news\/2012\/10\/02\/cours-de-lor-lor-maintient-le-cap-de-la-hausse\/"},"wordCount":139,"commentCount":3,"image":{"@id":"https:\/\/www.gold.fr\/news\/2012\/10\/02\/cours-de-lor-lor-maintient-le-cap-de-la-hausse\/#primaryimage"},"thumbnailUrl":"https:\/\/www.gold.fr\/news\/wp-content\/uploads\/2011\/10\/974582111.jpg","keywords":["cours de l'or de bourse","Tout Cours de l'Or"],"articleSection":["Flash infos"],"inLanguage":"fr-FR"},{"@type":"WebPage","@id":"https:\/\/www.gold.fr\/news\/2012\/10\/02\/cours-de-lor-lor-maintient-le-cap-de-la-hausse\/","url":"https:\/\/www.gold.fr\/news\/2012\/10\/02\/cours-de-lor-lor-maintient-le-cap-de-la-hausse\/","name":"Cours de l'Or : L\u2019or maintient le cap de la hausse. - Gold.fr","isPartOf":{"@id":"https:\/\/www.gold.fr\/news\/#website"},"primaryImageOfPage":{"@id":"https:\/\/www.gold.fr\/news\/2012\/10\/02\/cours-de-lor-lor-maintient-le-cap-de-la-hausse\/#primaryimage"},"image":{"@id":"https:\/\/www.gold.fr\/news\/2012\/10\/02\/cours-de-lor-lor-maintient-le-cap-de-la-hausse\/#primaryimage"},"thumbnailUrl":"https:\/\/www.gold.fr\/news\/wp-content\/uploads\/2011\/10\/974582111.jpg","datePublished":"2012-10-02T11:00:04+00:00","dateModified":"2017-11-02T10:35:12+00:00","author":{"@id":"https:\/\/www.gold.fr\/news\/#\/schema\/person\/760ee7cec237915eebf2be78df0404c4"},"breadcrumb":{"@id":"https:\/\/www.gold.fr\/news\/2012\/10\/02\/cours-de-lor-lor-maintient-le-cap-de-la-hausse\/#breadcrumb"},"inLanguage":"fr-FR","potentialAction":[{"@type":"ReadAction","target":["https:\/\/www.gold.fr\/news\/2012\/10\/02\/cours-de-lor-lor-maintient-le-cap-de-la-hausse\/"]}]},{"@type":"ImageObject","inLanguage":"fr-FR","@id":"https:\/\/www.gold.fr\/news\/2012\/10\/02\/cours-de-lor-lor-maintient-le-cap-de-la-hausse\/#primaryimage","url":"https:\/\/www.gold.fr\/news\/wp-content\/uploads\/2011\/10\/974582111.jpg","contentUrl":"https:\/\/www.gold.fr\/news\/wp-content\/uploads\/2011\/10\/974582111.jpg","width":"600","height":"407","caption":"March\u00e9 de l\u2019or : Une hausse semestrielle de 30%"},{"@type":"BreadcrumbList","@id":"https:\/\/www.gold.fr\/news\/2012\/10\/02\/cours-de-lor-lor-maintient-le-cap-de-la-hausse\/#breadcrumb","itemListElement":[{"@type":"ListItem","position":1,"name":"Accueil","item":"https:\/\/www.gold.fr\/"},{"@type":"ListItem","position":2,"name":"Actualit\u00e9s","item":"https:\/\/www.gold.fr\/news\/"},{"@type":"ListItem","position":3,"name":"Cours de l&rsquo;Or : L\u2019or maintient le cap de la hausse."}]},{"@type":"WebSite","@id":"https:\/\/www.gold.fr\/news\/#website","url":"https:\/\/www.gold.fr\/news\/","name":"Gold.fr","description":"Actualit\u00e9s de l&#039;Or et des m\u00e9taux pr\u00e9cieux","potentialAction":[{"@type":"SearchAction","target":{"@type":"EntryPoint","urlTemplate":"https:\/\/www.gold.fr\/news\/?s={search_term_string}"},"query-input":{"@type":"PropertyValueSpecification","valueRequired":true,"valueName":"search_term_string"}}],"inLanguage":"fr-FR"},{"@type":"Person","@id":"https:\/\/www.gold.fr\/news\/#\/schema\/person\/760ee7cec237915eebf2be78df0404c4","name":"Comptoir National de l'Or","image":{"@type":"ImageObject","inLanguage":"fr-FR","@id":"https:\/\/www.gold.fr\/news\/#\/schema\/person\/image\/c36675942654553a86039d2dfa93c740","url":"https:\/\/secure.gravatar.com\/avatar\/713f289e398d35ead876c4a4cc08607f0d6d266058cfc25683fffb6092d0e572?s=96&d=mm&r=g","contentUrl":"https:\/\/secure.gravatar.com\/avatar\/713f289e398d35ead876c4a4cc08607f0d6d266058cfc25683fffb6092d0e572?s=96&d=mm&r=g","caption":"Comptoir National de l'Or"},"description":"Notre r\u00e9daction est constitu\u00e9e de membres experts dans les m\u00e9tiers de l'\u00e9conomie et la gestion, des Responsables d'agence Comptoir National de l'Or, des analystes financiers qui publient r\u00e9guli\u00e8rement des \u00e9tudes sur les politiques des banques centrales, le cours de l'or, prix de l'or, cours de l'argent, prix de l'argent, cours du platine, cours du palladium,... la situation en zone euro et l'impact de la strat\u00e9gie mon\u00e9taire de la FED. Notre \u00e9quipe scrute \u00e9galement une information plus g\u00e9n\u00e9raliste \u00e0 la recherche d'actualit\u00e9 \"p\u00e9pite\" \u00e0 vous partager. Depuis 5 ans, nous avons publi\u00e9 un peu plus de 4000 articles qui s'adressent \u00e0 un public large et vari\u00e9 ayant pour objectif de satisfaire votre curiosit\u00e9 et de partager avec vous une certaine fascination pour le m\u00e9tal jaune, le rachat d'or, et pour ceux qui veulent investir dans l'or, vendre leur or tout simplement en savoir plus... Pour tous vos achat or et argent, n'h\u00e9sitez pas \u00e0 prendre rendez-vous dans l'un de nos nombreux comptoirs.","sameAs":["https:\/\/www.gold.fr"]}]}},"authors":[{"term_id":2565,"user_id":18,"is_guest":0,"slug":"julie","display_name":"Comptoir National de l'Or","avatar_url":"https:\/\/secure.gravatar.com\/avatar\/713f289e398d35ead876c4a4cc08607f0d6d266058cfc25683fffb6092d0e572?s=96&d=mm&r=g","0":null,"1":"","2":"","3":"","4":"","5":"","6":"","7":"","8":""}],"_links":{"self":[{"href":"https:\/\/www.gold.fr\/news\/wp-json\/wp\/v2\/posts\/9419","targetHints":{"allow":["GET"]}}],"collection":[{"href":"https:\/\/www.gold.fr\/news\/wp-json\/wp\/v2\/posts"}],"about":[{"href":"https:\/\/www.gold.fr\/news\/wp-json\/wp\/v2\/types\/post"}],"author":[{"embeddable":true,"href":"https:\/\/www.gold.fr\/news\/wp-json\/wp\/v2\/users\/18"}],"replies":[{"embeddable":true,"href":"https:\/\/www.gold.fr\/news\/wp-json\/wp\/v2\/comments?post=9419"}],"version-history":[{"count":0,"href":"https:\/\/www.gold.fr\/news\/wp-json\/wp\/v2\/posts\/9419\/revisions"}],"wp:featuredmedia":[{"embeddable":true,"href":"https:\/\/www.gold.fr\/news\/wp-json\/wp\/v2\/media\/2925"}],"wp:attachment":[{"href":"https:\/\/www.gold.fr\/news\/wp-json\/wp\/v2\/media?parent=9419"}],"wp:term":[{"taxonomy":"category","embeddable":true,"href":"https:\/\/www.gold.fr\/news\/wp-json\/wp\/v2\/categories?post=9419"},{"taxonomy":"post_tag","embeddable":true,"href":"https:\/\/www.gold.fr\/news\/wp-json\/wp\/v2\/tags?post=9419"},{"taxonomy":"author","embeddable":true,"href":"https:\/\/www.gold.fr\/news\/wp-json\/wp\/v2\/ppma_author?post=9419"}],"curies":[{"name":"wp","href":"https:\/\/api.w.org\/{rel}","templated":true}]}}