{"id":9345,"date":"2012-09-25T10:38:46","date_gmt":"2012-09-25T08:38:46","guid":{"rendered":"https:\/\/www.gold.fr\/news\/?p=9345"},"modified":"2017-10-26T19:03:04","modified_gmt":"2017-10-26T17:03:04","slug":"fed-bce-et-si-lor-avait-le-dernier-mot","status":"publish","type":"post","link":"https:\/\/www.gold.fr\/news\/2012\/09\/25\/fed-bce-et-si-lor-avait-le-dernier-mot\/","title":{"rendered":"FED, BCE.. et si l&rsquo;OR avait le dernier mot?"},"content":{"rendered":"<p><span style=\"font-size: small;\"><img loading=\"lazy\" decoding=\"async\" class=\"alignleft size-thumbnail wp-image-9348\" style=\"float: left; margin: 5px; border: 1px solid black;\" title=\"billet-euro-dollar\" src=\"https:\/\/www.gold.fr\/news\/wp-content\/uploads\/2012\/09\/billet-euro-dollar-150x150.jpg\" alt=\"\" width=\"150\" height=\"150\" \/>Le lancement du programme de rachat de dettes souveraines par la BCE, suivi de l&rsquo;annonce du \u00ab\u00a0Quantitative easing 3&Prime;par la FED (40 milliards par mois de rachats de dettes immobili\u00e8res) destin\u00e9e \u00e0 secourir une \u00e9conomie am\u00e9ricaine d\u00e9faillante, engage <strong>une quantit\u00e9 de liquidit\u00e9 in\u00e9dite dans l&rsquo;\u00e9conomie<\/strong>. La rapidit\u00e9 \u00e0 laquelle seront imprim\u00e9s les billets verts et l&rsquo;euro pour contourner la d\u00e9flation et les mouvements sociaux inh\u00e9rents \u00e0 la situation de crise actuelle, comportent de grands risques de crise hyper-inflationniste. Une enqu\u00eate r\u00e9alis\u00e9e par Federal Reserve de San Francisco \u00e0 ce sujet, \u00e0 travers un sondage sur Facebook notamment, a d\u00e9montr\u00e9 explicitement le m\u00e9contentement des am\u00e9ricains par rapport \u00e0 ces mesures d&rsquo;assouplissement. <\/span>    <span style=\"font-size: small;\">La plupart des personnes interrog\u00e9es lors de cette enqu\u00eate, pensent qu&rsquo;il s&rsquo;agit l\u00e0 d'\u00a0\u00bbun d\u00e9sastre \u00e0 long terme\u00a0\u00bb. En r\u00e9alit\u00e9, de cette action r\u00e9sultera un taux d&rsquo;inflation r\u00e9el, de plus en plus sup\u00e9rieur au taux de rendement et mettra par cons\u00e9quent en p\u00e9ril le pouvoir d&rsquo;achat des \u00e9pargnants et des investisseurs. Pour contrer cela, la FED se fixe pour but le maintien du taux d&rsquo;inflation \u00e0 2%. .. mais est ce vraiment r\u00e9aliste?<\/span>    <span style=\"font-size: small;\">L&rsquo;annonce de Ben Bernanke a b\u00e9n\u00e9fici\u00e9 d&rsquo;un tout autre accueil aupr\u00e8s des courtiers en m\u00e9taux pr\u00e9cieux. En effet, l&rsquo;<a title=\"Cours Once d'Or\" href=\"https:\/\/www.gold.fr\/once-en\/\" target=\"_blank\">once d&rsquo;or<\/a> a bondi \u00e0 1778 dollars, son plus haut niveau depuis <a title=\"Cours de l'Or de Bourse - 29 f\u00e9vrier 2012\" href=\"https:\/\/www.gold.fr\/news\/2012\/02\/29\/cours-de-lor-de-bourse-mercredi-29-fevrier-2012\/6093\/\" target=\"_blank\">le 29 f\u00e9vrier dernier<\/a>. Selon Julian Jessop, analyste \u00e0 Capital Economics, le <a href='https:\/\/www.gold.fr\/news\/tags\/or' class='esk-seo-plu-link'>m\u00e9tal jaune<\/a> pourrait toucher une nouvelle fois son pic historique de septembre 2011 (1921 dollars). Pour d&rsquo;autres analystes, <strong>l&rsquo;once d&rsquo;<a href='https:\/\/www.gold.fr\/news\/tags\/or' class='esk-seo-plu-link'>or<\/a> se dirige vers les 2.400 dollars \u00e0 l&rsquo;horizon 2013<\/strong>. Cette pr\u00e9vision traduit le contrecoup du caract\u00e8re illimit\u00e9 de la planche \u00e0 billets et le retour de l&rsquo;incertitude dans la zone Euro. L&rsquo;<a href='https:\/\/www.gold.fr\/news\/tags\/argent' class='esk-seo-plu-link'>argent<\/a> suit le m\u00e9tal fin dans sa progression, enregistrant une importante hausse \u00e0 34.94 dollars l&rsquo;once, un sommet qui n&rsquo;a pas \u00e9t\u00e9 atteint depuis le 2 mars dernier. Il est donc incontestable que le stimulus de la FED ait bien dop\u00e9 le march\u00e9 des m\u00e9taux pr\u00e9cieux au d\u00e9triment des actifs risqu\u00e9s.<\/span>    <span style=\"font-size: small;\">Au regard des mesures d&rsquo;assouplissement mon\u00e9taires annonc\u00e9es, nous ne pouvons plus nier les menaces qui p\u00e8sent sur des populations mondiales. A cette cadence, aucune couche sociale ne sera \u00e9pargn\u00e9e et la majorit\u00e9 des acteurs de la vie \u00e9conomique seront touch\u00e9s. Face \u00e0 toutes ces craintes, <strong>le <a href='https:\/\/www.gold.fr\/news\/tags\/or' class='esk-seo-plu-link'>m\u00e9tal jaune<\/a><\/strong>, ind\u00e9pendant des cycles \u00e9conomiques, <strong>s&rsquo;av\u00e8re \u00eatre un incontestable rem\u00e8de contre la perte de valeur des monnaies annonc\u00e9e<\/strong>. Mais pour l&rsquo;heure, il semblerait que les Etats fondent leur dernier espoir sur la FED et la BCE,  sont-ils seulement conscients des limites du \u00ab\u00a0sauvetage\u00a0\u00bb ?<\/span>  <\/p>\n<p style=\"text-align: right;\"><em><span style=\"font-size: x-small;\">(Source : La Tribune\/Citizenkane\/Atlantico)<\/span><\/em><\/p>\n<!-- AddThis Advanced Settings generic via filter on the_content --><!-- AddThis Share Buttons generic via filter on the_content -->","protected":false},"excerpt":{"rendered":"<p>Le lancement du programme de rachat de dettes souveraines par la BCE, suivi de l&rsquo;annonce du \u00ab\u00a0Quantitative easing 3&Prime;par la FED (40 milliards par mois de rachats de dettes immobili\u00e8res) destin\u00e9e \u00e0 secourir une \u00e9conomie am\u00e9ricaine [&hellip;]<\/p>\n","protected":false},"author":11,"featured_media":9348,"comment_status":"open","ping_status":"open","sticky":false,"template":"","format":"standard","meta":{"_mbp_gutenberg_autopost":false,"_pgmb_is_evergreen":false,"_pgmb_ap_template_id":0,"footnotes":""},"categories":[4],"tags":[143,144,767,899,898,85,900],"ppma_author":[2562],"class_list":["post-9345","post","type-post","status-publish","format-standard","has-post-thumbnail","hentry","category-analyses-economiques","tag-bce","tag-fed","tag-hausse-cours-de-lor","tag-inflation-etats-unis","tag-inflation-europe","tag-once-dor","tag-once-or"],"yoast_head":"<!-- This site is optimized with the Yoast SEO plugin v27.5 - https:\/\/yoast.com\/product\/yoast-seo-wordpress\/ -->\n<title>FED, BCE.. et si l&#039;OR avait le dernier mot? - Gold.fr<\/title>\n<meta name=\"robots\" content=\"index, follow, max-snippet:-1, max-image-preview:large, max-video-preview:-1\" \/>\n<link rel=\"canonical\" href=\"https:\/\/www.gold.fr\/news\/2012\/09\/25\/fed-bce-et-si-lor-avait-le-dernier-mot\/\" \/>\n<meta property=\"og:locale\" content=\"fr_FR\" \/>\n<meta property=\"og:type\" content=\"article\" \/>\n<meta property=\"og:title\" content=\"FED, BCE.. et si l&#039;OR avait le dernier mot? - Gold.fr\" \/>\n<meta property=\"og:description\" content=\"Le lancement du programme de rachat de dettes souveraines par la BCE, suivi de l&rsquo;annonce du \u00ab\u00a0Quantitative easing 3&Prime;par la FED (40 milliards par mois de rachats de dettes immobili\u00e8res) destin\u00e9e \u00e0 secourir une \u00e9conomie am\u00e9ricaine [&hellip;]\" \/>\n<meta property=\"og:url\" content=\"https:\/\/www.gold.fr\/news\/2012\/09\/25\/fed-bce-et-si-lor-avait-le-dernier-mot\/\" \/>\n<meta property=\"og:site_name\" content=\"Gold.fr\" \/>\n<meta property=\"article:publisher\" content=\"https:\/\/www.facebook.com\/Goldfr\/\" \/>\n<meta property=\"article:published_time\" content=\"2012-09-25T08:38:46+00:00\" \/>\n<meta property=\"article:modified_time\" content=\"2017-10-26T17:03:04+00:00\" \/>\n<meta property=\"og:image\" content=\"https:\/\/www.gold.fr\/news\/wp-content\/uploads\/2012\/09\/billet-euro-dollar.jpg\" \/>\n\t<meta property=\"og:image:width\" content=\"601\" \/>\n\t<meta property=\"og:image:height\" content=\"400\" \/>\n\t<meta property=\"og:image:type\" content=\"image\/jpeg\" \/>\n<meta name=\"author\" content=\"Anthony\" \/>\n<meta name=\"twitter:card\" content=\"summary_large_image\" \/>\n<meta name=\"twitter:label1\" content=\"\u00c9crit par\" \/>\n\t<meta name=\"twitter:data1\" content=\"Anthony\" \/>\n\t<meta name=\"twitter:label2\" content=\"Dur\u00e9e de lecture estim\u00e9e\" \/>\n\t<meta name=\"twitter:data2\" content=\"2 minutes\" \/>\n<script type=\"application\/ld+json\" class=\"yoast-schema-graph\">{\"@context\":\"https:\\\/\\\/schema.org\",\"@graph\":[{\"@type\":\"Article\",\"@id\":\"https:\\\/\\\/www.gold.fr\\\/news\\\/2012\\\/09\\\/25\\\/fed-bce-et-si-lor-avait-le-dernier-mot\\\/#article\",\"isPartOf\":{\"@id\":\"https:\\\/\\\/www.gold.fr\\\/news\\\/2012\\\/09\\\/25\\\/fed-bce-et-si-lor-avait-le-dernier-mot\\\/\"},\"author\":{\"name\":\"Anthony\",\"@id\":\"https:\\\/\\\/www.gold.fr\\\/news\\\/#\\\/schema\\\/person\\\/feb6458ffd7bceeeb4e228398c34fbe5\"},\"headline\":\"FED, BCE.. et si l&rsquo;OR avait le dernier mot?\",\"datePublished\":\"2012-09-25T08:38:46+00:00\",\"dateModified\":\"2017-10-26T17:03:04+00:00\",\"mainEntityOfPage\":{\"@id\":\"https:\\\/\\\/www.gold.fr\\\/news\\\/2012\\\/09\\\/25\\\/fed-bce-et-si-lor-avait-le-dernier-mot\\\/\"},\"wordCount\":480,\"commentCount\":0,\"image\":{\"@id\":\"https:\\\/\\\/www.gold.fr\\\/news\\\/2012\\\/09\\\/25\\\/fed-bce-et-si-lor-avait-le-dernier-mot\\\/#primaryimage\"},\"thumbnailUrl\":\"https:\\\/\\\/www.gold.fr\\\/news\\\/wp-content\\\/uploads\\\/2012\\\/09\\\/billet-euro-dollar.jpg\",\"keywords\":[\"bce\",\"fed\",\"hausse cours de l'or\",\"inflation etats unis\",\"inflation europe\",\"once d'or\",\"Once or\"],\"articleSection\":[\"Analyses Economiques\"],\"inLanguage\":\"fr-FR\"},{\"@type\":\"WebPage\",\"@id\":\"https:\\\/\\\/www.gold.fr\\\/news\\\/2012\\\/09\\\/25\\\/fed-bce-et-si-lor-avait-le-dernier-mot\\\/\",\"url\":\"https:\\\/\\\/www.gold.fr\\\/news\\\/2012\\\/09\\\/25\\\/fed-bce-et-si-lor-avait-le-dernier-mot\\\/\",\"name\":\"FED, BCE.. et si l'OR avait le dernier mot? - Gold.fr\",\"isPartOf\":{\"@id\":\"https:\\\/\\\/www.gold.fr\\\/news\\\/#website\"},\"primaryImageOfPage\":{\"@id\":\"https:\\\/\\\/www.gold.fr\\\/news\\\/2012\\\/09\\\/25\\\/fed-bce-et-si-lor-avait-le-dernier-mot\\\/#primaryimage\"},\"image\":{\"@id\":\"https:\\\/\\\/www.gold.fr\\\/news\\\/2012\\\/09\\\/25\\\/fed-bce-et-si-lor-avait-le-dernier-mot\\\/#primaryimage\"},\"thumbnailUrl\":\"https:\\\/\\\/www.gold.fr\\\/news\\\/wp-content\\\/uploads\\\/2012\\\/09\\\/billet-euro-dollar.jpg\",\"datePublished\":\"2012-09-25T08:38:46+00:00\",\"dateModified\":\"2017-10-26T17:03:04+00:00\",\"author\":{\"@id\":\"https:\\\/\\\/www.gold.fr\\\/news\\\/#\\\/schema\\\/person\\\/feb6458ffd7bceeeb4e228398c34fbe5\"},\"breadcrumb\":{\"@id\":\"https:\\\/\\\/www.gold.fr\\\/news\\\/2012\\\/09\\\/25\\\/fed-bce-et-si-lor-avait-le-dernier-mot\\\/#breadcrumb\"},\"inLanguage\":\"fr-FR\",\"potentialAction\":[{\"@type\":\"ReadAction\",\"target\":[\"https:\\\/\\\/www.gold.fr\\\/news\\\/2012\\\/09\\\/25\\\/fed-bce-et-si-lor-avait-le-dernier-mot\\\/\"]}]},{\"@type\":\"ImageObject\",\"inLanguage\":\"fr-FR\",\"@id\":\"https:\\\/\\\/www.gold.fr\\\/news\\\/2012\\\/09\\\/25\\\/fed-bce-et-si-lor-avait-le-dernier-mot\\\/#primaryimage\",\"url\":\"https:\\\/\\\/www.gold.fr\\\/news\\\/wp-content\\\/uploads\\\/2012\\\/09\\\/billet-euro-dollar.jpg\",\"contentUrl\":\"https:\\\/\\\/www.gold.fr\\\/news\\\/wp-content\\\/uploads\\\/2012\\\/09\\\/billet-euro-dollar.jpg\",\"width\":\"601\",\"height\":\"400\",\"caption\":\"Or: R\u00e9union au sommet des g\u00e9ants du secteur minier\"},{\"@type\":\"BreadcrumbList\",\"@id\":\"https:\\\/\\\/www.gold.fr\\\/news\\\/2012\\\/09\\\/25\\\/fed-bce-et-si-lor-avait-le-dernier-mot\\\/#breadcrumb\",\"itemListElement\":[{\"@type\":\"ListItem\",\"position\":1,\"name\":\"Accueil\",\"item\":\"https:\\\/\\\/www.gold.fr\\\/\"},{\"@type\":\"ListItem\",\"position\":2,\"name\":\"Actualit\u00e9s\",\"item\":\"https:\\\/\\\/www.gold.fr\\\/news\\\/\"},{\"@type\":\"ListItem\",\"position\":3,\"name\":\"FED, BCE.. et si l&rsquo;OR avait le dernier mot?\"}]},{\"@type\":\"WebSite\",\"@id\":\"https:\\\/\\\/www.gold.fr\\\/news\\\/#website\",\"url\":\"https:\\\/\\\/www.gold.fr\\\/news\\\/\",\"name\":\"Gold.fr\",\"description\":\"Actualit\u00e9s de l&#039;Or et des m\u00e9taux pr\u00e9cieux\",\"potentialAction\":[{\"@type\":\"SearchAction\",\"target\":{\"@type\":\"EntryPoint\",\"urlTemplate\":\"https:\\\/\\\/www.gold.fr\\\/news\\\/?s={search_term_string}\"},\"query-input\":{\"@type\":\"PropertyValueSpecification\",\"valueRequired\":true,\"valueName\":\"search_term_string\"}}],\"inLanguage\":\"fr-FR\"},{\"@type\":\"Person\",\"@id\":\"https:\\\/\\\/www.gold.fr\\\/news\\\/#\\\/schema\\\/person\\\/feb6458ffd7bceeeb4e228398c34fbe5\",\"name\":\"Anthony\",\"image\":{\"@type\":\"ImageObject\",\"inLanguage\":\"fr-FR\",\"@id\":\"https:\\\/\\\/secure.gravatar.com\\\/avatar\\\/19974f7c75da5f0b217374f3a37eb05031e41aaad4ceb3fe17ada2ab3daf6b95?s=96&d=mm&r=gbc5324aff3d366843e00df00c899c1a8\",\"url\":\"https:\\\/\\\/secure.gravatar.com\\\/avatar\\\/19974f7c75da5f0b217374f3a37eb05031e41aaad4ceb3fe17ada2ab3daf6b95?s=96&d=mm&r=g\",\"contentUrl\":\"https:\\\/\\\/secure.gravatar.com\\\/avatar\\\/19974f7c75da5f0b217374f3a37eb05031e41aaad4ceb3fe17ada2ab3daf6b95?s=96&d=mm&r=g\",\"caption\":\"Anthony\"},\"description\":\"Notre r\u00e9daction est constitu\u00e9e de membres experts dans les m\u00e9tiers de l'\u00e9conomie et la gestion, des Responsables d'agence Comptoir National de l'Or, des analystes financiers qui publient r\u00e9guli\u00e8rement des \u00e9tudes sur les politiques des banques centrales, le cours de l'or, le cours de l'argent, cours du platine, cours du palladium... la situation en zone euro et l'impact de la strat\u00e9gie mon\u00e9taire de la FED. Notre \u00e9quipe scrute \u00e9galement une information plus g\u00e9n\u00e9raliste \u00e0 la recherche d'actualit\u00e9 \\\"p\u00e9pite\\\" \u00e0 vous partager. Depuis 5 ans, nous avons publi\u00e9 un peu plus de 4000 articles qui s'adressent \u00e0 un public large et vari\u00e9 ayant pour objectif de satisfaire votre curiosit\u00e9 et de partager avec vous une certaine fascination pour le m\u00e9tal jaune, pour ceux qui veulent investir dans l'or, vendre leur or tout simplement en savoir plus...\",\"sameAs\":[\"https:\\\/\\\/www.gold.fr\\\/news\"]}]}<\/script>\n<!-- \/ Yoast SEO plugin. -->","yoast_head_json":{"title":"FED, BCE.. et si l'OR avait le dernier mot? - Gold.fr","robots":{"index":"index","follow":"follow","max-snippet":"max-snippet:-1","max-image-preview":"max-image-preview:large","max-video-preview":"max-video-preview:-1"},"canonical":"https:\/\/www.gold.fr\/news\/2012\/09\/25\/fed-bce-et-si-lor-avait-le-dernier-mot\/","og_locale":"fr_FR","og_type":"article","og_title":"FED, BCE.. et si l'OR avait le dernier mot? - Gold.fr","og_description":"Le lancement du programme de rachat de dettes souveraines par la BCE, suivi de l&rsquo;annonce du \u00ab\u00a0Quantitative easing 3&Prime;par la FED (40 milliards par mois de rachats de dettes immobili\u00e8res) destin\u00e9e \u00e0 secourir une \u00e9conomie am\u00e9ricaine [&hellip;]","og_url":"https:\/\/www.gold.fr\/news\/2012\/09\/25\/fed-bce-et-si-lor-avait-le-dernier-mot\/","og_site_name":"Gold.fr","article_publisher":"https:\/\/www.facebook.com\/Goldfr\/","article_published_time":"2012-09-25T08:38:46+00:00","article_modified_time":"2017-10-26T17:03:04+00:00","og_image":[{"width":601,"height":400,"url":"https:\/\/www.gold.fr\/news\/wp-content\/uploads\/2012\/09\/billet-euro-dollar.jpg","type":"image\/jpeg"}],"author":"Anthony","twitter_card":"summary_large_image","twitter_misc":{"\u00c9crit par":"Anthony","Dur\u00e9e de lecture estim\u00e9e":"2 minutes"},"schema":{"@context":"https:\/\/schema.org","@graph":[{"@type":"Article","@id":"https:\/\/www.gold.fr\/news\/2012\/09\/25\/fed-bce-et-si-lor-avait-le-dernier-mot\/#article","isPartOf":{"@id":"https:\/\/www.gold.fr\/news\/2012\/09\/25\/fed-bce-et-si-lor-avait-le-dernier-mot\/"},"author":{"name":"Anthony","@id":"https:\/\/www.gold.fr\/news\/#\/schema\/person\/feb6458ffd7bceeeb4e228398c34fbe5"},"headline":"FED, BCE.. et si l&rsquo;OR avait le dernier mot?","datePublished":"2012-09-25T08:38:46+00:00","dateModified":"2017-10-26T17:03:04+00:00","mainEntityOfPage":{"@id":"https:\/\/www.gold.fr\/news\/2012\/09\/25\/fed-bce-et-si-lor-avait-le-dernier-mot\/"},"wordCount":480,"commentCount":0,"image":{"@id":"https:\/\/www.gold.fr\/news\/2012\/09\/25\/fed-bce-et-si-lor-avait-le-dernier-mot\/#primaryimage"},"thumbnailUrl":"https:\/\/www.gold.fr\/news\/wp-content\/uploads\/2012\/09\/billet-euro-dollar.jpg","keywords":["bce","fed","hausse cours de l'or","inflation etats unis","inflation europe","once d'or","Once or"],"articleSection":["Analyses Economiques"],"inLanguage":"fr-FR"},{"@type":"WebPage","@id":"https:\/\/www.gold.fr\/news\/2012\/09\/25\/fed-bce-et-si-lor-avait-le-dernier-mot\/","url":"https:\/\/www.gold.fr\/news\/2012\/09\/25\/fed-bce-et-si-lor-avait-le-dernier-mot\/","name":"FED, BCE.. et si l'OR avait le dernier mot? - Gold.fr","isPartOf":{"@id":"https:\/\/www.gold.fr\/news\/#website"},"primaryImageOfPage":{"@id":"https:\/\/www.gold.fr\/news\/2012\/09\/25\/fed-bce-et-si-lor-avait-le-dernier-mot\/#primaryimage"},"image":{"@id":"https:\/\/www.gold.fr\/news\/2012\/09\/25\/fed-bce-et-si-lor-avait-le-dernier-mot\/#primaryimage"},"thumbnailUrl":"https:\/\/www.gold.fr\/news\/wp-content\/uploads\/2012\/09\/billet-euro-dollar.jpg","datePublished":"2012-09-25T08:38:46+00:00","dateModified":"2017-10-26T17:03:04+00:00","author":{"@id":"https:\/\/www.gold.fr\/news\/#\/schema\/person\/feb6458ffd7bceeeb4e228398c34fbe5"},"breadcrumb":{"@id":"https:\/\/www.gold.fr\/news\/2012\/09\/25\/fed-bce-et-si-lor-avait-le-dernier-mot\/#breadcrumb"},"inLanguage":"fr-FR","potentialAction":[{"@type":"ReadAction","target":["https:\/\/www.gold.fr\/news\/2012\/09\/25\/fed-bce-et-si-lor-avait-le-dernier-mot\/"]}]},{"@type":"ImageObject","inLanguage":"fr-FR","@id":"https:\/\/www.gold.fr\/news\/2012\/09\/25\/fed-bce-et-si-lor-avait-le-dernier-mot\/#primaryimage","url":"https:\/\/www.gold.fr\/news\/wp-content\/uploads\/2012\/09\/billet-euro-dollar.jpg","contentUrl":"https:\/\/www.gold.fr\/news\/wp-content\/uploads\/2012\/09\/billet-euro-dollar.jpg","width":"601","height":"400","caption":"Or: R\u00e9union au sommet des g\u00e9ants du secteur minier"},{"@type":"BreadcrumbList","@id":"https:\/\/www.gold.fr\/news\/2012\/09\/25\/fed-bce-et-si-lor-avait-le-dernier-mot\/#breadcrumb","itemListElement":[{"@type":"ListItem","position":1,"name":"Accueil","item":"https:\/\/www.gold.fr\/"},{"@type":"ListItem","position":2,"name":"Actualit\u00e9s","item":"https:\/\/www.gold.fr\/news\/"},{"@type":"ListItem","position":3,"name":"FED, BCE.. et si l&rsquo;OR avait le dernier mot?"}]},{"@type":"WebSite","@id":"https:\/\/www.gold.fr\/news\/#website","url":"https:\/\/www.gold.fr\/news\/","name":"Gold.fr","description":"Actualit\u00e9s de l&#039;Or et des m\u00e9taux pr\u00e9cieux","potentialAction":[{"@type":"SearchAction","target":{"@type":"EntryPoint","urlTemplate":"https:\/\/www.gold.fr\/news\/?s={search_term_string}"},"query-input":{"@type":"PropertyValueSpecification","valueRequired":true,"valueName":"search_term_string"}}],"inLanguage":"fr-FR"},{"@type":"Person","@id":"https:\/\/www.gold.fr\/news\/#\/schema\/person\/feb6458ffd7bceeeb4e228398c34fbe5","name":"Anthony","image":{"@type":"ImageObject","inLanguage":"fr-FR","@id":"https:\/\/secure.gravatar.com\/avatar\/19974f7c75da5f0b217374f3a37eb05031e41aaad4ceb3fe17ada2ab3daf6b95?s=96&d=mm&r=gbc5324aff3d366843e00df00c899c1a8","url":"https:\/\/secure.gravatar.com\/avatar\/19974f7c75da5f0b217374f3a37eb05031e41aaad4ceb3fe17ada2ab3daf6b95?s=96&d=mm&r=g","contentUrl":"https:\/\/secure.gravatar.com\/avatar\/19974f7c75da5f0b217374f3a37eb05031e41aaad4ceb3fe17ada2ab3daf6b95?s=96&d=mm&r=g","caption":"Anthony"},"description":"Notre r\u00e9daction est constitu\u00e9e de membres experts dans les m\u00e9tiers de l'\u00e9conomie et la gestion, des Responsables d'agence Comptoir National de l'Or, des analystes financiers qui publient r\u00e9guli\u00e8rement des \u00e9tudes sur les politiques des banques centrales, le cours de l'or, le cours de l'argent, cours du platine, cours du palladium... la situation en zone euro et l'impact de la strat\u00e9gie mon\u00e9taire de la FED. Notre \u00e9quipe scrute \u00e9galement une information plus g\u00e9n\u00e9raliste \u00e0 la recherche d'actualit\u00e9 \"p\u00e9pite\" \u00e0 vous partager. Depuis 5 ans, nous avons publi\u00e9 un peu plus de 4000 articles qui s'adressent \u00e0 un public large et vari\u00e9 ayant pour objectif de satisfaire votre curiosit\u00e9 et de partager avec vous une certaine fascination pour le m\u00e9tal jaune, pour ceux qui veulent investir dans l'or, vendre leur or tout simplement en savoir plus...","sameAs":["https:\/\/www.gold.fr\/news"]}]}},"authors":[{"term_id":2562,"user_id":11,"is_guest":0,"slug":"anthony","display_name":"Anthony","avatar_url":"https:\/\/secure.gravatar.com\/avatar\/19974f7c75da5f0b217374f3a37eb05031e41aaad4ceb3fe17ada2ab3daf6b95?s=96&d=mm&r=g","0":null,"1":"","2":"","3":"","4":"","5":"","6":"","7":"","8":""}],"_links":{"self":[{"href":"https:\/\/www.gold.fr\/news\/wp-json\/wp\/v2\/posts\/9345","targetHints":{"allow":["GET"]}}],"collection":[{"href":"https:\/\/www.gold.fr\/news\/wp-json\/wp\/v2\/posts"}],"about":[{"href":"https:\/\/www.gold.fr\/news\/wp-json\/wp\/v2\/types\/post"}],"author":[{"embeddable":true,"href":"https:\/\/www.gold.fr\/news\/wp-json\/wp\/v2\/users\/11"}],"replies":[{"embeddable":true,"href":"https:\/\/www.gold.fr\/news\/wp-json\/wp\/v2\/comments?post=9345"}],"version-history":[{"count":0,"href":"https:\/\/www.gold.fr\/news\/wp-json\/wp\/v2\/posts\/9345\/revisions"}],"wp:featuredmedia":[{"embeddable":true,"href":"https:\/\/www.gold.fr\/news\/wp-json\/wp\/v2\/media\/9348"}],"wp:attachment":[{"href":"https:\/\/www.gold.fr\/news\/wp-json\/wp\/v2\/media?parent=9345"}],"wp:term":[{"taxonomy":"category","embeddable":true,"href":"https:\/\/www.gold.fr\/news\/wp-json\/wp\/v2\/categories?post=9345"},{"taxonomy":"post_tag","embeddable":true,"href":"https:\/\/www.gold.fr\/news\/wp-json\/wp\/v2\/tags?post=9345"},{"taxonomy":"author","embeddable":true,"href":"https:\/\/www.gold.fr\/news\/wp-json\/wp\/v2\/ppma_author?post=9345"}],"curies":[{"name":"wp","href":"https:\/\/api.w.org\/{rel}","templated":true}]}}