{"id":9321,"date":"2012-09-21T13:00:43","date_gmt":"2012-09-21T11:00:43","guid":{"rendered":"https:\/\/www.gold.fr\/news\/?p=9321"},"modified":"2017-10-26T19:03:05","modified_gmt":"2017-10-26T17:03:05","slug":"cours-de-lor-fin-de-semaine-en-demie-teinte","status":"publish","type":"post","link":"https:\/\/www.gold.fr\/news\/2012\/09\/21\/cours-de-lor-fin-de-semaine-en-demie-teinte\/","title":{"rendered":"Cours de l&rsquo;or : fin de semaine en demie teinte"},"content":{"rendered":"<p><span style=\"font-size: small;\"><img loading=\"lazy\" decoding=\"async\" class=\"alignleft size-thumbnail wp-image-3004\" title=\"Cours de l'or de Bourse\" src=\"https:\/\/www.gold.fr\/news\/wp-content\/uploads\/2011\/10\/Nouvelle-vague-de-corrections-pour-l\u2019or-\u2013-Les-raisons-150x150.jpg\" alt=\"\" width=\"150\" height=\"150\" \/>Depuis l&rsquo;annonce de la <strong>FED<\/strong> vendredi dernier, <a title=\"Cours de l'Or de Bourse\" href=\"https:\/\/www.gold.fr\/cours-prix-de-l-or\/\" target=\"_blank\">le cours de l&rsquo;or<\/a> s&rsquo;est en premier lieu emball\u00e9 avant de retomber l\u00e9g\u00e8rement suite aux prises de b\u00e9n\u00e9fices des investisseurs mais aussi aux mauvaises nouvelles concernant l&rsquo;Europe, et la France plus particuli\u00e8rement.<\/span>    <span style=\"font-size: small;\">Ce matin, il semble vouloir terminer la semaine comme il l&rsquo;a commenc\u00e9e, en \u00e9voluant dans un range serr\u00e9 compris entre <strong>1770<\/strong> et <strong>1775 dollars<\/strong>. Passera-t-il le cap des <strong>1800 dollars<\/strong> ? L\u00e0 est la question.<\/span>    <span style=\"font-size: small;\">Aujourd&rsquo;hui, <a title=\"Cours de l'Or de Bourse\" href=\"https:\/\/www.gold.fr\/cours-prix-de-l-or\/\" target=\"_blank\">le cours de l&rsquo;or<\/a> est de <strong>1774.75 dollars<\/strong>, marquant une variation positive de <strong>+0.43 %<\/strong> par rapport au <a title=\"Cours de l'Or Jeudi 20 septembre\" href=\"https:\/\/www.gold.fr\/news\/2012\/09\/20\/cours-de-lor-petit-recul-apres-avoir-touche-les-1780-dollars\/9318\/\" target=\"_blank\">cours de la veille<\/a>.<\/span><\/p>\n<!-- AddThis Advanced Settings generic via filter on the_content --><!-- AddThis Share Buttons generic via filter on the_content -->","protected":false},"excerpt":{"rendered":"<p>Depuis l&rsquo;annonce de la FED vendredi dernier, le cours de l&rsquo;or s&rsquo;est en premier lieu emball\u00e9 avant de retomber l\u00e9g\u00e8rement suite aux prises de b\u00e9n\u00e9fices des investisseurs mais aussi aux mauvaises nouvelles concernant l&rsquo;Europe, et la [&hellip;]<\/p>\n","protected":false},"author":18,"featured_media":3004,"comment_status":"open","ping_status":"open","sticky":false,"template":"","format":"standard","meta":{"_mbp_gutenberg_autopost":false,"_pgmb_is_evergreen":false,"_pgmb_ap_template_id":0,"footnotes":""},"categories":[5],"tags":[385,84],"ppma_author":[2565],"class_list":["post-9321","post","type-post","status-publish","format-standard","has-post-thumbnail","hentry","category-flash-infos","tag-cours-de-lor-de-bourse","tag-cours-de-lor"],"yoast_head":"<!-- This site is optimized with the Yoast SEO plugin v27.5 - https:\/\/yoast.com\/product\/yoast-seo-wordpress\/ -->\n<title>Cours de l&#039;or : fin de semaine en demie teinte - Gold.fr<\/title>\n<meta name=\"robots\" content=\"index, follow, max-snippet:-1, max-image-preview:large, max-video-preview:-1\" \/>\n<link rel=\"canonical\" href=\"https:\/\/www.gold.fr\/news\/2012\/09\/21\/cours-de-lor-fin-de-semaine-en-demie-teinte\/\" \/>\n<meta property=\"og:locale\" content=\"fr_FR\" \/>\n<meta property=\"og:type\" content=\"article\" \/>\n<meta property=\"og:title\" content=\"Cours de l&#039;or : fin de semaine en demie teinte - Gold.fr\" \/>\n<meta property=\"og:description\" content=\"Depuis l&rsquo;annonce de la FED vendredi dernier, le cours de l&rsquo;or s&rsquo;est en premier lieu emball\u00e9 avant de retomber l\u00e9g\u00e8rement suite aux prises de b\u00e9n\u00e9fices des investisseurs mais aussi aux mauvaises nouvelles concernant l&rsquo;Europe, et la [&hellip;]\" \/>\n<meta property=\"og:url\" content=\"https:\/\/www.gold.fr\/news\/2012\/09\/21\/cours-de-lor-fin-de-semaine-en-demie-teinte\/\" \/>\n<meta property=\"og:site_name\" content=\"Gold.fr\" \/>\n<meta property=\"article:publisher\" content=\"https:\/\/www.facebook.com\/Goldfr\/\" \/>\n<meta property=\"article:published_time\" content=\"2012-09-21T11:00:43+00:00\" \/>\n<meta property=\"article:modified_time\" content=\"2017-10-26T17:03:05+00:00\" \/>\n<meta property=\"og:image\" content=\"https:\/\/www.gold.fr\/news\/wp-content\/uploads\/2011\/10\/Nouvelle-vague-de-corrections-pour-l\u2019or-\u2013-Les-raisons-e1319461616153.jpg\" \/>\n\t<meta property=\"og:image:width\" content=\"600\" \/>\n\t<meta property=\"og:image:height\" content=\"475\" \/>\n\t<meta property=\"og:image:type\" content=\"image\/jpeg\" \/>\n<meta name=\"author\" content=\"Comptoir National de l&#039;Or\" \/>\n<meta name=\"twitter:card\" content=\"summary_large_image\" \/>\n<meta name=\"twitter:label1\" content=\"\u00c9crit par\" \/>\n\t<meta name=\"twitter:data1\" content=\"Comptoir National de l&#039;Or\" \/>\n<script type=\"application\/ld+json\" class=\"yoast-schema-graph\">{\"@context\":\"https:\\\/\\\/schema.org\",\"@graph\":[{\"@type\":\"Article\",\"@id\":\"https:\\\/\\\/www.gold.fr\\\/news\\\/2012\\\/09\\\/21\\\/cours-de-lor-fin-de-semaine-en-demie-teinte\\\/#article\",\"isPartOf\":{\"@id\":\"https:\\\/\\\/www.gold.fr\\\/news\\\/2012\\\/09\\\/21\\\/cours-de-lor-fin-de-semaine-en-demie-teinte\\\/\"},\"author\":{\"name\":\"Comptoir National de l'Or\",\"@id\":\"https:\\\/\\\/www.gold.fr\\\/news\\\/#\\\/schema\\\/person\\\/070491b4b4fb7671bf59b3be20302ce9\"},\"headline\":\"Cours de l&rsquo;or : fin de semaine en demie teinte\",\"datePublished\":\"2012-09-21T11:00:43+00:00\",\"dateModified\":\"2017-10-26T17:03:05+00:00\",\"mainEntityOfPage\":{\"@id\":\"https:\\\/\\\/www.gold.fr\\\/news\\\/2012\\\/09\\\/21\\\/cours-de-lor-fin-de-semaine-en-demie-teinte\\\/\"},\"wordCount\":113,\"commentCount\":1,\"image\":{\"@id\":\"https:\\\/\\\/www.gold.fr\\\/news\\\/2012\\\/09\\\/21\\\/cours-de-lor-fin-de-semaine-en-demie-teinte\\\/#primaryimage\"},\"thumbnailUrl\":\"https:\\\/\\\/www.gold.fr\\\/news\\\/wp-content\\\/uploads\\\/2011\\\/10\\\/Nouvelle-vague-de-corrections-pour-l\u2019or-\u2013-Les-raisons-e1319461616153.jpg\",\"keywords\":[\"cours de l'or de bourse\",\"Tout Cours de l'Or\"],\"articleSection\":[\"Flash infos\"],\"inLanguage\":\"fr-FR\"},{\"@type\":\"WebPage\",\"@id\":\"https:\\\/\\\/www.gold.fr\\\/news\\\/2012\\\/09\\\/21\\\/cours-de-lor-fin-de-semaine-en-demie-teinte\\\/\",\"url\":\"https:\\\/\\\/www.gold.fr\\\/news\\\/2012\\\/09\\\/21\\\/cours-de-lor-fin-de-semaine-en-demie-teinte\\\/\",\"name\":\"Cours de l'or : fin de semaine en demie teinte - Gold.fr\",\"isPartOf\":{\"@id\":\"https:\\\/\\\/www.gold.fr\\\/news\\\/#website\"},\"primaryImageOfPage\":{\"@id\":\"https:\\\/\\\/www.gold.fr\\\/news\\\/2012\\\/09\\\/21\\\/cours-de-lor-fin-de-semaine-en-demie-teinte\\\/#primaryimage\"},\"image\":{\"@id\":\"https:\\\/\\\/www.gold.fr\\\/news\\\/2012\\\/09\\\/21\\\/cours-de-lor-fin-de-semaine-en-demie-teinte\\\/#primaryimage\"},\"thumbnailUrl\":\"https:\\\/\\\/www.gold.fr\\\/news\\\/wp-content\\\/uploads\\\/2011\\\/10\\\/Nouvelle-vague-de-corrections-pour-l\u2019or-\u2013-Les-raisons-e1319461616153.jpg\",\"datePublished\":\"2012-09-21T11:00:43+00:00\",\"dateModified\":\"2017-10-26T17:03:05+00:00\",\"author\":{\"@id\":\"https:\\\/\\\/www.gold.fr\\\/news\\\/#\\\/schema\\\/person\\\/070491b4b4fb7671bf59b3be20302ce9\"},\"breadcrumb\":{\"@id\":\"https:\\\/\\\/www.gold.fr\\\/news\\\/2012\\\/09\\\/21\\\/cours-de-lor-fin-de-semaine-en-demie-teinte\\\/#breadcrumb\"},\"inLanguage\":\"fr-FR\",\"potentialAction\":[{\"@type\":\"ReadAction\",\"target\":[\"https:\\\/\\\/www.gold.fr\\\/news\\\/2012\\\/09\\\/21\\\/cours-de-lor-fin-de-semaine-en-demie-teinte\\\/\"]}]},{\"@type\":\"ImageObject\",\"inLanguage\":\"fr-FR\",\"@id\":\"https:\\\/\\\/www.gold.fr\\\/news\\\/2012\\\/09\\\/21\\\/cours-de-lor-fin-de-semaine-en-demie-teinte\\\/#primaryimage\",\"url\":\"https:\\\/\\\/www.gold.fr\\\/news\\\/wp-content\\\/uploads\\\/2011\\\/10\\\/Nouvelle-vague-de-corrections-pour-l\u2019or-\u2013-Les-raisons-e1319461616153.jpg\",\"contentUrl\":\"https:\\\/\\\/www.gold.fr\\\/news\\\/wp-content\\\/uploads\\\/2011\\\/10\\\/Nouvelle-vague-de-corrections-pour-l\u2019or-\u2013-Les-raisons-e1319461616153.jpg\",\"width\":\"600\",\"height\":\"475\",\"caption\":\"KINTSUGI : De l\u2019or pour glorifier la beaut\u00e9 des fissures\"},{\"@type\":\"BreadcrumbList\",\"@id\":\"https:\\\/\\\/www.gold.fr\\\/news\\\/2012\\\/09\\\/21\\\/cours-de-lor-fin-de-semaine-en-demie-teinte\\\/#breadcrumb\",\"itemListElement\":[{\"@type\":\"ListItem\",\"position\":1,\"name\":\"Accueil\",\"item\":\"https:\\\/\\\/www.gold.fr\\\/\"},{\"@type\":\"ListItem\",\"position\":2,\"name\":\"Actualit\u00e9s\",\"item\":\"https:\\\/\\\/www.gold.fr\\\/news\\\/\"},{\"@type\":\"ListItem\",\"position\":3,\"name\":\"Cours de l&rsquo;or : fin de semaine en demie teinte\"}]},{\"@type\":\"WebSite\",\"@id\":\"https:\\\/\\\/www.gold.fr\\\/news\\\/#website\",\"url\":\"https:\\\/\\\/www.gold.fr\\\/news\\\/\",\"name\":\"Gold.fr\",\"description\":\"Actualit\u00e9s de l&#039;Or et des m\u00e9taux pr\u00e9cieux\",\"potentialAction\":[{\"@type\":\"SearchAction\",\"target\":{\"@type\":\"EntryPoint\",\"urlTemplate\":\"https:\\\/\\\/www.gold.fr\\\/news\\\/?s={search_term_string}\"},\"query-input\":{\"@type\":\"PropertyValueSpecification\",\"valueRequired\":true,\"valueName\":\"search_term_string\"}}],\"inLanguage\":\"fr-FR\"},{\"@type\":\"Person\",\"@id\":\"https:\\\/\\\/www.gold.fr\\\/news\\\/#\\\/schema\\\/person\\\/070491b4b4fb7671bf59b3be20302ce9\",\"name\":\"Comptoir National de l'Or\",\"image\":{\"@type\":\"ImageObject\",\"inLanguage\":\"fr-FR\",\"@id\":\"https:\\\/\\\/secure.gravatar.com\\\/avatar\\\/0a2867fd5abe37bed95d5a65e9d58f01756e11efc68af9888dfc50cfa7f65948?s=96&d=mm&r=gb490554db0a38188709de567aa58480d\",\"url\":\"https:\\\/\\\/secure.gravatar.com\\\/avatar\\\/0a2867fd5abe37bed95d5a65e9d58f01756e11efc68af9888dfc50cfa7f65948?s=96&d=mm&r=g\",\"contentUrl\":\"https:\\\/\\\/secure.gravatar.com\\\/avatar\\\/0a2867fd5abe37bed95d5a65e9d58f01756e11efc68af9888dfc50cfa7f65948?s=96&d=mm&r=g\",\"caption\":\"Comptoir National de l'Or\"},\"description\":\"Notre r\u00e9daction est constitu\u00e9e de membres experts dans les m\u00e9tiers de l'\u00e9conomie et la gestion, des Responsables d'agence Comptoir National de l'Or, des analystes financiers qui publient r\u00e9guli\u00e8rement des \u00e9tudes sur les politiques des banques centrales, le cours de l'or, prix de l'or, cours de l'argent, prix de l'argent, cours du platine, cours du palladium,... la situation en zone euro et l'impact de la strat\u00e9gie mon\u00e9taire de la FED. Notre \u00e9quipe scrute \u00e9galement une information plus g\u00e9n\u00e9raliste \u00e0 la recherche d'actualit\u00e9 \\\"p\u00e9pite\\\" \u00e0 vous partager. Depuis 5 ans, nous avons publi\u00e9 un peu plus de 4000 articles qui s'adressent \u00e0 un public large et vari\u00e9 ayant pour objectif de satisfaire votre curiosit\u00e9 et de partager avec vous une certaine fascination pour le m\u00e9tal jaune, le rachat d'or, et pour ceux qui veulent investir dans l'or, vendre leur or tout simplement en savoir plus... Pour tous vos achat or et argent, n'h\u00e9sitez pas \u00e0 prendre rendez-vous dans l'un de nos nombreux comptoirs.\",\"sameAs\":[\"https:\\\/\\\/www.gold.fr\"]}]}<\/script>\n<!-- \/ Yoast SEO plugin. -->","yoast_head_json":{"title":"Cours de l'or : fin de semaine en demie teinte - Gold.fr","robots":{"index":"index","follow":"follow","max-snippet":"max-snippet:-1","max-image-preview":"max-image-preview:large","max-video-preview":"max-video-preview:-1"},"canonical":"https:\/\/www.gold.fr\/news\/2012\/09\/21\/cours-de-lor-fin-de-semaine-en-demie-teinte\/","og_locale":"fr_FR","og_type":"article","og_title":"Cours de l'or : fin de semaine en demie teinte - Gold.fr","og_description":"Depuis l&rsquo;annonce de la FED vendredi dernier, le cours de l&rsquo;or s&rsquo;est en premier lieu emball\u00e9 avant de retomber l\u00e9g\u00e8rement suite aux prises de b\u00e9n\u00e9fices des investisseurs mais aussi aux mauvaises nouvelles concernant l&rsquo;Europe, et la [&hellip;]","og_url":"https:\/\/www.gold.fr\/news\/2012\/09\/21\/cours-de-lor-fin-de-semaine-en-demie-teinte\/","og_site_name":"Gold.fr","article_publisher":"https:\/\/www.facebook.com\/Goldfr\/","article_published_time":"2012-09-21T11:00:43+00:00","article_modified_time":"2017-10-26T17:03:05+00:00","og_image":[{"width":600,"height":475,"url":"https:\/\/www.gold.fr\/news\/wp-content\/uploads\/2011\/10\/Nouvelle-vague-de-corrections-pour-l\u2019or-\u2013-Les-raisons-e1319461616153.jpg","type":"image\/jpeg"}],"author":"Comptoir National de l'Or","twitter_card":"summary_large_image","twitter_misc":{"\u00c9crit par":"Comptoir National de l'Or"},"schema":{"@context":"https:\/\/schema.org","@graph":[{"@type":"Article","@id":"https:\/\/www.gold.fr\/news\/2012\/09\/21\/cours-de-lor-fin-de-semaine-en-demie-teinte\/#article","isPartOf":{"@id":"https:\/\/www.gold.fr\/news\/2012\/09\/21\/cours-de-lor-fin-de-semaine-en-demie-teinte\/"},"author":{"name":"Comptoir National de l'Or","@id":"https:\/\/www.gold.fr\/news\/#\/schema\/person\/070491b4b4fb7671bf59b3be20302ce9"},"headline":"Cours de l&rsquo;or : fin de semaine en demie teinte","datePublished":"2012-09-21T11:00:43+00:00","dateModified":"2017-10-26T17:03:05+00:00","mainEntityOfPage":{"@id":"https:\/\/www.gold.fr\/news\/2012\/09\/21\/cours-de-lor-fin-de-semaine-en-demie-teinte\/"},"wordCount":113,"commentCount":1,"image":{"@id":"https:\/\/www.gold.fr\/news\/2012\/09\/21\/cours-de-lor-fin-de-semaine-en-demie-teinte\/#primaryimage"},"thumbnailUrl":"https:\/\/www.gold.fr\/news\/wp-content\/uploads\/2011\/10\/Nouvelle-vague-de-corrections-pour-l\u2019or-\u2013-Les-raisons-e1319461616153.jpg","keywords":["cours de l'or de bourse","Tout Cours de l'Or"],"articleSection":["Flash infos"],"inLanguage":"fr-FR"},{"@type":"WebPage","@id":"https:\/\/www.gold.fr\/news\/2012\/09\/21\/cours-de-lor-fin-de-semaine-en-demie-teinte\/","url":"https:\/\/www.gold.fr\/news\/2012\/09\/21\/cours-de-lor-fin-de-semaine-en-demie-teinte\/","name":"Cours de l'or : fin de semaine en demie teinte - Gold.fr","isPartOf":{"@id":"https:\/\/www.gold.fr\/news\/#website"},"primaryImageOfPage":{"@id":"https:\/\/www.gold.fr\/news\/2012\/09\/21\/cours-de-lor-fin-de-semaine-en-demie-teinte\/#primaryimage"},"image":{"@id":"https:\/\/www.gold.fr\/news\/2012\/09\/21\/cours-de-lor-fin-de-semaine-en-demie-teinte\/#primaryimage"},"thumbnailUrl":"https:\/\/www.gold.fr\/news\/wp-content\/uploads\/2011\/10\/Nouvelle-vague-de-corrections-pour-l\u2019or-\u2013-Les-raisons-e1319461616153.jpg","datePublished":"2012-09-21T11:00:43+00:00","dateModified":"2017-10-26T17:03:05+00:00","author":{"@id":"https:\/\/www.gold.fr\/news\/#\/schema\/person\/070491b4b4fb7671bf59b3be20302ce9"},"breadcrumb":{"@id":"https:\/\/www.gold.fr\/news\/2012\/09\/21\/cours-de-lor-fin-de-semaine-en-demie-teinte\/#breadcrumb"},"inLanguage":"fr-FR","potentialAction":[{"@type":"ReadAction","target":["https:\/\/www.gold.fr\/news\/2012\/09\/21\/cours-de-lor-fin-de-semaine-en-demie-teinte\/"]}]},{"@type":"ImageObject","inLanguage":"fr-FR","@id":"https:\/\/www.gold.fr\/news\/2012\/09\/21\/cours-de-lor-fin-de-semaine-en-demie-teinte\/#primaryimage","url":"https:\/\/www.gold.fr\/news\/wp-content\/uploads\/2011\/10\/Nouvelle-vague-de-corrections-pour-l\u2019or-\u2013-Les-raisons-e1319461616153.jpg","contentUrl":"https:\/\/www.gold.fr\/news\/wp-content\/uploads\/2011\/10\/Nouvelle-vague-de-corrections-pour-l\u2019or-\u2013-Les-raisons-e1319461616153.jpg","width":"600","height":"475","caption":"KINTSUGI : De l\u2019or pour glorifier la beaut\u00e9 des fissures"},{"@type":"BreadcrumbList","@id":"https:\/\/www.gold.fr\/news\/2012\/09\/21\/cours-de-lor-fin-de-semaine-en-demie-teinte\/#breadcrumb","itemListElement":[{"@type":"ListItem","position":1,"name":"Accueil","item":"https:\/\/www.gold.fr\/"},{"@type":"ListItem","position":2,"name":"Actualit\u00e9s","item":"https:\/\/www.gold.fr\/news\/"},{"@type":"ListItem","position":3,"name":"Cours de l&rsquo;or : fin de semaine en demie teinte"}]},{"@type":"WebSite","@id":"https:\/\/www.gold.fr\/news\/#website","url":"https:\/\/www.gold.fr\/news\/","name":"Gold.fr","description":"Actualit\u00e9s de l&#039;Or et des m\u00e9taux pr\u00e9cieux","potentialAction":[{"@type":"SearchAction","target":{"@type":"EntryPoint","urlTemplate":"https:\/\/www.gold.fr\/news\/?s={search_term_string}"},"query-input":{"@type":"PropertyValueSpecification","valueRequired":true,"valueName":"search_term_string"}}],"inLanguage":"fr-FR"},{"@type":"Person","@id":"https:\/\/www.gold.fr\/news\/#\/schema\/person\/070491b4b4fb7671bf59b3be20302ce9","name":"Comptoir National de l'Or","image":{"@type":"ImageObject","inLanguage":"fr-FR","@id":"https:\/\/secure.gravatar.com\/avatar\/0a2867fd5abe37bed95d5a65e9d58f01756e11efc68af9888dfc50cfa7f65948?s=96&d=mm&r=gb490554db0a38188709de567aa58480d","url":"https:\/\/secure.gravatar.com\/avatar\/0a2867fd5abe37bed95d5a65e9d58f01756e11efc68af9888dfc50cfa7f65948?s=96&d=mm&r=g","contentUrl":"https:\/\/secure.gravatar.com\/avatar\/0a2867fd5abe37bed95d5a65e9d58f01756e11efc68af9888dfc50cfa7f65948?s=96&d=mm&r=g","caption":"Comptoir National de l'Or"},"description":"Notre r\u00e9daction est constitu\u00e9e de membres experts dans les m\u00e9tiers de l'\u00e9conomie et la gestion, des Responsables d'agence Comptoir National de l'Or, des analystes financiers qui publient r\u00e9guli\u00e8rement des \u00e9tudes sur les politiques des banques centrales, le cours de l'or, prix de l'or, cours de l'argent, prix de l'argent, cours du platine, cours du palladium,... la situation en zone euro et l'impact de la strat\u00e9gie mon\u00e9taire de la FED. Notre \u00e9quipe scrute \u00e9galement une information plus g\u00e9n\u00e9raliste \u00e0 la recherche d'actualit\u00e9 \"p\u00e9pite\" \u00e0 vous partager. Depuis 5 ans, nous avons publi\u00e9 un peu plus de 4000 articles qui s'adressent \u00e0 un public large et vari\u00e9 ayant pour objectif de satisfaire votre curiosit\u00e9 et de partager avec vous une certaine fascination pour le m\u00e9tal jaune, le rachat d'or, et pour ceux qui veulent investir dans l'or, vendre leur or tout simplement en savoir plus... Pour tous vos achat or et argent, n'h\u00e9sitez pas \u00e0 prendre rendez-vous dans l'un de nos nombreux comptoirs.","sameAs":["https:\/\/www.gold.fr"]}]}},"authors":[{"term_id":2565,"user_id":18,"is_guest":0,"slug":"julie","display_name":"Comptoir National de l'Or","avatar_url":"https:\/\/secure.gravatar.com\/avatar\/713f289e398d35ead876c4a4cc08607f0d6d266058cfc25683fffb6092d0e572?s=96&d=mm&r=g","0":null,"1":"","2":"","3":"","4":"","5":"","6":"","7":"","8":""}],"_links":{"self":[{"href":"https:\/\/www.gold.fr\/news\/wp-json\/wp\/v2\/posts\/9321","targetHints":{"allow":["GET"]}}],"collection":[{"href":"https:\/\/www.gold.fr\/news\/wp-json\/wp\/v2\/posts"}],"about":[{"href":"https:\/\/www.gold.fr\/news\/wp-json\/wp\/v2\/types\/post"}],"author":[{"embeddable":true,"href":"https:\/\/www.gold.fr\/news\/wp-json\/wp\/v2\/users\/18"}],"replies":[{"embeddable":true,"href":"https:\/\/www.gold.fr\/news\/wp-json\/wp\/v2\/comments?post=9321"}],"version-history":[{"count":0,"href":"https:\/\/www.gold.fr\/news\/wp-json\/wp\/v2\/posts\/9321\/revisions"}],"wp:featuredmedia":[{"embeddable":true,"href":"https:\/\/www.gold.fr\/news\/wp-json\/wp\/v2\/media\/3004"}],"wp:attachment":[{"href":"https:\/\/www.gold.fr\/news\/wp-json\/wp\/v2\/media?parent=9321"}],"wp:term":[{"taxonomy":"category","embeddable":true,"href":"https:\/\/www.gold.fr\/news\/wp-json\/wp\/v2\/categories?post=9321"},{"taxonomy":"post_tag","embeddable":true,"href":"https:\/\/www.gold.fr\/news\/wp-json\/wp\/v2\/tags?post=9321"},{"taxonomy":"author","embeddable":true,"href":"https:\/\/www.gold.fr\/news\/wp-json\/wp\/v2\/ppma_author?post=9321"}],"curies":[{"name":"wp","href":"https:\/\/api.w.org\/{rel}","templated":true}]}}