{"id":9219,"date":"2012-09-18T09:00:12","date_gmt":"2012-09-18T07:00:12","guid":{"rendered":"https:\/\/www.gold.fr\/news\/?p=9219"},"modified":"2017-11-02T11:35:16","modified_gmt":"2017-11-02T10:35:16","slug":"la-cite-de-lor-et-le-village-minier-de-bourlamaque","status":"publish","type":"post","link":"https:\/\/www.gold.fr\/news\/2012\/09\/18\/la-cite-de-lor-et-le-village-minier-de-bourlamaque\/","title":{"rendered":"la Cit\u00e9 de l\u2019Or et le village minier de Bourlamaque"},"content":{"rendered":"<p><span style=\"font-size: small;\"><img loading=\"lazy\" decoding=\"async\" class=\"alignleft size-thumbnail wp-image-3112\" title=\"la cit\u00e9 d'Or\" src=\"https:\/\/www.gold.fr\/news\/wp-content\/uploads\/2011\/10\/Correction-de-lor-2-150x150.jpg\" alt=\"\" width=\"150\" height=\"150\" \/>La Cit\u00e9 de l&rsquo;<a href='https:\/\/www.gold.fr\/news\/tags\/or' class='esk-seo-plu-link'>Or<\/a> est une attraction situ\u00e9e dans le Val-d&rsquo;<a href='https:\/\/www.gold.fr\/news\/tags\/or' class='esk-seo-plu-link'>Or<\/a> au <strong>Qu\u00e9bec<\/strong>. Le visiteur peut y vivre l&rsquo;exp\u00e9rience d&rsquo;un minier dans un univers grandeur nature<\/span>    <span style=\"font-size: small;\"><strong>Le val-d&rsquo;<a href='https:\/\/www.gold.fr\/news\/tags\/or' class='esk-seo-plu-link'>Or<\/a>, une vraie mine<\/strong><\/span>    <span style=\"font-size: small;\">C&rsquo;est en 1923 que l&rsquo;histoire commence. De l&rsquo;<a href='https:\/\/www.gold.fr\/news\/tags\/or' class='esk-seo-plu-link'>or<\/a> est d\u00e9couvert \u00e0 <strong>Val-d&rsquo;<a href='https:\/\/www.gold.fr\/news\/tags\/or' class='esk-seo-plu-link'>Or<\/a><\/strong> et cette mine va devenir l&rsquo;une des plus prosp\u00e8res de la r\u00e9gion pendant quelques d\u00e9cennies. D&rsquo;\u00e9normes gisements de cuivre et d&rsquo;<a href='https:\/\/www.gold.fr\/news\/tags\/or' class='esk-seo-plu-link'>or<\/a> sont alors d\u00e9couverts ce qui provoque une v\u00e9ritable ru\u00e9e sur le territoire abitibien. On compte jusqu&rsquo;en <strong>1950<\/strong>, <strong>46 mines<\/strong> qui sont en production et qui font travailler durant les ann\u00e9es <strong>1950<\/strong>, pr\u00e8s de <strong>10 mille personnes<\/strong>.<\/span>    <span style=\"font-size: small;\">En <strong>1985<\/strong>, la mine <strong>Lamaque<\/strong> ferme et il faudra attendre <strong>1995<\/strong> pour la voir rouvrir, mais cette fois-ci en centre d&rsquo;interpr\u00e9tation. \u00ab <strong>La Cit\u00e9 de l&rsquo;<a href='https:\/\/www.gold.fr\/news\/tags\/or' class='esk-seo-plu-link'>Or<\/a><\/strong> \u00bb est n\u00e9e. Elle permet \u00e0 ses visiteurs de comprendre le fonctionnement d&rsquo;une vraie mine, le tout \u00e0 plus de 90 m\u00e8tres sous terre.<\/span>    <span style=\"font-size: small;\"><strong>Le p\u00e9riple d&rsquo;un visiteur<\/strong><\/span>    <span style=\"font-size: small;\">C&rsquo;est en tenue de vrais miniers, que les visiteurs ont le plaisir de d\u00e9couvrir une mine et la vie du mineur qui y passe le plus clair de son temps. Toutes les \u00e9tapes du processus d&rsquo;exploitation d&rsquo;une mine d&rsquo;<a href='https:\/\/www.gold.fr\/news\/tags\/or' class='esk-seo-plu-link'>or<\/a> sont expliqu\u00e9es.<\/span>    <span style=\"font-size: small;\">La visite se fait en profondeur mais \u00e9galement \u00e0 la surface et on d\u00e9couvre comment le minerai est transform\u00e9 \u00e0 partir de la roche par fusion dans le laboratoire d&rsquo;analyse.<\/span><\/p>\n<!-- AddThis Advanced Settings generic via filter on the_content --><!-- AddThis Share Buttons generic via filter on the_content -->","protected":false},"excerpt":{"rendered":"<p>La Cit\u00e9 de l&rsquo;Or est une attraction situ\u00e9e dans le Val-d&rsquo;Or au Qu\u00e9bec. Le visiteur peut y vivre l&rsquo;exp\u00e9rience d&rsquo;un minier dans un univers grandeur nature Le val-d&rsquo;Or, une vraie mine C&rsquo;est en 1923 que l&rsquo;histoire [&hellip;]<\/p>\n","protected":false},"author":18,"featured_media":3112,"comment_status":"open","ping_status":"open","sticky":false,"template":"","format":"standard","meta":{"_mbp_gutenberg_autopost":false,"_pgmb_is_evergreen":false,"_pgmb_ap_template_id":0,"footnotes":""},"categories":[6],"tags":[869,870,871],"ppma_author":[2565],"class_list":["post-9219","post","type-post","status-publish","format-standard","has-post-thumbnail","hentry","category-articles-de-presse","tag-bourlamaque","tag-cite-de-lor","tag-village-minier"],"yoast_head":"<!-- This site is optimized with the Yoast SEO plugin v27.5 - https:\/\/yoast.com\/product\/yoast-seo-wordpress\/ -->\n<title>la Cit\u00e9 de l\u2019Or et le village minier de Bourlamaque - Gold.fr<\/title>\n<meta name=\"robots\" content=\"index, follow, max-snippet:-1, max-image-preview:large, max-video-preview:-1\" \/>\n<link rel=\"canonical\" href=\"https:\/\/www.gold.fr\/news\/2012\/09\/18\/la-cite-de-lor-et-le-village-minier-de-bourlamaque\/\" \/>\n<meta property=\"og:locale\" content=\"fr_FR\" \/>\n<meta property=\"og:type\" content=\"article\" \/>\n<meta property=\"og:title\" content=\"la Cit\u00e9 de l\u2019Or et le village minier de Bourlamaque - Gold.fr\" \/>\n<meta property=\"og:description\" content=\"La Cit\u00e9 de l&rsquo;Or est une attraction situ\u00e9e dans le Val-d&rsquo;Or au Qu\u00e9bec. Le visiteur peut y vivre l&rsquo;exp\u00e9rience d&rsquo;un minier dans un univers grandeur nature Le val-d&rsquo;Or, une vraie mine C&rsquo;est en 1923 que l&rsquo;histoire [&hellip;]\" \/>\n<meta property=\"og:url\" content=\"https:\/\/www.gold.fr\/news\/2012\/09\/18\/la-cite-de-lor-et-le-village-minier-de-bourlamaque\/\" \/>\n<meta property=\"og:site_name\" content=\"Gold.fr\" \/>\n<meta property=\"article:publisher\" content=\"https:\/\/www.facebook.com\/Goldfr\/\" \/>\n<meta property=\"article:published_time\" content=\"2012-09-18T07:00:12+00:00\" \/>\n<meta property=\"article:modified_time\" content=\"2017-11-02T10:35:16+00:00\" \/>\n<meta property=\"og:image\" content=\"https:\/\/www.gold.fr\/news\/wp-content\/uploads\/2011\/10\/Correction-de-lor-2-e1319621157254.jpg\" \/>\n\t<meta property=\"og:image:width\" content=\"600\" \/>\n\t<meta property=\"og:image:height\" content=\"600\" \/>\n\t<meta property=\"og:image:type\" content=\"image\/jpeg\" \/>\n<meta name=\"author\" content=\"Comptoir National de l&#039;Or\" \/>\n<meta name=\"twitter:card\" content=\"summary_large_image\" \/>\n<meta name=\"twitter:label1\" content=\"\u00c9crit par\" \/>\n\t<meta name=\"twitter:data1\" content=\"Comptoir National de l&#039;Or\" \/>\n\t<meta name=\"twitter:label2\" content=\"Dur\u00e9e de lecture estim\u00e9e\" \/>\n\t<meta name=\"twitter:data2\" content=\"1 minute\" \/>\n<script type=\"application\/ld+json\" class=\"yoast-schema-graph\">{\"@context\":\"https:\\\/\\\/schema.org\",\"@graph\":[{\"@type\":\"Article\",\"@id\":\"https:\\\/\\\/www.gold.fr\\\/news\\\/2012\\\/09\\\/18\\\/la-cite-de-lor-et-le-village-minier-de-bourlamaque\\\/#article\",\"isPartOf\":{\"@id\":\"https:\\\/\\\/www.gold.fr\\\/news\\\/2012\\\/09\\\/18\\\/la-cite-de-lor-et-le-village-minier-de-bourlamaque\\\/\"},\"author\":{\"name\":\"Comptoir National de l'Or\",\"@id\":\"https:\\\/\\\/www.gold.fr\\\/news\\\/#\\\/schema\\\/person\\\/070491b4b4fb7671bf59b3be20302ce9\"},\"headline\":\"la Cit\u00e9 de l\u2019Or et le village minier de Bourlamaque\",\"datePublished\":\"2012-09-18T07:00:12+00:00\",\"dateModified\":\"2017-11-02T10:35:16+00:00\",\"mainEntityOfPage\":{\"@id\":\"https:\\\/\\\/www.gold.fr\\\/news\\\/2012\\\/09\\\/18\\\/la-cite-de-lor-et-le-village-minier-de-bourlamaque\\\/\"},\"wordCount\":262,\"commentCount\":0,\"image\":{\"@id\":\"https:\\\/\\\/www.gold.fr\\\/news\\\/2012\\\/09\\\/18\\\/la-cite-de-lor-et-le-village-minier-de-bourlamaque\\\/#primaryimage\"},\"thumbnailUrl\":\"https:\\\/\\\/www.gold.fr\\\/news\\\/wp-content\\\/uploads\\\/2011\\\/10\\\/Correction-de-lor-2-e1319621157254.jpg\",\"keywords\":[\"Bourlamaque\",\"Cit\u00e9 de l\u2019Or\",\"village minier\"],\"articleSection\":[\"Articles de presse\"],\"inLanguage\":\"fr-FR\"},{\"@type\":\"WebPage\",\"@id\":\"https:\\\/\\\/www.gold.fr\\\/news\\\/2012\\\/09\\\/18\\\/la-cite-de-lor-et-le-village-minier-de-bourlamaque\\\/\",\"url\":\"https:\\\/\\\/www.gold.fr\\\/news\\\/2012\\\/09\\\/18\\\/la-cite-de-lor-et-le-village-minier-de-bourlamaque\\\/\",\"name\":\"la Cit\u00e9 de l\u2019Or et le village minier de Bourlamaque - Gold.fr\",\"isPartOf\":{\"@id\":\"https:\\\/\\\/www.gold.fr\\\/news\\\/#website\"},\"primaryImageOfPage\":{\"@id\":\"https:\\\/\\\/www.gold.fr\\\/news\\\/2012\\\/09\\\/18\\\/la-cite-de-lor-et-le-village-minier-de-bourlamaque\\\/#primaryimage\"},\"image\":{\"@id\":\"https:\\\/\\\/www.gold.fr\\\/news\\\/2012\\\/09\\\/18\\\/la-cite-de-lor-et-le-village-minier-de-bourlamaque\\\/#primaryimage\"},\"thumbnailUrl\":\"https:\\\/\\\/www.gold.fr\\\/news\\\/wp-content\\\/uploads\\\/2011\\\/10\\\/Correction-de-lor-2-e1319621157254.jpg\",\"datePublished\":\"2012-09-18T07:00:12+00:00\",\"dateModified\":\"2017-11-02T10:35:16+00:00\",\"author\":{\"@id\":\"https:\\\/\\\/www.gold.fr\\\/news\\\/#\\\/schema\\\/person\\\/070491b4b4fb7671bf59b3be20302ce9\"},\"breadcrumb\":{\"@id\":\"https:\\\/\\\/www.gold.fr\\\/news\\\/2012\\\/09\\\/18\\\/la-cite-de-lor-et-le-village-minier-de-bourlamaque\\\/#breadcrumb\"},\"inLanguage\":\"fr-FR\",\"potentialAction\":[{\"@type\":\"ReadAction\",\"target\":[\"https:\\\/\\\/www.gold.fr\\\/news\\\/2012\\\/09\\\/18\\\/la-cite-de-lor-et-le-village-minier-de-bourlamaque\\\/\"]}]},{\"@type\":\"ImageObject\",\"inLanguage\":\"fr-FR\",\"@id\":\"https:\\\/\\\/www.gold.fr\\\/news\\\/2012\\\/09\\\/18\\\/la-cite-de-lor-et-le-village-minier-de-bourlamaque\\\/#primaryimage\",\"url\":\"https:\\\/\\\/www.gold.fr\\\/news\\\/wp-content\\\/uploads\\\/2011\\\/10\\\/Correction-de-lor-2-e1319621157254.jpg\",\"contentUrl\":\"https:\\\/\\\/www.gold.fr\\\/news\\\/wp-content\\\/uploads\\\/2011\\\/10\\\/Correction-de-lor-2-e1319621157254.jpg\",\"width\":\"600\",\"height\":\"600\",\"caption\":\"la cit\u00e9 d'Or\"},{\"@type\":\"BreadcrumbList\",\"@id\":\"https:\\\/\\\/www.gold.fr\\\/news\\\/2012\\\/09\\\/18\\\/la-cite-de-lor-et-le-village-minier-de-bourlamaque\\\/#breadcrumb\",\"itemListElement\":[{\"@type\":\"ListItem\",\"position\":1,\"name\":\"Accueil\",\"item\":\"https:\\\/\\\/www.gold.fr\\\/\"},{\"@type\":\"ListItem\",\"position\":2,\"name\":\"Actualit\u00e9s\",\"item\":\"https:\\\/\\\/www.gold.fr\\\/news\\\/\"},{\"@type\":\"ListItem\",\"position\":3,\"name\":\"la Cit\u00e9 de l\u2019Or et le village minier de Bourlamaque\"}]},{\"@type\":\"WebSite\",\"@id\":\"https:\\\/\\\/www.gold.fr\\\/news\\\/#website\",\"url\":\"https:\\\/\\\/www.gold.fr\\\/news\\\/\",\"name\":\"Gold.fr\",\"description\":\"Actualit\u00e9s de l&#039;Or et des m\u00e9taux pr\u00e9cieux\",\"potentialAction\":[{\"@type\":\"SearchAction\",\"target\":{\"@type\":\"EntryPoint\",\"urlTemplate\":\"https:\\\/\\\/www.gold.fr\\\/news\\\/?s={search_term_string}\"},\"query-input\":{\"@type\":\"PropertyValueSpecification\",\"valueRequired\":true,\"valueName\":\"search_term_string\"}}],\"inLanguage\":\"fr-FR\"},{\"@type\":\"Person\",\"@id\":\"https:\\\/\\\/www.gold.fr\\\/news\\\/#\\\/schema\\\/person\\\/070491b4b4fb7671bf59b3be20302ce9\",\"name\":\"Comptoir National de l'Or\",\"image\":{\"@type\":\"ImageObject\",\"inLanguage\":\"fr-FR\",\"@id\":\"https:\\\/\\\/secure.gravatar.com\\\/avatar\\\/0a2867fd5abe37bed95d5a65e9d58f01756e11efc68af9888dfc50cfa7f65948?s=96&d=mm&r=gb490554db0a38188709de567aa58480d\",\"url\":\"https:\\\/\\\/secure.gravatar.com\\\/avatar\\\/0a2867fd5abe37bed95d5a65e9d58f01756e11efc68af9888dfc50cfa7f65948?s=96&d=mm&r=g\",\"contentUrl\":\"https:\\\/\\\/secure.gravatar.com\\\/avatar\\\/0a2867fd5abe37bed95d5a65e9d58f01756e11efc68af9888dfc50cfa7f65948?s=96&d=mm&r=g\",\"caption\":\"Comptoir National de l'Or\"},\"description\":\"Notre r\u00e9daction est constitu\u00e9e de membres experts dans les m\u00e9tiers de l'\u00e9conomie et la gestion, des Responsables d'agence Comptoir National de l'Or, des analystes financiers qui publient r\u00e9guli\u00e8rement des \u00e9tudes sur les politiques des banques centrales, le cours de l'or, prix de l'or, cours de l'argent, prix de l'argent, cours du platine, cours du palladium,... la situation en zone euro et l'impact de la strat\u00e9gie mon\u00e9taire de la FED. Notre \u00e9quipe scrute \u00e9galement une information plus g\u00e9n\u00e9raliste \u00e0 la recherche d'actualit\u00e9 \\\"p\u00e9pite\\\" \u00e0 vous partager. Depuis 5 ans, nous avons publi\u00e9 un peu plus de 4000 articles qui s'adressent \u00e0 un public large et vari\u00e9 ayant pour objectif de satisfaire votre curiosit\u00e9 et de partager avec vous une certaine fascination pour le m\u00e9tal jaune, le rachat d'or, et pour ceux qui veulent investir dans l'or, vendre leur or tout simplement en savoir plus... Pour tous vos achat or et argent, n'h\u00e9sitez pas \u00e0 prendre rendez-vous dans l'un de nos nombreux comptoirs.\",\"sameAs\":[\"https:\\\/\\\/www.gold.fr\"]}]}<\/script>\n<!-- \/ Yoast SEO plugin. -->","yoast_head_json":{"title":"la Cit\u00e9 de l\u2019Or et le village minier de Bourlamaque - Gold.fr","robots":{"index":"index","follow":"follow","max-snippet":"max-snippet:-1","max-image-preview":"max-image-preview:large","max-video-preview":"max-video-preview:-1"},"canonical":"https:\/\/www.gold.fr\/news\/2012\/09\/18\/la-cite-de-lor-et-le-village-minier-de-bourlamaque\/","og_locale":"fr_FR","og_type":"article","og_title":"la Cit\u00e9 de l\u2019Or et le village minier de Bourlamaque - Gold.fr","og_description":"La Cit\u00e9 de l&rsquo;Or est une attraction situ\u00e9e dans le Val-d&rsquo;Or au Qu\u00e9bec. Le visiteur peut y vivre l&rsquo;exp\u00e9rience d&rsquo;un minier dans un univers grandeur nature Le val-d&rsquo;Or, une vraie mine C&rsquo;est en 1923 que l&rsquo;histoire [&hellip;]","og_url":"https:\/\/www.gold.fr\/news\/2012\/09\/18\/la-cite-de-lor-et-le-village-minier-de-bourlamaque\/","og_site_name":"Gold.fr","article_publisher":"https:\/\/www.facebook.com\/Goldfr\/","article_published_time":"2012-09-18T07:00:12+00:00","article_modified_time":"2017-11-02T10:35:16+00:00","og_image":[{"width":600,"height":600,"url":"https:\/\/www.gold.fr\/news\/wp-content\/uploads\/2011\/10\/Correction-de-lor-2-e1319621157254.jpg","type":"image\/jpeg"}],"author":"Comptoir National de l'Or","twitter_card":"summary_large_image","twitter_misc":{"\u00c9crit par":"Comptoir National de l'Or","Dur\u00e9e de lecture estim\u00e9e":"1 minute"},"schema":{"@context":"https:\/\/schema.org","@graph":[{"@type":"Article","@id":"https:\/\/www.gold.fr\/news\/2012\/09\/18\/la-cite-de-lor-et-le-village-minier-de-bourlamaque\/#article","isPartOf":{"@id":"https:\/\/www.gold.fr\/news\/2012\/09\/18\/la-cite-de-lor-et-le-village-minier-de-bourlamaque\/"},"author":{"name":"Comptoir National de l'Or","@id":"https:\/\/www.gold.fr\/news\/#\/schema\/person\/070491b4b4fb7671bf59b3be20302ce9"},"headline":"la Cit\u00e9 de l\u2019Or et le village minier de Bourlamaque","datePublished":"2012-09-18T07:00:12+00:00","dateModified":"2017-11-02T10:35:16+00:00","mainEntityOfPage":{"@id":"https:\/\/www.gold.fr\/news\/2012\/09\/18\/la-cite-de-lor-et-le-village-minier-de-bourlamaque\/"},"wordCount":262,"commentCount":0,"image":{"@id":"https:\/\/www.gold.fr\/news\/2012\/09\/18\/la-cite-de-lor-et-le-village-minier-de-bourlamaque\/#primaryimage"},"thumbnailUrl":"https:\/\/www.gold.fr\/news\/wp-content\/uploads\/2011\/10\/Correction-de-lor-2-e1319621157254.jpg","keywords":["Bourlamaque","Cit\u00e9 de l\u2019Or","village minier"],"articleSection":["Articles de presse"],"inLanguage":"fr-FR"},{"@type":"WebPage","@id":"https:\/\/www.gold.fr\/news\/2012\/09\/18\/la-cite-de-lor-et-le-village-minier-de-bourlamaque\/","url":"https:\/\/www.gold.fr\/news\/2012\/09\/18\/la-cite-de-lor-et-le-village-minier-de-bourlamaque\/","name":"la Cit\u00e9 de l\u2019Or et le village minier de Bourlamaque - Gold.fr","isPartOf":{"@id":"https:\/\/www.gold.fr\/news\/#website"},"primaryImageOfPage":{"@id":"https:\/\/www.gold.fr\/news\/2012\/09\/18\/la-cite-de-lor-et-le-village-minier-de-bourlamaque\/#primaryimage"},"image":{"@id":"https:\/\/www.gold.fr\/news\/2012\/09\/18\/la-cite-de-lor-et-le-village-minier-de-bourlamaque\/#primaryimage"},"thumbnailUrl":"https:\/\/www.gold.fr\/news\/wp-content\/uploads\/2011\/10\/Correction-de-lor-2-e1319621157254.jpg","datePublished":"2012-09-18T07:00:12+00:00","dateModified":"2017-11-02T10:35:16+00:00","author":{"@id":"https:\/\/www.gold.fr\/news\/#\/schema\/person\/070491b4b4fb7671bf59b3be20302ce9"},"breadcrumb":{"@id":"https:\/\/www.gold.fr\/news\/2012\/09\/18\/la-cite-de-lor-et-le-village-minier-de-bourlamaque\/#breadcrumb"},"inLanguage":"fr-FR","potentialAction":[{"@type":"ReadAction","target":["https:\/\/www.gold.fr\/news\/2012\/09\/18\/la-cite-de-lor-et-le-village-minier-de-bourlamaque\/"]}]},{"@type":"ImageObject","inLanguage":"fr-FR","@id":"https:\/\/www.gold.fr\/news\/2012\/09\/18\/la-cite-de-lor-et-le-village-minier-de-bourlamaque\/#primaryimage","url":"https:\/\/www.gold.fr\/news\/wp-content\/uploads\/2011\/10\/Correction-de-lor-2-e1319621157254.jpg","contentUrl":"https:\/\/www.gold.fr\/news\/wp-content\/uploads\/2011\/10\/Correction-de-lor-2-e1319621157254.jpg","width":"600","height":"600","caption":"la cit\u00e9 d'Or"},{"@type":"BreadcrumbList","@id":"https:\/\/www.gold.fr\/news\/2012\/09\/18\/la-cite-de-lor-et-le-village-minier-de-bourlamaque\/#breadcrumb","itemListElement":[{"@type":"ListItem","position":1,"name":"Accueil","item":"https:\/\/www.gold.fr\/"},{"@type":"ListItem","position":2,"name":"Actualit\u00e9s","item":"https:\/\/www.gold.fr\/news\/"},{"@type":"ListItem","position":3,"name":"la Cit\u00e9 de l\u2019Or et le village minier de Bourlamaque"}]},{"@type":"WebSite","@id":"https:\/\/www.gold.fr\/news\/#website","url":"https:\/\/www.gold.fr\/news\/","name":"Gold.fr","description":"Actualit\u00e9s de l&#039;Or et des m\u00e9taux pr\u00e9cieux","potentialAction":[{"@type":"SearchAction","target":{"@type":"EntryPoint","urlTemplate":"https:\/\/www.gold.fr\/news\/?s={search_term_string}"},"query-input":{"@type":"PropertyValueSpecification","valueRequired":true,"valueName":"search_term_string"}}],"inLanguage":"fr-FR"},{"@type":"Person","@id":"https:\/\/www.gold.fr\/news\/#\/schema\/person\/070491b4b4fb7671bf59b3be20302ce9","name":"Comptoir National de l'Or","image":{"@type":"ImageObject","inLanguage":"fr-FR","@id":"https:\/\/secure.gravatar.com\/avatar\/0a2867fd5abe37bed95d5a65e9d58f01756e11efc68af9888dfc50cfa7f65948?s=96&d=mm&r=gb490554db0a38188709de567aa58480d","url":"https:\/\/secure.gravatar.com\/avatar\/0a2867fd5abe37bed95d5a65e9d58f01756e11efc68af9888dfc50cfa7f65948?s=96&d=mm&r=g","contentUrl":"https:\/\/secure.gravatar.com\/avatar\/0a2867fd5abe37bed95d5a65e9d58f01756e11efc68af9888dfc50cfa7f65948?s=96&d=mm&r=g","caption":"Comptoir National de l'Or"},"description":"Notre r\u00e9daction est constitu\u00e9e de membres experts dans les m\u00e9tiers de l'\u00e9conomie et la gestion, des Responsables d'agence Comptoir National de l'Or, des analystes financiers qui publient r\u00e9guli\u00e8rement des \u00e9tudes sur les politiques des banques centrales, le cours de l'or, prix de l'or, cours de l'argent, prix de l'argent, cours du platine, cours du palladium,... la situation en zone euro et l'impact de la strat\u00e9gie mon\u00e9taire de la FED. Notre \u00e9quipe scrute \u00e9galement une information plus g\u00e9n\u00e9raliste \u00e0 la recherche d'actualit\u00e9 \"p\u00e9pite\" \u00e0 vous partager. Depuis 5 ans, nous avons publi\u00e9 un peu plus de 4000 articles qui s'adressent \u00e0 un public large et vari\u00e9 ayant pour objectif de satisfaire votre curiosit\u00e9 et de partager avec vous une certaine fascination pour le m\u00e9tal jaune, le rachat d'or, et pour ceux qui veulent investir dans l'or, vendre leur or tout simplement en savoir plus... Pour tous vos achat or et argent, n'h\u00e9sitez pas \u00e0 prendre rendez-vous dans l'un de nos nombreux comptoirs.","sameAs":["https:\/\/www.gold.fr"]}]}},"authors":[{"term_id":2565,"user_id":18,"is_guest":0,"slug":"julie","display_name":"Comptoir National de l'Or","avatar_url":"https:\/\/secure.gravatar.com\/avatar\/713f289e398d35ead876c4a4cc08607f0d6d266058cfc25683fffb6092d0e572?s=96&d=mm&r=g","0":null,"1":"","2":"","3":"","4":"","5":"","6":"","7":"","8":""}],"_links":{"self":[{"href":"https:\/\/www.gold.fr\/news\/wp-json\/wp\/v2\/posts\/9219","targetHints":{"allow":["GET"]}}],"collection":[{"href":"https:\/\/www.gold.fr\/news\/wp-json\/wp\/v2\/posts"}],"about":[{"href":"https:\/\/www.gold.fr\/news\/wp-json\/wp\/v2\/types\/post"}],"author":[{"embeddable":true,"href":"https:\/\/www.gold.fr\/news\/wp-json\/wp\/v2\/users\/18"}],"replies":[{"embeddable":true,"href":"https:\/\/www.gold.fr\/news\/wp-json\/wp\/v2\/comments?post=9219"}],"version-history":[{"count":0,"href":"https:\/\/www.gold.fr\/news\/wp-json\/wp\/v2\/posts\/9219\/revisions"}],"wp:featuredmedia":[{"embeddable":true,"href":"https:\/\/www.gold.fr\/news\/wp-json\/wp\/v2\/media\/3112"}],"wp:attachment":[{"href":"https:\/\/www.gold.fr\/news\/wp-json\/wp\/v2\/media?parent=9219"}],"wp:term":[{"taxonomy":"category","embeddable":true,"href":"https:\/\/www.gold.fr\/news\/wp-json\/wp\/v2\/categories?post=9219"},{"taxonomy":"post_tag","embeddable":true,"href":"https:\/\/www.gold.fr\/news\/wp-json\/wp\/v2\/tags?post=9219"},{"taxonomy":"author","embeddable":true,"href":"https:\/\/www.gold.fr\/news\/wp-json\/wp\/v2\/ppma_author?post=9219"}],"curies":[{"name":"wp","href":"https:\/\/api.w.org\/{rel}","templated":true}]}}