{"id":9029,"date":"2012-09-03T09:00:52","date_gmt":"2012-09-03T07:00:52","guid":{"rendered":"https:\/\/www.gold.fr\/news\/?p=9029"},"modified":"2017-11-02T11:35:22","modified_gmt":"2017-11-02T10:35:22","slug":"lor-fait-des-emeutes-au-perou","status":"publish","type":"post","link":"https:\/\/www.gold.fr\/news\/2012\/09\/03\/lor-fait-des-emeutes-au-perou\/","title":{"rendered":"L\u2019or fait des \u00e9meutes au P\u00e9rou"},"content":{"rendered":"<p><span style=\"font-size: small;\"><a href=\"https:\/\/www.gold.fr\/news\/wp-content\/uploads\/2012\/06\/mine-or.jpg\"><img loading=\"lazy\" decoding=\"async\" class=\"alignleft size-thumbnail wp-image-8217\" title=\"L\u2019or fait des \u00e9meutes au P\u00e9rou\" src=\"https:\/\/www.gold.fr\/news\/wp-content\/uploads\/2012\/06\/mine-or-150x150.jpg\" alt=\"\" width=\"150\" height=\"150\" \/><\/a>Il n&rsquo;y a pas que sur les march\u00e9s financiers que l&rsquo;<a href='https:\/\/www.gold.fr\/news\/tags\/or' class='esk-seo-plu-link'>or<\/a> rassemble des foules ! Au P\u00e9rou le nouveau projet du g\u00e9ant des mines <strong>Newmont Mining<\/strong> est contest\u00e9 en raison du possible mauvais impact \u00e9cologique. Les habitants de <strong>Cajamarca<\/strong> au nord du P\u00e9rou, r\u00e9gion dans laquelle <strong>Newmont Mining<\/strong> compte installer une mine pour l&rsquo;extraction de <strong>200 tonnes d&rsquo;<a href='https:\/\/www.gold.fr\/news\/tags\/or' class='esk-seo-plu-link'>or<\/a><\/strong>, se sont group\u00e9s maintes fois afin de protester. Le gouvernement quant \u00e0 lui peine \u00e0 trouver une issue. En effet, le projet \u00e9tant d&rsquo;envergure internationale, promet de g\u00e9n\u00e9rer des milliers d&#8217;emplois en plus des retours sur investissements atteignant les <strong>4.9 milliards de dollars<\/strong>.<\/span>    <span style=\"font-size: small;\">A l&rsquo;heure o\u00f9 les fluctuations des monnaies font des ravages et que l&rsquo;<a href='https:\/\/www.gold.fr\/news\/tags\/or' class='esk-seo-plu-link'>or<\/a> se cantonne de plus en plus dans sa position de valeur refuge, le choix entre l&rsquo;eau et la relique barbare n&rsquo;est plus une \u00e9vidence pour tout le monde.<\/span>    <span style=\"font-size: small;\">Ainsi, tandis que <strong>Newmont Mining<\/strong> se pr\u00e9pare \u00e0 s&rsquo;engager avec l&rsquo;\u00e9tat p\u00e9ruvien en passe de devenir le premier producteur mondial d&rsquo;<a href='https:\/\/www.gold.fr\/news\/tags\/or' class='esk-seo-plu-link'>or<\/a> gr\u00e2ce \u00e0 la mine de <strong>Cajamarca<\/strong>, les habitants des alentours des lagunes ont peur.<\/span>    <span style=\"font-size: small;\">Ces appr\u00e9hensions l\u00e9gitimes de la part d&rsquo;une population qui vit d&rsquo;agriculture et de b\u00e9tail, ont trouv\u00e9 leur \u00e9cho chez <strong>Newmont Mining<\/strong> ainsi que chez les autorit\u00e9s religieuses qui essayent de trouver un compromis. Le gouvernement quant \u00e0 lui reste toujours aussi ind\u00e9cis, surtout qu&rsquo;une issue d\u00e9favorable pourrait entraver pour toujours l&rsquo;exploitation de la mine de <strong>Cajamarca<\/strong>.<\/span><\/p>\n<!-- AddThis Advanced Settings generic via filter on the_content --><!-- AddThis Share Buttons generic via filter on the_content -->","protected":false},"excerpt":{"rendered":"<p>Il n&rsquo;y a pas que sur les march\u00e9s financiers que l&rsquo;or rassemble des foules ! Au P\u00e9rou le nouveau projet du g\u00e9ant des mines Newmont Mining est contest\u00e9 en raison du possible mauvais impact \u00e9cologique. Les [&hellip;]<\/p>\n","protected":false},"author":18,"featured_media":8217,"comment_status":"open","ping_status":"open","sticky":false,"template":"","format":"standard","meta":{"_mbp_gutenberg_autopost":false,"_pgmb_is_evergreen":false,"_pgmb_ap_template_id":0,"footnotes":""},"categories":[6],"tags":[820,818,655,819],"ppma_author":[2565],"class_list":["post-9029","post","type-post","status-publish","format-standard","has-post-thumbnail","hentry","category-articles-de-presse","tag-cajamarca","tag-emeutes-au-perou","tag-mines-dor","tag-newmont-mining"],"yoast_head":"<!-- This site is optimized with the Yoast SEO plugin v27.5 - https:\/\/yoast.com\/product\/yoast-seo-wordpress\/ -->\n<title>L\u2019or fait des \u00e9meutes au P\u00e9rou - Gold.fr<\/title>\n<meta name=\"robots\" content=\"index, follow, max-snippet:-1, max-image-preview:large, max-video-preview:-1\" \/>\n<link rel=\"canonical\" href=\"https:\/\/www.gold.fr\/news\/2012\/09\/03\/lor-fait-des-emeutes-au-perou\/\" \/>\n<meta property=\"og:locale\" content=\"fr_FR\" \/>\n<meta property=\"og:type\" content=\"article\" \/>\n<meta property=\"og:title\" content=\"L\u2019or fait des \u00e9meutes au P\u00e9rou - Gold.fr\" \/>\n<meta property=\"og:description\" content=\"Il n&rsquo;y a pas que sur les march\u00e9s financiers que l&rsquo;or rassemble des foules ! Au P\u00e9rou le nouveau projet du g\u00e9ant des mines Newmont Mining est contest\u00e9 en raison du possible mauvais impact \u00e9cologique. Les [&hellip;]\" \/>\n<meta property=\"og:url\" content=\"https:\/\/www.gold.fr\/news\/2012\/09\/03\/lor-fait-des-emeutes-au-perou\/\" \/>\n<meta property=\"og:site_name\" content=\"Gold.fr\" \/>\n<meta property=\"article:publisher\" content=\"https:\/\/www.facebook.com\/Goldfr\/\" \/>\n<meta property=\"article:published_time\" content=\"2012-09-03T07:00:52+00:00\" \/>\n<meta property=\"article:modified_time\" content=\"2017-11-02T10:35:22+00:00\" \/>\n<meta property=\"og:image\" content=\"https:\/\/www.gold.fr\/news\/wp-content\/uploads\/2012\/06\/mine-or.jpg\" \/>\n\t<meta property=\"og:image:width\" content=\"600\" \/>\n\t<meta property=\"og:image:height\" content=\"400\" \/>\n\t<meta property=\"og:image:type\" content=\"image\/jpeg\" \/>\n<meta name=\"author\" content=\"Comptoir National de l&#039;Or\" \/>\n<meta name=\"twitter:card\" content=\"summary_large_image\" \/>\n<meta name=\"twitter:label1\" content=\"\u00c9crit par\" \/>\n\t<meta name=\"twitter:data1\" content=\"Comptoir National de l&#039;Or\" \/>\n\t<meta name=\"twitter:label2\" content=\"Dur\u00e9e de lecture estim\u00e9e\" \/>\n\t<meta name=\"twitter:data2\" content=\"1 minute\" \/>\n<script type=\"application\/ld+json\" class=\"yoast-schema-graph\">{\"@context\":\"https:\\\/\\\/schema.org\",\"@graph\":[{\"@type\":\"Article\",\"@id\":\"https:\\\/\\\/www.gold.fr\\\/news\\\/2012\\\/09\\\/03\\\/lor-fait-des-emeutes-au-perou\\\/#article\",\"isPartOf\":{\"@id\":\"https:\\\/\\\/www.gold.fr\\\/news\\\/2012\\\/09\\\/03\\\/lor-fait-des-emeutes-au-perou\\\/\"},\"author\":{\"name\":\"Comptoir National de l'Or\",\"@id\":\"https:\\\/\\\/www.gold.fr\\\/news\\\/#\\\/schema\\\/person\\\/070491b4b4fb7671bf59b3be20302ce9\"},\"headline\":\"L\u2019or fait des \u00e9meutes au P\u00e9rou\",\"datePublished\":\"2012-09-03T07:00:52+00:00\",\"dateModified\":\"2017-11-02T10:35:22+00:00\",\"mainEntityOfPage\":{\"@id\":\"https:\\\/\\\/www.gold.fr\\\/news\\\/2012\\\/09\\\/03\\\/lor-fait-des-emeutes-au-perou\\\/\"},\"wordCount\":267,\"commentCount\":1,\"image\":{\"@id\":\"https:\\\/\\\/www.gold.fr\\\/news\\\/2012\\\/09\\\/03\\\/lor-fait-des-emeutes-au-perou\\\/#primaryimage\"},\"thumbnailUrl\":\"https:\\\/\\\/www.gold.fr\\\/news\\\/wp-content\\\/uploads\\\/2012\\\/06\\\/mine-or.jpg\",\"keywords\":[\"Cajamarca\",\"Emeutes au P\u00e9rou\",\"Mines d'Or\",\"Newmont Mining\"],\"articleSection\":[\"Articles de presse\"],\"inLanguage\":\"fr-FR\"},{\"@type\":\"WebPage\",\"@id\":\"https:\\\/\\\/www.gold.fr\\\/news\\\/2012\\\/09\\\/03\\\/lor-fait-des-emeutes-au-perou\\\/\",\"url\":\"https:\\\/\\\/www.gold.fr\\\/news\\\/2012\\\/09\\\/03\\\/lor-fait-des-emeutes-au-perou\\\/\",\"name\":\"L\u2019or fait des \u00e9meutes au P\u00e9rou - Gold.fr\",\"isPartOf\":{\"@id\":\"https:\\\/\\\/www.gold.fr\\\/news\\\/#website\"},\"primaryImageOfPage\":{\"@id\":\"https:\\\/\\\/www.gold.fr\\\/news\\\/2012\\\/09\\\/03\\\/lor-fait-des-emeutes-au-perou\\\/#primaryimage\"},\"image\":{\"@id\":\"https:\\\/\\\/www.gold.fr\\\/news\\\/2012\\\/09\\\/03\\\/lor-fait-des-emeutes-au-perou\\\/#primaryimage\"},\"thumbnailUrl\":\"https:\\\/\\\/www.gold.fr\\\/news\\\/wp-content\\\/uploads\\\/2012\\\/06\\\/mine-or.jpg\",\"datePublished\":\"2012-09-03T07:00:52+00:00\",\"dateModified\":\"2017-11-02T10:35:22+00:00\",\"author\":{\"@id\":\"https:\\\/\\\/www.gold.fr\\\/news\\\/#\\\/schema\\\/person\\\/070491b4b4fb7671bf59b3be20302ce9\"},\"breadcrumb\":{\"@id\":\"https:\\\/\\\/www.gold.fr\\\/news\\\/2012\\\/09\\\/03\\\/lor-fait-des-emeutes-au-perou\\\/#breadcrumb\"},\"inLanguage\":\"fr-FR\",\"potentialAction\":[{\"@type\":\"ReadAction\",\"target\":[\"https:\\\/\\\/www.gold.fr\\\/news\\\/2012\\\/09\\\/03\\\/lor-fait-des-emeutes-au-perou\\\/\"]}]},{\"@type\":\"ImageObject\",\"inLanguage\":\"fr-FR\",\"@id\":\"https:\\\/\\\/www.gold.fr\\\/news\\\/2012\\\/09\\\/03\\\/lor-fait-des-emeutes-au-perou\\\/#primaryimage\",\"url\":\"https:\\\/\\\/www.gold.fr\\\/news\\\/wp-content\\\/uploads\\\/2012\\\/06\\\/mine-or.jpg\",\"contentUrl\":\"https:\\\/\\\/www.gold.fr\\\/news\\\/wp-content\\\/uploads\\\/2012\\\/06\\\/mine-or.jpg\",\"width\":\"600\",\"height\":\"400\",\"caption\":\"Or minier : SOMILO verse 15 milliards de F cfa pour rouvrir ses locaux\"},{\"@type\":\"BreadcrumbList\",\"@id\":\"https:\\\/\\\/www.gold.fr\\\/news\\\/2012\\\/09\\\/03\\\/lor-fait-des-emeutes-au-perou\\\/#breadcrumb\",\"itemListElement\":[{\"@type\":\"ListItem\",\"position\":1,\"name\":\"Accueil\",\"item\":\"https:\\\/\\\/www.gold.fr\\\/\"},{\"@type\":\"ListItem\",\"position\":2,\"name\":\"Actualit\u00e9s\",\"item\":\"https:\\\/\\\/www.gold.fr\\\/news\\\/\"},{\"@type\":\"ListItem\",\"position\":3,\"name\":\"L\u2019or fait des \u00e9meutes au P\u00e9rou\"}]},{\"@type\":\"WebSite\",\"@id\":\"https:\\\/\\\/www.gold.fr\\\/news\\\/#website\",\"url\":\"https:\\\/\\\/www.gold.fr\\\/news\\\/\",\"name\":\"Gold.fr\",\"description\":\"Actualit\u00e9s de l&#039;Or et des m\u00e9taux pr\u00e9cieux\",\"potentialAction\":[{\"@type\":\"SearchAction\",\"target\":{\"@type\":\"EntryPoint\",\"urlTemplate\":\"https:\\\/\\\/www.gold.fr\\\/news\\\/?s={search_term_string}\"},\"query-input\":{\"@type\":\"PropertyValueSpecification\",\"valueRequired\":true,\"valueName\":\"search_term_string\"}}],\"inLanguage\":\"fr-FR\"},{\"@type\":\"Person\",\"@id\":\"https:\\\/\\\/www.gold.fr\\\/news\\\/#\\\/schema\\\/person\\\/070491b4b4fb7671bf59b3be20302ce9\",\"name\":\"Comptoir National de l'Or\",\"image\":{\"@type\":\"ImageObject\",\"inLanguage\":\"fr-FR\",\"@id\":\"https:\\\/\\\/secure.gravatar.com\\\/avatar\\\/0a2867fd5abe37bed95d5a65e9d58f01756e11efc68af9888dfc50cfa7f65948?s=96&d=mm&r=gb490554db0a38188709de567aa58480d\",\"url\":\"https:\\\/\\\/secure.gravatar.com\\\/avatar\\\/0a2867fd5abe37bed95d5a65e9d58f01756e11efc68af9888dfc50cfa7f65948?s=96&d=mm&r=g\",\"contentUrl\":\"https:\\\/\\\/secure.gravatar.com\\\/avatar\\\/0a2867fd5abe37bed95d5a65e9d58f01756e11efc68af9888dfc50cfa7f65948?s=96&d=mm&r=g\",\"caption\":\"Comptoir National de l'Or\"},\"description\":\"Notre r\u00e9daction est constitu\u00e9e de membres experts dans les m\u00e9tiers de l'\u00e9conomie et la gestion, des Responsables d'agence Comptoir National de l'Or, des analystes financiers qui publient r\u00e9guli\u00e8rement des \u00e9tudes sur les politiques des banques centrales, le cours de l'or, prix de l'or, cours de l'argent, prix de l'argent, cours du platine, cours du palladium,... la situation en zone euro et l'impact de la strat\u00e9gie mon\u00e9taire de la FED. Notre \u00e9quipe scrute \u00e9galement une information plus g\u00e9n\u00e9raliste \u00e0 la recherche d'actualit\u00e9 \\\"p\u00e9pite\\\" \u00e0 vous partager. Depuis 5 ans, nous avons publi\u00e9 un peu plus de 4000 articles qui s'adressent \u00e0 un public large et vari\u00e9 ayant pour objectif de satisfaire votre curiosit\u00e9 et de partager avec vous une certaine fascination pour le m\u00e9tal jaune, le rachat d'or, et pour ceux qui veulent investir dans l'or, vendre leur or tout simplement en savoir plus... Pour tous vos achat or et argent, n'h\u00e9sitez pas \u00e0 prendre rendez-vous dans l'un de nos nombreux comptoirs.\",\"sameAs\":[\"https:\\\/\\\/www.gold.fr\"]}]}<\/script>\n<!-- \/ Yoast SEO plugin. -->","yoast_head_json":{"title":"L\u2019or fait des \u00e9meutes au P\u00e9rou - Gold.fr","robots":{"index":"index","follow":"follow","max-snippet":"max-snippet:-1","max-image-preview":"max-image-preview:large","max-video-preview":"max-video-preview:-1"},"canonical":"https:\/\/www.gold.fr\/news\/2012\/09\/03\/lor-fait-des-emeutes-au-perou\/","og_locale":"fr_FR","og_type":"article","og_title":"L\u2019or fait des \u00e9meutes au P\u00e9rou - Gold.fr","og_description":"Il n&rsquo;y a pas que sur les march\u00e9s financiers que l&rsquo;or rassemble des foules ! Au P\u00e9rou le nouveau projet du g\u00e9ant des mines Newmont Mining est contest\u00e9 en raison du possible mauvais impact \u00e9cologique. Les [&hellip;]","og_url":"https:\/\/www.gold.fr\/news\/2012\/09\/03\/lor-fait-des-emeutes-au-perou\/","og_site_name":"Gold.fr","article_publisher":"https:\/\/www.facebook.com\/Goldfr\/","article_published_time":"2012-09-03T07:00:52+00:00","article_modified_time":"2017-11-02T10:35:22+00:00","og_image":[{"width":600,"height":400,"url":"https:\/\/www.gold.fr\/news\/wp-content\/uploads\/2012\/06\/mine-or.jpg","type":"image\/jpeg"}],"author":"Comptoir National de l'Or","twitter_card":"summary_large_image","twitter_misc":{"\u00c9crit par":"Comptoir National de l'Or","Dur\u00e9e de lecture estim\u00e9e":"1 minute"},"schema":{"@context":"https:\/\/schema.org","@graph":[{"@type":"Article","@id":"https:\/\/www.gold.fr\/news\/2012\/09\/03\/lor-fait-des-emeutes-au-perou\/#article","isPartOf":{"@id":"https:\/\/www.gold.fr\/news\/2012\/09\/03\/lor-fait-des-emeutes-au-perou\/"},"author":{"name":"Comptoir National de l'Or","@id":"https:\/\/www.gold.fr\/news\/#\/schema\/person\/070491b4b4fb7671bf59b3be20302ce9"},"headline":"L\u2019or fait des \u00e9meutes au P\u00e9rou","datePublished":"2012-09-03T07:00:52+00:00","dateModified":"2017-11-02T10:35:22+00:00","mainEntityOfPage":{"@id":"https:\/\/www.gold.fr\/news\/2012\/09\/03\/lor-fait-des-emeutes-au-perou\/"},"wordCount":267,"commentCount":1,"image":{"@id":"https:\/\/www.gold.fr\/news\/2012\/09\/03\/lor-fait-des-emeutes-au-perou\/#primaryimage"},"thumbnailUrl":"https:\/\/www.gold.fr\/news\/wp-content\/uploads\/2012\/06\/mine-or.jpg","keywords":["Cajamarca","Emeutes au P\u00e9rou","Mines d'Or","Newmont Mining"],"articleSection":["Articles de presse"],"inLanguage":"fr-FR"},{"@type":"WebPage","@id":"https:\/\/www.gold.fr\/news\/2012\/09\/03\/lor-fait-des-emeutes-au-perou\/","url":"https:\/\/www.gold.fr\/news\/2012\/09\/03\/lor-fait-des-emeutes-au-perou\/","name":"L\u2019or fait des \u00e9meutes au P\u00e9rou - Gold.fr","isPartOf":{"@id":"https:\/\/www.gold.fr\/news\/#website"},"primaryImageOfPage":{"@id":"https:\/\/www.gold.fr\/news\/2012\/09\/03\/lor-fait-des-emeutes-au-perou\/#primaryimage"},"image":{"@id":"https:\/\/www.gold.fr\/news\/2012\/09\/03\/lor-fait-des-emeutes-au-perou\/#primaryimage"},"thumbnailUrl":"https:\/\/www.gold.fr\/news\/wp-content\/uploads\/2012\/06\/mine-or.jpg","datePublished":"2012-09-03T07:00:52+00:00","dateModified":"2017-11-02T10:35:22+00:00","author":{"@id":"https:\/\/www.gold.fr\/news\/#\/schema\/person\/070491b4b4fb7671bf59b3be20302ce9"},"breadcrumb":{"@id":"https:\/\/www.gold.fr\/news\/2012\/09\/03\/lor-fait-des-emeutes-au-perou\/#breadcrumb"},"inLanguage":"fr-FR","potentialAction":[{"@type":"ReadAction","target":["https:\/\/www.gold.fr\/news\/2012\/09\/03\/lor-fait-des-emeutes-au-perou\/"]}]},{"@type":"ImageObject","inLanguage":"fr-FR","@id":"https:\/\/www.gold.fr\/news\/2012\/09\/03\/lor-fait-des-emeutes-au-perou\/#primaryimage","url":"https:\/\/www.gold.fr\/news\/wp-content\/uploads\/2012\/06\/mine-or.jpg","contentUrl":"https:\/\/www.gold.fr\/news\/wp-content\/uploads\/2012\/06\/mine-or.jpg","width":"600","height":"400","caption":"Or minier : SOMILO verse 15 milliards de F cfa pour rouvrir ses locaux"},{"@type":"BreadcrumbList","@id":"https:\/\/www.gold.fr\/news\/2012\/09\/03\/lor-fait-des-emeutes-au-perou\/#breadcrumb","itemListElement":[{"@type":"ListItem","position":1,"name":"Accueil","item":"https:\/\/www.gold.fr\/"},{"@type":"ListItem","position":2,"name":"Actualit\u00e9s","item":"https:\/\/www.gold.fr\/news\/"},{"@type":"ListItem","position":3,"name":"L\u2019or fait des \u00e9meutes au P\u00e9rou"}]},{"@type":"WebSite","@id":"https:\/\/www.gold.fr\/news\/#website","url":"https:\/\/www.gold.fr\/news\/","name":"Gold.fr","description":"Actualit\u00e9s de l&#039;Or et des m\u00e9taux pr\u00e9cieux","potentialAction":[{"@type":"SearchAction","target":{"@type":"EntryPoint","urlTemplate":"https:\/\/www.gold.fr\/news\/?s={search_term_string}"},"query-input":{"@type":"PropertyValueSpecification","valueRequired":true,"valueName":"search_term_string"}}],"inLanguage":"fr-FR"},{"@type":"Person","@id":"https:\/\/www.gold.fr\/news\/#\/schema\/person\/070491b4b4fb7671bf59b3be20302ce9","name":"Comptoir National de l'Or","image":{"@type":"ImageObject","inLanguage":"fr-FR","@id":"https:\/\/secure.gravatar.com\/avatar\/0a2867fd5abe37bed95d5a65e9d58f01756e11efc68af9888dfc50cfa7f65948?s=96&d=mm&r=gb490554db0a38188709de567aa58480d","url":"https:\/\/secure.gravatar.com\/avatar\/0a2867fd5abe37bed95d5a65e9d58f01756e11efc68af9888dfc50cfa7f65948?s=96&d=mm&r=g","contentUrl":"https:\/\/secure.gravatar.com\/avatar\/0a2867fd5abe37bed95d5a65e9d58f01756e11efc68af9888dfc50cfa7f65948?s=96&d=mm&r=g","caption":"Comptoir National de l'Or"},"description":"Notre r\u00e9daction est constitu\u00e9e de membres experts dans les m\u00e9tiers de l'\u00e9conomie et la gestion, des Responsables d'agence Comptoir National de l'Or, des analystes financiers qui publient r\u00e9guli\u00e8rement des \u00e9tudes sur les politiques des banques centrales, le cours de l'or, prix de l'or, cours de l'argent, prix de l'argent, cours du platine, cours du palladium,... la situation en zone euro et l'impact de la strat\u00e9gie mon\u00e9taire de la FED. Notre \u00e9quipe scrute \u00e9galement une information plus g\u00e9n\u00e9raliste \u00e0 la recherche d'actualit\u00e9 \"p\u00e9pite\" \u00e0 vous partager. Depuis 5 ans, nous avons publi\u00e9 un peu plus de 4000 articles qui s'adressent \u00e0 un public large et vari\u00e9 ayant pour objectif de satisfaire votre curiosit\u00e9 et de partager avec vous une certaine fascination pour le m\u00e9tal jaune, le rachat d'or, et pour ceux qui veulent investir dans l'or, vendre leur or tout simplement en savoir plus... Pour tous vos achat or et argent, n'h\u00e9sitez pas \u00e0 prendre rendez-vous dans l'un de nos nombreux comptoirs.","sameAs":["https:\/\/www.gold.fr"]}]}},"authors":[{"term_id":2565,"user_id":18,"is_guest":0,"slug":"julie","display_name":"Comptoir National de l'Or","avatar_url":"https:\/\/secure.gravatar.com\/avatar\/713f289e398d35ead876c4a4cc08607f0d6d266058cfc25683fffb6092d0e572?s=96&d=mm&r=g","0":null,"1":"","2":"","3":"","4":"","5":"","6":"","7":"","8":""}],"_links":{"self":[{"href":"https:\/\/www.gold.fr\/news\/wp-json\/wp\/v2\/posts\/9029","targetHints":{"allow":["GET"]}}],"collection":[{"href":"https:\/\/www.gold.fr\/news\/wp-json\/wp\/v2\/posts"}],"about":[{"href":"https:\/\/www.gold.fr\/news\/wp-json\/wp\/v2\/types\/post"}],"author":[{"embeddable":true,"href":"https:\/\/www.gold.fr\/news\/wp-json\/wp\/v2\/users\/18"}],"replies":[{"embeddable":true,"href":"https:\/\/www.gold.fr\/news\/wp-json\/wp\/v2\/comments?post=9029"}],"version-history":[{"count":0,"href":"https:\/\/www.gold.fr\/news\/wp-json\/wp\/v2\/posts\/9029\/revisions"}],"wp:featuredmedia":[{"embeddable":true,"href":"https:\/\/www.gold.fr\/news\/wp-json\/wp\/v2\/media\/8217"}],"wp:attachment":[{"href":"https:\/\/www.gold.fr\/news\/wp-json\/wp\/v2\/media?parent=9029"}],"wp:term":[{"taxonomy":"category","embeddable":true,"href":"https:\/\/www.gold.fr\/news\/wp-json\/wp\/v2\/categories?post=9029"},{"taxonomy":"post_tag","embeddable":true,"href":"https:\/\/www.gold.fr\/news\/wp-json\/wp\/v2\/tags?post=9029"},{"taxonomy":"author","embeddable":true,"href":"https:\/\/www.gold.fr\/news\/wp-json\/wp\/v2\/ppma_author?post=9029"}],"curies":[{"name":"wp","href":"https:\/\/api.w.org\/{rel}","templated":true}]}}