{"id":8948,"date":"2012-08-24T09:00:33","date_gmt":"2012-08-24T07:00:33","guid":{"rendered":"https:\/\/www.gold.fr\/news\/?p=8948"},"modified":"2021-09-10T16:31:37","modified_gmt":"2021-09-10T14:31:37","slug":"le-gang-a-la-disqueuse-1ere-partie","status":"publish","type":"post","link":"https:\/\/www.gold.fr\/news\/2012\/08\/24\/le-gang-a-la-disqueuse-1ere-partie\/","title":{"rendered":"Le gang \u00e0 la disqueuse &#8211; 1\u00e8re Partie"},"content":{"rendered":"<p><span style=\"font-size: small;\"><img loading=\"lazy\" decoding=\"async\" class=\"alignleft size-thumbnail wp-image-3844\" title=\"Le gang \u00e0 la disqueuse\" src=\"https:\/\/www.gold.fr\/news\/wp-content\/uploads\/2011\/09\/bague-dor.jpg\" alt=\"\" width=\"150\" height=\"150\" \/>Un groupe de cambrioleur d\u00e9nomm\u00e9 \u00ab <strong>Le gang \u00e0 la disqueuse<\/strong> \u00bb est en train de semer la zizanie depuis une semaine. En effet, ces individus ont r\u00e9ussi \u00e0 perp\u00e9trer quatre casses en une semaine en sciant les rideaux m\u00e9talliques des grandes surfaces. Ils sont particuli\u00e8rement int\u00e9ress\u00e9s par la joaillerie d&rsquo;<a class=\"esk-seo-plu-link\" href=\"https:\/\/www.gold.fr\/news\/tags\/or\">or<\/a> et les t\u00e9l\u00e9phones portables. Apr\u00e8s \u00eatre pass\u00e9 par Pamiers, Albi et Labarthe-sur-l\u00e8ze, le gang \u00e0 la disqueuse s&rsquo;en est pris dimanche soir \u00e0 la <a class=\"esk-seo-plu-link\" href=\"https:\/\/www.gold.fr\/news\/tags\/bijoux-or\">bijouterie<\/a> du Carrefour Market d&rsquo;Auterive.<\/span> <span style=\"font-size: small;\">D&rsquo;apr\u00e8s les autorit\u00e9s, ils doivent \u00eatre cinq ou six et sont sp\u00e9cialis\u00e9s dans le vol des bijoux \u00e0 la disqueuse. Cette m\u00e9thode, qui peut para\u00eetre incongrue au premier abord, est cependant tr\u00e8s efficace ! A Auterive, apr\u00e8s avoir sci\u00e9 les portes m\u00e9talliques, ils ont r\u00e9ussi \u00e0 s&rsquo;introduire dans le centre commercial. Ils se sont ru\u00e9s sur les bijoux en <a class=\"esk-seo-plu-link\" href=\"https:\/\/www.gold.fr\/news\/tags\/or\">or<\/a> notamment des bracelets, des colliers, des <a class=\"esk-seo-plu-link\" href=\"https:\/\/www.gold.fr\/news\/tags\/bijoux-or\">bagues<\/a>, des pendentifs\u2026Tout a \u00e9t\u00e9 d\u00e9rob\u00e9 sauf les bijoux en <a class=\"esk-seo-plu-link\" href=\"https:\/\/www.gold.fr\/news\/tags\/argent\">argent<\/a>. Apr\u00e8s avoir d\u00e9pouill\u00e9 l&rsquo;\u00e9tablissement commercial, ils sont sortis et ont pris la fuite \u00e0 bord de plusieurs v\u00e9hicules. Plusieurs <a class=\"esk-seo-plu-link\" href=\"https:\/\/www.gold.fr\/news\/tags\/bijoux-or\">bijouteries<\/a> ont \u00e9t\u00e9 victimes du m\u00eame mode op\u00e9ratoire ce qui pousse les gendarmes \u00e0 penser qu&rsquo;il s&rsquo;agit du m\u00eame gang.<\/span> <span style=\"font-size: small;\">Le gang \u00e0 la disqueuse s&rsquo;est \u00e9galement empar\u00e9 d&rsquo;un stock important de t\u00e9l\u00e9phones portables des boutiques Orange et SFR apr\u00e8s leurs casses pr\u00e9alablement ex\u00e9cut\u00e9s.<\/span><\/p>\n<!-- AddThis Advanced Settings generic via filter on the_content --><!-- AddThis Share Buttons generic via filter on the_content -->","protected":false},"excerpt":{"rendered":"<p>Un groupe de cambrioleur d\u00e9nomm\u00e9 \u00ab Le gang \u00e0 la disqueuse \u00bb est en train de semer la zizanie depuis une semaine. En effet, ces individus ont r\u00e9ussi \u00e0 perp\u00e9trer quatre casses en une semaine en [&hellip;]<\/p>\n","protected":false},"author":18,"featured_media":5236,"comment_status":"closed","ping_status":"closed","sticky":false,"template":"","format":"standard","meta":{"_mbp_gutenberg_autopost":false,"_pgmb_is_evergreen":false,"_pgmb_ap_template_id":0,"footnotes":""},"categories":[6],"tags":[800,707,801],"ppma_author":[2565],"class_list":["post-8948","post","type-post","status-publish","format-standard","has-post-thumbnail","hentry","category-articles-de-presse","tag-gang-a-la-disqueuse","tag-vol-dor","tag-vol-de-bijoux"],"yoast_head":"<!-- This site is optimized with the Yoast SEO plugin v27.5 - https:\/\/yoast.com\/product\/yoast-seo-wordpress\/ -->\n<title>Le gang \u00e0 la disqueuse - 1\u00e8re Partie - Gold.fr<\/title>\n<meta name=\"robots\" content=\"index, follow, max-snippet:-1, max-image-preview:large, max-video-preview:-1\" \/>\n<link rel=\"canonical\" href=\"https:\/\/www.gold.fr\/news\/2012\/08\/24\/le-gang-a-la-disqueuse-1ere-partie\/\" \/>\n<meta property=\"og:locale\" content=\"fr_FR\" \/>\n<meta property=\"og:type\" content=\"article\" \/>\n<meta property=\"og:title\" content=\"Le gang \u00e0 la disqueuse - 1\u00e8re Partie - Gold.fr\" \/>\n<meta property=\"og:description\" content=\"Un groupe de cambrioleur d\u00e9nomm\u00e9 \u00ab Le gang \u00e0 la disqueuse \u00bb est en train de semer la zizanie depuis une semaine. En effet, ces individus ont r\u00e9ussi \u00e0 perp\u00e9trer quatre casses en une semaine en [&hellip;]\" \/>\n<meta property=\"og:url\" content=\"https:\/\/www.gold.fr\/news\/2012\/08\/24\/le-gang-a-la-disqueuse-1ere-partie\/\" \/>\n<meta property=\"og:site_name\" content=\"Gold.fr\" \/>\n<meta property=\"article:publisher\" content=\"https:\/\/www.facebook.com\/Goldfr\/\" \/>\n<meta property=\"article:published_time\" content=\"2012-08-24T07:00:33+00:00\" \/>\n<meta property=\"article:modified_time\" content=\"2021-09-10T14:31:37+00:00\" \/>\n<meta property=\"og:image\" content=\"https:\/\/www.gold.fr\/news\/wp-content\/uploads\/2011\/09\/bague-dor.jpg\" \/>\n\t<meta property=\"og:image:width\" content=\"600\" \/>\n\t<meta property=\"og:image:height\" content=\"450\" \/>\n\t<meta property=\"og:image:type\" content=\"image\/jpeg\" \/>\n<meta name=\"author\" content=\"Comptoir National de l&#039;Or\" \/>\n<meta name=\"twitter:card\" content=\"summary_large_image\" \/>\n<meta name=\"twitter:label1\" content=\"\u00c9crit par\" \/>\n\t<meta name=\"twitter:data1\" content=\"Comptoir National de l&#039;Or\" \/>\n\t<meta name=\"twitter:label2\" content=\"Dur\u00e9e de lecture estim\u00e9e\" \/>\n\t<meta name=\"twitter:data2\" content=\"1 minute\" \/>\n<script type=\"application\/ld+json\" class=\"yoast-schema-graph\">{\"@context\":\"https:\\\/\\\/schema.org\",\"@graph\":[{\"@type\":\"Article\",\"@id\":\"https:\\\/\\\/www.gold.fr\\\/news\\\/2012\\\/08\\\/24\\\/le-gang-a-la-disqueuse-1ere-partie\\\/#article\",\"isPartOf\":{\"@id\":\"https:\\\/\\\/www.gold.fr\\\/news\\\/2012\\\/08\\\/24\\\/le-gang-a-la-disqueuse-1ere-partie\\\/\"},\"author\":{\"name\":\"Comptoir National de l'Or\",\"@id\":\"https:\\\/\\\/www.gold.fr\\\/news\\\/#\\\/schema\\\/person\\\/070491b4b4fb7671bf59b3be20302ce9\"},\"headline\":\"Le gang \u00e0 la disqueuse &#8211; 1\u00e8re Partie\",\"datePublished\":\"2012-08-24T07:00:33+00:00\",\"dateModified\":\"2021-09-10T14:31:37+00:00\",\"mainEntityOfPage\":{\"@id\":\"https:\\\/\\\/www.gold.fr\\\/news\\\/2012\\\/08\\\/24\\\/le-gang-a-la-disqueuse-1ere-partie\\\/\"},\"wordCount\":261,\"image\":{\"@id\":\"https:\\\/\\\/www.gold.fr\\\/news\\\/2012\\\/08\\\/24\\\/le-gang-a-la-disqueuse-1ere-partie\\\/#primaryimage\"},\"thumbnailUrl\":\"https:\\\/\\\/www.gold.fr\\\/news\\\/wp-content\\\/uploads\\\/2011\\\/09\\\/bague-dor.jpg\",\"keywords\":[\"gang \u00e0 la disqueuse\",\"Vol d'Or\",\"Vol de Bijoux\"],\"articleSection\":[\"Articles de presse\"],\"inLanguage\":\"fr-FR\"},{\"@type\":\"WebPage\",\"@id\":\"https:\\\/\\\/www.gold.fr\\\/news\\\/2012\\\/08\\\/24\\\/le-gang-a-la-disqueuse-1ere-partie\\\/\",\"url\":\"https:\\\/\\\/www.gold.fr\\\/news\\\/2012\\\/08\\\/24\\\/le-gang-a-la-disqueuse-1ere-partie\\\/\",\"name\":\"Le gang \u00e0 la disqueuse - 1\u00e8re Partie - Gold.fr\",\"isPartOf\":{\"@id\":\"https:\\\/\\\/www.gold.fr\\\/news\\\/#website\"},\"primaryImageOfPage\":{\"@id\":\"https:\\\/\\\/www.gold.fr\\\/news\\\/2012\\\/08\\\/24\\\/le-gang-a-la-disqueuse-1ere-partie\\\/#primaryimage\"},\"image\":{\"@id\":\"https:\\\/\\\/www.gold.fr\\\/news\\\/2012\\\/08\\\/24\\\/le-gang-a-la-disqueuse-1ere-partie\\\/#primaryimage\"},\"thumbnailUrl\":\"https:\\\/\\\/www.gold.fr\\\/news\\\/wp-content\\\/uploads\\\/2011\\\/09\\\/bague-dor.jpg\",\"datePublished\":\"2012-08-24T07:00:33+00:00\",\"dateModified\":\"2021-09-10T14:31:37+00:00\",\"author\":{\"@id\":\"https:\\\/\\\/www.gold.fr\\\/news\\\/#\\\/schema\\\/person\\\/070491b4b4fb7671bf59b3be20302ce9\"},\"breadcrumb\":{\"@id\":\"https:\\\/\\\/www.gold.fr\\\/news\\\/2012\\\/08\\\/24\\\/le-gang-a-la-disqueuse-1ere-partie\\\/#breadcrumb\"},\"inLanguage\":\"fr-FR\",\"potentialAction\":[{\"@type\":\"ReadAction\",\"target\":[\"https:\\\/\\\/www.gold.fr\\\/news\\\/2012\\\/08\\\/24\\\/le-gang-a-la-disqueuse-1ere-partie\\\/\"]}]},{\"@type\":\"ImageObject\",\"inLanguage\":\"fr-FR\",\"@id\":\"https:\\\/\\\/www.gold.fr\\\/news\\\/2012\\\/08\\\/24\\\/le-gang-a-la-disqueuse-1ere-partie\\\/#primaryimage\",\"url\":\"https:\\\/\\\/www.gold.fr\\\/news\\\/wp-content\\\/uploads\\\/2011\\\/09\\\/bague-dor.jpg\",\"contentUrl\":\"https:\\\/\\\/www.gold.fr\\\/news\\\/wp-content\\\/uploads\\\/2011\\\/09\\\/bague-dor.jpg\",\"width\":\"600\",\"height\":\"450\",\"caption\":\"bague-d'or\"},{\"@type\":\"BreadcrumbList\",\"@id\":\"https:\\\/\\\/www.gold.fr\\\/news\\\/2012\\\/08\\\/24\\\/le-gang-a-la-disqueuse-1ere-partie\\\/#breadcrumb\",\"itemListElement\":[{\"@type\":\"ListItem\",\"position\":1,\"name\":\"Accueil\",\"item\":\"https:\\\/\\\/www.gold.fr\\\/\"},{\"@type\":\"ListItem\",\"position\":2,\"name\":\"Actualit\u00e9s\",\"item\":\"https:\\\/\\\/www.gold.fr\\\/news\\\/\"},{\"@type\":\"ListItem\",\"position\":3,\"name\":\"Le gang \u00e0 la disqueuse &#8211; 1\u00e8re Partie\"}]},{\"@type\":\"WebSite\",\"@id\":\"https:\\\/\\\/www.gold.fr\\\/news\\\/#website\",\"url\":\"https:\\\/\\\/www.gold.fr\\\/news\\\/\",\"name\":\"Gold.fr\",\"description\":\"Actualit\u00e9s de l&#039;Or et des m\u00e9taux pr\u00e9cieux\",\"potentialAction\":[{\"@type\":\"SearchAction\",\"target\":{\"@type\":\"EntryPoint\",\"urlTemplate\":\"https:\\\/\\\/www.gold.fr\\\/news\\\/?s={search_term_string}\"},\"query-input\":{\"@type\":\"PropertyValueSpecification\",\"valueRequired\":true,\"valueName\":\"search_term_string\"}}],\"inLanguage\":\"fr-FR\"},{\"@type\":\"Person\",\"@id\":\"https:\\\/\\\/www.gold.fr\\\/news\\\/#\\\/schema\\\/person\\\/070491b4b4fb7671bf59b3be20302ce9\",\"name\":\"Comptoir National de l'Or\",\"image\":{\"@type\":\"ImageObject\",\"inLanguage\":\"fr-FR\",\"@id\":\"https:\\\/\\\/secure.gravatar.com\\\/avatar\\\/0a2867fd5abe37bed95d5a65e9d58f01756e11efc68af9888dfc50cfa7f65948?s=96&d=mm&r=gb490554db0a38188709de567aa58480d\",\"url\":\"https:\\\/\\\/secure.gravatar.com\\\/avatar\\\/0a2867fd5abe37bed95d5a65e9d58f01756e11efc68af9888dfc50cfa7f65948?s=96&d=mm&r=g\",\"contentUrl\":\"https:\\\/\\\/secure.gravatar.com\\\/avatar\\\/0a2867fd5abe37bed95d5a65e9d58f01756e11efc68af9888dfc50cfa7f65948?s=96&d=mm&r=g\",\"caption\":\"Comptoir National de l'Or\"},\"description\":\"Notre r\u00e9daction est constitu\u00e9e de membres experts dans les m\u00e9tiers de l'\u00e9conomie et la gestion, des Responsables d'agence Comptoir National de l'Or, des analystes financiers qui publient r\u00e9guli\u00e8rement des \u00e9tudes sur les politiques des banques centrales, le cours de l'or, prix de l'or, cours de l'argent, prix de l'argent, cours du platine, cours du palladium,... la situation en zone euro et l'impact de la strat\u00e9gie mon\u00e9taire de la FED. Notre \u00e9quipe scrute \u00e9galement une information plus g\u00e9n\u00e9raliste \u00e0 la recherche d'actualit\u00e9 \\\"p\u00e9pite\\\" \u00e0 vous partager. Depuis 5 ans, nous avons publi\u00e9 un peu plus de 4000 articles qui s'adressent \u00e0 un public large et vari\u00e9 ayant pour objectif de satisfaire votre curiosit\u00e9 et de partager avec vous une certaine fascination pour le m\u00e9tal jaune, le rachat d'or, et pour ceux qui veulent investir dans l'or, vendre leur or tout simplement en savoir plus... Pour tous vos achat or et argent, n'h\u00e9sitez pas \u00e0 prendre rendez-vous dans l'un de nos nombreux comptoirs.\",\"sameAs\":[\"https:\\\/\\\/www.gold.fr\"]}]}<\/script>\n<!-- \/ Yoast SEO plugin. -->","yoast_head_json":{"title":"Le gang \u00e0 la disqueuse - 1\u00e8re Partie - Gold.fr","robots":{"index":"index","follow":"follow","max-snippet":"max-snippet:-1","max-image-preview":"max-image-preview:large","max-video-preview":"max-video-preview:-1"},"canonical":"https:\/\/www.gold.fr\/news\/2012\/08\/24\/le-gang-a-la-disqueuse-1ere-partie\/","og_locale":"fr_FR","og_type":"article","og_title":"Le gang \u00e0 la disqueuse - 1\u00e8re Partie - Gold.fr","og_description":"Un groupe de cambrioleur d\u00e9nomm\u00e9 \u00ab Le gang \u00e0 la disqueuse \u00bb est en train de semer la zizanie depuis une semaine. En effet, ces individus ont r\u00e9ussi \u00e0 perp\u00e9trer quatre casses en une semaine en [&hellip;]","og_url":"https:\/\/www.gold.fr\/news\/2012\/08\/24\/le-gang-a-la-disqueuse-1ere-partie\/","og_site_name":"Gold.fr","article_publisher":"https:\/\/www.facebook.com\/Goldfr\/","article_published_time":"2012-08-24T07:00:33+00:00","article_modified_time":"2021-09-10T14:31:37+00:00","og_image":[{"width":600,"height":450,"url":"https:\/\/www.gold.fr\/news\/wp-content\/uploads\/2011\/09\/bague-dor.jpg","type":"image\/jpeg"}],"author":"Comptoir National de l'Or","twitter_card":"summary_large_image","twitter_misc":{"\u00c9crit par":"Comptoir National de l'Or","Dur\u00e9e de lecture estim\u00e9e":"1 minute"},"schema":{"@context":"https:\/\/schema.org","@graph":[{"@type":"Article","@id":"https:\/\/www.gold.fr\/news\/2012\/08\/24\/le-gang-a-la-disqueuse-1ere-partie\/#article","isPartOf":{"@id":"https:\/\/www.gold.fr\/news\/2012\/08\/24\/le-gang-a-la-disqueuse-1ere-partie\/"},"author":{"name":"Comptoir National de l'Or","@id":"https:\/\/www.gold.fr\/news\/#\/schema\/person\/070491b4b4fb7671bf59b3be20302ce9"},"headline":"Le gang \u00e0 la disqueuse &#8211; 1\u00e8re Partie","datePublished":"2012-08-24T07:00:33+00:00","dateModified":"2021-09-10T14:31:37+00:00","mainEntityOfPage":{"@id":"https:\/\/www.gold.fr\/news\/2012\/08\/24\/le-gang-a-la-disqueuse-1ere-partie\/"},"wordCount":261,"image":{"@id":"https:\/\/www.gold.fr\/news\/2012\/08\/24\/le-gang-a-la-disqueuse-1ere-partie\/#primaryimage"},"thumbnailUrl":"https:\/\/www.gold.fr\/news\/wp-content\/uploads\/2011\/09\/bague-dor.jpg","keywords":["gang \u00e0 la disqueuse","Vol d'Or","Vol de Bijoux"],"articleSection":["Articles de presse"],"inLanguage":"fr-FR"},{"@type":"WebPage","@id":"https:\/\/www.gold.fr\/news\/2012\/08\/24\/le-gang-a-la-disqueuse-1ere-partie\/","url":"https:\/\/www.gold.fr\/news\/2012\/08\/24\/le-gang-a-la-disqueuse-1ere-partie\/","name":"Le gang \u00e0 la disqueuse - 1\u00e8re Partie - Gold.fr","isPartOf":{"@id":"https:\/\/www.gold.fr\/news\/#website"},"primaryImageOfPage":{"@id":"https:\/\/www.gold.fr\/news\/2012\/08\/24\/le-gang-a-la-disqueuse-1ere-partie\/#primaryimage"},"image":{"@id":"https:\/\/www.gold.fr\/news\/2012\/08\/24\/le-gang-a-la-disqueuse-1ere-partie\/#primaryimage"},"thumbnailUrl":"https:\/\/www.gold.fr\/news\/wp-content\/uploads\/2011\/09\/bague-dor.jpg","datePublished":"2012-08-24T07:00:33+00:00","dateModified":"2021-09-10T14:31:37+00:00","author":{"@id":"https:\/\/www.gold.fr\/news\/#\/schema\/person\/070491b4b4fb7671bf59b3be20302ce9"},"breadcrumb":{"@id":"https:\/\/www.gold.fr\/news\/2012\/08\/24\/le-gang-a-la-disqueuse-1ere-partie\/#breadcrumb"},"inLanguage":"fr-FR","potentialAction":[{"@type":"ReadAction","target":["https:\/\/www.gold.fr\/news\/2012\/08\/24\/le-gang-a-la-disqueuse-1ere-partie\/"]}]},{"@type":"ImageObject","inLanguage":"fr-FR","@id":"https:\/\/www.gold.fr\/news\/2012\/08\/24\/le-gang-a-la-disqueuse-1ere-partie\/#primaryimage","url":"https:\/\/www.gold.fr\/news\/wp-content\/uploads\/2011\/09\/bague-dor.jpg","contentUrl":"https:\/\/www.gold.fr\/news\/wp-content\/uploads\/2011\/09\/bague-dor.jpg","width":"600","height":"450","caption":"bague-d'or"},{"@type":"BreadcrumbList","@id":"https:\/\/www.gold.fr\/news\/2012\/08\/24\/le-gang-a-la-disqueuse-1ere-partie\/#breadcrumb","itemListElement":[{"@type":"ListItem","position":1,"name":"Accueil","item":"https:\/\/www.gold.fr\/"},{"@type":"ListItem","position":2,"name":"Actualit\u00e9s","item":"https:\/\/www.gold.fr\/news\/"},{"@type":"ListItem","position":3,"name":"Le gang \u00e0 la disqueuse &#8211; 1\u00e8re Partie"}]},{"@type":"WebSite","@id":"https:\/\/www.gold.fr\/news\/#website","url":"https:\/\/www.gold.fr\/news\/","name":"Gold.fr","description":"Actualit\u00e9s de l&#039;Or et des m\u00e9taux pr\u00e9cieux","potentialAction":[{"@type":"SearchAction","target":{"@type":"EntryPoint","urlTemplate":"https:\/\/www.gold.fr\/news\/?s={search_term_string}"},"query-input":{"@type":"PropertyValueSpecification","valueRequired":true,"valueName":"search_term_string"}}],"inLanguage":"fr-FR"},{"@type":"Person","@id":"https:\/\/www.gold.fr\/news\/#\/schema\/person\/070491b4b4fb7671bf59b3be20302ce9","name":"Comptoir National de l'Or","image":{"@type":"ImageObject","inLanguage":"fr-FR","@id":"https:\/\/secure.gravatar.com\/avatar\/0a2867fd5abe37bed95d5a65e9d58f01756e11efc68af9888dfc50cfa7f65948?s=96&d=mm&r=gb490554db0a38188709de567aa58480d","url":"https:\/\/secure.gravatar.com\/avatar\/0a2867fd5abe37bed95d5a65e9d58f01756e11efc68af9888dfc50cfa7f65948?s=96&d=mm&r=g","contentUrl":"https:\/\/secure.gravatar.com\/avatar\/0a2867fd5abe37bed95d5a65e9d58f01756e11efc68af9888dfc50cfa7f65948?s=96&d=mm&r=g","caption":"Comptoir National de l'Or"},"description":"Notre r\u00e9daction est constitu\u00e9e de membres experts dans les m\u00e9tiers de l'\u00e9conomie et la gestion, des Responsables d'agence Comptoir National de l'Or, des analystes financiers qui publient r\u00e9guli\u00e8rement des \u00e9tudes sur les politiques des banques centrales, le cours de l'or, prix de l'or, cours de l'argent, prix de l'argent, cours du platine, cours du palladium,... la situation en zone euro et l'impact de la strat\u00e9gie mon\u00e9taire de la FED. Notre \u00e9quipe scrute \u00e9galement une information plus g\u00e9n\u00e9raliste \u00e0 la recherche d'actualit\u00e9 \"p\u00e9pite\" \u00e0 vous partager. Depuis 5 ans, nous avons publi\u00e9 un peu plus de 4000 articles qui s'adressent \u00e0 un public large et vari\u00e9 ayant pour objectif de satisfaire votre curiosit\u00e9 et de partager avec vous une certaine fascination pour le m\u00e9tal jaune, le rachat d'or, et pour ceux qui veulent investir dans l'or, vendre leur or tout simplement en savoir plus... Pour tous vos achat or et argent, n'h\u00e9sitez pas \u00e0 prendre rendez-vous dans l'un de nos nombreux comptoirs.","sameAs":["https:\/\/www.gold.fr"]}]}},"authors":[{"term_id":2565,"user_id":18,"is_guest":0,"slug":"julie","display_name":"Comptoir National de l'Or","avatar_url":"https:\/\/secure.gravatar.com\/avatar\/713f289e398d35ead876c4a4cc08607f0d6d266058cfc25683fffb6092d0e572?s=96&d=mm&r=g","0":null,"1":"","2":"","3":"","4":"","5":"","6":"","7":"","8":""}],"_links":{"self":[{"href":"https:\/\/www.gold.fr\/news\/wp-json\/wp\/v2\/posts\/8948","targetHints":{"allow":["GET"]}}],"collection":[{"href":"https:\/\/www.gold.fr\/news\/wp-json\/wp\/v2\/posts"}],"about":[{"href":"https:\/\/www.gold.fr\/news\/wp-json\/wp\/v2\/types\/post"}],"author":[{"embeddable":true,"href":"https:\/\/www.gold.fr\/news\/wp-json\/wp\/v2\/users\/18"}],"replies":[{"embeddable":true,"href":"https:\/\/www.gold.fr\/news\/wp-json\/wp\/v2\/comments?post=8948"}],"version-history":[{"count":0,"href":"https:\/\/www.gold.fr\/news\/wp-json\/wp\/v2\/posts\/8948\/revisions"}],"wp:featuredmedia":[{"embeddable":true,"href":"https:\/\/www.gold.fr\/news\/wp-json\/wp\/v2\/media\/5236"}],"wp:attachment":[{"href":"https:\/\/www.gold.fr\/news\/wp-json\/wp\/v2\/media?parent=8948"}],"wp:term":[{"taxonomy":"category","embeddable":true,"href":"https:\/\/www.gold.fr\/news\/wp-json\/wp\/v2\/categories?post=8948"},{"taxonomy":"post_tag","embeddable":true,"href":"https:\/\/www.gold.fr\/news\/wp-json\/wp\/v2\/tags?post=8948"},{"taxonomy":"author","embeddable":true,"href":"https:\/\/www.gold.fr\/news\/wp-json\/wp\/v2\/ppma_author?post=8948"}],"curies":[{"name":"wp","href":"https:\/\/api.w.org\/{rel}","templated":true}]}}