{"id":8859,"date":"2012-08-17T09:00:15","date_gmt":"2012-08-17T07:00:15","guid":{"rendered":"https:\/\/www.gold.fr\/news\/?p=8859"},"modified":"2017-11-02T11:35:26","modified_gmt":"2017-11-02T10:35:26","slug":"restructuration-de-la-dette-en-europe-de-lor-a-vendre","status":"publish","type":"post","link":"https:\/\/www.gold.fr\/news\/2012\/08\/17\/restructuration-de-la-dette-en-europe-de-lor-a-vendre\/","title":{"rendered":"Restructuration de la dette en Europe : de l\u2019or \u00e0 vendre ?"},"content":{"rendered":"<p><span style=\"font-size: small;\"><img loading=\"lazy\" decoding=\"async\" class=\"alignleft size-thumbnail wp-image-8430\" title=\"Restructuration de la dette en Europe\" src=\"https:\/\/www.gold.fr\/news\/wp-content\/uploads\/2012\/07\/europe-or-150x150.jpg\" alt=\"\" width=\"150\" height=\"150\" \/>La Gr\u00e8ce va mal et l&rsquo;Europe aussi. C&rsquo;est pourquoi l&rsquo;Union Europ\u00e9enne doit travailler sur une nouvelle restructuration de la dette. Malheureusement, cela ne reste pas sans impact puisque la Banque centrale europ\u00e9enne (<strong>BCE<\/strong>) et la Banque de France se verrait oblig\u00e9es de se recapitaliser.<\/span>    <span style=\"font-size: small;\">Une baisse de l&rsquo;endettement de la Gr\u00e8ce causerait ainsi des pertes importantes pour la Banque centrale europ\u00e9enne, mais aussi au niveau des banques centrales de chaque pays.<\/span>  <span style=\"font-size: small;\"> Pour la France, cela pourrait revenir \u00e0 vendre son <a href='https:\/\/www.gold.fr\/news\/tags\/or' class='esk-seo-plu-link'>or<\/a>. Alors, quels sont les risques pour nos r\u00e9serves ?<\/span>    <span style=\"font-size: small;\"><strong>Recapitaliser pour absorber les pertes<\/strong><\/span>    <span style=\"font-size: small;\">Une nouvelle d\u00e9cote des obligations souveraines grecques entra\u00eenerait \u00e9videmment une recapitalisation de la Banque de France. Le probl\u00e8me, c&rsquo;est que cette dette grecque est cons\u00e9quente : d&rsquo;apr\u00e8s les chiffres avanc\u00e9s, il s&rsquo;agirait de r\u00e9duire l&rsquo;endettement de la Gr\u00e8ce de <strong>70<\/strong> \u00e0 <strong>100 milliards d&rsquo;euros<\/strong>.<\/span>    <span style=\"font-size: small;\">M\u00eame si la Banque centrale d&rsquo;Europe n&rsquo;a rien \u00e9voqu\u00e9 sur la question, il semble difficile d&rsquo;imaginer un tout autre sc\u00e9nario. Les plus pessimistes misent m\u00eame sur la vente de ses r\u00e9serves en <a href='https:\/\/www.gold.fr\/news\/tags\/or' class='esk-seo-plu-link'>or<\/a>.<\/span>    <span style=\"font-size: small;\">La dette grecque semble bien plus importante qu&rsquo;on ne l&rsquo;imagine, et beaucoup pensent que la restructuration de cette dette ne devrait pas peser aussi lourd sur les pays membres de l&rsquo;Union Europ\u00e9enne<\/span><\/p>\n<!-- AddThis Advanced Settings generic via filter on the_content --><!-- AddThis Share Buttons generic via filter on the_content -->","protected":false},"excerpt":{"rendered":"<p>La Gr\u00e8ce va mal et l&rsquo;Europe aussi. C&rsquo;est pourquoi l&rsquo;Union Europ\u00e9enne doit travailler sur une nouvelle restructuration de la dette. Malheureusement, cela ne reste pas sans impact puisque la Banque centrale europ\u00e9enne (BCE) et la Banque [&hellip;]<\/p>\n","protected":false},"author":18,"featured_media":8430,"comment_status":"open","ping_status":"open","sticky":false,"template":"","format":"standard","meta":{"_mbp_gutenberg_autopost":false,"_pgmb_is_evergreen":false,"_pgmb_ap_template_id":0,"footnotes":""},"categories":[6],"tags":[594,290,778,779],"ppma_author":[2565],"class_list":["post-8859","post","type-post","status-publish","format-standard","has-post-thumbnail","hentry","category-articles-de-presse","tag-crise-grecque","tag-dette-grecque","tag-or-a-vendre","tag-restructuration-dette"],"yoast_head":"<!-- This site is optimized with the Yoast SEO plugin v27.5 - https:\/\/yoast.com\/product\/yoast-seo-wordpress\/ -->\n<title>Restructuration de la dette en Europe : de l\u2019or \u00e0 vendre ? - Gold.fr<\/title>\n<meta name=\"robots\" content=\"index, follow, max-snippet:-1, max-image-preview:large, max-video-preview:-1\" \/>\n<link rel=\"canonical\" href=\"https:\/\/www.gold.fr\/news\/2012\/08\/17\/restructuration-de-la-dette-en-europe-de-lor-a-vendre\/\" \/>\n<meta property=\"og:locale\" content=\"fr_FR\" \/>\n<meta property=\"og:type\" content=\"article\" \/>\n<meta property=\"og:title\" content=\"Restructuration de la dette en Europe : de l\u2019or \u00e0 vendre ? - Gold.fr\" \/>\n<meta property=\"og:description\" content=\"La Gr\u00e8ce va mal et l&rsquo;Europe aussi. C&rsquo;est pourquoi l&rsquo;Union Europ\u00e9enne doit travailler sur une nouvelle restructuration de la dette. Malheureusement, cela ne reste pas sans impact puisque la Banque centrale europ\u00e9enne (BCE) et la Banque [&hellip;]\" \/>\n<meta property=\"og:url\" content=\"https:\/\/www.gold.fr\/news\/2012\/08\/17\/restructuration-de-la-dette-en-europe-de-lor-a-vendre\/\" \/>\n<meta property=\"og:site_name\" content=\"Gold.fr\" \/>\n<meta property=\"article:publisher\" content=\"https:\/\/www.facebook.com\/Goldfr\/\" \/>\n<meta property=\"article:published_time\" content=\"2012-08-17T07:00:15+00:00\" \/>\n<meta property=\"article:modified_time\" content=\"2017-11-02T10:35:26+00:00\" \/>\n<meta property=\"og:image\" content=\"https:\/\/www.gold.fr\/news\/wp-content\/uploads\/2012\/07\/europe-or.jpg\" \/>\n\t<meta property=\"og:image:width\" content=\"600\" \/>\n\t<meta property=\"og:image:height\" content=\"468\" \/>\n\t<meta property=\"og:image:type\" content=\"image\/jpeg\" \/>\n<meta name=\"author\" content=\"Comptoir National de l&#039;Or\" \/>\n<meta name=\"twitter:card\" content=\"summary_large_image\" \/>\n<meta name=\"twitter:label1\" content=\"\u00c9crit par\" \/>\n\t<meta name=\"twitter:data1\" content=\"Comptoir National de l&#039;Or\" \/>\n\t<meta name=\"twitter:label2\" content=\"Dur\u00e9e de lecture estim\u00e9e\" \/>\n\t<meta name=\"twitter:data2\" content=\"1 minute\" \/>\n<script type=\"application\/ld+json\" class=\"yoast-schema-graph\">{\"@context\":\"https:\\\/\\\/schema.org\",\"@graph\":[{\"@type\":\"Article\",\"@id\":\"https:\\\/\\\/www.gold.fr\\\/news\\\/2012\\\/08\\\/17\\\/restructuration-de-la-dette-en-europe-de-lor-a-vendre\\\/#article\",\"isPartOf\":{\"@id\":\"https:\\\/\\\/www.gold.fr\\\/news\\\/2012\\\/08\\\/17\\\/restructuration-de-la-dette-en-europe-de-lor-a-vendre\\\/\"},\"author\":{\"name\":\"Comptoir National de l'Or\",\"@id\":\"https:\\\/\\\/www.gold.fr\\\/news\\\/#\\\/schema\\\/person\\\/070491b4b4fb7671bf59b3be20302ce9\"},\"headline\":\"Restructuration de la dette en Europe : de l\u2019or \u00e0 vendre ?\",\"datePublished\":\"2012-08-17T07:00:15+00:00\",\"dateModified\":\"2017-11-02T10:35:26+00:00\",\"mainEntityOfPage\":{\"@id\":\"https:\\\/\\\/www.gold.fr\\\/news\\\/2012\\\/08\\\/17\\\/restructuration-de-la-dette-en-europe-de-lor-a-vendre\\\/\"},\"wordCount\":243,\"commentCount\":3,\"image\":{\"@id\":\"https:\\\/\\\/www.gold.fr\\\/news\\\/2012\\\/08\\\/17\\\/restructuration-de-la-dette-en-europe-de-lor-a-vendre\\\/#primaryimage\"},\"thumbnailUrl\":\"https:\\\/\\\/www.gold.fr\\\/news\\\/wp-content\\\/uploads\\\/2012\\\/07\\\/europe-or.jpg\",\"keywords\":[\"crise gr\u00e8cque\",\"dette grecque\",\"or \u00e0 vendre\",\"Restructuration dette\"],\"articleSection\":[\"Articles de presse\"],\"inLanguage\":\"fr-FR\"},{\"@type\":\"WebPage\",\"@id\":\"https:\\\/\\\/www.gold.fr\\\/news\\\/2012\\\/08\\\/17\\\/restructuration-de-la-dette-en-europe-de-lor-a-vendre\\\/\",\"url\":\"https:\\\/\\\/www.gold.fr\\\/news\\\/2012\\\/08\\\/17\\\/restructuration-de-la-dette-en-europe-de-lor-a-vendre\\\/\",\"name\":\"Restructuration de la dette en Europe : de l\u2019or \u00e0 vendre ? - Gold.fr\",\"isPartOf\":{\"@id\":\"https:\\\/\\\/www.gold.fr\\\/news\\\/#website\"},\"primaryImageOfPage\":{\"@id\":\"https:\\\/\\\/www.gold.fr\\\/news\\\/2012\\\/08\\\/17\\\/restructuration-de-la-dette-en-europe-de-lor-a-vendre\\\/#primaryimage\"},\"image\":{\"@id\":\"https:\\\/\\\/www.gold.fr\\\/news\\\/2012\\\/08\\\/17\\\/restructuration-de-la-dette-en-europe-de-lor-a-vendre\\\/#primaryimage\"},\"thumbnailUrl\":\"https:\\\/\\\/www.gold.fr\\\/news\\\/wp-content\\\/uploads\\\/2012\\\/07\\\/europe-or.jpg\",\"datePublished\":\"2012-08-17T07:00:15+00:00\",\"dateModified\":\"2017-11-02T10:35:26+00:00\",\"author\":{\"@id\":\"https:\\\/\\\/www.gold.fr\\\/news\\\/#\\\/schema\\\/person\\\/070491b4b4fb7671bf59b3be20302ce9\"},\"breadcrumb\":{\"@id\":\"https:\\\/\\\/www.gold.fr\\\/news\\\/2012\\\/08\\\/17\\\/restructuration-de-la-dette-en-europe-de-lor-a-vendre\\\/#breadcrumb\"},\"inLanguage\":\"fr-FR\",\"potentialAction\":[{\"@type\":\"ReadAction\",\"target\":[\"https:\\\/\\\/www.gold.fr\\\/news\\\/2012\\\/08\\\/17\\\/restructuration-de-la-dette-en-europe-de-lor-a-vendre\\\/\"]}]},{\"@type\":\"ImageObject\",\"inLanguage\":\"fr-FR\",\"@id\":\"https:\\\/\\\/www.gold.fr\\\/news\\\/2012\\\/08\\\/17\\\/restructuration-de-la-dette-en-europe-de-lor-a-vendre\\\/#primaryimage\",\"url\":\"https:\\\/\\\/www.gold.fr\\\/news\\\/wp-content\\\/uploads\\\/2012\\\/07\\\/europe-or.jpg\",\"contentUrl\":\"https:\\\/\\\/www.gold.fr\\\/news\\\/wp-content\\\/uploads\\\/2012\\\/07\\\/europe-or.jpg\",\"width\":\"600\",\"height\":\"468\",\"caption\":\"L\u2019once en \u00e9quilibre apr\u00e8s le long week-end de P\u00e2ques\"},{\"@type\":\"BreadcrumbList\",\"@id\":\"https:\\\/\\\/www.gold.fr\\\/news\\\/2012\\\/08\\\/17\\\/restructuration-de-la-dette-en-europe-de-lor-a-vendre\\\/#breadcrumb\",\"itemListElement\":[{\"@type\":\"ListItem\",\"position\":1,\"name\":\"Accueil\",\"item\":\"https:\\\/\\\/www.gold.fr\\\/\"},{\"@type\":\"ListItem\",\"position\":2,\"name\":\"Actualit\u00e9s\",\"item\":\"https:\\\/\\\/www.gold.fr\\\/news\\\/\"},{\"@type\":\"ListItem\",\"position\":3,\"name\":\"Restructuration de la dette en Europe : de l\u2019or \u00e0 vendre ?\"}]},{\"@type\":\"WebSite\",\"@id\":\"https:\\\/\\\/www.gold.fr\\\/news\\\/#website\",\"url\":\"https:\\\/\\\/www.gold.fr\\\/news\\\/\",\"name\":\"Gold.fr\",\"description\":\"Actualit\u00e9s de l&#039;Or et des m\u00e9taux pr\u00e9cieux\",\"potentialAction\":[{\"@type\":\"SearchAction\",\"target\":{\"@type\":\"EntryPoint\",\"urlTemplate\":\"https:\\\/\\\/www.gold.fr\\\/news\\\/?s={search_term_string}\"},\"query-input\":{\"@type\":\"PropertyValueSpecification\",\"valueRequired\":true,\"valueName\":\"search_term_string\"}}],\"inLanguage\":\"fr-FR\"},{\"@type\":\"Person\",\"@id\":\"https:\\\/\\\/www.gold.fr\\\/news\\\/#\\\/schema\\\/person\\\/070491b4b4fb7671bf59b3be20302ce9\",\"name\":\"Comptoir National de l'Or\",\"image\":{\"@type\":\"ImageObject\",\"inLanguage\":\"fr-FR\",\"@id\":\"https:\\\/\\\/secure.gravatar.com\\\/avatar\\\/0a2867fd5abe37bed95d5a65e9d58f01756e11efc68af9888dfc50cfa7f65948?s=96&d=mm&r=gb490554db0a38188709de567aa58480d\",\"url\":\"https:\\\/\\\/secure.gravatar.com\\\/avatar\\\/0a2867fd5abe37bed95d5a65e9d58f01756e11efc68af9888dfc50cfa7f65948?s=96&d=mm&r=g\",\"contentUrl\":\"https:\\\/\\\/secure.gravatar.com\\\/avatar\\\/0a2867fd5abe37bed95d5a65e9d58f01756e11efc68af9888dfc50cfa7f65948?s=96&d=mm&r=g\",\"caption\":\"Comptoir National de l'Or\"},\"description\":\"Notre r\u00e9daction est constitu\u00e9e de membres experts dans les m\u00e9tiers de l'\u00e9conomie et la gestion, des Responsables d'agence Comptoir National de l'Or, des analystes financiers qui publient r\u00e9guli\u00e8rement des \u00e9tudes sur les politiques des banques centrales, le cours de l'or, prix de l'or, cours de l'argent, prix de l'argent, cours du platine, cours du palladium,... la situation en zone euro et l'impact de la strat\u00e9gie mon\u00e9taire de la FED. Notre \u00e9quipe scrute \u00e9galement une information plus g\u00e9n\u00e9raliste \u00e0 la recherche d'actualit\u00e9 \\\"p\u00e9pite\\\" \u00e0 vous partager. Depuis 5 ans, nous avons publi\u00e9 un peu plus de 4000 articles qui s'adressent \u00e0 un public large et vari\u00e9 ayant pour objectif de satisfaire votre curiosit\u00e9 et de partager avec vous une certaine fascination pour le m\u00e9tal jaune, le rachat d'or, et pour ceux qui veulent investir dans l'or, vendre leur or tout simplement en savoir plus... Pour tous vos achat or et argent, n'h\u00e9sitez pas \u00e0 prendre rendez-vous dans l'un de nos nombreux comptoirs.\",\"sameAs\":[\"https:\\\/\\\/www.gold.fr\"]}]}<\/script>\n<!-- \/ Yoast SEO plugin. -->","yoast_head_json":{"title":"Restructuration de la dette en Europe : de l\u2019or \u00e0 vendre ? - Gold.fr","robots":{"index":"index","follow":"follow","max-snippet":"max-snippet:-1","max-image-preview":"max-image-preview:large","max-video-preview":"max-video-preview:-1"},"canonical":"https:\/\/www.gold.fr\/news\/2012\/08\/17\/restructuration-de-la-dette-en-europe-de-lor-a-vendre\/","og_locale":"fr_FR","og_type":"article","og_title":"Restructuration de la dette en Europe : de l\u2019or \u00e0 vendre ? - Gold.fr","og_description":"La Gr\u00e8ce va mal et l&rsquo;Europe aussi. C&rsquo;est pourquoi l&rsquo;Union Europ\u00e9enne doit travailler sur une nouvelle restructuration de la dette. Malheureusement, cela ne reste pas sans impact puisque la Banque centrale europ\u00e9enne (BCE) et la Banque [&hellip;]","og_url":"https:\/\/www.gold.fr\/news\/2012\/08\/17\/restructuration-de-la-dette-en-europe-de-lor-a-vendre\/","og_site_name":"Gold.fr","article_publisher":"https:\/\/www.facebook.com\/Goldfr\/","article_published_time":"2012-08-17T07:00:15+00:00","article_modified_time":"2017-11-02T10:35:26+00:00","og_image":[{"width":600,"height":468,"url":"https:\/\/www.gold.fr\/news\/wp-content\/uploads\/2012\/07\/europe-or.jpg","type":"image\/jpeg"}],"author":"Comptoir National de l'Or","twitter_card":"summary_large_image","twitter_misc":{"\u00c9crit par":"Comptoir National de l'Or","Dur\u00e9e de lecture estim\u00e9e":"1 minute"},"schema":{"@context":"https:\/\/schema.org","@graph":[{"@type":"Article","@id":"https:\/\/www.gold.fr\/news\/2012\/08\/17\/restructuration-de-la-dette-en-europe-de-lor-a-vendre\/#article","isPartOf":{"@id":"https:\/\/www.gold.fr\/news\/2012\/08\/17\/restructuration-de-la-dette-en-europe-de-lor-a-vendre\/"},"author":{"name":"Comptoir National de l'Or","@id":"https:\/\/www.gold.fr\/news\/#\/schema\/person\/070491b4b4fb7671bf59b3be20302ce9"},"headline":"Restructuration de la dette en Europe : de l\u2019or \u00e0 vendre ?","datePublished":"2012-08-17T07:00:15+00:00","dateModified":"2017-11-02T10:35:26+00:00","mainEntityOfPage":{"@id":"https:\/\/www.gold.fr\/news\/2012\/08\/17\/restructuration-de-la-dette-en-europe-de-lor-a-vendre\/"},"wordCount":243,"commentCount":3,"image":{"@id":"https:\/\/www.gold.fr\/news\/2012\/08\/17\/restructuration-de-la-dette-en-europe-de-lor-a-vendre\/#primaryimage"},"thumbnailUrl":"https:\/\/www.gold.fr\/news\/wp-content\/uploads\/2012\/07\/europe-or.jpg","keywords":["crise gr\u00e8cque","dette grecque","or \u00e0 vendre","Restructuration dette"],"articleSection":["Articles de presse"],"inLanguage":"fr-FR"},{"@type":"WebPage","@id":"https:\/\/www.gold.fr\/news\/2012\/08\/17\/restructuration-de-la-dette-en-europe-de-lor-a-vendre\/","url":"https:\/\/www.gold.fr\/news\/2012\/08\/17\/restructuration-de-la-dette-en-europe-de-lor-a-vendre\/","name":"Restructuration de la dette en Europe : de l\u2019or \u00e0 vendre ? - Gold.fr","isPartOf":{"@id":"https:\/\/www.gold.fr\/news\/#website"},"primaryImageOfPage":{"@id":"https:\/\/www.gold.fr\/news\/2012\/08\/17\/restructuration-de-la-dette-en-europe-de-lor-a-vendre\/#primaryimage"},"image":{"@id":"https:\/\/www.gold.fr\/news\/2012\/08\/17\/restructuration-de-la-dette-en-europe-de-lor-a-vendre\/#primaryimage"},"thumbnailUrl":"https:\/\/www.gold.fr\/news\/wp-content\/uploads\/2012\/07\/europe-or.jpg","datePublished":"2012-08-17T07:00:15+00:00","dateModified":"2017-11-02T10:35:26+00:00","author":{"@id":"https:\/\/www.gold.fr\/news\/#\/schema\/person\/070491b4b4fb7671bf59b3be20302ce9"},"breadcrumb":{"@id":"https:\/\/www.gold.fr\/news\/2012\/08\/17\/restructuration-de-la-dette-en-europe-de-lor-a-vendre\/#breadcrumb"},"inLanguage":"fr-FR","potentialAction":[{"@type":"ReadAction","target":["https:\/\/www.gold.fr\/news\/2012\/08\/17\/restructuration-de-la-dette-en-europe-de-lor-a-vendre\/"]}]},{"@type":"ImageObject","inLanguage":"fr-FR","@id":"https:\/\/www.gold.fr\/news\/2012\/08\/17\/restructuration-de-la-dette-en-europe-de-lor-a-vendre\/#primaryimage","url":"https:\/\/www.gold.fr\/news\/wp-content\/uploads\/2012\/07\/europe-or.jpg","contentUrl":"https:\/\/www.gold.fr\/news\/wp-content\/uploads\/2012\/07\/europe-or.jpg","width":"600","height":"468","caption":"L\u2019once en \u00e9quilibre apr\u00e8s le long week-end de P\u00e2ques"},{"@type":"BreadcrumbList","@id":"https:\/\/www.gold.fr\/news\/2012\/08\/17\/restructuration-de-la-dette-en-europe-de-lor-a-vendre\/#breadcrumb","itemListElement":[{"@type":"ListItem","position":1,"name":"Accueil","item":"https:\/\/www.gold.fr\/"},{"@type":"ListItem","position":2,"name":"Actualit\u00e9s","item":"https:\/\/www.gold.fr\/news\/"},{"@type":"ListItem","position":3,"name":"Restructuration de la dette en Europe : de l\u2019or \u00e0 vendre ?"}]},{"@type":"WebSite","@id":"https:\/\/www.gold.fr\/news\/#website","url":"https:\/\/www.gold.fr\/news\/","name":"Gold.fr","description":"Actualit\u00e9s de l&#039;Or et des m\u00e9taux pr\u00e9cieux","potentialAction":[{"@type":"SearchAction","target":{"@type":"EntryPoint","urlTemplate":"https:\/\/www.gold.fr\/news\/?s={search_term_string}"},"query-input":{"@type":"PropertyValueSpecification","valueRequired":true,"valueName":"search_term_string"}}],"inLanguage":"fr-FR"},{"@type":"Person","@id":"https:\/\/www.gold.fr\/news\/#\/schema\/person\/070491b4b4fb7671bf59b3be20302ce9","name":"Comptoir National de l'Or","image":{"@type":"ImageObject","inLanguage":"fr-FR","@id":"https:\/\/secure.gravatar.com\/avatar\/0a2867fd5abe37bed95d5a65e9d58f01756e11efc68af9888dfc50cfa7f65948?s=96&d=mm&r=gb490554db0a38188709de567aa58480d","url":"https:\/\/secure.gravatar.com\/avatar\/0a2867fd5abe37bed95d5a65e9d58f01756e11efc68af9888dfc50cfa7f65948?s=96&d=mm&r=g","contentUrl":"https:\/\/secure.gravatar.com\/avatar\/0a2867fd5abe37bed95d5a65e9d58f01756e11efc68af9888dfc50cfa7f65948?s=96&d=mm&r=g","caption":"Comptoir National de l'Or"},"description":"Notre r\u00e9daction est constitu\u00e9e de membres experts dans les m\u00e9tiers de l'\u00e9conomie et la gestion, des Responsables d'agence Comptoir National de l'Or, des analystes financiers qui publient r\u00e9guli\u00e8rement des \u00e9tudes sur les politiques des banques centrales, le cours de l'or, prix de l'or, cours de l'argent, prix de l'argent, cours du platine, cours du palladium,... la situation en zone euro et l'impact de la strat\u00e9gie mon\u00e9taire de la FED. Notre \u00e9quipe scrute \u00e9galement une information plus g\u00e9n\u00e9raliste \u00e0 la recherche d'actualit\u00e9 \"p\u00e9pite\" \u00e0 vous partager. Depuis 5 ans, nous avons publi\u00e9 un peu plus de 4000 articles qui s'adressent \u00e0 un public large et vari\u00e9 ayant pour objectif de satisfaire votre curiosit\u00e9 et de partager avec vous une certaine fascination pour le m\u00e9tal jaune, le rachat d'or, et pour ceux qui veulent investir dans l'or, vendre leur or tout simplement en savoir plus... Pour tous vos achat or et argent, n'h\u00e9sitez pas \u00e0 prendre rendez-vous dans l'un de nos nombreux comptoirs.","sameAs":["https:\/\/www.gold.fr"]}]}},"authors":[{"term_id":2565,"user_id":18,"is_guest":0,"slug":"julie","display_name":"Comptoir National de l'Or","avatar_url":"https:\/\/secure.gravatar.com\/avatar\/713f289e398d35ead876c4a4cc08607f0d6d266058cfc25683fffb6092d0e572?s=96&d=mm&r=g","0":null,"1":"","2":"","3":"","4":"","5":"","6":"","7":"","8":""}],"_links":{"self":[{"href":"https:\/\/www.gold.fr\/news\/wp-json\/wp\/v2\/posts\/8859","targetHints":{"allow":["GET"]}}],"collection":[{"href":"https:\/\/www.gold.fr\/news\/wp-json\/wp\/v2\/posts"}],"about":[{"href":"https:\/\/www.gold.fr\/news\/wp-json\/wp\/v2\/types\/post"}],"author":[{"embeddable":true,"href":"https:\/\/www.gold.fr\/news\/wp-json\/wp\/v2\/users\/18"}],"replies":[{"embeddable":true,"href":"https:\/\/www.gold.fr\/news\/wp-json\/wp\/v2\/comments?post=8859"}],"version-history":[{"count":0,"href":"https:\/\/www.gold.fr\/news\/wp-json\/wp\/v2\/posts\/8859\/revisions"}],"wp:featuredmedia":[{"embeddable":true,"href":"https:\/\/www.gold.fr\/news\/wp-json\/wp\/v2\/media\/8430"}],"wp:attachment":[{"href":"https:\/\/www.gold.fr\/news\/wp-json\/wp\/v2\/media?parent=8859"}],"wp:term":[{"taxonomy":"category","embeddable":true,"href":"https:\/\/www.gold.fr\/news\/wp-json\/wp\/v2\/categories?post=8859"},{"taxonomy":"post_tag","embeddable":true,"href":"https:\/\/www.gold.fr\/news\/wp-json\/wp\/v2\/tags?post=8859"},{"taxonomy":"author","embeddable":true,"href":"https:\/\/www.gold.fr\/news\/wp-json\/wp\/v2\/ppma_author?post=8859"}],"curies":[{"name":"wp","href":"https:\/\/api.w.org\/{rel}","templated":true}]}}