{"id":8722,"date":"2012-08-09T09:00:14","date_gmt":"2012-08-09T07:00:14","guid":{"rendered":"https:\/\/www.gold.fr\/news\/?p=8722"},"modified":"2017-11-02T11:35:30","modified_gmt":"2017-11-02T10:35:30","slug":"letalon-or-a-t-il-sa-place-en-france","status":"publish","type":"post","link":"https:\/\/www.gold.fr\/news\/2012\/08\/09\/letalon-or-a-t-il-sa-place-en-france\/","title":{"rendered":"l\u2019Etalon Or a-t-il sa place en France ?"},"content":{"rendered":"<p><span style=\"font-size: small;\"><img loading=\"lazy\" decoding=\"async\" class=\"alignleft size-thumbnail wp-image-3927\" title=\"L'Etalon Or\" src=\"https:\/\/www.gold.fr\/news\/wp-content\/uploads\/2011\/11\/pi\u00e8ce-dor-150x150.jpg\" alt=\"\" width=\"150\" height=\"150\" \/>Et si la solution \u00e9tait dans le retour \u00e0 l&rsquo;<a title=\"Etalon-Or\" href=\"https:\/\/www.gold.fr\/news\/2012\/06\/15\/etalon-or-la-solution\/7976\/\" target=\"_blank\">Etalon Or<\/a> ? Il faut dire que la situation \u00e9conomique mondiale nous rend bien pessimiste. La crise financi\u00e8re ne cesse de s&rsquo;aggraver et les plus grands \u00e9conomistes et experts commencent r\u00e9ellement \u00e0 se demander si notre syst\u00e8me mon\u00e9taire ne devrait pas \u00eatre revu.<\/span>    <span style=\"font-size: small;\">Un retour in\u00e9luctable \u00e0 l&rsquo;\u00e9talon <a href='https:\/\/www.gold.fr\/news\/tags\/or' class='esk-seo-plu-link'>or<\/a> ? C&rsquo;est fort possible et c&rsquo;est d&rsquo;ailleurs ce qu&rsquo;avance le professeur <strong>Antal Fekete<\/strong>, expert en <a href='https:\/\/www.gold.fr\/news\/tags\/or' class='esk-seo-plu-link'>or<\/a>. Apr\u00e8s plus de 40 ans \u00e0 former les experts en <a href='https:\/\/www.gold.fr\/news\/tags\/or' class='esk-seo-plu-link'>or<\/a> qui travaillent dans les banques centrales, il en arrive \u00e0 cette conclusion.<\/span>    <span style=\"font-size: small;\">Lors d&rsquo;une conf\u00e9rence organis\u00e9e \u00e0 Paris en fin d&rsquo;ann\u00e9e 2011, il n&rsquo; pas h\u00e9sit\u00e9 \u00e0 pointer du doigt les s\u00e9quelles du syst\u00e8me financier mondial qui est vou\u00e9 \u00e0 sombrer in\u00e9luctablement<\/span>    <span style=\"font-size: small;\"><strong>Quelles perspectives pour sortir de la crise ?<\/strong><\/span>    <span style=\"font-size: small;\">Le professeur finit toutefois sur une note optimiste puisqu&rsquo;il \u00e9voque certaines perspectives qui pourraient sortir les pays de la crise et leur assurer une certaine stabilit\u00e9 \u00e9conomique. Pour lui, la France n&rsquo;a plus de choix, si ce n&rsquo;est d&rsquo;ouvrir son syst\u00e8me de monnaie papier aux <a title=\"Pi\u00e8ces en Or et Argent\" href=\"https:\/\/www.gold.fr\/cours-prix-de-l-or\/\" target=\"_blank\">pi\u00e8ces en or et argent<\/a>. Sans pour autant l\u00e9ser l&rsquo;Euro, il serait juste question de mettre les deux syst\u00e8mes mon\u00e9taires en concurrence. Une sorte de s\u00e9lection naturelle o\u00f9 l&rsquo;<a href='https:\/\/www.gold.fr\/news\/tags\/or' class='esk-seo-plu-link'>or<\/a> aurait toutes les chances de s&rsquo;imposer.<\/span><\/p>\n<!-- AddThis Advanced Settings generic via filter on the_content --><!-- AddThis Share Buttons generic via filter on the_content -->","protected":false},"excerpt":{"rendered":"<p>Et si la solution \u00e9tait dans le retour \u00e0 l&rsquo;Etalon Or ? Il faut dire que la situation \u00e9conomique mondiale nous rend bien pessimiste. La crise financi\u00e8re ne cesse de s&rsquo;aggraver et les plus grands \u00e9conomistes [&hellip;]<\/p>\n","protected":false},"author":18,"featured_media":3927,"comment_status":"open","ping_status":"open","sticky":false,"template":"","format":"standard","meta":{"_mbp_gutenberg_autopost":false,"_pgmb_is_evergreen":false,"_pgmb_ap_template_id":0,"footnotes":""},"categories":[6],"tags":[574,76,598],"ppma_author":[2565],"class_list":["post-8722","post","type-post","status-publish","format-standard","has-post-thumbnail","hentry","category-articles-de-presse","tag-etalon-or","tag-or","tag-pieces-or"],"yoast_head":"<!-- This site is optimized with the Yoast SEO plugin v27.5 - https:\/\/yoast.com\/product\/yoast-seo-wordpress\/ -->\n<title>l\u2019Etalon Or a-t-il sa place en France ? - Gold.fr<\/title>\n<meta name=\"robots\" content=\"index, follow, max-snippet:-1, max-image-preview:large, max-video-preview:-1\" \/>\n<link rel=\"canonical\" href=\"https:\/\/www.gold.fr\/news\/2012\/08\/09\/letalon-or-a-t-il-sa-place-en-france\/\" \/>\n<meta property=\"og:locale\" content=\"fr_FR\" \/>\n<meta property=\"og:type\" content=\"article\" \/>\n<meta property=\"og:title\" content=\"l\u2019Etalon Or a-t-il sa place en France ? - Gold.fr\" \/>\n<meta property=\"og:description\" content=\"Et si la solution \u00e9tait dans le retour \u00e0 l&rsquo;Etalon Or ? Il faut dire que la situation \u00e9conomique mondiale nous rend bien pessimiste. La crise financi\u00e8re ne cesse de s&rsquo;aggraver et les plus grands \u00e9conomistes [&hellip;]\" \/>\n<meta property=\"og:url\" content=\"https:\/\/www.gold.fr\/news\/2012\/08\/09\/letalon-or-a-t-il-sa-place-en-france\/\" \/>\n<meta property=\"og:site_name\" content=\"Gold.fr\" \/>\n<meta property=\"article:publisher\" content=\"https:\/\/www.facebook.com\/Goldfr\/\" \/>\n<meta property=\"article:published_time\" content=\"2012-08-09T07:00:14+00:00\" \/>\n<meta property=\"article:modified_time\" content=\"2017-11-02T10:35:30+00:00\" \/>\n<meta property=\"og:image\" content=\"https:\/\/www.gold.fr\/news\/wp-content\/uploads\/2011\/11\/pi\u00e8ce-dor.jpg\" \/>\n\t<meta property=\"og:image:width\" content=\"602\" \/>\n\t<meta property=\"og:image:height\" content=\"400\" \/>\n\t<meta property=\"og:image:type\" content=\"image\/jpeg\" \/>\n<meta name=\"author\" content=\"Comptoir National de l&#039;Or\" \/>\n<meta name=\"twitter:card\" content=\"summary_large_image\" \/>\n<meta name=\"twitter:label1\" content=\"\u00c9crit par\" \/>\n\t<meta name=\"twitter:data1\" content=\"Comptoir National de l&#039;Or\" \/>\n\t<meta name=\"twitter:label2\" content=\"Dur\u00e9e de lecture estim\u00e9e\" \/>\n\t<meta name=\"twitter:data2\" content=\"1 minute\" \/>\n<script type=\"application\/ld+json\" class=\"yoast-schema-graph\">{\"@context\":\"https:\\\/\\\/schema.org\",\"@graph\":[{\"@type\":\"Article\",\"@id\":\"https:\\\/\\\/www.gold.fr\\\/news\\\/2012\\\/08\\\/09\\\/letalon-or-a-t-il-sa-place-en-france\\\/#article\",\"isPartOf\":{\"@id\":\"https:\\\/\\\/www.gold.fr\\\/news\\\/2012\\\/08\\\/09\\\/letalon-or-a-t-il-sa-place-en-france\\\/\"},\"author\":{\"name\":\"Comptoir National de l'Or\",\"@id\":\"https:\\\/\\\/www.gold.fr\\\/news\\\/#\\\/schema\\\/person\\\/070491b4b4fb7671bf59b3be20302ce9\"},\"headline\":\"l\u2019Etalon Or a-t-il sa place en France ?\",\"datePublished\":\"2012-08-09T07:00:14+00:00\",\"dateModified\":\"2017-11-02T10:35:30+00:00\",\"mainEntityOfPage\":{\"@id\":\"https:\\\/\\\/www.gold.fr\\\/news\\\/2012\\\/08\\\/09\\\/letalon-or-a-t-il-sa-place-en-france\\\/\"},\"wordCount\":245,\"commentCount\":4,\"image\":{\"@id\":\"https:\\\/\\\/www.gold.fr\\\/news\\\/2012\\\/08\\\/09\\\/letalon-or-a-t-il-sa-place-en-france\\\/#primaryimage\"},\"thumbnailUrl\":\"https:\\\/\\\/www.gold.fr\\\/news\\\/wp-content\\\/uploads\\\/2011\\\/11\\\/pi\u00e8ce-dor.jpg\",\"keywords\":[\"Etalon or\",\"Or\",\"pi\u00e8ces or\"],\"articleSection\":[\"Articles de presse\"],\"inLanguage\":\"fr-FR\"},{\"@type\":\"WebPage\",\"@id\":\"https:\\\/\\\/www.gold.fr\\\/news\\\/2012\\\/08\\\/09\\\/letalon-or-a-t-il-sa-place-en-france\\\/\",\"url\":\"https:\\\/\\\/www.gold.fr\\\/news\\\/2012\\\/08\\\/09\\\/letalon-or-a-t-il-sa-place-en-france\\\/\",\"name\":\"l\u2019Etalon Or a-t-il sa place en France ? - Gold.fr\",\"isPartOf\":{\"@id\":\"https:\\\/\\\/www.gold.fr\\\/news\\\/#website\"},\"primaryImageOfPage\":{\"@id\":\"https:\\\/\\\/www.gold.fr\\\/news\\\/2012\\\/08\\\/09\\\/letalon-or-a-t-il-sa-place-en-france\\\/#primaryimage\"},\"image\":{\"@id\":\"https:\\\/\\\/www.gold.fr\\\/news\\\/2012\\\/08\\\/09\\\/letalon-or-a-t-il-sa-place-en-france\\\/#primaryimage\"},\"thumbnailUrl\":\"https:\\\/\\\/www.gold.fr\\\/news\\\/wp-content\\\/uploads\\\/2011\\\/11\\\/pi\u00e8ce-dor.jpg\",\"datePublished\":\"2012-08-09T07:00:14+00:00\",\"dateModified\":\"2017-11-02T10:35:30+00:00\",\"author\":{\"@id\":\"https:\\\/\\\/www.gold.fr\\\/news\\\/#\\\/schema\\\/person\\\/070491b4b4fb7671bf59b3be20302ce9\"},\"breadcrumb\":{\"@id\":\"https:\\\/\\\/www.gold.fr\\\/news\\\/2012\\\/08\\\/09\\\/letalon-or-a-t-il-sa-place-en-france\\\/#breadcrumb\"},\"inLanguage\":\"fr-FR\",\"potentialAction\":[{\"@type\":\"ReadAction\",\"target\":[\"https:\\\/\\\/www.gold.fr\\\/news\\\/2012\\\/08\\\/09\\\/letalon-or-a-t-il-sa-place-en-france\\\/\"]}]},{\"@type\":\"ImageObject\",\"inLanguage\":\"fr-FR\",\"@id\":\"https:\\\/\\\/www.gold.fr\\\/news\\\/2012\\\/08\\\/09\\\/letalon-or-a-t-il-sa-place-en-france\\\/#primaryimage\",\"url\":\"https:\\\/\\\/www.gold.fr\\\/news\\\/wp-content\\\/uploads\\\/2011\\\/11\\\/pi\u00e8ce-dor.jpg\",\"contentUrl\":\"https:\\\/\\\/www.gold.fr\\\/news\\\/wp-content\\\/uploads\\\/2011\\\/11\\\/pi\u00e8ce-dor.jpg\",\"width\":\"602\",\"height\":\"400\",\"caption\":\"L'Etalon Or\"},{\"@type\":\"BreadcrumbList\",\"@id\":\"https:\\\/\\\/www.gold.fr\\\/news\\\/2012\\\/08\\\/09\\\/letalon-or-a-t-il-sa-place-en-france\\\/#breadcrumb\",\"itemListElement\":[{\"@type\":\"ListItem\",\"position\":1,\"name\":\"Accueil\",\"item\":\"https:\\\/\\\/www.gold.fr\\\/\"},{\"@type\":\"ListItem\",\"position\":2,\"name\":\"Actualit\u00e9s\",\"item\":\"https:\\\/\\\/www.gold.fr\\\/news\\\/\"},{\"@type\":\"ListItem\",\"position\":3,\"name\":\"l\u2019Etalon Or a-t-il sa place en France ?\"}]},{\"@type\":\"WebSite\",\"@id\":\"https:\\\/\\\/www.gold.fr\\\/news\\\/#website\",\"url\":\"https:\\\/\\\/www.gold.fr\\\/news\\\/\",\"name\":\"Gold.fr\",\"description\":\"Actualit\u00e9s de l&#039;Or et des m\u00e9taux pr\u00e9cieux\",\"potentialAction\":[{\"@type\":\"SearchAction\",\"target\":{\"@type\":\"EntryPoint\",\"urlTemplate\":\"https:\\\/\\\/www.gold.fr\\\/news\\\/?s={search_term_string}\"},\"query-input\":{\"@type\":\"PropertyValueSpecification\",\"valueRequired\":true,\"valueName\":\"search_term_string\"}}],\"inLanguage\":\"fr-FR\"},{\"@type\":\"Person\",\"@id\":\"https:\\\/\\\/www.gold.fr\\\/news\\\/#\\\/schema\\\/person\\\/070491b4b4fb7671bf59b3be20302ce9\",\"name\":\"Comptoir National de l'Or\",\"image\":{\"@type\":\"ImageObject\",\"inLanguage\":\"fr-FR\",\"@id\":\"https:\\\/\\\/secure.gravatar.com\\\/avatar\\\/0a2867fd5abe37bed95d5a65e9d58f01756e11efc68af9888dfc50cfa7f65948?s=96&d=mm&r=gb490554db0a38188709de567aa58480d\",\"url\":\"https:\\\/\\\/secure.gravatar.com\\\/avatar\\\/0a2867fd5abe37bed95d5a65e9d58f01756e11efc68af9888dfc50cfa7f65948?s=96&d=mm&r=g\",\"contentUrl\":\"https:\\\/\\\/secure.gravatar.com\\\/avatar\\\/0a2867fd5abe37bed95d5a65e9d58f01756e11efc68af9888dfc50cfa7f65948?s=96&d=mm&r=g\",\"caption\":\"Comptoir National de l'Or\"},\"description\":\"Notre r\u00e9daction est constitu\u00e9e de membres experts dans les m\u00e9tiers de l'\u00e9conomie et la gestion, des Responsables d'agence Comptoir National de l'Or, des analystes financiers qui publient r\u00e9guli\u00e8rement des \u00e9tudes sur les politiques des banques centrales, le cours de l'or, prix de l'or, cours de l'argent, prix de l'argent, cours du platine, cours du palladium,... la situation en zone euro et l'impact de la strat\u00e9gie mon\u00e9taire de la FED. Notre \u00e9quipe scrute \u00e9galement une information plus g\u00e9n\u00e9raliste \u00e0 la recherche d'actualit\u00e9 \\\"p\u00e9pite\\\" \u00e0 vous partager. Depuis 5 ans, nous avons publi\u00e9 un peu plus de 4000 articles qui s'adressent \u00e0 un public large et vari\u00e9 ayant pour objectif de satisfaire votre curiosit\u00e9 et de partager avec vous une certaine fascination pour le m\u00e9tal jaune, le rachat d'or, et pour ceux qui veulent investir dans l'or, vendre leur or tout simplement en savoir plus... Pour tous vos achat or et argent, n'h\u00e9sitez pas \u00e0 prendre rendez-vous dans l'un de nos nombreux comptoirs.\",\"sameAs\":[\"https:\\\/\\\/www.gold.fr\"]}]}<\/script>\n<!-- \/ Yoast SEO plugin. -->","yoast_head_json":{"title":"l\u2019Etalon Or a-t-il sa place en France ? - Gold.fr","robots":{"index":"index","follow":"follow","max-snippet":"max-snippet:-1","max-image-preview":"max-image-preview:large","max-video-preview":"max-video-preview:-1"},"canonical":"https:\/\/www.gold.fr\/news\/2012\/08\/09\/letalon-or-a-t-il-sa-place-en-france\/","og_locale":"fr_FR","og_type":"article","og_title":"l\u2019Etalon Or a-t-il sa place en France ? - Gold.fr","og_description":"Et si la solution \u00e9tait dans le retour \u00e0 l&rsquo;Etalon Or ? Il faut dire que la situation \u00e9conomique mondiale nous rend bien pessimiste. La crise financi\u00e8re ne cesse de s&rsquo;aggraver et les plus grands \u00e9conomistes [&hellip;]","og_url":"https:\/\/www.gold.fr\/news\/2012\/08\/09\/letalon-or-a-t-il-sa-place-en-france\/","og_site_name":"Gold.fr","article_publisher":"https:\/\/www.facebook.com\/Goldfr\/","article_published_time":"2012-08-09T07:00:14+00:00","article_modified_time":"2017-11-02T10:35:30+00:00","og_image":[{"width":602,"height":400,"url":"https:\/\/www.gold.fr\/news\/wp-content\/uploads\/2011\/11\/pi\u00e8ce-dor.jpg","type":"image\/jpeg"}],"author":"Comptoir National de l'Or","twitter_card":"summary_large_image","twitter_misc":{"\u00c9crit par":"Comptoir National de l'Or","Dur\u00e9e de lecture estim\u00e9e":"1 minute"},"schema":{"@context":"https:\/\/schema.org","@graph":[{"@type":"Article","@id":"https:\/\/www.gold.fr\/news\/2012\/08\/09\/letalon-or-a-t-il-sa-place-en-france\/#article","isPartOf":{"@id":"https:\/\/www.gold.fr\/news\/2012\/08\/09\/letalon-or-a-t-il-sa-place-en-france\/"},"author":{"name":"Comptoir National de l'Or","@id":"https:\/\/www.gold.fr\/news\/#\/schema\/person\/070491b4b4fb7671bf59b3be20302ce9"},"headline":"l\u2019Etalon Or a-t-il sa place en France ?","datePublished":"2012-08-09T07:00:14+00:00","dateModified":"2017-11-02T10:35:30+00:00","mainEntityOfPage":{"@id":"https:\/\/www.gold.fr\/news\/2012\/08\/09\/letalon-or-a-t-il-sa-place-en-france\/"},"wordCount":245,"commentCount":4,"image":{"@id":"https:\/\/www.gold.fr\/news\/2012\/08\/09\/letalon-or-a-t-il-sa-place-en-france\/#primaryimage"},"thumbnailUrl":"https:\/\/www.gold.fr\/news\/wp-content\/uploads\/2011\/11\/pi\u00e8ce-dor.jpg","keywords":["Etalon or","Or","pi\u00e8ces or"],"articleSection":["Articles de presse"],"inLanguage":"fr-FR"},{"@type":"WebPage","@id":"https:\/\/www.gold.fr\/news\/2012\/08\/09\/letalon-or-a-t-il-sa-place-en-france\/","url":"https:\/\/www.gold.fr\/news\/2012\/08\/09\/letalon-or-a-t-il-sa-place-en-france\/","name":"l\u2019Etalon Or a-t-il sa place en France ? - Gold.fr","isPartOf":{"@id":"https:\/\/www.gold.fr\/news\/#website"},"primaryImageOfPage":{"@id":"https:\/\/www.gold.fr\/news\/2012\/08\/09\/letalon-or-a-t-il-sa-place-en-france\/#primaryimage"},"image":{"@id":"https:\/\/www.gold.fr\/news\/2012\/08\/09\/letalon-or-a-t-il-sa-place-en-france\/#primaryimage"},"thumbnailUrl":"https:\/\/www.gold.fr\/news\/wp-content\/uploads\/2011\/11\/pi\u00e8ce-dor.jpg","datePublished":"2012-08-09T07:00:14+00:00","dateModified":"2017-11-02T10:35:30+00:00","author":{"@id":"https:\/\/www.gold.fr\/news\/#\/schema\/person\/070491b4b4fb7671bf59b3be20302ce9"},"breadcrumb":{"@id":"https:\/\/www.gold.fr\/news\/2012\/08\/09\/letalon-or-a-t-il-sa-place-en-france\/#breadcrumb"},"inLanguage":"fr-FR","potentialAction":[{"@type":"ReadAction","target":["https:\/\/www.gold.fr\/news\/2012\/08\/09\/letalon-or-a-t-il-sa-place-en-france\/"]}]},{"@type":"ImageObject","inLanguage":"fr-FR","@id":"https:\/\/www.gold.fr\/news\/2012\/08\/09\/letalon-or-a-t-il-sa-place-en-france\/#primaryimage","url":"https:\/\/www.gold.fr\/news\/wp-content\/uploads\/2011\/11\/pi\u00e8ce-dor.jpg","contentUrl":"https:\/\/www.gold.fr\/news\/wp-content\/uploads\/2011\/11\/pi\u00e8ce-dor.jpg","width":"602","height":"400","caption":"L'Etalon Or"},{"@type":"BreadcrumbList","@id":"https:\/\/www.gold.fr\/news\/2012\/08\/09\/letalon-or-a-t-il-sa-place-en-france\/#breadcrumb","itemListElement":[{"@type":"ListItem","position":1,"name":"Accueil","item":"https:\/\/www.gold.fr\/"},{"@type":"ListItem","position":2,"name":"Actualit\u00e9s","item":"https:\/\/www.gold.fr\/news\/"},{"@type":"ListItem","position":3,"name":"l\u2019Etalon Or a-t-il sa place en France ?"}]},{"@type":"WebSite","@id":"https:\/\/www.gold.fr\/news\/#website","url":"https:\/\/www.gold.fr\/news\/","name":"Gold.fr","description":"Actualit\u00e9s de l&#039;Or et des m\u00e9taux pr\u00e9cieux","potentialAction":[{"@type":"SearchAction","target":{"@type":"EntryPoint","urlTemplate":"https:\/\/www.gold.fr\/news\/?s={search_term_string}"},"query-input":{"@type":"PropertyValueSpecification","valueRequired":true,"valueName":"search_term_string"}}],"inLanguage":"fr-FR"},{"@type":"Person","@id":"https:\/\/www.gold.fr\/news\/#\/schema\/person\/070491b4b4fb7671bf59b3be20302ce9","name":"Comptoir National de l'Or","image":{"@type":"ImageObject","inLanguage":"fr-FR","@id":"https:\/\/secure.gravatar.com\/avatar\/0a2867fd5abe37bed95d5a65e9d58f01756e11efc68af9888dfc50cfa7f65948?s=96&d=mm&r=gb490554db0a38188709de567aa58480d","url":"https:\/\/secure.gravatar.com\/avatar\/0a2867fd5abe37bed95d5a65e9d58f01756e11efc68af9888dfc50cfa7f65948?s=96&d=mm&r=g","contentUrl":"https:\/\/secure.gravatar.com\/avatar\/0a2867fd5abe37bed95d5a65e9d58f01756e11efc68af9888dfc50cfa7f65948?s=96&d=mm&r=g","caption":"Comptoir National de l'Or"},"description":"Notre r\u00e9daction est constitu\u00e9e de membres experts dans les m\u00e9tiers de l'\u00e9conomie et la gestion, des Responsables d'agence Comptoir National de l'Or, des analystes financiers qui publient r\u00e9guli\u00e8rement des \u00e9tudes sur les politiques des banques centrales, le cours de l'or, prix de l'or, cours de l'argent, prix de l'argent, cours du platine, cours du palladium,... la situation en zone euro et l'impact de la strat\u00e9gie mon\u00e9taire de la FED. Notre \u00e9quipe scrute \u00e9galement une information plus g\u00e9n\u00e9raliste \u00e0 la recherche d'actualit\u00e9 \"p\u00e9pite\" \u00e0 vous partager. Depuis 5 ans, nous avons publi\u00e9 un peu plus de 4000 articles qui s'adressent \u00e0 un public large et vari\u00e9 ayant pour objectif de satisfaire votre curiosit\u00e9 et de partager avec vous une certaine fascination pour le m\u00e9tal jaune, le rachat d'or, et pour ceux qui veulent investir dans l'or, vendre leur or tout simplement en savoir plus... Pour tous vos achat or et argent, n'h\u00e9sitez pas \u00e0 prendre rendez-vous dans l'un de nos nombreux comptoirs.","sameAs":["https:\/\/www.gold.fr"]}]}},"authors":[{"term_id":2565,"user_id":18,"is_guest":0,"slug":"julie","display_name":"Comptoir National de l'Or","avatar_url":"https:\/\/secure.gravatar.com\/avatar\/713f289e398d35ead876c4a4cc08607f0d6d266058cfc25683fffb6092d0e572?s=96&d=mm&r=g","0":null,"1":"","2":"","3":"","4":"","5":"","6":"","7":"","8":""}],"_links":{"self":[{"href":"https:\/\/www.gold.fr\/news\/wp-json\/wp\/v2\/posts\/8722","targetHints":{"allow":["GET"]}}],"collection":[{"href":"https:\/\/www.gold.fr\/news\/wp-json\/wp\/v2\/posts"}],"about":[{"href":"https:\/\/www.gold.fr\/news\/wp-json\/wp\/v2\/types\/post"}],"author":[{"embeddable":true,"href":"https:\/\/www.gold.fr\/news\/wp-json\/wp\/v2\/users\/18"}],"replies":[{"embeddable":true,"href":"https:\/\/www.gold.fr\/news\/wp-json\/wp\/v2\/comments?post=8722"}],"version-history":[{"count":0,"href":"https:\/\/www.gold.fr\/news\/wp-json\/wp\/v2\/posts\/8722\/revisions"}],"wp:featuredmedia":[{"embeddable":true,"href":"https:\/\/www.gold.fr\/news\/wp-json\/wp\/v2\/media\/3927"}],"wp:attachment":[{"href":"https:\/\/www.gold.fr\/news\/wp-json\/wp\/v2\/media?parent=8722"}],"wp:term":[{"taxonomy":"category","embeddable":true,"href":"https:\/\/www.gold.fr\/news\/wp-json\/wp\/v2\/categories?post=8722"},{"taxonomy":"post_tag","embeddable":true,"href":"https:\/\/www.gold.fr\/news\/wp-json\/wp\/v2\/tags?post=8722"},{"taxonomy":"author","embeddable":true,"href":"https:\/\/www.gold.fr\/news\/wp-json\/wp\/v2\/ppma_author?post=8722"}],"curies":[{"name":"wp","href":"https:\/\/api.w.org\/{rel}","templated":true}]}}