{"id":8684,"date":"2012-08-06T17:00:00","date_gmt":"2012-08-06T15:00:00","guid":{"rendered":"https:\/\/www.gold.fr\/news\/?p=8684"},"modified":"2019-08-02T16:16:58","modified_gmt":"2019-08-02T14:16:58","slug":"or-9-carat-2eme-partie","status":"publish","type":"post","link":"https:\/\/www.gold.fr\/news\/2012\/08\/06\/or-9-carat-2eme-partie\/","title":{"rendered":"Or 9 carat &#8211; 2\u00e8me Partie"},"content":{"rendered":"<p><span style=\"font-size: small;\"><img loading=\"lazy\" decoding=\"async\" class=\"alignleft size-thumbnail wp-image-3355\" title=\"Or 9 carat\" src=\"https:\/\/www.gold.fr\/news\/wp-content\/uploads\/2011\/11\/bijoux-or-1-150x150.jpg\" alt=\"\" width=\"150\" height=\"150\" \/>D&rsquo;apr\u00e8s les sp\u00e9cialistes, la suisse est le seul pays exprimant un r\u00e9el int\u00e9r\u00eat pour l&rsquo;<a class=\"esk-seo-plu-link\" href=\"https:\/\/www.gold.fr\/news\/tags\/or\">or<\/a> <strong>9 carat<\/strong>. Caract\u00e9ris\u00e9 par un prix moins \u00e9lev\u00e9 (<strong>allant de 30% \u00e0 50%<\/strong>), l&rsquo;<a class=\"esk-seo-plu-link\" href=\"https:\/\/www.gold.fr\/news\/tags\/or\">or<\/a> 9 carat a su profiter de l&rsquo;\u00e9volution des techniques d&rsquo;alliage depuis les dix derni\u00e8res ann\u00e9es. De ce fait, son esth\u00e9tique s&rsquo;en est trouv\u00e9e largement am\u00e9lior\u00e9e. En effet, \u00e0 l&rsquo;\u0153il nu le client ne peut pas distinguer la diff\u00e9rence entre de l&rsquo;<a class=\"esk-seo-plu-link\" href=\"https:\/\/www.gold.fr\/news\/tags\/or\">or<\/a> 9 carat et de l&rsquo;<a class=\"esk-seo-plu-link\" href=\"https:\/\/www.gold.fr\/news\/tags\/or\">or<\/a> 18 carat. Il faut toutefois pr\u00e9ciser que m\u00eame si l&rsquo;augmentation des acquisitions de l&rsquo;<a class=\"esk-seo-plu-link\" href=\"https:\/\/www.gold.fr\/news\/tags\/or\">or<\/a> 9 carat est consid\u00e9rable cela ne signifie pas qu&rsquo;elle va se maintenir continuellement.<\/span> <span style=\"font-size: small;\">G\u00e9n\u00e9ralement, il n&rsquo;y a aucun int\u00e9r\u00eat \u00e0 dupliquer toutes les gammes de bijoux. Il existe trois cat\u00e9gorie d&rsquo;articles ; les articles inf\u00e9rieur \u00e0 1 gramme, les articles entre 1 et 4 grammes et enfin les articles dont le poids est sup\u00e9rieur \u00e0 4 grammes. Pour les bijoux l\u00e9gers, l&rsquo;<a class=\"esk-seo-plu-link\" href=\"https:\/\/www.gold.fr\/news\/tags\/or\">or<\/a> 18 carat est ind\u00e9tr\u00f4nable ; la diff\u00e9rence de prix ne justifiant pas le choix du 9 carat. Au dessus de 4 grammes, les clients ont souvent tendance \u00e0 choisir un alliage de qualit\u00e9 pour garantir une valeur s\u00fbre et reconnue. C&rsquo;est dans la deuxi\u00e8me cat\u00e9gorie qu&rsquo;il est donc possible de faire des duplications judicieuses en <a class=\"esk-seo-plu-link\" href=\"https:\/\/www.gold.fr\/news\/tags\/or\">or<\/a> 9 carat.<\/span><\/p>\n<!-- AddThis Advanced Settings generic via filter on the_content --><!-- AddThis Share Buttons generic via filter on the_content -->","protected":false},"excerpt":{"rendered":"<p>D&rsquo;apr\u00e8s les sp\u00e9cialistes, la suisse est le seul pays exprimant un r\u00e9el int\u00e9r\u00eat pour l&rsquo;or 9 carat. Caract\u00e9ris\u00e9 par un prix moins \u00e9lev\u00e9 (allant de 30% \u00e0 50%), l&rsquo;or 9 carat a su profiter de l&rsquo;\u00e9volution [&hellip;]<\/p>\n","protected":false},"author":18,"featured_media":3355,"comment_status":"open","ping_status":"open","sticky":false,"template":"","format":"standard","meta":{"_mbp_gutenberg_autopost":false,"_pgmb_is_evergreen":false,"_pgmb_ap_template_id":0,"footnotes":""},"categories":[6],"tags":[747,82,748,76],"ppma_author":[2565],"class_list":["post-8684","post","type-post","status-publish","format-standard","has-post-thumbnail","hentry","category-articles-de-presse","tag-9-carat","tag-bijoux-en-or","tag-la-suisse","tag-or"],"yoast_head":"<!-- This site is optimized with the Yoast SEO plugin v27.5 - https:\/\/yoast.com\/product\/yoast-seo-wordpress\/ -->\n<title>Or 9 carat - 2\u00e8me Partie - Gold.fr<\/title>\n<meta name=\"description\" content=\"Or 9 carat - 2\u00e8me Partie. Suivez toute l&#039;actualit\u00e9 et le cours de l&#039;or, de l&#039;argent et d&#039;autres m\u00e9taux pr\u00e9cieux en direct sur Gold.fr. Le site d&#039;actualit\u00e9 du Comptoir National de l&#039;Or.\" \/>\n<meta name=\"robots\" content=\"index, follow, max-snippet:-1, max-image-preview:large, max-video-preview:-1\" \/>\n<link rel=\"canonical\" href=\"https:\/\/www.gold.fr\/news\/2012\/08\/06\/or-9-carat-2eme-partie\/\" \/>\n<meta property=\"og:locale\" content=\"fr_FR\" \/>\n<meta property=\"og:type\" content=\"article\" \/>\n<meta property=\"og:title\" content=\"Or 9 carat - 2\u00e8me Partie - Gold.fr\" \/>\n<meta property=\"og:description\" content=\"Or 9 carat - 2\u00e8me Partie. Suivez toute l&#039;actualit\u00e9 et le cours de l&#039;or, de l&#039;argent et d&#039;autres m\u00e9taux pr\u00e9cieux en direct sur Gold.fr. Le site d&#039;actualit\u00e9 du Comptoir National de l&#039;Or.\" \/>\n<meta property=\"og:url\" content=\"https:\/\/www.gold.fr\/news\/2012\/08\/06\/or-9-carat-2eme-partie\/\" \/>\n<meta property=\"og:site_name\" content=\"Gold.fr\" \/>\n<meta property=\"article:publisher\" content=\"https:\/\/www.facebook.com\/Goldfr\/\" \/>\n<meta property=\"article:published_time\" content=\"2012-08-06T15:00:00+00:00\" \/>\n<meta property=\"article:modified_time\" content=\"2019-08-02T14:16:58+00:00\" \/>\n<meta property=\"og:image\" content=\"https:\/\/www.gold.fr\/news\/wp-content\/uploads\/2011\/11\/bijoux-or-1-e1320223037939.jpg\" \/>\n\t<meta property=\"og:image:width\" content=\"600\" \/>\n\t<meta property=\"og:image:height\" content=\"399\" \/>\n\t<meta property=\"og:image:type\" content=\"image\/jpeg\" \/>\n<meta name=\"author\" content=\"Comptoir National de l&#039;Or\" \/>\n<meta name=\"twitter:card\" content=\"summary_large_image\" \/>\n<meta name=\"twitter:label1\" content=\"\u00c9crit par\" \/>\n\t<meta name=\"twitter:data1\" content=\"Comptoir National de l&#039;Or\" \/>\n\t<meta name=\"twitter:label2\" content=\"Dur\u00e9e de lecture estim\u00e9e\" \/>\n\t<meta name=\"twitter:data2\" content=\"1 minute\" \/>\n<script type=\"application\/ld+json\" class=\"yoast-schema-graph\">{\"@context\":\"https:\\\/\\\/schema.org\",\"@graph\":[{\"@type\":\"Article\",\"@id\":\"https:\\\/\\\/www.gold.fr\\\/news\\\/2012\\\/08\\\/06\\\/or-9-carat-2eme-partie\\\/#article\",\"isPartOf\":{\"@id\":\"https:\\\/\\\/www.gold.fr\\\/news\\\/2012\\\/08\\\/06\\\/or-9-carat-2eme-partie\\\/\"},\"author\":{\"name\":\"Comptoir National de l'Or\",\"@id\":\"https:\\\/\\\/www.gold.fr\\\/news\\\/#\\\/schema\\\/person\\\/070491b4b4fb7671bf59b3be20302ce9\"},\"headline\":\"Or 9 carat &#8211; 2\u00e8me Partie\",\"datePublished\":\"2012-08-06T15:00:00+00:00\",\"dateModified\":\"2019-08-02T14:16:58+00:00\",\"mainEntityOfPage\":{\"@id\":\"https:\\\/\\\/www.gold.fr\\\/news\\\/2012\\\/08\\\/06\\\/or-9-carat-2eme-partie\\\/\"},\"wordCount\":238,\"commentCount\":0,\"image\":{\"@id\":\"https:\\\/\\\/www.gold.fr\\\/news\\\/2012\\\/08\\\/06\\\/or-9-carat-2eme-partie\\\/#primaryimage\"},\"thumbnailUrl\":\"https:\\\/\\\/www.gold.fr\\\/news\\\/wp-content\\\/uploads\\\/2011\\\/11\\\/bijoux-or-1-e1320223037939.jpg\",\"keywords\":[\"9 carat\",\"bijoux en or\",\"La Suisse\",\"Or\"],\"articleSection\":[\"Articles de presse\"],\"inLanguage\":\"fr-FR\"},{\"@type\":\"WebPage\",\"@id\":\"https:\\\/\\\/www.gold.fr\\\/news\\\/2012\\\/08\\\/06\\\/or-9-carat-2eme-partie\\\/\",\"url\":\"https:\\\/\\\/www.gold.fr\\\/news\\\/2012\\\/08\\\/06\\\/or-9-carat-2eme-partie\\\/\",\"name\":\"Or 9 carat - 2\u00e8me Partie - Gold.fr\",\"isPartOf\":{\"@id\":\"https:\\\/\\\/www.gold.fr\\\/news\\\/#website\"},\"primaryImageOfPage\":{\"@id\":\"https:\\\/\\\/www.gold.fr\\\/news\\\/2012\\\/08\\\/06\\\/or-9-carat-2eme-partie\\\/#primaryimage\"},\"image\":{\"@id\":\"https:\\\/\\\/www.gold.fr\\\/news\\\/2012\\\/08\\\/06\\\/or-9-carat-2eme-partie\\\/#primaryimage\"},\"thumbnailUrl\":\"https:\\\/\\\/www.gold.fr\\\/news\\\/wp-content\\\/uploads\\\/2011\\\/11\\\/bijoux-or-1-e1320223037939.jpg\",\"datePublished\":\"2012-08-06T15:00:00+00:00\",\"dateModified\":\"2019-08-02T14:16:58+00:00\",\"author\":{\"@id\":\"https:\\\/\\\/www.gold.fr\\\/news\\\/#\\\/schema\\\/person\\\/070491b4b4fb7671bf59b3be20302ce9\"},\"description\":\"Or 9 carat - 2\u00e8me Partie. Suivez toute l'actualit\u00e9 et le cours de l'or, de l'argent et d'autres m\u00e9taux pr\u00e9cieux en direct sur Gold.fr. Le site d'actualit\u00e9 du Comptoir National de l'Or.\",\"breadcrumb\":{\"@id\":\"https:\\\/\\\/www.gold.fr\\\/news\\\/2012\\\/08\\\/06\\\/or-9-carat-2eme-partie\\\/#breadcrumb\"},\"inLanguage\":\"fr-FR\",\"potentialAction\":[{\"@type\":\"ReadAction\",\"target\":[\"https:\\\/\\\/www.gold.fr\\\/news\\\/2012\\\/08\\\/06\\\/or-9-carat-2eme-partie\\\/\"]}]},{\"@type\":\"ImageObject\",\"inLanguage\":\"fr-FR\",\"@id\":\"https:\\\/\\\/www.gold.fr\\\/news\\\/2012\\\/08\\\/06\\\/or-9-carat-2eme-partie\\\/#primaryimage\",\"url\":\"https:\\\/\\\/www.gold.fr\\\/news\\\/wp-content\\\/uploads\\\/2011\\\/11\\\/bijoux-or-1-e1320223037939.jpg\",\"contentUrl\":\"https:\\\/\\\/www.gold.fr\\\/news\\\/wp-content\\\/uploads\\\/2011\\\/11\\\/bijoux-or-1-e1320223037939.jpg\",\"width\":\"600\",\"height\":\"399\",\"caption\":\"Or 9 carat\"},{\"@type\":\"BreadcrumbList\",\"@id\":\"https:\\\/\\\/www.gold.fr\\\/news\\\/2012\\\/08\\\/06\\\/or-9-carat-2eme-partie\\\/#breadcrumb\",\"itemListElement\":[{\"@type\":\"ListItem\",\"position\":1,\"name\":\"Accueil\",\"item\":\"https:\\\/\\\/www.gold.fr\\\/\"},{\"@type\":\"ListItem\",\"position\":2,\"name\":\"Actualit\u00e9s\",\"item\":\"https:\\\/\\\/www.gold.fr\\\/news\\\/\"},{\"@type\":\"ListItem\",\"position\":3,\"name\":\"Or 9 carat &#8211; 2\u00e8me Partie\"}]},{\"@type\":\"WebSite\",\"@id\":\"https:\\\/\\\/www.gold.fr\\\/news\\\/#website\",\"url\":\"https:\\\/\\\/www.gold.fr\\\/news\\\/\",\"name\":\"Gold.fr\",\"description\":\"Actualit\u00e9s de l&#039;Or et des m\u00e9taux pr\u00e9cieux\",\"potentialAction\":[{\"@type\":\"SearchAction\",\"target\":{\"@type\":\"EntryPoint\",\"urlTemplate\":\"https:\\\/\\\/www.gold.fr\\\/news\\\/?s={search_term_string}\"},\"query-input\":{\"@type\":\"PropertyValueSpecification\",\"valueRequired\":true,\"valueName\":\"search_term_string\"}}],\"inLanguage\":\"fr-FR\"},{\"@type\":\"Person\",\"@id\":\"https:\\\/\\\/www.gold.fr\\\/news\\\/#\\\/schema\\\/person\\\/070491b4b4fb7671bf59b3be20302ce9\",\"name\":\"Comptoir National de l'Or\",\"image\":{\"@type\":\"ImageObject\",\"inLanguage\":\"fr-FR\",\"@id\":\"https:\\\/\\\/secure.gravatar.com\\\/avatar\\\/0a2867fd5abe37bed95d5a65e9d58f01756e11efc68af9888dfc50cfa7f65948?s=96&d=mm&r=gb490554db0a38188709de567aa58480d\",\"url\":\"https:\\\/\\\/secure.gravatar.com\\\/avatar\\\/0a2867fd5abe37bed95d5a65e9d58f01756e11efc68af9888dfc50cfa7f65948?s=96&d=mm&r=g\",\"contentUrl\":\"https:\\\/\\\/secure.gravatar.com\\\/avatar\\\/0a2867fd5abe37bed95d5a65e9d58f01756e11efc68af9888dfc50cfa7f65948?s=96&d=mm&r=g\",\"caption\":\"Comptoir National de l'Or\"},\"description\":\"Notre r\u00e9daction est constitu\u00e9e de membres experts dans les m\u00e9tiers de l'\u00e9conomie et la gestion, des Responsables d'agence Comptoir National de l'Or, des analystes financiers qui publient r\u00e9guli\u00e8rement des \u00e9tudes sur les politiques des banques centrales, le cours de l'or, prix de l'or, cours de l'argent, prix de l'argent, cours du platine, cours du palladium,... la situation en zone euro et l'impact de la strat\u00e9gie mon\u00e9taire de la FED. Notre \u00e9quipe scrute \u00e9galement une information plus g\u00e9n\u00e9raliste \u00e0 la recherche d'actualit\u00e9 \\\"p\u00e9pite\\\" \u00e0 vous partager. Depuis 5 ans, nous avons publi\u00e9 un peu plus de 4000 articles qui s'adressent \u00e0 un public large et vari\u00e9 ayant pour objectif de satisfaire votre curiosit\u00e9 et de partager avec vous une certaine fascination pour le m\u00e9tal jaune, le rachat d'or, et pour ceux qui veulent investir dans l'or, vendre leur or tout simplement en savoir plus... Pour tous vos achat or et argent, n'h\u00e9sitez pas \u00e0 prendre rendez-vous dans l'un de nos nombreux comptoirs.\",\"sameAs\":[\"https:\\\/\\\/www.gold.fr\"]}]}<\/script>\n<!-- \/ Yoast SEO plugin. -->","yoast_head_json":{"title":"Or 9 carat - 2\u00e8me Partie - Gold.fr","description":"Or 9 carat - 2\u00e8me Partie. Suivez toute l'actualit\u00e9 et le cours de l'or, de l'argent et d'autres m\u00e9taux pr\u00e9cieux en direct sur Gold.fr. Le site d'actualit\u00e9 du Comptoir National de l'Or.","robots":{"index":"index","follow":"follow","max-snippet":"max-snippet:-1","max-image-preview":"max-image-preview:large","max-video-preview":"max-video-preview:-1"},"canonical":"https:\/\/www.gold.fr\/news\/2012\/08\/06\/or-9-carat-2eme-partie\/","og_locale":"fr_FR","og_type":"article","og_title":"Or 9 carat - 2\u00e8me Partie - Gold.fr","og_description":"Or 9 carat - 2\u00e8me Partie. Suivez toute l'actualit\u00e9 et le cours de l'or, de l'argent et d'autres m\u00e9taux pr\u00e9cieux en direct sur Gold.fr. Le site d'actualit\u00e9 du Comptoir National de l'Or.","og_url":"https:\/\/www.gold.fr\/news\/2012\/08\/06\/or-9-carat-2eme-partie\/","og_site_name":"Gold.fr","article_publisher":"https:\/\/www.facebook.com\/Goldfr\/","article_published_time":"2012-08-06T15:00:00+00:00","article_modified_time":"2019-08-02T14:16:58+00:00","og_image":[{"width":600,"height":399,"url":"https:\/\/www.gold.fr\/news\/wp-content\/uploads\/2011\/11\/bijoux-or-1-e1320223037939.jpg","type":"image\/jpeg"}],"author":"Comptoir National de l'Or","twitter_card":"summary_large_image","twitter_misc":{"\u00c9crit par":"Comptoir National de l'Or","Dur\u00e9e de lecture estim\u00e9e":"1 minute"},"schema":{"@context":"https:\/\/schema.org","@graph":[{"@type":"Article","@id":"https:\/\/www.gold.fr\/news\/2012\/08\/06\/or-9-carat-2eme-partie\/#article","isPartOf":{"@id":"https:\/\/www.gold.fr\/news\/2012\/08\/06\/or-9-carat-2eme-partie\/"},"author":{"name":"Comptoir National de l'Or","@id":"https:\/\/www.gold.fr\/news\/#\/schema\/person\/070491b4b4fb7671bf59b3be20302ce9"},"headline":"Or 9 carat &#8211; 2\u00e8me Partie","datePublished":"2012-08-06T15:00:00+00:00","dateModified":"2019-08-02T14:16:58+00:00","mainEntityOfPage":{"@id":"https:\/\/www.gold.fr\/news\/2012\/08\/06\/or-9-carat-2eme-partie\/"},"wordCount":238,"commentCount":0,"image":{"@id":"https:\/\/www.gold.fr\/news\/2012\/08\/06\/or-9-carat-2eme-partie\/#primaryimage"},"thumbnailUrl":"https:\/\/www.gold.fr\/news\/wp-content\/uploads\/2011\/11\/bijoux-or-1-e1320223037939.jpg","keywords":["9 carat","bijoux en or","La Suisse","Or"],"articleSection":["Articles de presse"],"inLanguage":"fr-FR"},{"@type":"WebPage","@id":"https:\/\/www.gold.fr\/news\/2012\/08\/06\/or-9-carat-2eme-partie\/","url":"https:\/\/www.gold.fr\/news\/2012\/08\/06\/or-9-carat-2eme-partie\/","name":"Or 9 carat - 2\u00e8me Partie - Gold.fr","isPartOf":{"@id":"https:\/\/www.gold.fr\/news\/#website"},"primaryImageOfPage":{"@id":"https:\/\/www.gold.fr\/news\/2012\/08\/06\/or-9-carat-2eme-partie\/#primaryimage"},"image":{"@id":"https:\/\/www.gold.fr\/news\/2012\/08\/06\/or-9-carat-2eme-partie\/#primaryimage"},"thumbnailUrl":"https:\/\/www.gold.fr\/news\/wp-content\/uploads\/2011\/11\/bijoux-or-1-e1320223037939.jpg","datePublished":"2012-08-06T15:00:00+00:00","dateModified":"2019-08-02T14:16:58+00:00","author":{"@id":"https:\/\/www.gold.fr\/news\/#\/schema\/person\/070491b4b4fb7671bf59b3be20302ce9"},"description":"Or 9 carat - 2\u00e8me Partie. Suivez toute l'actualit\u00e9 et le cours de l'or, de l'argent et d'autres m\u00e9taux pr\u00e9cieux en direct sur Gold.fr. Le site d'actualit\u00e9 du Comptoir National de l'Or.","breadcrumb":{"@id":"https:\/\/www.gold.fr\/news\/2012\/08\/06\/or-9-carat-2eme-partie\/#breadcrumb"},"inLanguage":"fr-FR","potentialAction":[{"@type":"ReadAction","target":["https:\/\/www.gold.fr\/news\/2012\/08\/06\/or-9-carat-2eme-partie\/"]}]},{"@type":"ImageObject","inLanguage":"fr-FR","@id":"https:\/\/www.gold.fr\/news\/2012\/08\/06\/or-9-carat-2eme-partie\/#primaryimage","url":"https:\/\/www.gold.fr\/news\/wp-content\/uploads\/2011\/11\/bijoux-or-1-e1320223037939.jpg","contentUrl":"https:\/\/www.gold.fr\/news\/wp-content\/uploads\/2011\/11\/bijoux-or-1-e1320223037939.jpg","width":"600","height":"399","caption":"Or 9 carat"},{"@type":"BreadcrumbList","@id":"https:\/\/www.gold.fr\/news\/2012\/08\/06\/or-9-carat-2eme-partie\/#breadcrumb","itemListElement":[{"@type":"ListItem","position":1,"name":"Accueil","item":"https:\/\/www.gold.fr\/"},{"@type":"ListItem","position":2,"name":"Actualit\u00e9s","item":"https:\/\/www.gold.fr\/news\/"},{"@type":"ListItem","position":3,"name":"Or 9 carat &#8211; 2\u00e8me Partie"}]},{"@type":"WebSite","@id":"https:\/\/www.gold.fr\/news\/#website","url":"https:\/\/www.gold.fr\/news\/","name":"Gold.fr","description":"Actualit\u00e9s de l&#039;Or et des m\u00e9taux pr\u00e9cieux","potentialAction":[{"@type":"SearchAction","target":{"@type":"EntryPoint","urlTemplate":"https:\/\/www.gold.fr\/news\/?s={search_term_string}"},"query-input":{"@type":"PropertyValueSpecification","valueRequired":true,"valueName":"search_term_string"}}],"inLanguage":"fr-FR"},{"@type":"Person","@id":"https:\/\/www.gold.fr\/news\/#\/schema\/person\/070491b4b4fb7671bf59b3be20302ce9","name":"Comptoir National de l'Or","image":{"@type":"ImageObject","inLanguage":"fr-FR","@id":"https:\/\/secure.gravatar.com\/avatar\/0a2867fd5abe37bed95d5a65e9d58f01756e11efc68af9888dfc50cfa7f65948?s=96&d=mm&r=gb490554db0a38188709de567aa58480d","url":"https:\/\/secure.gravatar.com\/avatar\/0a2867fd5abe37bed95d5a65e9d58f01756e11efc68af9888dfc50cfa7f65948?s=96&d=mm&r=g","contentUrl":"https:\/\/secure.gravatar.com\/avatar\/0a2867fd5abe37bed95d5a65e9d58f01756e11efc68af9888dfc50cfa7f65948?s=96&d=mm&r=g","caption":"Comptoir National de l'Or"},"description":"Notre r\u00e9daction est constitu\u00e9e de membres experts dans les m\u00e9tiers de l'\u00e9conomie et la gestion, des Responsables d'agence Comptoir National de l'Or, des analystes financiers qui publient r\u00e9guli\u00e8rement des \u00e9tudes sur les politiques des banques centrales, le cours de l'or, prix de l'or, cours de l'argent, prix de l'argent, cours du platine, cours du palladium,... la situation en zone euro et l'impact de la strat\u00e9gie mon\u00e9taire de la FED. Notre \u00e9quipe scrute \u00e9galement une information plus g\u00e9n\u00e9raliste \u00e0 la recherche d'actualit\u00e9 \"p\u00e9pite\" \u00e0 vous partager. Depuis 5 ans, nous avons publi\u00e9 un peu plus de 4000 articles qui s'adressent \u00e0 un public large et vari\u00e9 ayant pour objectif de satisfaire votre curiosit\u00e9 et de partager avec vous une certaine fascination pour le m\u00e9tal jaune, le rachat d'or, et pour ceux qui veulent investir dans l'or, vendre leur or tout simplement en savoir plus... Pour tous vos achat or et argent, n'h\u00e9sitez pas \u00e0 prendre rendez-vous dans l'un de nos nombreux comptoirs.","sameAs":["https:\/\/www.gold.fr"]}]}},"authors":[{"term_id":2565,"user_id":18,"is_guest":0,"slug":"julie","display_name":"Comptoir National de l'Or","avatar_url":"https:\/\/secure.gravatar.com\/avatar\/713f289e398d35ead876c4a4cc08607f0d6d266058cfc25683fffb6092d0e572?s=96&d=mm&r=g","0":null,"1":"","2":"","3":"","4":"","5":"","6":"","7":"","8":""}],"_links":{"self":[{"href":"https:\/\/www.gold.fr\/news\/wp-json\/wp\/v2\/posts\/8684","targetHints":{"allow":["GET"]}}],"collection":[{"href":"https:\/\/www.gold.fr\/news\/wp-json\/wp\/v2\/posts"}],"about":[{"href":"https:\/\/www.gold.fr\/news\/wp-json\/wp\/v2\/types\/post"}],"author":[{"embeddable":true,"href":"https:\/\/www.gold.fr\/news\/wp-json\/wp\/v2\/users\/18"}],"replies":[{"embeddable":true,"href":"https:\/\/www.gold.fr\/news\/wp-json\/wp\/v2\/comments?post=8684"}],"version-history":[{"count":0,"href":"https:\/\/www.gold.fr\/news\/wp-json\/wp\/v2\/posts\/8684\/revisions"}],"wp:featuredmedia":[{"embeddable":true,"href":"https:\/\/www.gold.fr\/news\/wp-json\/wp\/v2\/media\/3355"}],"wp:attachment":[{"href":"https:\/\/www.gold.fr\/news\/wp-json\/wp\/v2\/media?parent=8684"}],"wp:term":[{"taxonomy":"category","embeddable":true,"href":"https:\/\/www.gold.fr\/news\/wp-json\/wp\/v2\/categories?post=8684"},{"taxonomy":"post_tag","embeddable":true,"href":"https:\/\/www.gold.fr\/news\/wp-json\/wp\/v2\/tags?post=8684"},{"taxonomy":"author","embeddable":true,"href":"https:\/\/www.gold.fr\/news\/wp-json\/wp\/v2\/ppma_author?post=8684"}],"curies":[{"name":"wp","href":"https:\/\/api.w.org\/{rel}","templated":true}]}}