{"id":8583,"date":"2012-07-24T10:30:25","date_gmt":"2012-07-24T08:30:25","guid":{"rendered":"https:\/\/www.gold.fr\/news\/?p=8583"},"modified":"2020-07-15T17:53:55","modified_gmt":"2020-07-15T15:53:55","slug":"le-developpement-de-la-structure-de-loffre-dor","status":"publish","type":"post","link":"https:\/\/www.gold.fr\/news\/2012\/07\/24\/le-developpement-de-la-structure-de-loffre-dor\/","title":{"rendered":"Le d\u00e9veloppement de la structure de l&rsquo;offre d&rsquo;Or"},"content":{"rendered":"<p><img loading=\"lazy\" decoding=\"async\" class=\"alignleft size-thumbnail wp-image-8585\" style=\"float: left; margin: 5px; border: 1px solid black;\" title=\"or-monde\" src=\"https:\/\/www.gold.fr\/news\/wp-content\/uploads\/2012\/07\/or-monde-150x150.jpg\" alt=\"\" width=\"150\" height=\"150\" \/><span style=\"font-size: small;\">Alors que l&rsquo;<a class=\"esk-seo-plu-link\" href=\"https:\/\/www.gold.fr\/news\/tags\/or\">or<\/a> jouit d&rsquo;une relative \u00e9quit\u00e9 de la demande entre l&rsquo;Est et l&rsquo;Ouest, dirig\u00e9 par les Etats-Unis, l&rsquo;Europe, la Chine et l&rsquo;Inde, son offre t\u00e9moigne d&rsquo;une r\u00e9elle dispersion \u00e0 travers le monde. La production mini\u00e8re \u00e0 continuellement repr\u00e9sent\u00e9 entre 60 et 70% de l&rsquo;offre d&rsquo;<a class=\"esk-seo-plu-link\" href=\"https:\/\/www.gold.fr\/news\/tags\/or\">or<\/a> sur les march\u00e9s, cette derni\u00e8re <strong>repr\u00e9sentant depuis toujours 70% de l&rsquo;offre d&rsquo;<a class=\"esk-seo-plu-link\" href=\"https:\/\/www.gold.fr\/news\/tags\/or\">or<\/a><\/strong>.<\/span> <span style=\"font-size: small;\">Un des changements majeurs au sujet de l&rsquo;offre de <a class=\"esk-seo-plu-link\" href=\"https:\/\/www.gold.fr\/news\/tags\/or\">m\u00e9tal jaune<\/a>, en comparaison du pass\u00e9, est la forte concentration g\u00e9ographique de la production mini\u00e8re.<\/span> <span style=\"font-size: small;\">Le leadership de l&rsquo;Afrique du Sud durant les deux premi\u00e8res d\u00e9cennies a \u00e9t\u00e9 frappant. <strong>En 1970, ce pays repr\u00e9sentait 79% de la production globale<\/strong>. Sauf que la domination d&rsquo;un seul Etat a rendu n\u00e9cessaire la mise en place de protocoles stricts destin\u00e9s \u00e0 pourvoir en mati\u00e8re pr\u00e9cieuse aussi bien le march\u00e9 international, que le march\u00e9 int\u00e9rieur. Cet accord a eu lieu entre l&rsquo;Afrique du Sud, les Etats-Unis et le Fond Mon\u00e9taire International en 1970, engendrant la baisse temporaire du <a class=\"esk-seo-plu-link\" href=\"https:\/\/www.gold.fr\/news\/tags\/cours-de-lor\">cours de l&rsquo;or<\/a> \u00e0 35 Dollars l&rsquo;once. De m\u00eame, il a \u00e9t\u00e9 d\u00e9cr\u00e9t\u00e9 qu&rsquo;en cas de besoin urgents d&rsquo;\u00e9changes sur les march\u00e9s internationaux, l&rsquo;Afrique du Sud serait autoris\u00e9 \u00e0 contourner les march\u00e9s pour conclure directement avec le Fond Mon\u00e9taire International.<\/span> <span style=\"font-size: small;\">Aujourd&rsquo;hui, aucun pays ne contribue pour plus de 14% \u00e0 l&rsquo;offre d&rsquo;<a class=\"esk-seo-plu-link\" href=\"https:\/\/www.gold.fr\/news\/tags\/or\">or<\/a>. En 2010, la Chine est devenue le plus important producteur de <a class=\"esk-seo-plu-link\" href=\"https:\/\/www.gold.fr\/news\/tags\/or\">m\u00e9tal jaune<\/a> (soit 13% de l&rsquo;offre) suivie de tr\u00e8s pr\u00e8s par l&rsquo;Australie (10%), les Etats-Unis (9%), la Russie et l&rsquo;Afrique du Sud avec 8%. La faible concentration de l&rsquo;offre sur un m\u00eame pays est une des particularit\u00e9s de l&rsquo;<a class=\"esk-seo-plu-link\" href=\"https:\/\/www.gold.fr\/news\/tags\/or\">or<\/a> qui agit comme une s\u00e9curit\u00e9 face \u00e0 toute d\u00e9pendance vis-\u00e0-vis d&rsquo;un tiers. C&rsquo;est une diff\u00e9rence importante, compar\u00e9 aux autres m\u00e9taux pr\u00e9cieux qui souffrent d&rsquo;une production souvent concentr\u00e9e.<\/span> <span style=\"font-size: small;\">L&rsquo;<a class=\"esk-seo-plu-link\" href=\"https:\/\/www.gold.fr\/news\/tags\/or\">or<\/a> provenant du recyclage, pour lequel aucun chiffre n&rsquo;\u00e9tait disponible en 1970, a connu une dispersion g\u00e9ographique r\u00e9duite sur les 30 derni\u00e8res ann\u00e9es. En 1980, les crises g\u00e9opolitiques au Moyen-Orient notamment entre l&rsquo;Iran et l&rsquo;Irak, la d\u00e9tention d&rsquo;otages am\u00e9ricains \u00e0 T\u00e9h\u00e9ran, ou l&rsquo;occupation sovi\u00e9tique en Afghanistan ont fatalement stimul\u00e9 le recyclage de l&rsquo;<a class=\"esk-seo-plu-link\" href=\"https:\/\/www.gold.fr\/news\/tags\/or\">or<\/a> au Moyen Orient, y participant \u00e0 hauteur de 35% de l&rsquo;offre mondiale (dont l&rsquo;Iran \u00e0 17% suivi par l&rsquo;Egypte et la Turquie). Aujourd&rsquo;hui, la part du recyclage est moins concentr\u00e9 gr\u00e2ce \u00e0 l&rsquo;Asie de l&rsquo;Est qui contribue pour 27% \u00e0 l&rsquo;offre d&rsquo;<a class=\"esk-seo-plu-link\" href=\"https:\/\/www.gold.fr\/news\/tags\/or\">or<\/a> via le canal \u00ab recyclage \u00bb.<\/span> \u00a0 <span style=\"text-decoration: underline; font-size: small;\"><strong>Pourquoi ces changements ? Quelles cons\u00e9quences ?<\/strong><\/span> <span style=\"font-size: small;\">Un certain nombre d&rsquo;\u00e9l\u00e9ments sous jacents ont accompagn\u00e9 ces \u00e9volutions et notamment : les r\u00e9formes du march\u00e9 et la d\u00e9r\u00e9gulation, les motivations des consommateurs et des investisseurs, la performance des actifs, les contraintes g\u00e9ographiques, la liquidit\u00e9 et les d\u00e9s\u00e9quilibres \u00e9conomiques.<\/span> <span style=\"font-size: small;\">La mutation marquante de l&rsquo;Ouest vers l&rsquo;Est a \u00e9t\u00e9 consid\u00e9rablement influenc\u00e9e par les r\u00e9formes effectu\u00e9es et la r\u00e9gulation mise en \u0153uvre au sein des march\u00e9s \u00e9mergents, dans l&rsquo;optique de plus de lib\u00e9ralisme \u00e9conomique. L&rsquo;ouverture de ces nouveaux pays industrialis\u00e9s, leur plus forte participation dans les \u00e9changes internationaux et sur les march\u00e9s des capitaux, ont facilit\u00e9 l&rsquo;acc\u00e8s \u00e0 l&rsquo;<a class=\"esk-seo-plu-link\" href=\"https:\/\/www.gold.fr\/news\/tags\/or\">or<\/a> des populations et contribu\u00e9 \u00e0 une cr\u00e9ation plus importante de richesse.<\/span> <span style=\"font-size: small;\">Des analyses conduites par <em>Metal Economics Group<\/em> montrent que<strong> la d\u00e9couverte de nouveaux gisements au cours de la seconde moiti\u00e9 de la derni\u00e8re d\u00e9cennie diminuait \u00e0 la m\u00eame cadence que l&rsquo;augmentation du prix<\/strong>. En fait, la diminution des d\u00e9couvertes de nouveaux gisements ne serait pas forc\u00e9ment li\u00e9e \u00e0 un manque de d\u00e9penses d&rsquo;exploration. En effet, ces derni\u00e8res n&rsquo;ont cess\u00e9 d&rsquo;augmenter depuis 2002 et sont aujourd&rsquo;hui quatre fois plus importantes qu&rsquo;au d\u00e9but de la d\u00e9cennie malgr\u00e9 la r\u00e9cession mondiale de 2008.<\/span> <span style=\"font-size: small;\">La liquidit\u00e9 du march\u00e9 de l&rsquo;<a class=\"esk-seo-plu-link\" href=\"https:\/\/www.gold.fr\/news\/tags\/or\">or<\/a> a \u00e9t\u00e9 la grande gagnante de tous les changements enregistr\u00e9s sur ce march\u00e9 car il a contribu\u00e9 \u00e0 \u00ab\u00a0rassurer\u00a0\u00bb aussi bien les petits que les grands investisseurs. Cela offre plus de pr\u00e9cision quant \u00e0 la d\u00e9termination du <a title=\"Prix de l'Or\" href=\"https:\/\/www.gold.fr\/cours-prix-de-l-or\/\" target=\"_blank\" rel=\"noopener noreferrer\">prix de l\u2019or<\/a>, et permet au <a class=\"esk-seo-plu-link\" href=\"https:\/\/www.gold.fr\/news\/tags\/or\">m\u00e9tal jaune<\/a> d&rsquo;\u00eatre <a title=\"Achat Or\" href=\"https:\/\/www.gold.fr\/achat-or\/\" target=\"_blank\" rel=\"noopener noreferrer\">achet\u00e9<\/a> et <a title=\"Vente Or\" href=\"https:\/\/www.gold.fr\/vente-or\/\" target=\"_blank\" rel=\"noopener noreferrer\">vendu<\/a> plus facilement. Par ailleurs, le march\u00e9 du recyclage \u00e9tant moins d\u00e9velopp\u00e9 en Occident, des marges plus \u00e9lev\u00e9es qu&rsquo;en Inde sont appliqu\u00e9es, pays o\u00f9 le commerce des bijoux jouit d&rsquo;une grande fluidit\u00e9. Ainsi, une liquidit\u00e9 accrue permet d&rsquo;acc\u00e9der \u00e0 un march\u00e9 plus flexible, tout en amortissant les fluctuations de prix.<\/span> <span style=\"font-size: small;\">Finalement, les d\u00e9s\u00e9quilibres mondiaux des comptes courants g\u00e9n\u00e9r\u00e9s face \u00e0 l&rsquo;\u00e9mergence des BRIC, ont entrain\u00e9 un profond d\u00e9sir de d\u00e9tention de <a class=\"esk-seo-plu-link\" href=\"https:\/\/www.gold.fr\/news\/tags\/or\">m\u00e9tal jaune<\/a> \u00e0 des fins de diversification. <strong>Les troubles r\u00e9cents enregistr\u00e9s dans zone euro, l&rsquo;\u00e9vasion fiscale, l&rsquo;instabilit\u00e9 mon\u00e9taire, et les r\u00e9cents bouleversements g\u00e9opolitiques ont fait de ce m\u00e9tal un bastion de pr\u00e9servation de valeur<\/strong>. Nous avons tendance \u00e0 \u00e9tablir un parall\u00e8le avec les ann\u00e9es 1970 ou 1990 et \u00e0 penser que le comportement de l&rsquo;<a class=\"esk-seo-plu-link\" href=\"https:\/\/www.gold.fr\/news\/tags\/or\">or<\/a> agirait comma par le pass\u00e9. Mais nous ne devons pas perdre de vue les principes de base de l&rsquo;\u00e9volution de ce m\u00e9tal atypique. La structure de l&rsquo;offre et de la demande a \u00e9t\u00e9 boulevers\u00e9e ces 40 derni\u00e8res ann\u00e9es. L&rsquo;<a class=\"esk-seo-plu-link\" href=\"https:\/\/www.gold.fr\/news\/tags\/or\">or<\/a> s&rsquo;est tourn\u00e9 vers plus de stabilit\u00e9, une plus grande d\u00e9-corr\u00e9lation, plus de liquidit\u00e9 et plus de transparence. Cette \u00e9volution rend les parall\u00e8les historiques superficiels et souvent erron\u00e9s.<\/span><\/p>\n<p style=\"text-align: right;\"><em><span style=\"font-size: x-small;\">Sources : World Gold Council<\/span><\/em><\/p>\n<!-- AddThis Advanced Settings generic via filter on the_content --><!-- AddThis Share Buttons generic via filter on the_content -->","protected":false},"excerpt":{"rendered":"<p>Alors que l&rsquo;or jouit d&rsquo;une relative \u00e9quit\u00e9 de la demande entre l&rsquo;Est et l&rsquo;Ouest, dirig\u00e9 par les Etats-Unis, l&rsquo;Europe, la Chine et l&rsquo;Inde, son offre t\u00e9moigne d&rsquo;une r\u00e9elle dispersion \u00e0 travers le monde. La production mini\u00e8re [&hellip;]<\/p>\n","protected":false},"author":11,"featured_media":8585,"comment_status":"closed","ping_status":"closed","sticky":false,"template":"","format":"standard","meta":{"_mbp_gutenberg_autopost":false,"_pgmb_is_evergreen":false,"_pgmb_ap_template_id":0,"footnotes":""},"categories":[4],"tags":[17,231,86,642,18,464],"ppma_author":[2562],"class_list":["post-8583","post","type-post","status-publish","format-standard","has-post-thumbnail","hentry","category-analyses-economiques","tag-achat-dor","tag-achat-or","tag-mine-dor","tag-offre-or","tag-vente-dor","tag-vente-or"],"yoast_head":"<!-- This site is optimized with the Yoast SEO plugin v27.5 - https:\/\/yoast.com\/product\/yoast-seo-wordpress\/ -->\n<title>Le d\u00e9veloppement de la structure de l\u2019offre d\u2019Or R\u00e9partition dans le monde<\/title>\n<meta name=\"description\" content=\"Alors que l\u2019or jouit d\u2019une relative \u00e9quit\u00e9 de la demande entre l\u2019Est et l\u2019Ouest son offre t\u00e9moigne d&#039;une r\u00e9elle dispersion dans le monde\" \/>\n<meta name=\"robots\" content=\"index, follow, max-snippet:-1, max-image-preview:large, max-video-preview:-1\" \/>\n<link rel=\"canonical\" href=\"https:\/\/www.gold.fr\/news\/2012\/07\/24\/le-developpement-de-la-structure-de-loffre-dor\/\" \/>\n<meta property=\"og:locale\" content=\"fr_FR\" \/>\n<meta property=\"og:type\" content=\"article\" \/>\n<meta property=\"og:title\" content=\"Le d\u00e9veloppement de la structure de l\u2019offre d\u2019Or R\u00e9partition dans le monde\" \/>\n<meta property=\"og:description\" content=\"Alors que l\u2019or jouit d\u2019une relative \u00e9quit\u00e9 de la demande entre l\u2019Est et l\u2019Ouest son offre t\u00e9moigne d&#039;une r\u00e9elle dispersion dans le monde\" \/>\n<meta property=\"og:url\" content=\"https:\/\/www.gold.fr\/news\/2012\/07\/24\/le-developpement-de-la-structure-de-loffre-dor\/\" \/>\n<meta property=\"og:site_name\" content=\"Gold.fr\" \/>\n<meta property=\"article:publisher\" content=\"https:\/\/www.facebook.com\/Goldfr\/\" \/>\n<meta property=\"article:published_time\" content=\"2012-07-24T08:30:25+00:00\" \/>\n<meta property=\"article:modified_time\" content=\"2020-07-15T15:53:55+00:00\" \/>\n<meta property=\"og:image\" content=\"https:\/\/www.gold.fr\/news\/wp-content\/uploads\/2012\/07\/or-monde-e1478814840845.jpg\" \/>\n\t<meta property=\"og:image:width\" content=\"300\" \/>\n\t<meta property=\"og:image:height\" content=\"203\" \/>\n\t<meta property=\"og:image:type\" content=\"image\/jpeg\" \/>\n<meta name=\"author\" content=\"Anthony\" \/>\n<meta name=\"twitter:card\" content=\"summary_large_image\" \/>\n<meta name=\"twitter:label1\" content=\"\u00c9crit par\" \/>\n\t<meta name=\"twitter:data1\" content=\"Anthony\" \/>\n\t<meta name=\"twitter:label2\" content=\"Dur\u00e9e de lecture estim\u00e9e\" \/>\n\t<meta name=\"twitter:data2\" content=\"5 minutes\" \/>\n<script type=\"application\/ld+json\" class=\"yoast-schema-graph\">{\"@context\":\"https:\\\/\\\/schema.org\",\"@graph\":[{\"@type\":\"Article\",\"@id\":\"https:\\\/\\\/www.gold.fr\\\/news\\\/2012\\\/07\\\/24\\\/le-developpement-de-la-structure-de-loffre-dor\\\/#article\",\"isPartOf\":{\"@id\":\"https:\\\/\\\/www.gold.fr\\\/news\\\/2012\\\/07\\\/24\\\/le-developpement-de-la-structure-de-loffre-dor\\\/\"},\"author\":{\"name\":\"Anthony\",\"@id\":\"https:\\\/\\\/www.gold.fr\\\/news\\\/#\\\/schema\\\/person\\\/feb6458ffd7bceeeb4e228398c34fbe5\"},\"headline\":\"Le d\u00e9veloppement de la structure de l&rsquo;offre d&rsquo;Or\",\"datePublished\":\"2012-07-24T08:30:25+00:00\",\"dateModified\":\"2020-07-15T15:53:55+00:00\",\"mainEntityOfPage\":{\"@id\":\"https:\\\/\\\/www.gold.fr\\\/news\\\/2012\\\/07\\\/24\\\/le-developpement-de-la-structure-de-loffre-dor\\\/\"},\"wordCount\":981,\"image\":{\"@id\":\"https:\\\/\\\/www.gold.fr\\\/news\\\/2012\\\/07\\\/24\\\/le-developpement-de-la-structure-de-loffre-dor\\\/#primaryimage\"},\"thumbnailUrl\":\"https:\\\/\\\/www.gold.fr\\\/news\\\/wp-content\\\/uploads\\\/2012\\\/07\\\/or-monde-e1478814840845.jpg\",\"keywords\":[\"Achat d'Or\",\"Achat or\",\"mine d'or\",\"offre or\",\"Vente d'Or\",\"Vente or\"],\"articleSection\":[\"Analyses Economiques\"],\"inLanguage\":\"fr-FR\"},{\"@type\":\"WebPage\",\"@id\":\"https:\\\/\\\/www.gold.fr\\\/news\\\/2012\\\/07\\\/24\\\/le-developpement-de-la-structure-de-loffre-dor\\\/\",\"url\":\"https:\\\/\\\/www.gold.fr\\\/news\\\/2012\\\/07\\\/24\\\/le-developpement-de-la-structure-de-loffre-dor\\\/\",\"name\":\"Le d\u00e9veloppement de la structure de l\u2019offre d\u2019Or R\u00e9partition dans le monde\",\"isPartOf\":{\"@id\":\"https:\\\/\\\/www.gold.fr\\\/news\\\/#website\"},\"primaryImageOfPage\":{\"@id\":\"https:\\\/\\\/www.gold.fr\\\/news\\\/2012\\\/07\\\/24\\\/le-developpement-de-la-structure-de-loffre-dor\\\/#primaryimage\"},\"image\":{\"@id\":\"https:\\\/\\\/www.gold.fr\\\/news\\\/2012\\\/07\\\/24\\\/le-developpement-de-la-structure-de-loffre-dor\\\/#primaryimage\"},\"thumbnailUrl\":\"https:\\\/\\\/www.gold.fr\\\/news\\\/wp-content\\\/uploads\\\/2012\\\/07\\\/or-monde-e1478814840845.jpg\",\"datePublished\":\"2012-07-24T08:30:25+00:00\",\"dateModified\":\"2020-07-15T15:53:55+00:00\",\"author\":{\"@id\":\"https:\\\/\\\/www.gold.fr\\\/news\\\/#\\\/schema\\\/person\\\/feb6458ffd7bceeeb4e228398c34fbe5\"},\"description\":\"Alors que l\u2019or jouit d\u2019une relative \u00e9quit\u00e9 de la demande entre l\u2019Est et l\u2019Ouest son offre t\u00e9moigne d'une r\u00e9elle dispersion dans le monde\",\"breadcrumb\":{\"@id\":\"https:\\\/\\\/www.gold.fr\\\/news\\\/2012\\\/07\\\/24\\\/le-developpement-de-la-structure-de-loffre-dor\\\/#breadcrumb\"},\"inLanguage\":\"fr-FR\",\"potentialAction\":[{\"@type\":\"ReadAction\",\"target\":[\"https:\\\/\\\/www.gold.fr\\\/news\\\/2012\\\/07\\\/24\\\/le-developpement-de-la-structure-de-loffre-dor\\\/\"]}]},{\"@type\":\"ImageObject\",\"inLanguage\":\"fr-FR\",\"@id\":\"https:\\\/\\\/www.gold.fr\\\/news\\\/2012\\\/07\\\/24\\\/le-developpement-de-la-structure-de-loffre-dor\\\/#primaryimage\",\"url\":\"https:\\\/\\\/www.gold.fr\\\/news\\\/wp-content\\\/uploads\\\/2012\\\/07\\\/or-monde-e1478814840845.jpg\",\"contentUrl\":\"https:\\\/\\\/www.gold.fr\\\/news\\\/wp-content\\\/uploads\\\/2012\\\/07\\\/or-monde-e1478814840845.jpg\",\"width\":300,\"height\":203,\"caption\":\"F\u00e9ri\u00e9s des deux c\u00f4t\u00e9s de l\u2019Atlantique\"},{\"@type\":\"BreadcrumbList\",\"@id\":\"https:\\\/\\\/www.gold.fr\\\/news\\\/2012\\\/07\\\/24\\\/le-developpement-de-la-structure-de-loffre-dor\\\/#breadcrumb\",\"itemListElement\":[{\"@type\":\"ListItem\",\"position\":1,\"name\":\"Accueil\",\"item\":\"https:\\\/\\\/www.gold.fr\\\/\"},{\"@type\":\"ListItem\",\"position\":2,\"name\":\"Actualit\u00e9s\",\"item\":\"https:\\\/\\\/www.gold.fr\\\/news\\\/\"},{\"@type\":\"ListItem\",\"position\":3,\"name\":\"Le d\u00e9veloppement de la structure de l&rsquo;offre d&rsquo;Or\"}]},{\"@type\":\"WebSite\",\"@id\":\"https:\\\/\\\/www.gold.fr\\\/news\\\/#website\",\"url\":\"https:\\\/\\\/www.gold.fr\\\/news\\\/\",\"name\":\"Gold.fr\",\"description\":\"Actualit\u00e9s de l&#039;Or et des m\u00e9taux pr\u00e9cieux\",\"potentialAction\":[{\"@type\":\"SearchAction\",\"target\":{\"@type\":\"EntryPoint\",\"urlTemplate\":\"https:\\\/\\\/www.gold.fr\\\/news\\\/?s={search_term_string}\"},\"query-input\":{\"@type\":\"PropertyValueSpecification\",\"valueRequired\":true,\"valueName\":\"search_term_string\"}}],\"inLanguage\":\"fr-FR\"},{\"@type\":\"Person\",\"@id\":\"https:\\\/\\\/www.gold.fr\\\/news\\\/#\\\/schema\\\/person\\\/feb6458ffd7bceeeb4e228398c34fbe5\",\"name\":\"Anthony\",\"image\":{\"@type\":\"ImageObject\",\"inLanguage\":\"fr-FR\",\"@id\":\"https:\\\/\\\/secure.gravatar.com\\\/avatar\\\/19974f7c75da5f0b217374f3a37eb05031e41aaad4ceb3fe17ada2ab3daf6b95?s=96&d=mm&r=gbc5324aff3d366843e00df00c899c1a8\",\"url\":\"https:\\\/\\\/secure.gravatar.com\\\/avatar\\\/19974f7c75da5f0b217374f3a37eb05031e41aaad4ceb3fe17ada2ab3daf6b95?s=96&d=mm&r=g\",\"contentUrl\":\"https:\\\/\\\/secure.gravatar.com\\\/avatar\\\/19974f7c75da5f0b217374f3a37eb05031e41aaad4ceb3fe17ada2ab3daf6b95?s=96&d=mm&r=g\",\"caption\":\"Anthony\"},\"description\":\"Notre r\u00e9daction est constitu\u00e9e de membres experts dans les m\u00e9tiers de l'\u00e9conomie et la gestion, des Responsables d'agence Comptoir National de l'Or, des analystes financiers qui publient r\u00e9guli\u00e8rement des \u00e9tudes sur les politiques des banques centrales, le cours de l'or, le cours de l'argent, cours du platine, cours du palladium... la situation en zone euro et l'impact de la strat\u00e9gie mon\u00e9taire de la FED. Notre \u00e9quipe scrute \u00e9galement une information plus g\u00e9n\u00e9raliste \u00e0 la recherche d'actualit\u00e9 \\\"p\u00e9pite\\\" \u00e0 vous partager. Depuis 5 ans, nous avons publi\u00e9 un peu plus de 4000 articles qui s'adressent \u00e0 un public large et vari\u00e9 ayant pour objectif de satisfaire votre curiosit\u00e9 et de partager avec vous une certaine fascination pour le m\u00e9tal jaune, pour ceux qui veulent investir dans l'or, vendre leur or tout simplement en savoir plus...\",\"sameAs\":[\"https:\\\/\\\/www.gold.fr\\\/news\"]}]}<\/script>\n<!-- \/ Yoast SEO plugin. -->","yoast_head_json":{"title":"Le d\u00e9veloppement de la structure de l\u2019offre d\u2019Or R\u00e9partition dans le monde","description":"Alors que l\u2019or jouit d\u2019une relative \u00e9quit\u00e9 de la demande entre l\u2019Est et l\u2019Ouest son offre t\u00e9moigne d'une r\u00e9elle dispersion dans le monde","robots":{"index":"index","follow":"follow","max-snippet":"max-snippet:-1","max-image-preview":"max-image-preview:large","max-video-preview":"max-video-preview:-1"},"canonical":"https:\/\/www.gold.fr\/news\/2012\/07\/24\/le-developpement-de-la-structure-de-loffre-dor\/","og_locale":"fr_FR","og_type":"article","og_title":"Le d\u00e9veloppement de la structure de l\u2019offre d\u2019Or R\u00e9partition dans le monde","og_description":"Alors que l\u2019or jouit d\u2019une relative \u00e9quit\u00e9 de la demande entre l\u2019Est et l\u2019Ouest son offre t\u00e9moigne d'une r\u00e9elle dispersion dans le monde","og_url":"https:\/\/www.gold.fr\/news\/2012\/07\/24\/le-developpement-de-la-structure-de-loffre-dor\/","og_site_name":"Gold.fr","article_publisher":"https:\/\/www.facebook.com\/Goldfr\/","article_published_time":"2012-07-24T08:30:25+00:00","article_modified_time":"2020-07-15T15:53:55+00:00","og_image":[{"width":300,"height":203,"url":"https:\/\/www.gold.fr\/news\/wp-content\/uploads\/2012\/07\/or-monde-e1478814840845.jpg","type":"image\/jpeg"}],"author":"Anthony","twitter_card":"summary_large_image","twitter_misc":{"\u00c9crit par":"Anthony","Dur\u00e9e de lecture estim\u00e9e":"5 minutes"},"schema":{"@context":"https:\/\/schema.org","@graph":[{"@type":"Article","@id":"https:\/\/www.gold.fr\/news\/2012\/07\/24\/le-developpement-de-la-structure-de-loffre-dor\/#article","isPartOf":{"@id":"https:\/\/www.gold.fr\/news\/2012\/07\/24\/le-developpement-de-la-structure-de-loffre-dor\/"},"author":{"name":"Anthony","@id":"https:\/\/www.gold.fr\/news\/#\/schema\/person\/feb6458ffd7bceeeb4e228398c34fbe5"},"headline":"Le d\u00e9veloppement de la structure de l&rsquo;offre d&rsquo;Or","datePublished":"2012-07-24T08:30:25+00:00","dateModified":"2020-07-15T15:53:55+00:00","mainEntityOfPage":{"@id":"https:\/\/www.gold.fr\/news\/2012\/07\/24\/le-developpement-de-la-structure-de-loffre-dor\/"},"wordCount":981,"image":{"@id":"https:\/\/www.gold.fr\/news\/2012\/07\/24\/le-developpement-de-la-structure-de-loffre-dor\/#primaryimage"},"thumbnailUrl":"https:\/\/www.gold.fr\/news\/wp-content\/uploads\/2012\/07\/or-monde-e1478814840845.jpg","keywords":["Achat d'Or","Achat or","mine d'or","offre or","Vente d'Or","Vente or"],"articleSection":["Analyses Economiques"],"inLanguage":"fr-FR"},{"@type":"WebPage","@id":"https:\/\/www.gold.fr\/news\/2012\/07\/24\/le-developpement-de-la-structure-de-loffre-dor\/","url":"https:\/\/www.gold.fr\/news\/2012\/07\/24\/le-developpement-de-la-structure-de-loffre-dor\/","name":"Le d\u00e9veloppement de la structure de l\u2019offre d\u2019Or R\u00e9partition dans le monde","isPartOf":{"@id":"https:\/\/www.gold.fr\/news\/#website"},"primaryImageOfPage":{"@id":"https:\/\/www.gold.fr\/news\/2012\/07\/24\/le-developpement-de-la-structure-de-loffre-dor\/#primaryimage"},"image":{"@id":"https:\/\/www.gold.fr\/news\/2012\/07\/24\/le-developpement-de-la-structure-de-loffre-dor\/#primaryimage"},"thumbnailUrl":"https:\/\/www.gold.fr\/news\/wp-content\/uploads\/2012\/07\/or-monde-e1478814840845.jpg","datePublished":"2012-07-24T08:30:25+00:00","dateModified":"2020-07-15T15:53:55+00:00","author":{"@id":"https:\/\/www.gold.fr\/news\/#\/schema\/person\/feb6458ffd7bceeeb4e228398c34fbe5"},"description":"Alors que l\u2019or jouit d\u2019une relative \u00e9quit\u00e9 de la demande entre l\u2019Est et l\u2019Ouest son offre t\u00e9moigne d'une r\u00e9elle dispersion dans le monde","breadcrumb":{"@id":"https:\/\/www.gold.fr\/news\/2012\/07\/24\/le-developpement-de-la-structure-de-loffre-dor\/#breadcrumb"},"inLanguage":"fr-FR","potentialAction":[{"@type":"ReadAction","target":["https:\/\/www.gold.fr\/news\/2012\/07\/24\/le-developpement-de-la-structure-de-loffre-dor\/"]}]},{"@type":"ImageObject","inLanguage":"fr-FR","@id":"https:\/\/www.gold.fr\/news\/2012\/07\/24\/le-developpement-de-la-structure-de-loffre-dor\/#primaryimage","url":"https:\/\/www.gold.fr\/news\/wp-content\/uploads\/2012\/07\/or-monde-e1478814840845.jpg","contentUrl":"https:\/\/www.gold.fr\/news\/wp-content\/uploads\/2012\/07\/or-monde-e1478814840845.jpg","width":300,"height":203,"caption":"F\u00e9ri\u00e9s des deux c\u00f4t\u00e9s de l\u2019Atlantique"},{"@type":"BreadcrumbList","@id":"https:\/\/www.gold.fr\/news\/2012\/07\/24\/le-developpement-de-la-structure-de-loffre-dor\/#breadcrumb","itemListElement":[{"@type":"ListItem","position":1,"name":"Accueil","item":"https:\/\/www.gold.fr\/"},{"@type":"ListItem","position":2,"name":"Actualit\u00e9s","item":"https:\/\/www.gold.fr\/news\/"},{"@type":"ListItem","position":3,"name":"Le d\u00e9veloppement de la structure de l&rsquo;offre d&rsquo;Or"}]},{"@type":"WebSite","@id":"https:\/\/www.gold.fr\/news\/#website","url":"https:\/\/www.gold.fr\/news\/","name":"Gold.fr","description":"Actualit\u00e9s de l&#039;Or et des m\u00e9taux pr\u00e9cieux","potentialAction":[{"@type":"SearchAction","target":{"@type":"EntryPoint","urlTemplate":"https:\/\/www.gold.fr\/news\/?s={search_term_string}"},"query-input":{"@type":"PropertyValueSpecification","valueRequired":true,"valueName":"search_term_string"}}],"inLanguage":"fr-FR"},{"@type":"Person","@id":"https:\/\/www.gold.fr\/news\/#\/schema\/person\/feb6458ffd7bceeeb4e228398c34fbe5","name":"Anthony","image":{"@type":"ImageObject","inLanguage":"fr-FR","@id":"https:\/\/secure.gravatar.com\/avatar\/19974f7c75da5f0b217374f3a37eb05031e41aaad4ceb3fe17ada2ab3daf6b95?s=96&d=mm&r=gbc5324aff3d366843e00df00c899c1a8","url":"https:\/\/secure.gravatar.com\/avatar\/19974f7c75da5f0b217374f3a37eb05031e41aaad4ceb3fe17ada2ab3daf6b95?s=96&d=mm&r=g","contentUrl":"https:\/\/secure.gravatar.com\/avatar\/19974f7c75da5f0b217374f3a37eb05031e41aaad4ceb3fe17ada2ab3daf6b95?s=96&d=mm&r=g","caption":"Anthony"},"description":"Notre r\u00e9daction est constitu\u00e9e de membres experts dans les m\u00e9tiers de l'\u00e9conomie et la gestion, des Responsables d'agence Comptoir National de l'Or, des analystes financiers qui publient r\u00e9guli\u00e8rement des \u00e9tudes sur les politiques des banques centrales, le cours de l'or, le cours de l'argent, cours du platine, cours du palladium... la situation en zone euro et l'impact de la strat\u00e9gie mon\u00e9taire de la FED. Notre \u00e9quipe scrute \u00e9galement une information plus g\u00e9n\u00e9raliste \u00e0 la recherche d'actualit\u00e9 \"p\u00e9pite\" \u00e0 vous partager. Depuis 5 ans, nous avons publi\u00e9 un peu plus de 4000 articles qui s'adressent \u00e0 un public large et vari\u00e9 ayant pour objectif de satisfaire votre curiosit\u00e9 et de partager avec vous une certaine fascination pour le m\u00e9tal jaune, pour ceux qui veulent investir dans l'or, vendre leur or tout simplement en savoir plus...","sameAs":["https:\/\/www.gold.fr\/news"]}]}},"authors":[{"term_id":2562,"user_id":11,"is_guest":0,"slug":"anthony","display_name":"Anthony","avatar_url":"https:\/\/secure.gravatar.com\/avatar\/19974f7c75da5f0b217374f3a37eb05031e41aaad4ceb3fe17ada2ab3daf6b95?s=96&d=mm&r=g","0":null,"1":"","2":"","3":"","4":"","5":"","6":"","7":"","8":""}],"_links":{"self":[{"href":"https:\/\/www.gold.fr\/news\/wp-json\/wp\/v2\/posts\/8583","targetHints":{"allow":["GET"]}}],"collection":[{"href":"https:\/\/www.gold.fr\/news\/wp-json\/wp\/v2\/posts"}],"about":[{"href":"https:\/\/www.gold.fr\/news\/wp-json\/wp\/v2\/types\/post"}],"author":[{"embeddable":true,"href":"https:\/\/www.gold.fr\/news\/wp-json\/wp\/v2\/users\/11"}],"replies":[{"embeddable":true,"href":"https:\/\/www.gold.fr\/news\/wp-json\/wp\/v2\/comments?post=8583"}],"version-history":[{"count":0,"href":"https:\/\/www.gold.fr\/news\/wp-json\/wp\/v2\/posts\/8583\/revisions"}],"wp:featuredmedia":[{"embeddable":true,"href":"https:\/\/www.gold.fr\/news\/wp-json\/wp\/v2\/media\/8585"}],"wp:attachment":[{"href":"https:\/\/www.gold.fr\/news\/wp-json\/wp\/v2\/media?parent=8583"}],"wp:term":[{"taxonomy":"category","embeddable":true,"href":"https:\/\/www.gold.fr\/news\/wp-json\/wp\/v2\/categories?post=8583"},{"taxonomy":"post_tag","embeddable":true,"href":"https:\/\/www.gold.fr\/news\/wp-json\/wp\/v2\/tags?post=8583"},{"taxonomy":"author","embeddable":true,"href":"https:\/\/www.gold.fr\/news\/wp-json\/wp\/v2\/ppma_author?post=8583"}],"curies":[{"name":"wp","href":"https:\/\/api.w.org\/{rel}","templated":true}]}}