{"id":8421,"date":"2012-07-09T17:00:43","date_gmt":"2012-07-09T15:00:43","guid":{"rendered":"https:\/\/www.gold.fr\/news\/?p=8421"},"modified":"2017-11-02T11:35:40","modified_gmt":"2017-11-02T10:35:40","slug":"previsions-pour-lor-au-2eme-semestre-2012","status":"publish","type":"post","link":"https:\/\/www.gold.fr\/news\/2012\/07\/09\/previsions-pour-lor-au-2eme-semestre-2012\/","title":{"rendered":"Pr\u00e9visions pour l&rsquo;Or au 2\u00e8me semestre 2012"},"content":{"rendered":"<p><span style=\"font-size: small;\"><img loading=\"lazy\" decoding=\"async\" class=\"alignleft size-thumbnail wp-image-2870\" title=\"Pr\u00e9visions pour l'Or\" src=\"https:\/\/www.gold.fr\/news\/wp-content\/uploads\/2011\/10\/Or-diagramme1-150x150.jpg\" alt=\"\" width=\"150\" height=\"150\" \/>Apr\u00e8s un premier semestre 2012 qui a laiss\u00e9 les investisseurs perplexes, il est temps de se poser des questions sur le second trimestre et de faire des pr\u00e9visions sur l&rsquo;<a href='https:\/\/www.gold.fr\/news\/tags\/or' class='esk-seo-plu-link'>or<\/a>.<\/span>    <span style=\"font-size: small;\">Au bilan, on a pu assister \u00e0 une baisse de la consommation mondiale ce qui s&rsquo;est traduit par une croissance de la valeur du Dollar, la faiblesse de l&rsquo;Euro et la correction de l&rsquo;<a href='https:\/\/www.gold.fr\/news\/tags\/or' class='esk-seo-plu-link'>Or<\/a>.<\/span>    <span style=\"font-size: small;\">Le doute s&rsquo;est donc install\u00e9 chez les investisseurs en <a href='https:\/\/www.gold.fr\/news\/tags\/or' class='esk-seo-plu-link'>or<\/a>, qui sont convaincus, d\u00e9sormais, que la tendance va s&rsquo;inverser sur les m\u00e9taux pr\u00e9cieux.<\/span>    <span style=\"font-size: small;\">Pour le second semestre, il faut s&rsquo;attendre \u00e0 ce que la banque centrale US maintienne un seuil de s\u00e9curit\u00e9 sur le Dollar et lesT-Bonds sans lesquels la supr\u00e9matie mon\u00e9taire globale n&rsquo;est plus maintenue. On devrait aussi assister \u00e0 la correction de l&rsquo;<a href='https:\/\/www.gold.fr\/news\/tags\/or' class='esk-seo-plu-link'>Or<\/a> qui touchera essentiellement le <a href='https:\/\/www.gold.fr\/news\/tags\/cours-de-lor' class='esk-seo-plu-link'>cours de l&rsquo;Or<\/a> en dollar. Cette phase corrective devrait s&rsquo;\u00e9taler sur tout l&rsquo;\u00e9t\u00e9.<\/span>    <span style=\"font-size: small;\">Sans oublier que le 2\u00e8me semestre devrait \u00eatre marqu\u00e9 par la hausse de la demande d&rsquo;<a href='https:\/\/www.gold.fr\/news\/tags\/or' class='esk-seo-plu-link'>Or<\/a> physique, une hausse qui se d\u00e9clenchera d\u00e8s que <a href=\"https:\/\/www.gold.fr\/cours-prix-de-l-or\/\">les cours<\/a> atteindront <strong>les 1450-1550 dollars<\/strong>. <\/span>    <span style=\"font-size: small;\">Et que penser du rapport entre l&rsquo;<a href='https:\/\/www.gold.fr\/news\/tags\/or' class='esk-seo-plu-link'>or<\/a> et les banques centrales ? La place r\u00e9serv\u00e9e \u00e0 l&rsquo;<a href='https:\/\/www.gold.fr\/news\/tags\/or' class='esk-seo-plu-link'>or<\/a> s&rsquo;am\u00e9liore, mais il y a encore de nombreux freins. Cette tendance risque d&rsquo;augmenter si l&rsquo;instabilit\u00e9 \u00e9conomique continue.<\/span><\/p>\n<!-- AddThis Advanced Settings generic via filter on the_content --><!-- AddThis Share Buttons generic via filter on the_content -->","protected":false},"excerpt":{"rendered":"<p>Apr\u00e8s un premier semestre 2012 qui a laiss\u00e9 les investisseurs perplexes, il est temps de se poser des questions sur le second trimestre et de faire des pr\u00e9visions sur l&rsquo;or. Au bilan, on a pu assister [&hellip;]<\/p>\n","protected":false},"author":18,"featured_media":2870,"comment_status":"open","ping_status":"open","sticky":false,"template":"","format":"standard","meta":{"_mbp_gutenberg_autopost":false,"_pgmb_is_evergreen":false,"_pgmb_ap_template_id":0,"footnotes":""},"categories":[4],"tags":[653,76,652],"ppma_author":[2565],"class_list":["post-8421","post","type-post","status-publish","format-standard","has-post-thumbnail","hentry","category-analyses-economiques","tag-2eme-semestre-2012","tag-or","tag-prevision-or"],"yoast_head":"<!-- This site is optimized with the Yoast SEO plugin v27.5 - https:\/\/yoast.com\/product\/yoast-seo-wordpress\/ -->\n<title>Pr\u00e9visions pour l&#039;Or au 2\u00e8me semestre 2012 - Gold.fr<\/title>\n<meta name=\"robots\" content=\"index, follow, max-snippet:-1, max-image-preview:large, max-video-preview:-1\" \/>\n<link rel=\"canonical\" href=\"https:\/\/www.gold.fr\/news\/2012\/07\/09\/previsions-pour-lor-au-2eme-semestre-2012\/\" \/>\n<meta property=\"og:locale\" content=\"fr_FR\" \/>\n<meta property=\"og:type\" content=\"article\" \/>\n<meta property=\"og:title\" content=\"Pr\u00e9visions pour l&#039;Or au 2\u00e8me semestre 2012 - Gold.fr\" \/>\n<meta property=\"og:description\" content=\"Apr\u00e8s un premier semestre 2012 qui a laiss\u00e9 les investisseurs perplexes, il est temps de se poser des questions sur le second trimestre et de faire des pr\u00e9visions sur l&rsquo;or. Au bilan, on a pu assister [&hellip;]\" \/>\n<meta property=\"og:url\" content=\"https:\/\/www.gold.fr\/news\/2012\/07\/09\/previsions-pour-lor-au-2eme-semestre-2012\/\" \/>\n<meta property=\"og:site_name\" content=\"Gold.fr\" \/>\n<meta property=\"article:publisher\" content=\"https:\/\/www.facebook.com\/Goldfr\/\" \/>\n<meta property=\"article:published_time\" content=\"2012-07-09T15:00:43+00:00\" \/>\n<meta property=\"article:modified_time\" content=\"2017-11-02T10:35:40+00:00\" \/>\n<meta property=\"og:image\" content=\"https:\/\/www.gold.fr\/news\/wp-content\/uploads\/2011\/10\/Or-diagramme1.jpg\" \/>\n\t<meta property=\"og:image:width\" content=\"615\" \/>\n\t<meta property=\"og:image:height\" content=\"352\" \/>\n\t<meta property=\"og:image:type\" content=\"image\/jpeg\" \/>\n<meta name=\"author\" content=\"Comptoir National de l&#039;Or\" \/>\n<meta name=\"twitter:card\" content=\"summary_large_image\" \/>\n<meta name=\"twitter:label1\" content=\"\u00c9crit par\" \/>\n\t<meta name=\"twitter:data1\" content=\"Comptoir National de l&#039;Or\" \/>\n\t<meta name=\"twitter:label2\" content=\"Dur\u00e9e de lecture estim\u00e9e\" \/>\n\t<meta name=\"twitter:data2\" content=\"1 minute\" \/>\n<script type=\"application\/ld+json\" class=\"yoast-schema-graph\">{\"@context\":\"https:\\\/\\\/schema.org\",\"@graph\":[{\"@type\":\"Article\",\"@id\":\"https:\\\/\\\/www.gold.fr\\\/news\\\/2012\\\/07\\\/09\\\/previsions-pour-lor-au-2eme-semestre-2012\\\/#article\",\"isPartOf\":{\"@id\":\"https:\\\/\\\/www.gold.fr\\\/news\\\/2012\\\/07\\\/09\\\/previsions-pour-lor-au-2eme-semestre-2012\\\/\"},\"author\":{\"name\":\"Comptoir National de l'Or\",\"@id\":\"https:\\\/\\\/www.gold.fr\\\/news\\\/#\\\/schema\\\/person\\\/070491b4b4fb7671bf59b3be20302ce9\"},\"headline\":\"Pr\u00e9visions pour l&rsquo;Or au 2\u00e8me semestre 2012\",\"datePublished\":\"2012-07-09T15:00:43+00:00\",\"dateModified\":\"2017-11-02T10:35:40+00:00\",\"mainEntityOfPage\":{\"@id\":\"https:\\\/\\\/www.gold.fr\\\/news\\\/2012\\\/07\\\/09\\\/previsions-pour-lor-au-2eme-semestre-2012\\\/\"},\"wordCount\":243,\"commentCount\":0,\"image\":{\"@id\":\"https:\\\/\\\/www.gold.fr\\\/news\\\/2012\\\/07\\\/09\\\/previsions-pour-lor-au-2eme-semestre-2012\\\/#primaryimage\"},\"thumbnailUrl\":\"https:\\\/\\\/www.gold.fr\\\/news\\\/wp-content\\\/uploads\\\/2011\\\/10\\\/Or-diagramme1.jpg\",\"keywords\":[\"2\u00e8me Semestre 2012\",\"Or\",\"Pr\u00e9vision or\"],\"articleSection\":[\"Analyses Economiques\"],\"inLanguage\":\"fr-FR\"},{\"@type\":\"WebPage\",\"@id\":\"https:\\\/\\\/www.gold.fr\\\/news\\\/2012\\\/07\\\/09\\\/previsions-pour-lor-au-2eme-semestre-2012\\\/\",\"url\":\"https:\\\/\\\/www.gold.fr\\\/news\\\/2012\\\/07\\\/09\\\/previsions-pour-lor-au-2eme-semestre-2012\\\/\",\"name\":\"Pr\u00e9visions pour l'Or au 2\u00e8me semestre 2012 - Gold.fr\",\"isPartOf\":{\"@id\":\"https:\\\/\\\/www.gold.fr\\\/news\\\/#website\"},\"primaryImageOfPage\":{\"@id\":\"https:\\\/\\\/www.gold.fr\\\/news\\\/2012\\\/07\\\/09\\\/previsions-pour-lor-au-2eme-semestre-2012\\\/#primaryimage\"},\"image\":{\"@id\":\"https:\\\/\\\/www.gold.fr\\\/news\\\/2012\\\/07\\\/09\\\/previsions-pour-lor-au-2eme-semestre-2012\\\/#primaryimage\"},\"thumbnailUrl\":\"https:\\\/\\\/www.gold.fr\\\/news\\\/wp-content\\\/uploads\\\/2011\\\/10\\\/Or-diagramme1.jpg\",\"datePublished\":\"2012-07-09T15:00:43+00:00\",\"dateModified\":\"2017-11-02T10:35:40+00:00\",\"author\":{\"@id\":\"https:\\\/\\\/www.gold.fr\\\/news\\\/#\\\/schema\\\/person\\\/070491b4b4fb7671bf59b3be20302ce9\"},\"breadcrumb\":{\"@id\":\"https:\\\/\\\/www.gold.fr\\\/news\\\/2012\\\/07\\\/09\\\/previsions-pour-lor-au-2eme-semestre-2012\\\/#breadcrumb\"},\"inLanguage\":\"fr-FR\",\"potentialAction\":[{\"@type\":\"ReadAction\",\"target\":[\"https:\\\/\\\/www.gold.fr\\\/news\\\/2012\\\/07\\\/09\\\/previsions-pour-lor-au-2eme-semestre-2012\\\/\"]}]},{\"@type\":\"ImageObject\",\"inLanguage\":\"fr-FR\",\"@id\":\"https:\\\/\\\/www.gold.fr\\\/news\\\/2012\\\/07\\\/09\\\/previsions-pour-lor-au-2eme-semestre-2012\\\/#primaryimage\",\"url\":\"https:\\\/\\\/www.gold.fr\\\/news\\\/wp-content\\\/uploads\\\/2011\\\/10\\\/Or-diagramme1.jpg\",\"contentUrl\":\"https:\\\/\\\/www.gold.fr\\\/news\\\/wp-content\\\/uploads\\\/2011\\\/10\\\/Or-diagramme1.jpg\",\"width\":\"615\",\"height\":\"352\",\"caption\":\"March\u00e9s : Yellen monopolise l\u2019attention\"},{\"@type\":\"BreadcrumbList\",\"@id\":\"https:\\\/\\\/www.gold.fr\\\/news\\\/2012\\\/07\\\/09\\\/previsions-pour-lor-au-2eme-semestre-2012\\\/#breadcrumb\",\"itemListElement\":[{\"@type\":\"ListItem\",\"position\":1,\"name\":\"Accueil\",\"item\":\"https:\\\/\\\/www.gold.fr\\\/\"},{\"@type\":\"ListItem\",\"position\":2,\"name\":\"Actualit\u00e9s\",\"item\":\"https:\\\/\\\/www.gold.fr\\\/news\\\/\"},{\"@type\":\"ListItem\",\"position\":3,\"name\":\"Pr\u00e9visions pour l&rsquo;Or au 2\u00e8me semestre 2012\"}]},{\"@type\":\"WebSite\",\"@id\":\"https:\\\/\\\/www.gold.fr\\\/news\\\/#website\",\"url\":\"https:\\\/\\\/www.gold.fr\\\/news\\\/\",\"name\":\"Gold.fr\",\"description\":\"Actualit\u00e9s de l&#039;Or et des m\u00e9taux pr\u00e9cieux\",\"potentialAction\":[{\"@type\":\"SearchAction\",\"target\":{\"@type\":\"EntryPoint\",\"urlTemplate\":\"https:\\\/\\\/www.gold.fr\\\/news\\\/?s={search_term_string}\"},\"query-input\":{\"@type\":\"PropertyValueSpecification\",\"valueRequired\":true,\"valueName\":\"search_term_string\"}}],\"inLanguage\":\"fr-FR\"},{\"@type\":\"Person\",\"@id\":\"https:\\\/\\\/www.gold.fr\\\/news\\\/#\\\/schema\\\/person\\\/070491b4b4fb7671bf59b3be20302ce9\",\"name\":\"Comptoir National de l'Or\",\"image\":{\"@type\":\"ImageObject\",\"inLanguage\":\"fr-FR\",\"@id\":\"https:\\\/\\\/secure.gravatar.com\\\/avatar\\\/0a2867fd5abe37bed95d5a65e9d58f01756e11efc68af9888dfc50cfa7f65948?s=96&d=mm&r=gb490554db0a38188709de567aa58480d\",\"url\":\"https:\\\/\\\/secure.gravatar.com\\\/avatar\\\/0a2867fd5abe37bed95d5a65e9d58f01756e11efc68af9888dfc50cfa7f65948?s=96&d=mm&r=g\",\"contentUrl\":\"https:\\\/\\\/secure.gravatar.com\\\/avatar\\\/0a2867fd5abe37bed95d5a65e9d58f01756e11efc68af9888dfc50cfa7f65948?s=96&d=mm&r=g\",\"caption\":\"Comptoir National de l'Or\"},\"description\":\"Notre r\u00e9daction est constitu\u00e9e de membres experts dans les m\u00e9tiers de l'\u00e9conomie et la gestion, des Responsables d'agence Comptoir National de l'Or, des analystes financiers qui publient r\u00e9guli\u00e8rement des \u00e9tudes sur les politiques des banques centrales, le cours de l'or, prix de l'or, cours de l'argent, prix de l'argent, cours du platine, cours du palladium,... la situation en zone euro et l'impact de la strat\u00e9gie mon\u00e9taire de la FED. Notre \u00e9quipe scrute \u00e9galement une information plus g\u00e9n\u00e9raliste \u00e0 la recherche d'actualit\u00e9 \\\"p\u00e9pite\\\" \u00e0 vous partager. Depuis 5 ans, nous avons publi\u00e9 un peu plus de 4000 articles qui s'adressent \u00e0 un public large et vari\u00e9 ayant pour objectif de satisfaire votre curiosit\u00e9 et de partager avec vous une certaine fascination pour le m\u00e9tal jaune, le rachat d'or, et pour ceux qui veulent investir dans l'or, vendre leur or tout simplement en savoir plus... Pour tous vos achat or et argent, n'h\u00e9sitez pas \u00e0 prendre rendez-vous dans l'un de nos nombreux comptoirs.\",\"sameAs\":[\"https:\\\/\\\/www.gold.fr\"]}]}<\/script>\n<!-- \/ Yoast SEO plugin. -->","yoast_head_json":{"title":"Pr\u00e9visions pour l'Or au 2\u00e8me semestre 2012 - Gold.fr","robots":{"index":"index","follow":"follow","max-snippet":"max-snippet:-1","max-image-preview":"max-image-preview:large","max-video-preview":"max-video-preview:-1"},"canonical":"https:\/\/www.gold.fr\/news\/2012\/07\/09\/previsions-pour-lor-au-2eme-semestre-2012\/","og_locale":"fr_FR","og_type":"article","og_title":"Pr\u00e9visions pour l'Or au 2\u00e8me semestre 2012 - Gold.fr","og_description":"Apr\u00e8s un premier semestre 2012 qui a laiss\u00e9 les investisseurs perplexes, il est temps de se poser des questions sur le second trimestre et de faire des pr\u00e9visions sur l&rsquo;or. Au bilan, on a pu assister [&hellip;]","og_url":"https:\/\/www.gold.fr\/news\/2012\/07\/09\/previsions-pour-lor-au-2eme-semestre-2012\/","og_site_name":"Gold.fr","article_publisher":"https:\/\/www.facebook.com\/Goldfr\/","article_published_time":"2012-07-09T15:00:43+00:00","article_modified_time":"2017-11-02T10:35:40+00:00","og_image":[{"width":615,"height":352,"url":"https:\/\/www.gold.fr\/news\/wp-content\/uploads\/2011\/10\/Or-diagramme1.jpg","type":"image\/jpeg"}],"author":"Comptoir National de l'Or","twitter_card":"summary_large_image","twitter_misc":{"\u00c9crit par":"Comptoir National de l'Or","Dur\u00e9e de lecture estim\u00e9e":"1 minute"},"schema":{"@context":"https:\/\/schema.org","@graph":[{"@type":"Article","@id":"https:\/\/www.gold.fr\/news\/2012\/07\/09\/previsions-pour-lor-au-2eme-semestre-2012\/#article","isPartOf":{"@id":"https:\/\/www.gold.fr\/news\/2012\/07\/09\/previsions-pour-lor-au-2eme-semestre-2012\/"},"author":{"name":"Comptoir National de l'Or","@id":"https:\/\/www.gold.fr\/news\/#\/schema\/person\/070491b4b4fb7671bf59b3be20302ce9"},"headline":"Pr\u00e9visions pour l&rsquo;Or au 2\u00e8me semestre 2012","datePublished":"2012-07-09T15:00:43+00:00","dateModified":"2017-11-02T10:35:40+00:00","mainEntityOfPage":{"@id":"https:\/\/www.gold.fr\/news\/2012\/07\/09\/previsions-pour-lor-au-2eme-semestre-2012\/"},"wordCount":243,"commentCount":0,"image":{"@id":"https:\/\/www.gold.fr\/news\/2012\/07\/09\/previsions-pour-lor-au-2eme-semestre-2012\/#primaryimage"},"thumbnailUrl":"https:\/\/www.gold.fr\/news\/wp-content\/uploads\/2011\/10\/Or-diagramme1.jpg","keywords":["2\u00e8me Semestre 2012","Or","Pr\u00e9vision or"],"articleSection":["Analyses Economiques"],"inLanguage":"fr-FR"},{"@type":"WebPage","@id":"https:\/\/www.gold.fr\/news\/2012\/07\/09\/previsions-pour-lor-au-2eme-semestre-2012\/","url":"https:\/\/www.gold.fr\/news\/2012\/07\/09\/previsions-pour-lor-au-2eme-semestre-2012\/","name":"Pr\u00e9visions pour l'Or au 2\u00e8me semestre 2012 - Gold.fr","isPartOf":{"@id":"https:\/\/www.gold.fr\/news\/#website"},"primaryImageOfPage":{"@id":"https:\/\/www.gold.fr\/news\/2012\/07\/09\/previsions-pour-lor-au-2eme-semestre-2012\/#primaryimage"},"image":{"@id":"https:\/\/www.gold.fr\/news\/2012\/07\/09\/previsions-pour-lor-au-2eme-semestre-2012\/#primaryimage"},"thumbnailUrl":"https:\/\/www.gold.fr\/news\/wp-content\/uploads\/2011\/10\/Or-diagramme1.jpg","datePublished":"2012-07-09T15:00:43+00:00","dateModified":"2017-11-02T10:35:40+00:00","author":{"@id":"https:\/\/www.gold.fr\/news\/#\/schema\/person\/070491b4b4fb7671bf59b3be20302ce9"},"breadcrumb":{"@id":"https:\/\/www.gold.fr\/news\/2012\/07\/09\/previsions-pour-lor-au-2eme-semestre-2012\/#breadcrumb"},"inLanguage":"fr-FR","potentialAction":[{"@type":"ReadAction","target":["https:\/\/www.gold.fr\/news\/2012\/07\/09\/previsions-pour-lor-au-2eme-semestre-2012\/"]}]},{"@type":"ImageObject","inLanguage":"fr-FR","@id":"https:\/\/www.gold.fr\/news\/2012\/07\/09\/previsions-pour-lor-au-2eme-semestre-2012\/#primaryimage","url":"https:\/\/www.gold.fr\/news\/wp-content\/uploads\/2011\/10\/Or-diagramme1.jpg","contentUrl":"https:\/\/www.gold.fr\/news\/wp-content\/uploads\/2011\/10\/Or-diagramme1.jpg","width":"615","height":"352","caption":"March\u00e9s : Yellen monopolise l\u2019attention"},{"@type":"BreadcrumbList","@id":"https:\/\/www.gold.fr\/news\/2012\/07\/09\/previsions-pour-lor-au-2eme-semestre-2012\/#breadcrumb","itemListElement":[{"@type":"ListItem","position":1,"name":"Accueil","item":"https:\/\/www.gold.fr\/"},{"@type":"ListItem","position":2,"name":"Actualit\u00e9s","item":"https:\/\/www.gold.fr\/news\/"},{"@type":"ListItem","position":3,"name":"Pr\u00e9visions pour l&rsquo;Or au 2\u00e8me semestre 2012"}]},{"@type":"WebSite","@id":"https:\/\/www.gold.fr\/news\/#website","url":"https:\/\/www.gold.fr\/news\/","name":"Gold.fr","description":"Actualit\u00e9s de l&#039;Or et des m\u00e9taux pr\u00e9cieux","potentialAction":[{"@type":"SearchAction","target":{"@type":"EntryPoint","urlTemplate":"https:\/\/www.gold.fr\/news\/?s={search_term_string}"},"query-input":{"@type":"PropertyValueSpecification","valueRequired":true,"valueName":"search_term_string"}}],"inLanguage":"fr-FR"},{"@type":"Person","@id":"https:\/\/www.gold.fr\/news\/#\/schema\/person\/070491b4b4fb7671bf59b3be20302ce9","name":"Comptoir National de l'Or","image":{"@type":"ImageObject","inLanguage":"fr-FR","@id":"https:\/\/secure.gravatar.com\/avatar\/0a2867fd5abe37bed95d5a65e9d58f01756e11efc68af9888dfc50cfa7f65948?s=96&d=mm&r=gb490554db0a38188709de567aa58480d","url":"https:\/\/secure.gravatar.com\/avatar\/0a2867fd5abe37bed95d5a65e9d58f01756e11efc68af9888dfc50cfa7f65948?s=96&d=mm&r=g","contentUrl":"https:\/\/secure.gravatar.com\/avatar\/0a2867fd5abe37bed95d5a65e9d58f01756e11efc68af9888dfc50cfa7f65948?s=96&d=mm&r=g","caption":"Comptoir National de l'Or"},"description":"Notre r\u00e9daction est constitu\u00e9e de membres experts dans les m\u00e9tiers de l'\u00e9conomie et la gestion, des Responsables d'agence Comptoir National de l'Or, des analystes financiers qui publient r\u00e9guli\u00e8rement des \u00e9tudes sur les politiques des banques centrales, le cours de l'or, prix de l'or, cours de l'argent, prix de l'argent, cours du platine, cours du palladium,... la situation en zone euro et l'impact de la strat\u00e9gie mon\u00e9taire de la FED. Notre \u00e9quipe scrute \u00e9galement une information plus g\u00e9n\u00e9raliste \u00e0 la recherche d'actualit\u00e9 \"p\u00e9pite\" \u00e0 vous partager. Depuis 5 ans, nous avons publi\u00e9 un peu plus de 4000 articles qui s'adressent \u00e0 un public large et vari\u00e9 ayant pour objectif de satisfaire votre curiosit\u00e9 et de partager avec vous une certaine fascination pour le m\u00e9tal jaune, le rachat d'or, et pour ceux qui veulent investir dans l'or, vendre leur or tout simplement en savoir plus... Pour tous vos achat or et argent, n'h\u00e9sitez pas \u00e0 prendre rendez-vous dans l'un de nos nombreux comptoirs.","sameAs":["https:\/\/www.gold.fr"]}]}},"authors":[{"term_id":2565,"user_id":18,"is_guest":0,"slug":"julie","display_name":"Comptoir National de l'Or","avatar_url":"https:\/\/secure.gravatar.com\/avatar\/713f289e398d35ead876c4a4cc08607f0d6d266058cfc25683fffb6092d0e572?s=96&d=mm&r=g","0":null,"1":"","2":"","3":"","4":"","5":"","6":"","7":"","8":""}],"_links":{"self":[{"href":"https:\/\/www.gold.fr\/news\/wp-json\/wp\/v2\/posts\/8421","targetHints":{"allow":["GET"]}}],"collection":[{"href":"https:\/\/www.gold.fr\/news\/wp-json\/wp\/v2\/posts"}],"about":[{"href":"https:\/\/www.gold.fr\/news\/wp-json\/wp\/v2\/types\/post"}],"author":[{"embeddable":true,"href":"https:\/\/www.gold.fr\/news\/wp-json\/wp\/v2\/users\/18"}],"replies":[{"embeddable":true,"href":"https:\/\/www.gold.fr\/news\/wp-json\/wp\/v2\/comments?post=8421"}],"version-history":[{"count":0,"href":"https:\/\/www.gold.fr\/news\/wp-json\/wp\/v2\/posts\/8421\/revisions"}],"wp:featuredmedia":[{"embeddable":true,"href":"https:\/\/www.gold.fr\/news\/wp-json\/wp\/v2\/media\/2870"}],"wp:attachment":[{"href":"https:\/\/www.gold.fr\/news\/wp-json\/wp\/v2\/media?parent=8421"}],"wp:term":[{"taxonomy":"category","embeddable":true,"href":"https:\/\/www.gold.fr\/news\/wp-json\/wp\/v2\/categories?post=8421"},{"taxonomy":"post_tag","embeddable":true,"href":"https:\/\/www.gold.fr\/news\/wp-json\/wp\/v2\/tags?post=8421"},{"taxonomy":"author","embeddable":true,"href":"https:\/\/www.gold.fr\/news\/wp-json\/wp\/v2\/ppma_author?post=8421"}],"curies":[{"name":"wp","href":"https:\/\/api.w.org\/{rel}","templated":true}]}}