{"id":8312,"date":"2012-07-02T17:00:55","date_gmt":"2012-07-02T15:00:55","guid":{"rendered":"https:\/\/www.gold.fr\/news\/?p=8312"},"modified":"2019-08-02T10:49:57","modified_gmt":"2019-08-02T08:49:57","slug":"le-mythe-de-la-toison-dor","status":"publish","type":"post","link":"https:\/\/www.gold.fr\/news\/2012\/07\/02\/le-mythe-de-la-toison-dor\/","title":{"rendered":"Le mythe de la Toison d\u2019or"},"content":{"rendered":"<p><span style=\"font-size: small;\"><img loading=\"lazy\" decoding=\"async\" class=\"alignleft size-thumbnail wp-image-8314\" style=\"float: left; margin: 5px; border: 1px solid black;\" title=\"toison-d'or\" src=\"https:\/\/www.gold.fr\/news\/wp-content\/uploads\/2012\/07\/toison-dor-150x150.jpg\" alt=\"\" width=\"150\" height=\"150\" \/>L&rsquo;<a class=\"esk-seo-plu-link\" href=\"https:\/\/www.gold.fr\/news\/tags\/or\">Or<\/a> a toujours scintill\u00e9 de son \u00e9clat dans les contes et l\u00e9gendes. Parmi elles, l&rsquo;une des plus c\u00e9l\u00e8bres est surement la Toison d&rsquo;<a class=\"esk-seo-plu-link\" href=\"https:\/\/www.gold.fr\/news\/tags\/or\">Or<\/a>\u2026. Mais la toison \u00e9tait-elle en <a class=\"esk-seo-plu-link\" href=\"https:\/\/www.gold.fr\/news\/tags\/or\">Or<\/a> ?<\/span> <span style=\"font-size: small;\">La Toison d&rsquo;<a class=\"esk-seo-plu-link\" href=\"https:\/\/www.gold.fr\/news\/tags\/or\">Or<\/a> est au centre de l&rsquo;histoire de P\u00e9lias qui a vol\u00e9 le tr\u00f4ne de son demi-fr\u00e8re Aeson. Jason, fils d&rsquo;Aeson, va tenter de r\u00e9cup\u00e9rer le tr\u00f4ne mais<strong> il lui faudra s&rsquo;aider de la Toison d&rsquo;<a class=\"esk-seo-plu-link\" href=\"https:\/\/www.gold.fr\/news\/tags\/or\">Or<\/a> dont il part \u00e0 la conqu\u00eate<\/strong>.<\/span> <span style=\"font-size: small;\">Le c\u00e9l\u00e8bre Jason \u00e9tait un h\u00e9ros qui a v\u00e9cu, il y a de cela tr\u00e8s longtemps. Son oncle, le roi P\u00e9lias lui promit de lui rendre le tr\u00f4ne s&rsquo;il lui ram\u00e8nait la Toison d&rsquo; <a class=\"esk-seo-plu-link\" href=\"https:\/\/www.gold.fr\/news\/tags\/or\">Or<\/a>. En r\u00e9alit\u00e9, c&rsquo;\u00e9tait un pi\u00e8ge, pour se d\u00e9barrasser de son neveu. Le roi vivait dans la crainte de perdre son tr\u00f4ne depuis que l&rsquo;oracle lui avait annonc\u00e9 qu&rsquo;un homme viendrait le tuer.<\/span> <span style=\"font-size: small;\">Cette Toison d&rsquo;<a class=\"esk-seo-plu-link\" href=\"https:\/\/www.gold.fr\/news\/tags\/or\">Or<\/a> est en r\u00e9alit\u00e9 une peau de B\u00e9lier qui n&rsquo;est autre que la toison de Chrysomallos, b\u00e9lier ail\u00e9 sur lequel Phrixos et Hell\u00e9 s&rsquo;enfuirent pour \u00e9chapper \u00e0 leur belle-m\u00e8re, Ino. Alors quel rapport avec l&rsquo;<a class=\"esk-seo-plu-link\" href=\"https:\/\/www.gold.fr\/news\/tags\/or\">Or<\/a> ? Aucun si ce n&rsquo;est qu&rsquo;en G\u00e9orgie depuis des si\u00e8cles, la population vivant dans les montagnes utilise <a title=\"L'activit\u00e9 d'Orpaillage\" href=\"https:\/\/www.gold.fr\/news\/2012\/06\/18\/lactivite-dorpaillage\/8109\/\" target=\"_blank\" rel=\"noopener noreferrer\">une vieille technique d&rsquo;orpaillage<\/a> qui consiste \u00e0 utiliser les peaux de moutons que l&rsquo;on fait tremper dans la rivi\u00e8re pour r\u00e9colter l&rsquo;<a class=\"esk-seo-plu-link\" href=\"https:\/\/www.gold.fr\/news\/tags\/or\">or<\/a> \u2026 peut \u00eatre pourrions nous \u00e9tablir le lien ainsi !<\/span><\/p>\n<!-- AddThis Advanced Settings generic via filter on the_content --><!-- AddThis Share Buttons generic via filter on the_content -->","protected":false},"excerpt":{"rendered":"<p>L&rsquo;Or a toujours scintill\u00e9 de son \u00e9clat dans les contes et l\u00e9gendes. Parmi elles, l&rsquo;une des plus c\u00e9l\u00e8bres est surement la Toison d&rsquo;Or\u2026. Mais la toison \u00e9tait-elle en Or ? La Toison d&rsquo;Or est au centre [&hellip;]<\/p>\n","protected":false},"author":43,"featured_media":8314,"comment_status":"open","ping_status":"open","sticky":false,"template":"","format":"standard","meta":{"_mbp_gutenberg_autopost":false,"_pgmb_is_evergreen":false,"_pgmb_ap_template_id":0,"footnotes":""},"categories":[6],"tags":[628,596,627,626],"ppma_author":[2562],"class_list":["post-8312","post","type-post","status-publish","format-standard","has-post-thumbnail","hentry","category-articles-de-presse","tag-mythe-toison-or","tag-orpaillage","tag-toison-dor","tag-toison-or"],"yoast_head":"<!-- This site is optimized with the Yoast SEO plugin v27.5 - https:\/\/yoast.com\/product\/yoast-seo-wordpress\/ -->\n<title>Le mythe de la Toison d\u2019or - Gold.fr<\/title>\n<meta name=\"description\" content=\"D\u00e9couvrez le mythe de la Toison d&#039;or sur Gold.fr et suivez le cours de l&#039;or, de l&#039;argent et d&#039;autres m\u00e9taux pr\u00e9cieux en direct sur le site d&#039;actualit\u00e9 du Comptoir National de l&#039;Or.\" \/>\n<meta name=\"robots\" content=\"index, follow, max-snippet:-1, max-image-preview:large, max-video-preview:-1\" \/>\n<link rel=\"canonical\" href=\"https:\/\/www.gold.fr\/news\/2012\/07\/02\/le-mythe-de-la-toison-dor\/\" \/>\n<meta property=\"og:locale\" content=\"fr_FR\" \/>\n<meta property=\"og:type\" content=\"article\" \/>\n<meta property=\"og:title\" content=\"Le mythe de la Toison d\u2019or - Gold.fr\" \/>\n<meta property=\"og:description\" content=\"D\u00e9couvrez le mythe de la Toison d&#039;or sur Gold.fr et suivez le cours de l&#039;or, de l&#039;argent et d&#039;autres m\u00e9taux pr\u00e9cieux en direct sur le site d&#039;actualit\u00e9 du Comptoir National de l&#039;Or.\" \/>\n<meta property=\"og:url\" content=\"https:\/\/www.gold.fr\/news\/2012\/07\/02\/le-mythe-de-la-toison-dor\/\" \/>\n<meta property=\"og:site_name\" content=\"Gold.fr\" \/>\n<meta property=\"article:publisher\" content=\"https:\/\/www.facebook.com\/Goldfr\/\" \/>\n<meta property=\"article:published_time\" content=\"2012-07-02T15:00:55+00:00\" \/>\n<meta property=\"article:modified_time\" content=\"2019-08-02T08:49:57+00:00\" \/>\n<meta property=\"og:image\" content=\"https:\/\/www.gold.fr\/news\/wp-content\/uploads\/2012\/07\/toison-dor.jpg\" \/>\n\t<meta property=\"og:image:width\" content=\"600\" \/>\n\t<meta property=\"og:image:height\" content=\"548\" \/>\n\t<meta property=\"og:image:type\" content=\"image\/jpeg\" \/>\n<meta name=\"author\" content=\"Anthony\" \/>\n<meta name=\"twitter:card\" content=\"summary_large_image\" \/>\n<meta name=\"twitter:label1\" content=\"\u00c9crit par\" \/>\n\t<meta name=\"twitter:data1\" content=\"Samy\" \/>\n\t<meta name=\"twitter:label2\" content=\"Dur\u00e9e de lecture estim\u00e9e\" \/>\n\t<meta name=\"twitter:data2\" content=\"1 minute\" \/>\n<script type=\"application\/ld+json\" class=\"yoast-schema-graph\">{\"@context\":\"https:\\\/\\\/schema.org\",\"@graph\":[{\"@type\":\"Article\",\"@id\":\"https:\\\/\\\/www.gold.fr\\\/news\\\/2012\\\/07\\\/02\\\/le-mythe-de-la-toison-dor\\\/#article\",\"isPartOf\":{\"@id\":\"https:\\\/\\\/www.gold.fr\\\/news\\\/2012\\\/07\\\/02\\\/le-mythe-de-la-toison-dor\\\/\"},\"author\":{\"name\":\"Samy\",\"@id\":\"https:\\\/\\\/www.gold.fr\\\/news\\\/#\\\/schema\\\/person\\\/6a977448ae6ba85f43a46d35fc66f82b\"},\"headline\":\"Le mythe de la Toison d\u2019or\",\"datePublished\":\"2012-07-02T15:00:55+00:00\",\"dateModified\":\"2019-08-02T08:49:57+00:00\",\"mainEntityOfPage\":{\"@id\":\"https:\\\/\\\/www.gold.fr\\\/news\\\/2012\\\/07\\\/02\\\/le-mythe-de-la-toison-dor\\\/\"},\"wordCount\":277,\"commentCount\":0,\"image\":{\"@id\":\"https:\\\/\\\/www.gold.fr\\\/news\\\/2012\\\/07\\\/02\\\/le-mythe-de-la-toison-dor\\\/#primaryimage\"},\"thumbnailUrl\":\"https:\\\/\\\/www.gold.fr\\\/news\\\/wp-content\\\/uploads\\\/2012\\\/07\\\/toison-dor.jpg\",\"keywords\":[\"mythe toison or\",\"orpaillage\",\"toison d'or\",\"toison or\"],\"articleSection\":[\"Articles de presse\"],\"inLanguage\":\"fr-FR\"},{\"@type\":\"WebPage\",\"@id\":\"https:\\\/\\\/www.gold.fr\\\/news\\\/2012\\\/07\\\/02\\\/le-mythe-de-la-toison-dor\\\/\",\"url\":\"https:\\\/\\\/www.gold.fr\\\/news\\\/2012\\\/07\\\/02\\\/le-mythe-de-la-toison-dor\\\/\",\"name\":\"Le mythe de la Toison d\u2019or - Gold.fr\",\"isPartOf\":{\"@id\":\"https:\\\/\\\/www.gold.fr\\\/news\\\/#website\"},\"primaryImageOfPage\":{\"@id\":\"https:\\\/\\\/www.gold.fr\\\/news\\\/2012\\\/07\\\/02\\\/le-mythe-de-la-toison-dor\\\/#primaryimage\"},\"image\":{\"@id\":\"https:\\\/\\\/www.gold.fr\\\/news\\\/2012\\\/07\\\/02\\\/le-mythe-de-la-toison-dor\\\/#primaryimage\"},\"thumbnailUrl\":\"https:\\\/\\\/www.gold.fr\\\/news\\\/wp-content\\\/uploads\\\/2012\\\/07\\\/toison-dor.jpg\",\"datePublished\":\"2012-07-02T15:00:55+00:00\",\"dateModified\":\"2019-08-02T08:49:57+00:00\",\"author\":{\"@id\":\"https:\\\/\\\/www.gold.fr\\\/news\\\/#\\\/schema\\\/person\\\/6a977448ae6ba85f43a46d35fc66f82b\"},\"description\":\"D\u00e9couvrez le mythe de la Toison d'or sur Gold.fr et suivez le cours de l'or, de l'argent et d'autres m\u00e9taux pr\u00e9cieux en direct sur le site d'actualit\u00e9 du Comptoir National de l'Or.\",\"breadcrumb\":{\"@id\":\"https:\\\/\\\/www.gold.fr\\\/news\\\/2012\\\/07\\\/02\\\/le-mythe-de-la-toison-dor\\\/#breadcrumb\"},\"inLanguage\":\"fr-FR\",\"potentialAction\":[{\"@type\":\"ReadAction\",\"target\":[\"https:\\\/\\\/www.gold.fr\\\/news\\\/2012\\\/07\\\/02\\\/le-mythe-de-la-toison-dor\\\/\"]}]},{\"@type\":\"ImageObject\",\"inLanguage\":\"fr-FR\",\"@id\":\"https:\\\/\\\/www.gold.fr\\\/news\\\/2012\\\/07\\\/02\\\/le-mythe-de-la-toison-dor\\\/#primaryimage\",\"url\":\"https:\\\/\\\/www.gold.fr\\\/news\\\/wp-content\\\/uploads\\\/2012\\\/07\\\/toison-dor.jpg\",\"contentUrl\":\"https:\\\/\\\/www.gold.fr\\\/news\\\/wp-content\\\/uploads\\\/2012\\\/07\\\/toison-dor.jpg\",\"width\":\"600\",\"height\":\"548\",\"caption\":\"toison-d'or\"},{\"@type\":\"BreadcrumbList\",\"@id\":\"https:\\\/\\\/www.gold.fr\\\/news\\\/2012\\\/07\\\/02\\\/le-mythe-de-la-toison-dor\\\/#breadcrumb\",\"itemListElement\":[{\"@type\":\"ListItem\",\"position\":1,\"name\":\"Accueil\",\"item\":\"https:\\\/\\\/www.gold.fr\\\/\"},{\"@type\":\"ListItem\",\"position\":2,\"name\":\"Actualit\u00e9s\",\"item\":\"https:\\\/\\\/www.gold.fr\\\/news\\\/\"},{\"@type\":\"ListItem\",\"position\":3,\"name\":\"Le mythe de la Toison d\u2019or\"}]},{\"@type\":\"WebSite\",\"@id\":\"https:\\\/\\\/www.gold.fr\\\/news\\\/#website\",\"url\":\"https:\\\/\\\/www.gold.fr\\\/news\\\/\",\"name\":\"Gold.fr\",\"description\":\"Actualit\u00e9s de l&#039;Or et des m\u00e9taux pr\u00e9cieux\",\"potentialAction\":[{\"@type\":\"SearchAction\",\"target\":{\"@type\":\"EntryPoint\",\"urlTemplate\":\"https:\\\/\\\/www.gold.fr\\\/news\\\/?s={search_term_string}\"},\"query-input\":{\"@type\":\"PropertyValueSpecification\",\"valueRequired\":true,\"valueName\":\"search_term_string\"}}],\"inLanguage\":\"fr-FR\"},{\"@type\":\"Person\",\"@id\":\"https:\\\/\\\/www.gold.fr\\\/news\\\/#\\\/schema\\\/person\\\/6a977448ae6ba85f43a46d35fc66f82b\",\"name\":\"Samy\",\"image\":{\"@type\":\"ImageObject\",\"inLanguage\":\"fr-FR\",\"@id\":\"https:\\\/\\\/secure.gravatar.com\\\/avatar\\\/ec3b1ee8da06b98b0d3b7da383393987ae73756a23e0f3ec4c1ea09e0e65804d?s=96&d=mm&r=g9bbe2ee6067d4fa1a1e531a356169f97\",\"url\":\"https:\\\/\\\/secure.gravatar.com\\\/avatar\\\/ec3b1ee8da06b98b0d3b7da383393987ae73756a23e0f3ec4c1ea09e0e65804d?s=96&d=mm&r=g\",\"contentUrl\":\"https:\\\/\\\/secure.gravatar.com\\\/avatar\\\/ec3b1ee8da06b98b0d3b7da383393987ae73756a23e0f3ec4c1ea09e0e65804d?s=96&d=mm&r=g\",\"caption\":\"Samy\"},\"description\":\"Notre r\u00e9daction est constitu\u00e9e de membres experts dans les m\u00e9tiers de l'\u00e9conomie et la gestion, des Responsables d'agence Comptoir National de l'Or, des analystes financiers qui publient r\u00e9guli\u00e8rement des \u00e9tudes sur les politiques des banques centrales, le cours de l'or, le cours de l'argent, cours du platine, cours du palladium... la situation en zone euro et l'impact de la strat\u00e9gie mon\u00e9taire de la FED. Notre \u00e9quipe scrute \u00e9galement une information plus g\u00e9n\u00e9raliste \u00e0 la recherche d'actualit\u00e9 \\\"p\u00e9pite\\\" \u00e0 vous partager. Depuis 5 ans, nous avons publi\u00e9 un peu plus de 4000 articles qui s'adressent \u00e0 un public large et vari\u00e9 ayant pour objectif de satisfaire votre curiosit\u00e9 et de partager avec vous une certaine fascination pour le m\u00e9tal jaune, pour ceux qui veulent investir dans l'or, vendre leur or tout simplement en savoir plus...\"}]}<\/script>\n<!-- \/ Yoast SEO plugin. -->","yoast_head_json":{"title":"Le mythe de la Toison d\u2019or - Gold.fr","description":"D\u00e9couvrez le mythe de la Toison d'or sur Gold.fr et suivez le cours de l'or, de l'argent et d'autres m\u00e9taux pr\u00e9cieux en direct sur le site d'actualit\u00e9 du Comptoir National de l'Or.","robots":{"index":"index","follow":"follow","max-snippet":"max-snippet:-1","max-image-preview":"max-image-preview:large","max-video-preview":"max-video-preview:-1"},"canonical":"https:\/\/www.gold.fr\/news\/2012\/07\/02\/le-mythe-de-la-toison-dor\/","og_locale":"fr_FR","og_type":"article","og_title":"Le mythe de la Toison d\u2019or - Gold.fr","og_description":"D\u00e9couvrez le mythe de la Toison d'or sur Gold.fr et suivez le cours de l'or, de l'argent et d'autres m\u00e9taux pr\u00e9cieux en direct sur le site d'actualit\u00e9 du Comptoir National de l'Or.","og_url":"https:\/\/www.gold.fr\/news\/2012\/07\/02\/le-mythe-de-la-toison-dor\/","og_site_name":"Gold.fr","article_publisher":"https:\/\/www.facebook.com\/Goldfr\/","article_published_time":"2012-07-02T15:00:55+00:00","article_modified_time":"2019-08-02T08:49:57+00:00","og_image":[{"width":600,"height":548,"url":"https:\/\/www.gold.fr\/news\/wp-content\/uploads\/2012\/07\/toison-dor.jpg","type":"image\/jpeg"}],"author":"Anthony","twitter_card":"summary_large_image","twitter_misc":{"\u00c9crit par":"Samy","Dur\u00e9e de lecture estim\u00e9e":"1 minute"},"schema":{"@context":"https:\/\/schema.org","@graph":[{"@type":"Article","@id":"https:\/\/www.gold.fr\/news\/2012\/07\/02\/le-mythe-de-la-toison-dor\/#article","isPartOf":{"@id":"https:\/\/www.gold.fr\/news\/2012\/07\/02\/le-mythe-de-la-toison-dor\/"},"author":{"name":"Samy","@id":"https:\/\/www.gold.fr\/news\/#\/schema\/person\/6a977448ae6ba85f43a46d35fc66f82b"},"headline":"Le mythe de la Toison d\u2019or","datePublished":"2012-07-02T15:00:55+00:00","dateModified":"2019-08-02T08:49:57+00:00","mainEntityOfPage":{"@id":"https:\/\/www.gold.fr\/news\/2012\/07\/02\/le-mythe-de-la-toison-dor\/"},"wordCount":277,"commentCount":0,"image":{"@id":"https:\/\/www.gold.fr\/news\/2012\/07\/02\/le-mythe-de-la-toison-dor\/#primaryimage"},"thumbnailUrl":"https:\/\/www.gold.fr\/news\/wp-content\/uploads\/2012\/07\/toison-dor.jpg","keywords":["mythe toison or","orpaillage","toison d'or","toison or"],"articleSection":["Articles de presse"],"inLanguage":"fr-FR"},{"@type":"WebPage","@id":"https:\/\/www.gold.fr\/news\/2012\/07\/02\/le-mythe-de-la-toison-dor\/","url":"https:\/\/www.gold.fr\/news\/2012\/07\/02\/le-mythe-de-la-toison-dor\/","name":"Le mythe de la Toison d\u2019or - Gold.fr","isPartOf":{"@id":"https:\/\/www.gold.fr\/news\/#website"},"primaryImageOfPage":{"@id":"https:\/\/www.gold.fr\/news\/2012\/07\/02\/le-mythe-de-la-toison-dor\/#primaryimage"},"image":{"@id":"https:\/\/www.gold.fr\/news\/2012\/07\/02\/le-mythe-de-la-toison-dor\/#primaryimage"},"thumbnailUrl":"https:\/\/www.gold.fr\/news\/wp-content\/uploads\/2012\/07\/toison-dor.jpg","datePublished":"2012-07-02T15:00:55+00:00","dateModified":"2019-08-02T08:49:57+00:00","author":{"@id":"https:\/\/www.gold.fr\/news\/#\/schema\/person\/6a977448ae6ba85f43a46d35fc66f82b"},"description":"D\u00e9couvrez le mythe de la Toison d'or sur Gold.fr et suivez le cours de l'or, de l'argent et d'autres m\u00e9taux pr\u00e9cieux en direct sur le site d'actualit\u00e9 du Comptoir National de l'Or.","breadcrumb":{"@id":"https:\/\/www.gold.fr\/news\/2012\/07\/02\/le-mythe-de-la-toison-dor\/#breadcrumb"},"inLanguage":"fr-FR","potentialAction":[{"@type":"ReadAction","target":["https:\/\/www.gold.fr\/news\/2012\/07\/02\/le-mythe-de-la-toison-dor\/"]}]},{"@type":"ImageObject","inLanguage":"fr-FR","@id":"https:\/\/www.gold.fr\/news\/2012\/07\/02\/le-mythe-de-la-toison-dor\/#primaryimage","url":"https:\/\/www.gold.fr\/news\/wp-content\/uploads\/2012\/07\/toison-dor.jpg","contentUrl":"https:\/\/www.gold.fr\/news\/wp-content\/uploads\/2012\/07\/toison-dor.jpg","width":"600","height":"548","caption":"toison-d'or"},{"@type":"BreadcrumbList","@id":"https:\/\/www.gold.fr\/news\/2012\/07\/02\/le-mythe-de-la-toison-dor\/#breadcrumb","itemListElement":[{"@type":"ListItem","position":1,"name":"Accueil","item":"https:\/\/www.gold.fr\/"},{"@type":"ListItem","position":2,"name":"Actualit\u00e9s","item":"https:\/\/www.gold.fr\/news\/"},{"@type":"ListItem","position":3,"name":"Le mythe de la Toison d\u2019or"}]},{"@type":"WebSite","@id":"https:\/\/www.gold.fr\/news\/#website","url":"https:\/\/www.gold.fr\/news\/","name":"Gold.fr","description":"Actualit\u00e9s de l&#039;Or et des m\u00e9taux pr\u00e9cieux","potentialAction":[{"@type":"SearchAction","target":{"@type":"EntryPoint","urlTemplate":"https:\/\/www.gold.fr\/news\/?s={search_term_string}"},"query-input":{"@type":"PropertyValueSpecification","valueRequired":true,"valueName":"search_term_string"}}],"inLanguage":"fr-FR"},{"@type":"Person","@id":"https:\/\/www.gold.fr\/news\/#\/schema\/person\/6a977448ae6ba85f43a46d35fc66f82b","name":"Samy","image":{"@type":"ImageObject","inLanguage":"fr-FR","@id":"https:\/\/secure.gravatar.com\/avatar\/ec3b1ee8da06b98b0d3b7da383393987ae73756a23e0f3ec4c1ea09e0e65804d?s=96&d=mm&r=g9bbe2ee6067d4fa1a1e531a356169f97","url":"https:\/\/secure.gravatar.com\/avatar\/ec3b1ee8da06b98b0d3b7da383393987ae73756a23e0f3ec4c1ea09e0e65804d?s=96&d=mm&r=g","contentUrl":"https:\/\/secure.gravatar.com\/avatar\/ec3b1ee8da06b98b0d3b7da383393987ae73756a23e0f3ec4c1ea09e0e65804d?s=96&d=mm&r=g","caption":"Samy"},"description":"Notre r\u00e9daction est constitu\u00e9e de membres experts dans les m\u00e9tiers de l'\u00e9conomie et la gestion, des Responsables d'agence Comptoir National de l'Or, des analystes financiers qui publient r\u00e9guli\u00e8rement des \u00e9tudes sur les politiques des banques centrales, le cours de l'or, le cours de l'argent, cours du platine, cours du palladium... la situation en zone euro et l'impact de la strat\u00e9gie mon\u00e9taire de la FED. Notre \u00e9quipe scrute \u00e9galement une information plus g\u00e9n\u00e9raliste \u00e0 la recherche d'actualit\u00e9 \"p\u00e9pite\" \u00e0 vous partager. Depuis 5 ans, nous avons publi\u00e9 un peu plus de 4000 articles qui s'adressent \u00e0 un public large et vari\u00e9 ayant pour objectif de satisfaire votre curiosit\u00e9 et de partager avec vous une certaine fascination pour le m\u00e9tal jaune, pour ceux qui veulent investir dans l'or, vendre leur or tout simplement en savoir plus..."}]}},"authors":[{"term_id":2562,"user_id":11,"is_guest":0,"slug":null,"display_name":"Anthony","avatar_url":"https:\/\/secure.gravatar.com\/avatar\/19974f7c75da5f0b217374f3a37eb05031e41aaad4ceb3fe17ada2ab3daf6b95?s=96&d=mm&r=g","0":null,"1":"","2":"","3":"","4":"","5":"","6":"","7":"","8":""}],"_links":{"self":[{"href":"https:\/\/www.gold.fr\/news\/wp-json\/wp\/v2\/posts\/8312","targetHints":{"allow":["GET"]}}],"collection":[{"href":"https:\/\/www.gold.fr\/news\/wp-json\/wp\/v2\/posts"}],"about":[{"href":"https:\/\/www.gold.fr\/news\/wp-json\/wp\/v2\/types\/post"}],"author":[{"embeddable":true,"href":"https:\/\/www.gold.fr\/news\/wp-json\/wp\/v2\/users\/43"}],"replies":[{"embeddable":true,"href":"https:\/\/www.gold.fr\/news\/wp-json\/wp\/v2\/comments?post=8312"}],"version-history":[{"count":0,"href":"https:\/\/www.gold.fr\/news\/wp-json\/wp\/v2\/posts\/8312\/revisions"}],"wp:featuredmedia":[{"embeddable":true,"href":"https:\/\/www.gold.fr\/news\/wp-json\/wp\/v2\/media\/8314"}],"wp:attachment":[{"href":"https:\/\/www.gold.fr\/news\/wp-json\/wp\/v2\/media?parent=8312"}],"wp:term":[{"taxonomy":"category","embeddable":true,"href":"https:\/\/www.gold.fr\/news\/wp-json\/wp\/v2\/categories?post=8312"},{"taxonomy":"post_tag","embeddable":true,"href":"https:\/\/www.gold.fr\/news\/wp-json\/wp\/v2\/tags?post=8312"},{"taxonomy":"author","embeddable":true,"href":"https:\/\/www.gold.fr\/news\/wp-json\/wp\/v2\/ppma_author?post=8312"}],"curies":[{"name":"wp","href":"https:\/\/api.w.org\/{rel}","templated":true}]}}