{"id":8159,"date":"2012-06-21T17:00:17","date_gmt":"2012-06-21T15:00:17","guid":{"rendered":"https:\/\/www.gold.fr\/news\/?p=8159"},"modified":"2021-08-17T17:23:16","modified_gmt":"2021-08-17T15:23:16","slug":"des-pieces-dor-derobes-au-musee-de-sens","status":"publish","type":"post","link":"https:\/\/www.gold.fr\/news\/2012\/06\/21\/des-pieces-dor-derobes-au-musee-de-sens\/","title":{"rendered":"Des pi\u00e8ces d&rsquo;Or d\u00e9rob\u00e9s au mus\u00e9e de Sens"},"content":{"rendered":"<p><span style=\"font-size: small;\"><img loading=\"lazy\" decoding=\"async\" class=\"alignleft size-thumbnail wp-image-8162\" style=\"float: left; margin: 5px; border: 1px solid black;\" title=\"Cambriolage\" src=\"https:\/\/www.gold.fr\/news\/wp-content\/uploads\/2012\/06\/Cambriolage-150x150.jpg\" alt=\"\" width=\"150\" height=\"150\" \/>Dimanche matin, le mus\u00e9e de Sens a \u00e9t\u00e9 le th\u00e9\u00e2tre d&rsquo;<strong>un cambriolage faisant l&rsquo;objet d&rsquo;une centaine de globules<\/strong> (monnaie gauloise en <a class=\"esk-seo-plu-link\" href=\"https:\/\/www.gold.fr\/news\/tags\/or\">Or<\/a> de la taille d&rsquo;une bille). En effet, trois cambrioleurs ont r\u00e9ussi \u00e0 s&rsquo;introduire dans le mus\u00e9e et s&#8217;emparer du butin malgr\u00e9 l&rsquo;enclenchement de l&rsquo;alarme. L&rsquo;information a \u00e9t\u00e9 relay\u00e9e par une source judiciaire. <strong>La valeur du butin est estim\u00e9e entre 50.000 et 100.000<\/strong> selon l&rsquo;APF.<\/span> <span style=\"font-size: small;\"> Ces globules constituent 30.000 euros d&rsquo;<a class=\"esk-seo-plu-link\" href=\"https:\/\/www.gold.fr\/news\/tags\/or\">Or<\/a> selon la procureure de la r\u00e9publique de Sens.<\/span> <span style=\"font-size: small;\">Ce tr\u00e9sor a \u00e9t\u00e9 d\u00e9couvert dans le village de Saint-Denis-les-Sens, au nord de Sens durant les fouilles arch\u00e9ologiques dans le cadre de la construction de l&rsquo;autoroute A5 dans les ann\u00e9es 90.<\/span> <span style=\"font-size: small;\">Les cambrioleurs se sont introduits dans le mus\u00e9e au petit matin. D&rsquo;apr\u00e8s le gardien, ils se sont directement dirig\u00e9s vers le tr\u00e9sor mis en \u00e9vidence dans une vitrine s\u00e9curis\u00e9e.<\/span> <span style=\"font-size: small;\">Suite \u00e0 ce regrettable incident, le mus\u00e9e a \u00e9t\u00e9 ferm\u00e9 afin de permettre aux policiers de l&rsquo;identit\u00e9 judiciaire de relever les empreintes. Une investigation a \u00e9t\u00e9 ouverte et sera men\u00e9e par la police judiciaire d&rsquo;Auxerre.<\/span><\/p>\n<!-- AddThis Advanced Settings generic via filter on the_content --><!-- AddThis Share Buttons generic via filter on the_content -->","protected":false},"excerpt":{"rendered":"<p>Dimanche matin, le mus\u00e9e de Sens a \u00e9t\u00e9 le th\u00e9\u00e2tre d&rsquo;un cambriolage faisant l&rsquo;objet d&rsquo;une centaine de globules (monnaie gauloise en Or de la taille d&rsquo;une bille). En effet, trois cambrioleurs ont r\u00e9ussi \u00e0 s&rsquo;introduire dans [&hellip;]<\/p>\n","protected":false},"author":11,"featured_media":8162,"comment_status":"closed","ping_status":"closed","sticky":false,"template":"","format":"standard","meta":{"_mbp_gutenberg_autopost":false,"_pgmb_is_evergreen":false,"_pgmb_ap_template_id":0,"footnotes":""},"categories":[6],"tags":[600,601,599,91,598],"ppma_author":[2562],"class_list":["post-8159","post","type-post","status-publish","format-standard","has-post-thumbnail","hentry","category-articles-de-presse","tag-cambriolage","tag-cambriolage-sens","tag-globule-or","tag-piece-dor","tag-pieces-or"],"yoast_head":"<!-- This site is optimized with the Yoast SEO plugin v27.5 - https:\/\/yoast.com\/product\/yoast-seo-wordpress\/ -->\n<title>Des pi\u00e8ces d&#039;Or d\u00e9rob\u00e9s au mus\u00e9e de Sens - Gold.fr<\/title>\n<meta name=\"robots\" content=\"index, follow, max-snippet:-1, max-image-preview:large, max-video-preview:-1\" \/>\n<link rel=\"canonical\" href=\"https:\/\/www.gold.fr\/news\/2012\/06\/21\/des-pieces-dor-derobes-au-musee-de-sens\/\" \/>\n<meta property=\"og:locale\" content=\"fr_FR\" \/>\n<meta property=\"og:type\" content=\"article\" \/>\n<meta property=\"og:title\" content=\"Des pi\u00e8ces d&#039;Or d\u00e9rob\u00e9s au mus\u00e9e de Sens - Gold.fr\" \/>\n<meta property=\"og:description\" content=\"Dimanche matin, le mus\u00e9e de Sens a \u00e9t\u00e9 le th\u00e9\u00e2tre d&rsquo;un cambriolage faisant l&rsquo;objet d&rsquo;une centaine de globules (monnaie gauloise en Or de la taille d&rsquo;une bille). En effet, trois cambrioleurs ont r\u00e9ussi \u00e0 s&rsquo;introduire dans [&hellip;]\" \/>\n<meta property=\"og:url\" content=\"https:\/\/www.gold.fr\/news\/2012\/06\/21\/des-pieces-dor-derobes-au-musee-de-sens\/\" \/>\n<meta property=\"og:site_name\" content=\"Gold.fr\" \/>\n<meta property=\"article:publisher\" content=\"https:\/\/www.facebook.com\/Goldfr\/\" \/>\n<meta property=\"article:published_time\" content=\"2012-06-21T15:00:17+00:00\" \/>\n<meta property=\"article:modified_time\" content=\"2021-08-17T15:23:16+00:00\" \/>\n<meta property=\"og:image\" content=\"https:\/\/www.gold.fr\/news\/wp-content\/uploads\/2012\/06\/Cambriolage.jpg\" \/>\n\t<meta property=\"og:image:width\" content=\"600\" \/>\n\t<meta property=\"og:image:height\" content=\"401\" \/>\n\t<meta property=\"og:image:type\" content=\"image\/jpeg\" \/>\n<meta name=\"author\" content=\"Anthony\" \/>\n<meta name=\"twitter:card\" content=\"summary_large_image\" \/>\n<meta name=\"twitter:label1\" content=\"\u00c9crit par\" \/>\n\t<meta name=\"twitter:data1\" content=\"Anthony\" \/>\n\t<meta name=\"twitter:label2\" content=\"Dur\u00e9e de lecture estim\u00e9e\" \/>\n\t<meta name=\"twitter:data2\" content=\"1 minute\" \/>\n<script type=\"application\/ld+json\" class=\"yoast-schema-graph\">{\"@context\":\"https:\\\/\\\/schema.org\",\"@graph\":[{\"@type\":\"Article\",\"@id\":\"https:\\\/\\\/www.gold.fr\\\/news\\\/2012\\\/06\\\/21\\\/des-pieces-dor-derobes-au-musee-de-sens\\\/#article\",\"isPartOf\":{\"@id\":\"https:\\\/\\\/www.gold.fr\\\/news\\\/2012\\\/06\\\/21\\\/des-pieces-dor-derobes-au-musee-de-sens\\\/\"},\"author\":{\"name\":\"Anthony\",\"@id\":\"https:\\\/\\\/www.gold.fr\\\/news\\\/#\\\/schema\\\/person\\\/feb6458ffd7bceeeb4e228398c34fbe5\"},\"headline\":\"Des pi\u00e8ces d&rsquo;Or d\u00e9rob\u00e9s au mus\u00e9e de Sens\",\"datePublished\":\"2012-06-21T15:00:17+00:00\",\"dateModified\":\"2021-08-17T15:23:16+00:00\",\"mainEntityOfPage\":{\"@id\":\"https:\\\/\\\/www.gold.fr\\\/news\\\/2012\\\/06\\\/21\\\/des-pieces-dor-derobes-au-musee-de-sens\\\/\"},\"wordCount\":216,\"image\":{\"@id\":\"https:\\\/\\\/www.gold.fr\\\/news\\\/2012\\\/06\\\/21\\\/des-pieces-dor-derobes-au-musee-de-sens\\\/#primaryimage\"},\"thumbnailUrl\":\"https:\\\/\\\/www.gold.fr\\\/news\\\/wp-content\\\/uploads\\\/2012\\\/06\\\/Cambriolage.jpg\",\"keywords\":[\"cambriolage\",\"cambriolage Sens\",\"globule or\",\"Pi\u00e8ce d'Or\",\"pi\u00e8ces or\"],\"articleSection\":[\"Articles de presse\"],\"inLanguage\":\"fr-FR\"},{\"@type\":\"WebPage\",\"@id\":\"https:\\\/\\\/www.gold.fr\\\/news\\\/2012\\\/06\\\/21\\\/des-pieces-dor-derobes-au-musee-de-sens\\\/\",\"url\":\"https:\\\/\\\/www.gold.fr\\\/news\\\/2012\\\/06\\\/21\\\/des-pieces-dor-derobes-au-musee-de-sens\\\/\",\"name\":\"Des pi\u00e8ces d'Or d\u00e9rob\u00e9s au mus\u00e9e de Sens - Gold.fr\",\"isPartOf\":{\"@id\":\"https:\\\/\\\/www.gold.fr\\\/news\\\/#website\"},\"primaryImageOfPage\":{\"@id\":\"https:\\\/\\\/www.gold.fr\\\/news\\\/2012\\\/06\\\/21\\\/des-pieces-dor-derobes-au-musee-de-sens\\\/#primaryimage\"},\"image\":{\"@id\":\"https:\\\/\\\/www.gold.fr\\\/news\\\/2012\\\/06\\\/21\\\/des-pieces-dor-derobes-au-musee-de-sens\\\/#primaryimage\"},\"thumbnailUrl\":\"https:\\\/\\\/www.gold.fr\\\/news\\\/wp-content\\\/uploads\\\/2012\\\/06\\\/Cambriolage.jpg\",\"datePublished\":\"2012-06-21T15:00:17+00:00\",\"dateModified\":\"2021-08-17T15:23:16+00:00\",\"author\":{\"@id\":\"https:\\\/\\\/www.gold.fr\\\/news\\\/#\\\/schema\\\/person\\\/feb6458ffd7bceeeb4e228398c34fbe5\"},\"breadcrumb\":{\"@id\":\"https:\\\/\\\/www.gold.fr\\\/news\\\/2012\\\/06\\\/21\\\/des-pieces-dor-derobes-au-musee-de-sens\\\/#breadcrumb\"},\"inLanguage\":\"fr-FR\",\"potentialAction\":[{\"@type\":\"ReadAction\",\"target\":[\"https:\\\/\\\/www.gold.fr\\\/news\\\/2012\\\/06\\\/21\\\/des-pieces-dor-derobes-au-musee-de-sens\\\/\"]}]},{\"@type\":\"ImageObject\",\"inLanguage\":\"fr-FR\",\"@id\":\"https:\\\/\\\/www.gold.fr\\\/news\\\/2012\\\/06\\\/21\\\/des-pieces-dor-derobes-au-musee-de-sens\\\/#primaryimage\",\"url\":\"https:\\\/\\\/www.gold.fr\\\/news\\\/wp-content\\\/uploads\\\/2012\\\/06\\\/Cambriolage.jpg\",\"contentUrl\":\"https:\\\/\\\/www.gold.fr\\\/news\\\/wp-content\\\/uploads\\\/2012\\\/06\\\/Cambriolage.jpg\",\"width\":\"600\",\"height\":\"401\",\"caption\":\"Cambriolage\"},{\"@type\":\"BreadcrumbList\",\"@id\":\"https:\\\/\\\/www.gold.fr\\\/news\\\/2012\\\/06\\\/21\\\/des-pieces-dor-derobes-au-musee-de-sens\\\/#breadcrumb\",\"itemListElement\":[{\"@type\":\"ListItem\",\"position\":1,\"name\":\"Accueil\",\"item\":\"https:\\\/\\\/www.gold.fr\\\/\"},{\"@type\":\"ListItem\",\"position\":2,\"name\":\"Actualit\u00e9s\",\"item\":\"https:\\\/\\\/www.gold.fr\\\/news\\\/\"},{\"@type\":\"ListItem\",\"position\":3,\"name\":\"Des pi\u00e8ces d&rsquo;Or d\u00e9rob\u00e9s au mus\u00e9e de Sens\"}]},{\"@type\":\"WebSite\",\"@id\":\"https:\\\/\\\/www.gold.fr\\\/news\\\/#website\",\"url\":\"https:\\\/\\\/www.gold.fr\\\/news\\\/\",\"name\":\"Gold.fr\",\"description\":\"Actualit\u00e9s de l&#039;Or et des m\u00e9taux pr\u00e9cieux\",\"potentialAction\":[{\"@type\":\"SearchAction\",\"target\":{\"@type\":\"EntryPoint\",\"urlTemplate\":\"https:\\\/\\\/www.gold.fr\\\/news\\\/?s={search_term_string}\"},\"query-input\":{\"@type\":\"PropertyValueSpecification\",\"valueRequired\":true,\"valueName\":\"search_term_string\"}}],\"inLanguage\":\"fr-FR\"},{\"@type\":\"Person\",\"@id\":\"https:\\\/\\\/www.gold.fr\\\/news\\\/#\\\/schema\\\/person\\\/feb6458ffd7bceeeb4e228398c34fbe5\",\"name\":\"Anthony\",\"image\":{\"@type\":\"ImageObject\",\"inLanguage\":\"fr-FR\",\"@id\":\"https:\\\/\\\/secure.gravatar.com\\\/avatar\\\/19974f7c75da5f0b217374f3a37eb05031e41aaad4ceb3fe17ada2ab3daf6b95?s=96&d=mm&r=gbc5324aff3d366843e00df00c899c1a8\",\"url\":\"https:\\\/\\\/secure.gravatar.com\\\/avatar\\\/19974f7c75da5f0b217374f3a37eb05031e41aaad4ceb3fe17ada2ab3daf6b95?s=96&d=mm&r=g\",\"contentUrl\":\"https:\\\/\\\/secure.gravatar.com\\\/avatar\\\/19974f7c75da5f0b217374f3a37eb05031e41aaad4ceb3fe17ada2ab3daf6b95?s=96&d=mm&r=g\",\"caption\":\"Anthony\"},\"description\":\"Notre r\u00e9daction est constitu\u00e9e de membres experts dans les m\u00e9tiers de l'\u00e9conomie et la gestion, des Responsables d'agence Comptoir National de l'Or, des analystes financiers qui publient r\u00e9guli\u00e8rement des \u00e9tudes sur les politiques des banques centrales, le cours de l'or, le cours de l'argent, cours du platine, cours du palladium... la situation en zone euro et l'impact de la strat\u00e9gie mon\u00e9taire de la FED. Notre \u00e9quipe scrute \u00e9galement une information plus g\u00e9n\u00e9raliste \u00e0 la recherche d'actualit\u00e9 \\\"p\u00e9pite\\\" \u00e0 vous partager. Depuis 5 ans, nous avons publi\u00e9 un peu plus de 4000 articles qui s'adressent \u00e0 un public large et vari\u00e9 ayant pour objectif de satisfaire votre curiosit\u00e9 et de partager avec vous une certaine fascination pour le m\u00e9tal jaune, pour ceux qui veulent investir dans l'or, vendre leur or tout simplement en savoir plus...\",\"sameAs\":[\"https:\\\/\\\/www.gold.fr\\\/news\"]}]}<\/script>\n<!-- \/ Yoast SEO plugin. -->","yoast_head_json":{"title":"Des pi\u00e8ces d'Or d\u00e9rob\u00e9s au mus\u00e9e de Sens - Gold.fr","robots":{"index":"index","follow":"follow","max-snippet":"max-snippet:-1","max-image-preview":"max-image-preview:large","max-video-preview":"max-video-preview:-1"},"canonical":"https:\/\/www.gold.fr\/news\/2012\/06\/21\/des-pieces-dor-derobes-au-musee-de-sens\/","og_locale":"fr_FR","og_type":"article","og_title":"Des pi\u00e8ces d'Or d\u00e9rob\u00e9s au mus\u00e9e de Sens - Gold.fr","og_description":"Dimanche matin, le mus\u00e9e de Sens a \u00e9t\u00e9 le th\u00e9\u00e2tre d&rsquo;un cambriolage faisant l&rsquo;objet d&rsquo;une centaine de globules (monnaie gauloise en Or de la taille d&rsquo;une bille). En effet, trois cambrioleurs ont r\u00e9ussi \u00e0 s&rsquo;introduire dans [&hellip;]","og_url":"https:\/\/www.gold.fr\/news\/2012\/06\/21\/des-pieces-dor-derobes-au-musee-de-sens\/","og_site_name":"Gold.fr","article_publisher":"https:\/\/www.facebook.com\/Goldfr\/","article_published_time":"2012-06-21T15:00:17+00:00","article_modified_time":"2021-08-17T15:23:16+00:00","og_image":[{"width":600,"height":401,"url":"https:\/\/www.gold.fr\/news\/wp-content\/uploads\/2012\/06\/Cambriolage.jpg","type":"image\/jpeg"}],"author":"Anthony","twitter_card":"summary_large_image","twitter_misc":{"\u00c9crit par":"Anthony","Dur\u00e9e de lecture estim\u00e9e":"1 minute"},"schema":{"@context":"https:\/\/schema.org","@graph":[{"@type":"Article","@id":"https:\/\/www.gold.fr\/news\/2012\/06\/21\/des-pieces-dor-derobes-au-musee-de-sens\/#article","isPartOf":{"@id":"https:\/\/www.gold.fr\/news\/2012\/06\/21\/des-pieces-dor-derobes-au-musee-de-sens\/"},"author":{"name":"Anthony","@id":"https:\/\/www.gold.fr\/news\/#\/schema\/person\/feb6458ffd7bceeeb4e228398c34fbe5"},"headline":"Des pi\u00e8ces d&rsquo;Or d\u00e9rob\u00e9s au mus\u00e9e de Sens","datePublished":"2012-06-21T15:00:17+00:00","dateModified":"2021-08-17T15:23:16+00:00","mainEntityOfPage":{"@id":"https:\/\/www.gold.fr\/news\/2012\/06\/21\/des-pieces-dor-derobes-au-musee-de-sens\/"},"wordCount":216,"image":{"@id":"https:\/\/www.gold.fr\/news\/2012\/06\/21\/des-pieces-dor-derobes-au-musee-de-sens\/#primaryimage"},"thumbnailUrl":"https:\/\/www.gold.fr\/news\/wp-content\/uploads\/2012\/06\/Cambriolage.jpg","keywords":["cambriolage","cambriolage Sens","globule or","Pi\u00e8ce d'Or","pi\u00e8ces or"],"articleSection":["Articles de presse"],"inLanguage":"fr-FR"},{"@type":"WebPage","@id":"https:\/\/www.gold.fr\/news\/2012\/06\/21\/des-pieces-dor-derobes-au-musee-de-sens\/","url":"https:\/\/www.gold.fr\/news\/2012\/06\/21\/des-pieces-dor-derobes-au-musee-de-sens\/","name":"Des pi\u00e8ces d'Or d\u00e9rob\u00e9s au mus\u00e9e de Sens - Gold.fr","isPartOf":{"@id":"https:\/\/www.gold.fr\/news\/#website"},"primaryImageOfPage":{"@id":"https:\/\/www.gold.fr\/news\/2012\/06\/21\/des-pieces-dor-derobes-au-musee-de-sens\/#primaryimage"},"image":{"@id":"https:\/\/www.gold.fr\/news\/2012\/06\/21\/des-pieces-dor-derobes-au-musee-de-sens\/#primaryimage"},"thumbnailUrl":"https:\/\/www.gold.fr\/news\/wp-content\/uploads\/2012\/06\/Cambriolage.jpg","datePublished":"2012-06-21T15:00:17+00:00","dateModified":"2021-08-17T15:23:16+00:00","author":{"@id":"https:\/\/www.gold.fr\/news\/#\/schema\/person\/feb6458ffd7bceeeb4e228398c34fbe5"},"breadcrumb":{"@id":"https:\/\/www.gold.fr\/news\/2012\/06\/21\/des-pieces-dor-derobes-au-musee-de-sens\/#breadcrumb"},"inLanguage":"fr-FR","potentialAction":[{"@type":"ReadAction","target":["https:\/\/www.gold.fr\/news\/2012\/06\/21\/des-pieces-dor-derobes-au-musee-de-sens\/"]}]},{"@type":"ImageObject","inLanguage":"fr-FR","@id":"https:\/\/www.gold.fr\/news\/2012\/06\/21\/des-pieces-dor-derobes-au-musee-de-sens\/#primaryimage","url":"https:\/\/www.gold.fr\/news\/wp-content\/uploads\/2012\/06\/Cambriolage.jpg","contentUrl":"https:\/\/www.gold.fr\/news\/wp-content\/uploads\/2012\/06\/Cambriolage.jpg","width":"600","height":"401","caption":"Cambriolage"},{"@type":"BreadcrumbList","@id":"https:\/\/www.gold.fr\/news\/2012\/06\/21\/des-pieces-dor-derobes-au-musee-de-sens\/#breadcrumb","itemListElement":[{"@type":"ListItem","position":1,"name":"Accueil","item":"https:\/\/www.gold.fr\/"},{"@type":"ListItem","position":2,"name":"Actualit\u00e9s","item":"https:\/\/www.gold.fr\/news\/"},{"@type":"ListItem","position":3,"name":"Des pi\u00e8ces d&rsquo;Or d\u00e9rob\u00e9s au mus\u00e9e de Sens"}]},{"@type":"WebSite","@id":"https:\/\/www.gold.fr\/news\/#website","url":"https:\/\/www.gold.fr\/news\/","name":"Gold.fr","description":"Actualit\u00e9s de l&#039;Or et des m\u00e9taux pr\u00e9cieux","potentialAction":[{"@type":"SearchAction","target":{"@type":"EntryPoint","urlTemplate":"https:\/\/www.gold.fr\/news\/?s={search_term_string}"},"query-input":{"@type":"PropertyValueSpecification","valueRequired":true,"valueName":"search_term_string"}}],"inLanguage":"fr-FR"},{"@type":"Person","@id":"https:\/\/www.gold.fr\/news\/#\/schema\/person\/feb6458ffd7bceeeb4e228398c34fbe5","name":"Anthony","image":{"@type":"ImageObject","inLanguage":"fr-FR","@id":"https:\/\/secure.gravatar.com\/avatar\/19974f7c75da5f0b217374f3a37eb05031e41aaad4ceb3fe17ada2ab3daf6b95?s=96&d=mm&r=gbc5324aff3d366843e00df00c899c1a8","url":"https:\/\/secure.gravatar.com\/avatar\/19974f7c75da5f0b217374f3a37eb05031e41aaad4ceb3fe17ada2ab3daf6b95?s=96&d=mm&r=g","contentUrl":"https:\/\/secure.gravatar.com\/avatar\/19974f7c75da5f0b217374f3a37eb05031e41aaad4ceb3fe17ada2ab3daf6b95?s=96&d=mm&r=g","caption":"Anthony"},"description":"Notre r\u00e9daction est constitu\u00e9e de membres experts dans les m\u00e9tiers de l'\u00e9conomie et la gestion, des Responsables d'agence Comptoir National de l'Or, des analystes financiers qui publient r\u00e9guli\u00e8rement des \u00e9tudes sur les politiques des banques centrales, le cours de l'or, le cours de l'argent, cours du platine, cours du palladium... la situation en zone euro et l'impact de la strat\u00e9gie mon\u00e9taire de la FED. Notre \u00e9quipe scrute \u00e9galement une information plus g\u00e9n\u00e9raliste \u00e0 la recherche d'actualit\u00e9 \"p\u00e9pite\" \u00e0 vous partager. Depuis 5 ans, nous avons publi\u00e9 un peu plus de 4000 articles qui s'adressent \u00e0 un public large et vari\u00e9 ayant pour objectif de satisfaire votre curiosit\u00e9 et de partager avec vous une certaine fascination pour le m\u00e9tal jaune, pour ceux qui veulent investir dans l'or, vendre leur or tout simplement en savoir plus...","sameAs":["https:\/\/www.gold.fr\/news"]}]}},"authors":[{"term_id":2562,"user_id":11,"is_guest":0,"slug":"anthony","display_name":"Anthony","avatar_url":"https:\/\/secure.gravatar.com\/avatar\/19974f7c75da5f0b217374f3a37eb05031e41aaad4ceb3fe17ada2ab3daf6b95?s=96&d=mm&r=g","0":null,"1":"","2":"","3":"","4":"","5":"","6":"","7":"","8":""}],"_links":{"self":[{"href":"https:\/\/www.gold.fr\/news\/wp-json\/wp\/v2\/posts\/8159","targetHints":{"allow":["GET"]}}],"collection":[{"href":"https:\/\/www.gold.fr\/news\/wp-json\/wp\/v2\/posts"}],"about":[{"href":"https:\/\/www.gold.fr\/news\/wp-json\/wp\/v2\/types\/post"}],"author":[{"embeddable":true,"href":"https:\/\/www.gold.fr\/news\/wp-json\/wp\/v2\/users\/11"}],"replies":[{"embeddable":true,"href":"https:\/\/www.gold.fr\/news\/wp-json\/wp\/v2\/comments?post=8159"}],"version-history":[{"count":0,"href":"https:\/\/www.gold.fr\/news\/wp-json\/wp\/v2\/posts\/8159\/revisions"}],"wp:featuredmedia":[{"embeddable":true,"href":"https:\/\/www.gold.fr\/news\/wp-json\/wp\/v2\/media\/8162"}],"wp:attachment":[{"href":"https:\/\/www.gold.fr\/news\/wp-json\/wp\/v2\/media?parent=8159"}],"wp:term":[{"taxonomy":"category","embeddable":true,"href":"https:\/\/www.gold.fr\/news\/wp-json\/wp\/v2\/categories?post=8159"},{"taxonomy":"post_tag","embeddable":true,"href":"https:\/\/www.gold.fr\/news\/wp-json\/wp\/v2\/tags?post=8159"},{"taxonomy":"author","embeddable":true,"href":"https:\/\/www.gold.fr\/news\/wp-json\/wp\/v2\/ppma_author?post=8159"}],"curies":[{"name":"wp","href":"https:\/\/api.w.org\/{rel}","templated":true}]}}