{"id":8147,"date":"2012-06-20T17:00:49","date_gmt":"2012-06-20T15:00:49","guid":{"rendered":"https:\/\/www.gold.fr\/news\/?p=8147"},"modified":"2019-08-02T10:42:27","modified_gmt":"2019-08-02T08:42:27","slug":"lor-va-t-il-retrouver-ses-heures-de-gloire","status":"publish","type":"post","link":"https:\/\/www.gold.fr\/news\/2012\/06\/20\/lor-va-t-il-retrouver-ses-heures-de-gloire\/","title":{"rendered":"L\u2019Or va-t-il retrouver ses heures de gloire ?"},"content":{"rendered":"<p><span style=\"font-size: small;\"><img loading=\"lazy\" decoding=\"async\" class=\"alignleft size-thumbnail wp-image-5545\" style=\"margin: 5px; border: 1px solid black;\" title=\"hausse du cours de l'or\" src=\"https:\/\/www.gold.fr\/news\/wp-content\/uploads\/2012\/02\/hausse-de-lor-150x150.jpg\" alt=\"\" width=\"150\" height=\"150\" \/>Il semble bien que oui ! Dans ce contexte \u00e9conomiquement difficile, l&rsquo;<a class=\"esk-seo-plu-link\" href=\"https:\/\/www.gold.fr\/news\/tags\/or\">Or<\/a> confirme une fois de plus sa r\u00e9putation de valeur refuge et ne souffre nullement de la crise europ\u00e9enne, qui elle, n&rsquo;a toujours pas trouv\u00e9 de solution.<\/span> <span style=\"font-size: small;\">Ce mercredi soir, d&rsquo;ailleurs, la Fed devrait faire \u00e9tat de ses conclusions prises par son comit\u00e9 de politique mon\u00e9taire (le FOMC), et malgr\u00e9 tout, <strong><a title=\"Cours de l'Or de Bourse\" href=\"https:\/\/www.gold.fr\/cours-prix-de-l-or\/\" target=\"_blank\" rel=\"noopener noreferrer\">le cours de l&rsquo;Or<\/a> est reparti de l&rsquo;avant.<\/strong><\/span> <span style=\"font-size: small;\">Pour aujourd&rsquo;hui, au terme du premier <a class=\"esk-seo-plu-link\" href=\"https:\/\/www.gold.fr\/news\/tags\/cours-de-lor\">fixing<\/a> sur le march\u00e9 de r\u00e9f\u00e9rence de Londres, <strong>l&rsquo;<a title=\"Once d'Or\" href=\"https:\/\/www.gold.fr\/once-en\/\" target=\"_blank\" rel=\"noopener noreferrer\">Once d&rsquo;Or<\/a> fin cotait 1.628,5 dollars<\/strong>. Une tr\u00e8s belle envol\u00e9e par rapport au <a class=\"esk-seo-plu-link\" href=\"https:\/\/www.gold.fr\/news\/tags\/cours-de-lor\">fixing<\/a> d&rsquo;hier apr\u00e8s-midi puisqu&rsquo;il gagne + 13 dollars soit + 9,6 euros.<\/span> <span style=\"font-size: small;\">C&rsquo;est un record depuis le 6 juin dernier, date \u00e0 laquelle l&rsquo;Once d&rsquo;<a class=\"esk-seo-plu-link\" href=\"https:\/\/www.gold.fr\/news\/tags\/or\">Or<\/a> fin cotait les 1.635 dollars. Plusieurs questions se posent et il semble bien que cette incertitude travaille la valeur de l&rsquo;<a class=\"esk-seo-plu-link\" href=\"https:\/\/www.gold.fr\/news\/tags\/or\">Or<\/a>. Sans oublier que les r\u00e9sultats du FOMC, le comit\u00e9 de politique mon\u00e9taire de la Fed am\u00e9ricaine, qui se tiendra demain soir sont tr\u00e8s attendus par les professionnels et experts.<\/span> <span style=\"font-size: small;\">D&rsquo;apr\u00e8s les estimations des sp\u00e9cialistes, le FOMC pourrait bien prendre de nouvelles mesures non conventionnelles, pour soutenir le <a class=\"esk-seo-plu-link\" href=\"https:\/\/www.gold.fr\/news\/tags\/cours-de-lor\">cours de l&rsquo;Or<\/a> par son caract\u00e8re plus ou moins dilutif sur le cours des devises fiduciaires relativement aux actifs tangibles.<\/span> <span style=\"font-size: small;\">Cette situation a aussi touch\u00e9 l&rsquo;encours de lingots adoss\u00e9s aux ETF aurif\u00e8res puisqu&rsquo;hier, il \u00e9tait \u00e0 2.399,7 tonnes compar\u00e9 \u00e0 2.375,2 tonnes le 1er juin.<\/span><\/p>\n<!-- AddThis Advanced Settings generic via filter on the_content --><!-- AddThis Share Buttons generic via filter on the_content -->","protected":false},"excerpt":{"rendered":"<p>Il semble bien que oui ! Dans ce contexte \u00e9conomiquement difficile, l&rsquo;Or confirme une fois de plus sa r\u00e9putation de valeur refuge et ne souffre nullement de la crise europ\u00e9enne, qui elle, n&rsquo;a toujours pas trouv\u00e9 [&hellip;]<\/p>\n","protected":false},"author":11,"featured_media":5545,"comment_status":"open","ping_status":"open","sticky":false,"template":"","format":"standard","meta":{"_mbp_gutenberg_autopost":false,"_pgmb_is_evergreen":false,"_pgmb_ap_template_id":0,"footnotes":""},"categories":[6],"tags":[385,384,96,85,84,234],"ppma_author":[2562],"class_list":["post-8147","post","type-post","status-publish","format-standard","has-post-thumbnail","hentry","category-articles-de-presse","tag-cours-de-lor-de-bourse","tag-hausse-du-cours-de-lor","tag-lingot-dor","tag-once-dor","tag-cours-de-lor","tag-valeur-refuge"],"yoast_head":"<!-- This site is optimized with the Yoast SEO plugin v27.5 - https:\/\/yoast.com\/product\/yoast-seo-wordpress\/ -->\n<title>L\u2019Or va-t-il retrouver ses heures de gloire ? - Gold.fr<\/title>\n<meta name=\"description\" content=\"L&#039;Or va-t-il retrouver ses heures de gloire ? Suivez l&#039;actualit\u00e9 et le cours de l&#039;or et des autres m\u00e9taux pr\u00e9cieux en direct sur Gold.fr. Le site d&#039;experts du Comptoir National de l&#039;Or.\" \/>\n<meta name=\"robots\" content=\"index, follow, max-snippet:-1, max-image-preview:large, max-video-preview:-1\" \/>\n<link rel=\"canonical\" href=\"https:\/\/www.gold.fr\/news\/2012\/06\/20\/lor-va-t-il-retrouver-ses-heures-de-gloire\/\" \/>\n<meta property=\"og:locale\" content=\"fr_FR\" \/>\n<meta property=\"og:type\" content=\"article\" \/>\n<meta property=\"og:title\" content=\"L\u2019Or va-t-il retrouver ses heures de gloire ? - Gold.fr\" \/>\n<meta property=\"og:description\" content=\"L&#039;Or va-t-il retrouver ses heures de gloire ? Suivez l&#039;actualit\u00e9 et le cours de l&#039;or et des autres m\u00e9taux pr\u00e9cieux en direct sur Gold.fr. Le site d&#039;experts du Comptoir National de l&#039;Or.\" \/>\n<meta property=\"og:url\" content=\"https:\/\/www.gold.fr\/news\/2012\/06\/20\/lor-va-t-il-retrouver-ses-heures-de-gloire\/\" \/>\n<meta property=\"og:site_name\" content=\"Gold.fr\" \/>\n<meta property=\"article:publisher\" content=\"https:\/\/www.facebook.com\/Goldfr\/\" \/>\n<meta property=\"article:published_time\" content=\"2012-06-20T15:00:49+00:00\" \/>\n<meta property=\"article:modified_time\" content=\"2019-08-02T08:42:27+00:00\" \/>\n<meta property=\"og:image\" content=\"https:\/\/www.gold.fr\/news\/wp-content\/uploads\/2012\/02\/hausse-de-lor.jpg\" \/>\n\t<meta property=\"og:image:width\" content=\"600\" \/>\n\t<meta property=\"og:image:height\" content=\"428\" \/>\n\t<meta property=\"og:image:type\" content=\"image\/jpeg\" \/>\n<meta name=\"author\" content=\"Anthony\" \/>\n<meta name=\"twitter:card\" content=\"summary_large_image\" \/>\n<meta name=\"twitter:label1\" content=\"\u00c9crit par\" \/>\n\t<meta name=\"twitter:data1\" content=\"Anthony\" \/>\n\t<meta name=\"twitter:label2\" content=\"Dur\u00e9e de lecture estim\u00e9e\" \/>\n\t<meta name=\"twitter:data2\" content=\"1 minute\" \/>\n<script type=\"application\/ld+json\" class=\"yoast-schema-graph\">{\"@context\":\"https:\\\/\\\/schema.org\",\"@graph\":[{\"@type\":\"Article\",\"@id\":\"https:\\\/\\\/www.gold.fr\\\/news\\\/2012\\\/06\\\/20\\\/lor-va-t-il-retrouver-ses-heures-de-gloire\\\/#article\",\"isPartOf\":{\"@id\":\"https:\\\/\\\/www.gold.fr\\\/news\\\/2012\\\/06\\\/20\\\/lor-va-t-il-retrouver-ses-heures-de-gloire\\\/\"},\"author\":{\"name\":\"Anthony\",\"@id\":\"https:\\\/\\\/www.gold.fr\\\/news\\\/#\\\/schema\\\/person\\\/feb6458ffd7bceeeb4e228398c34fbe5\"},\"headline\":\"L\u2019Or va-t-il retrouver ses heures de gloire ?\",\"datePublished\":\"2012-06-20T15:00:49+00:00\",\"dateModified\":\"2019-08-02T08:42:27+00:00\",\"mainEntityOfPage\":{\"@id\":\"https:\\\/\\\/www.gold.fr\\\/news\\\/2012\\\/06\\\/20\\\/lor-va-t-il-retrouver-ses-heures-de-gloire\\\/\"},\"wordCount\":265,\"commentCount\":0,\"image\":{\"@id\":\"https:\\\/\\\/www.gold.fr\\\/news\\\/2012\\\/06\\\/20\\\/lor-va-t-il-retrouver-ses-heures-de-gloire\\\/#primaryimage\"},\"thumbnailUrl\":\"https:\\\/\\\/www.gold.fr\\\/news\\\/wp-content\\\/uploads\\\/2012\\\/02\\\/hausse-de-lor.jpg\",\"keywords\":[\"cours de l'or de bourse\",\"hausse du cours de l'Or\",\"Lingot d'Or\",\"once d'or\",\"Tout Cours de l'Or\",\"Valeur refuge\"],\"articleSection\":[\"Articles de presse\"],\"inLanguage\":\"fr-FR\"},{\"@type\":\"WebPage\",\"@id\":\"https:\\\/\\\/www.gold.fr\\\/news\\\/2012\\\/06\\\/20\\\/lor-va-t-il-retrouver-ses-heures-de-gloire\\\/\",\"url\":\"https:\\\/\\\/www.gold.fr\\\/news\\\/2012\\\/06\\\/20\\\/lor-va-t-il-retrouver-ses-heures-de-gloire\\\/\",\"name\":\"L\u2019Or va-t-il retrouver ses heures de gloire ? - Gold.fr\",\"isPartOf\":{\"@id\":\"https:\\\/\\\/www.gold.fr\\\/news\\\/#website\"},\"primaryImageOfPage\":{\"@id\":\"https:\\\/\\\/www.gold.fr\\\/news\\\/2012\\\/06\\\/20\\\/lor-va-t-il-retrouver-ses-heures-de-gloire\\\/#primaryimage\"},\"image\":{\"@id\":\"https:\\\/\\\/www.gold.fr\\\/news\\\/2012\\\/06\\\/20\\\/lor-va-t-il-retrouver-ses-heures-de-gloire\\\/#primaryimage\"},\"thumbnailUrl\":\"https:\\\/\\\/www.gold.fr\\\/news\\\/wp-content\\\/uploads\\\/2012\\\/02\\\/hausse-de-lor.jpg\",\"datePublished\":\"2012-06-20T15:00:49+00:00\",\"dateModified\":\"2019-08-02T08:42:27+00:00\",\"author\":{\"@id\":\"https:\\\/\\\/www.gold.fr\\\/news\\\/#\\\/schema\\\/person\\\/feb6458ffd7bceeeb4e228398c34fbe5\"},\"description\":\"L'Or va-t-il retrouver ses heures de gloire ? Suivez l'actualit\u00e9 et le cours de l'or et des autres m\u00e9taux pr\u00e9cieux en direct sur Gold.fr. Le site d'experts du Comptoir National de l'Or.\",\"breadcrumb\":{\"@id\":\"https:\\\/\\\/www.gold.fr\\\/news\\\/2012\\\/06\\\/20\\\/lor-va-t-il-retrouver-ses-heures-de-gloire\\\/#breadcrumb\"},\"inLanguage\":\"fr-FR\",\"potentialAction\":[{\"@type\":\"ReadAction\",\"target\":[\"https:\\\/\\\/www.gold.fr\\\/news\\\/2012\\\/06\\\/20\\\/lor-va-t-il-retrouver-ses-heures-de-gloire\\\/\"]}]},{\"@type\":\"ImageObject\",\"inLanguage\":\"fr-FR\",\"@id\":\"https:\\\/\\\/www.gold.fr\\\/news\\\/2012\\\/06\\\/20\\\/lor-va-t-il-retrouver-ses-heures-de-gloire\\\/#primaryimage\",\"url\":\"https:\\\/\\\/www.gold.fr\\\/news\\\/wp-content\\\/uploads\\\/2012\\\/02\\\/hausse-de-lor.jpg\",\"contentUrl\":\"https:\\\/\\\/www.gold.fr\\\/news\\\/wp-content\\\/uploads\\\/2012\\\/02\\\/hausse-de-lor.jpg\",\"width\":\"600\",\"height\":\"428\",\"caption\":\"L\u2019or s\u2019appr\u00eate \u00e0 s\u2019envoler\"},{\"@type\":\"BreadcrumbList\",\"@id\":\"https:\\\/\\\/www.gold.fr\\\/news\\\/2012\\\/06\\\/20\\\/lor-va-t-il-retrouver-ses-heures-de-gloire\\\/#breadcrumb\",\"itemListElement\":[{\"@type\":\"ListItem\",\"position\":1,\"name\":\"Accueil\",\"item\":\"https:\\\/\\\/www.gold.fr\\\/\"},{\"@type\":\"ListItem\",\"position\":2,\"name\":\"Actualit\u00e9s\",\"item\":\"https:\\\/\\\/www.gold.fr\\\/news\\\/\"},{\"@type\":\"ListItem\",\"position\":3,\"name\":\"L\u2019Or va-t-il retrouver ses heures de gloire ?\"}]},{\"@type\":\"WebSite\",\"@id\":\"https:\\\/\\\/www.gold.fr\\\/news\\\/#website\",\"url\":\"https:\\\/\\\/www.gold.fr\\\/news\\\/\",\"name\":\"Gold.fr\",\"description\":\"Actualit\u00e9s de l&#039;Or et des m\u00e9taux pr\u00e9cieux\",\"potentialAction\":[{\"@type\":\"SearchAction\",\"target\":{\"@type\":\"EntryPoint\",\"urlTemplate\":\"https:\\\/\\\/www.gold.fr\\\/news\\\/?s={search_term_string}\"},\"query-input\":{\"@type\":\"PropertyValueSpecification\",\"valueRequired\":true,\"valueName\":\"search_term_string\"}}],\"inLanguage\":\"fr-FR\"},{\"@type\":\"Person\",\"@id\":\"https:\\\/\\\/www.gold.fr\\\/news\\\/#\\\/schema\\\/person\\\/feb6458ffd7bceeeb4e228398c34fbe5\",\"name\":\"Anthony\",\"image\":{\"@type\":\"ImageObject\",\"inLanguage\":\"fr-FR\",\"@id\":\"https:\\\/\\\/secure.gravatar.com\\\/avatar\\\/19974f7c75da5f0b217374f3a37eb05031e41aaad4ceb3fe17ada2ab3daf6b95?s=96&d=mm&r=gbc5324aff3d366843e00df00c899c1a8\",\"url\":\"https:\\\/\\\/secure.gravatar.com\\\/avatar\\\/19974f7c75da5f0b217374f3a37eb05031e41aaad4ceb3fe17ada2ab3daf6b95?s=96&d=mm&r=g\",\"contentUrl\":\"https:\\\/\\\/secure.gravatar.com\\\/avatar\\\/19974f7c75da5f0b217374f3a37eb05031e41aaad4ceb3fe17ada2ab3daf6b95?s=96&d=mm&r=g\",\"caption\":\"Anthony\"},\"description\":\"Notre r\u00e9daction est constitu\u00e9e de membres experts dans les m\u00e9tiers de l'\u00e9conomie et la gestion, des Responsables d'agence Comptoir National de l'Or, des analystes financiers qui publient r\u00e9guli\u00e8rement des \u00e9tudes sur les politiques des banques centrales, le cours de l'or, le cours de l'argent, cours du platine, cours du palladium... la situation en zone euro et l'impact de la strat\u00e9gie mon\u00e9taire de la FED. Notre \u00e9quipe scrute \u00e9galement une information plus g\u00e9n\u00e9raliste \u00e0 la recherche d'actualit\u00e9 \\\"p\u00e9pite\\\" \u00e0 vous partager. Depuis 5 ans, nous avons publi\u00e9 un peu plus de 4000 articles qui s'adressent \u00e0 un public large et vari\u00e9 ayant pour objectif de satisfaire votre curiosit\u00e9 et de partager avec vous une certaine fascination pour le m\u00e9tal jaune, pour ceux qui veulent investir dans l'or, vendre leur or tout simplement en savoir plus...\",\"sameAs\":[\"https:\\\/\\\/www.gold.fr\\\/news\"]}]}<\/script>\n<!-- \/ Yoast SEO plugin. -->","yoast_head_json":{"title":"L\u2019Or va-t-il retrouver ses heures de gloire ? - Gold.fr","description":"L'Or va-t-il retrouver ses heures de gloire ? Suivez l'actualit\u00e9 et le cours de l'or et des autres m\u00e9taux pr\u00e9cieux en direct sur Gold.fr. Le site d'experts du Comptoir National de l'Or.","robots":{"index":"index","follow":"follow","max-snippet":"max-snippet:-1","max-image-preview":"max-image-preview:large","max-video-preview":"max-video-preview:-1"},"canonical":"https:\/\/www.gold.fr\/news\/2012\/06\/20\/lor-va-t-il-retrouver-ses-heures-de-gloire\/","og_locale":"fr_FR","og_type":"article","og_title":"L\u2019Or va-t-il retrouver ses heures de gloire ? - Gold.fr","og_description":"L'Or va-t-il retrouver ses heures de gloire ? Suivez l'actualit\u00e9 et le cours de l'or et des autres m\u00e9taux pr\u00e9cieux en direct sur Gold.fr. Le site d'experts du Comptoir National de l'Or.","og_url":"https:\/\/www.gold.fr\/news\/2012\/06\/20\/lor-va-t-il-retrouver-ses-heures-de-gloire\/","og_site_name":"Gold.fr","article_publisher":"https:\/\/www.facebook.com\/Goldfr\/","article_published_time":"2012-06-20T15:00:49+00:00","article_modified_time":"2019-08-02T08:42:27+00:00","og_image":[{"width":600,"height":428,"url":"https:\/\/www.gold.fr\/news\/wp-content\/uploads\/2012\/02\/hausse-de-lor.jpg","type":"image\/jpeg"}],"author":"Anthony","twitter_card":"summary_large_image","twitter_misc":{"\u00c9crit par":"Anthony","Dur\u00e9e de lecture estim\u00e9e":"1 minute"},"schema":{"@context":"https:\/\/schema.org","@graph":[{"@type":"Article","@id":"https:\/\/www.gold.fr\/news\/2012\/06\/20\/lor-va-t-il-retrouver-ses-heures-de-gloire\/#article","isPartOf":{"@id":"https:\/\/www.gold.fr\/news\/2012\/06\/20\/lor-va-t-il-retrouver-ses-heures-de-gloire\/"},"author":{"name":"Anthony","@id":"https:\/\/www.gold.fr\/news\/#\/schema\/person\/feb6458ffd7bceeeb4e228398c34fbe5"},"headline":"L\u2019Or va-t-il retrouver ses heures de gloire ?","datePublished":"2012-06-20T15:00:49+00:00","dateModified":"2019-08-02T08:42:27+00:00","mainEntityOfPage":{"@id":"https:\/\/www.gold.fr\/news\/2012\/06\/20\/lor-va-t-il-retrouver-ses-heures-de-gloire\/"},"wordCount":265,"commentCount":0,"image":{"@id":"https:\/\/www.gold.fr\/news\/2012\/06\/20\/lor-va-t-il-retrouver-ses-heures-de-gloire\/#primaryimage"},"thumbnailUrl":"https:\/\/www.gold.fr\/news\/wp-content\/uploads\/2012\/02\/hausse-de-lor.jpg","keywords":["cours de l'or de bourse","hausse du cours de l'Or","Lingot d'Or","once d'or","Tout Cours de l'Or","Valeur refuge"],"articleSection":["Articles de presse"],"inLanguage":"fr-FR"},{"@type":"WebPage","@id":"https:\/\/www.gold.fr\/news\/2012\/06\/20\/lor-va-t-il-retrouver-ses-heures-de-gloire\/","url":"https:\/\/www.gold.fr\/news\/2012\/06\/20\/lor-va-t-il-retrouver-ses-heures-de-gloire\/","name":"L\u2019Or va-t-il retrouver ses heures de gloire ? - Gold.fr","isPartOf":{"@id":"https:\/\/www.gold.fr\/news\/#website"},"primaryImageOfPage":{"@id":"https:\/\/www.gold.fr\/news\/2012\/06\/20\/lor-va-t-il-retrouver-ses-heures-de-gloire\/#primaryimage"},"image":{"@id":"https:\/\/www.gold.fr\/news\/2012\/06\/20\/lor-va-t-il-retrouver-ses-heures-de-gloire\/#primaryimage"},"thumbnailUrl":"https:\/\/www.gold.fr\/news\/wp-content\/uploads\/2012\/02\/hausse-de-lor.jpg","datePublished":"2012-06-20T15:00:49+00:00","dateModified":"2019-08-02T08:42:27+00:00","author":{"@id":"https:\/\/www.gold.fr\/news\/#\/schema\/person\/feb6458ffd7bceeeb4e228398c34fbe5"},"description":"L'Or va-t-il retrouver ses heures de gloire ? Suivez l'actualit\u00e9 et le cours de l'or et des autres m\u00e9taux pr\u00e9cieux en direct sur Gold.fr. Le site d'experts du Comptoir National de l'Or.","breadcrumb":{"@id":"https:\/\/www.gold.fr\/news\/2012\/06\/20\/lor-va-t-il-retrouver-ses-heures-de-gloire\/#breadcrumb"},"inLanguage":"fr-FR","potentialAction":[{"@type":"ReadAction","target":["https:\/\/www.gold.fr\/news\/2012\/06\/20\/lor-va-t-il-retrouver-ses-heures-de-gloire\/"]}]},{"@type":"ImageObject","inLanguage":"fr-FR","@id":"https:\/\/www.gold.fr\/news\/2012\/06\/20\/lor-va-t-il-retrouver-ses-heures-de-gloire\/#primaryimage","url":"https:\/\/www.gold.fr\/news\/wp-content\/uploads\/2012\/02\/hausse-de-lor.jpg","contentUrl":"https:\/\/www.gold.fr\/news\/wp-content\/uploads\/2012\/02\/hausse-de-lor.jpg","width":"600","height":"428","caption":"L\u2019or s\u2019appr\u00eate \u00e0 s\u2019envoler"},{"@type":"BreadcrumbList","@id":"https:\/\/www.gold.fr\/news\/2012\/06\/20\/lor-va-t-il-retrouver-ses-heures-de-gloire\/#breadcrumb","itemListElement":[{"@type":"ListItem","position":1,"name":"Accueil","item":"https:\/\/www.gold.fr\/"},{"@type":"ListItem","position":2,"name":"Actualit\u00e9s","item":"https:\/\/www.gold.fr\/news\/"},{"@type":"ListItem","position":3,"name":"L\u2019Or va-t-il retrouver ses heures de gloire ?"}]},{"@type":"WebSite","@id":"https:\/\/www.gold.fr\/news\/#website","url":"https:\/\/www.gold.fr\/news\/","name":"Gold.fr","description":"Actualit\u00e9s de l&#039;Or et des m\u00e9taux pr\u00e9cieux","potentialAction":[{"@type":"SearchAction","target":{"@type":"EntryPoint","urlTemplate":"https:\/\/www.gold.fr\/news\/?s={search_term_string}"},"query-input":{"@type":"PropertyValueSpecification","valueRequired":true,"valueName":"search_term_string"}}],"inLanguage":"fr-FR"},{"@type":"Person","@id":"https:\/\/www.gold.fr\/news\/#\/schema\/person\/feb6458ffd7bceeeb4e228398c34fbe5","name":"Anthony","image":{"@type":"ImageObject","inLanguage":"fr-FR","@id":"https:\/\/secure.gravatar.com\/avatar\/19974f7c75da5f0b217374f3a37eb05031e41aaad4ceb3fe17ada2ab3daf6b95?s=96&d=mm&r=gbc5324aff3d366843e00df00c899c1a8","url":"https:\/\/secure.gravatar.com\/avatar\/19974f7c75da5f0b217374f3a37eb05031e41aaad4ceb3fe17ada2ab3daf6b95?s=96&d=mm&r=g","contentUrl":"https:\/\/secure.gravatar.com\/avatar\/19974f7c75da5f0b217374f3a37eb05031e41aaad4ceb3fe17ada2ab3daf6b95?s=96&d=mm&r=g","caption":"Anthony"},"description":"Notre r\u00e9daction est constitu\u00e9e de membres experts dans les m\u00e9tiers de l'\u00e9conomie et la gestion, des Responsables d'agence Comptoir National de l'Or, des analystes financiers qui publient r\u00e9guli\u00e8rement des \u00e9tudes sur les politiques des banques centrales, le cours de l'or, le cours de l'argent, cours du platine, cours du palladium... la situation en zone euro et l'impact de la strat\u00e9gie mon\u00e9taire de la FED. Notre \u00e9quipe scrute \u00e9galement une information plus g\u00e9n\u00e9raliste \u00e0 la recherche d'actualit\u00e9 \"p\u00e9pite\" \u00e0 vous partager. Depuis 5 ans, nous avons publi\u00e9 un peu plus de 4000 articles qui s'adressent \u00e0 un public large et vari\u00e9 ayant pour objectif de satisfaire votre curiosit\u00e9 et de partager avec vous une certaine fascination pour le m\u00e9tal jaune, pour ceux qui veulent investir dans l'or, vendre leur or tout simplement en savoir plus...","sameAs":["https:\/\/www.gold.fr\/news"]}]}},"authors":[{"term_id":2562,"user_id":11,"is_guest":0,"slug":"anthony","display_name":"Anthony","avatar_url":"https:\/\/secure.gravatar.com\/avatar\/19974f7c75da5f0b217374f3a37eb05031e41aaad4ceb3fe17ada2ab3daf6b95?s=96&d=mm&r=g","0":null,"1":"","2":"","3":"","4":"","5":"","6":"","7":"","8":""}],"_links":{"self":[{"href":"https:\/\/www.gold.fr\/news\/wp-json\/wp\/v2\/posts\/8147","targetHints":{"allow":["GET"]}}],"collection":[{"href":"https:\/\/www.gold.fr\/news\/wp-json\/wp\/v2\/posts"}],"about":[{"href":"https:\/\/www.gold.fr\/news\/wp-json\/wp\/v2\/types\/post"}],"author":[{"embeddable":true,"href":"https:\/\/www.gold.fr\/news\/wp-json\/wp\/v2\/users\/11"}],"replies":[{"embeddable":true,"href":"https:\/\/www.gold.fr\/news\/wp-json\/wp\/v2\/comments?post=8147"}],"version-history":[{"count":0,"href":"https:\/\/www.gold.fr\/news\/wp-json\/wp\/v2\/posts\/8147\/revisions"}],"wp:featuredmedia":[{"embeddable":true,"href":"https:\/\/www.gold.fr\/news\/wp-json\/wp\/v2\/media\/5545"}],"wp:attachment":[{"href":"https:\/\/www.gold.fr\/news\/wp-json\/wp\/v2\/media?parent=8147"}],"wp:term":[{"taxonomy":"category","embeddable":true,"href":"https:\/\/www.gold.fr\/news\/wp-json\/wp\/v2\/categories?post=8147"},{"taxonomy":"post_tag","embeddable":true,"href":"https:\/\/www.gold.fr\/news\/wp-json\/wp\/v2\/tags?post=8147"},{"taxonomy":"author","embeddable":true,"href":"https:\/\/www.gold.fr\/news\/wp-json\/wp\/v2\/ppma_author?post=8147"}],"curies":[{"name":"wp","href":"https:\/\/api.w.org\/{rel}","templated":true}]}}