{"id":7932,"date":"2012-06-26T09:00:37","date_gmt":"2012-06-26T07:00:37","guid":{"rendered":"https:\/\/www.gold.fr\/news\/?p=7932"},"modified":"2018-03-16T11:22:31","modified_gmt":"2018-03-16T10:22:31","slug":"antony-ouverture-du-51eme-comptoir-national-de-lor","status":"publish","type":"post","link":"https:\/\/www.gold.fr\/news\/2012\/06\/26\/antony-ouverture-du-51eme-comptoir-national-de-lor\/","title":{"rendered":"Antony &#038; Cherbourg : Ouverture du 51\u00e8me et 52\u00e8me Comptoir National de l\u2019Or"},"content":{"rendered":"<p><img loading=\"lazy\" decoding=\"async\" class=\"alignleft size-full wp-image-7743\" title=\"Comptoir National de l'Or - Gold.fr\" src=\"https:\/\/www.gold.fr\/news\/wp-content\/uploads\/2012\/06\/logo_cndo.jpg\" alt=\"\" width=\"150\" height=\"84\" srcset=\"https:\/\/www.gold.fr\/news\/wp-content\/uploads\/2012\/06\/logo_cndo.jpg 150w, https:\/\/www.gold.fr\/news\/wp-content\/uploads\/2012\/06\/logo_cndo-1x1.jpg 1w\" sizes=\"auto, (max-width: 150px) 100vw, 150px\" \/><span style=\"font-size: small;\">Aujourd&rsquo;hui, mardi 26 juin 2012, deux nouveaux <a class=\"esk-seo-plu-link\" href=\"https:\/\/www.gold.fr\/news\/tags\/comptoir-achat-dor\">Comptoirs<\/a> d&rsquo;achat et de vente d&rsquo;Or ouvrent leurs portes \u00e0 <strong>Antony<\/strong> et <strong>Cherbourg<\/strong> !<\/span> <span style=\"font-size: small;\">Venez nous rendre visite d\u00e8s maintenant, afin de b\u00e9n\u00e9ficier d&rsquo;une expertise gratuite de qualit\u00e9 sur vos <strong>bijoux en or<\/strong>, <strong>pi\u00e8ces d&rsquo;or<\/strong>, <strong>or dentaire<\/strong> et <strong>d\u00e9bris d&rsquo;or. <\/strong>Vous avez \u00e9galement la possibilit\u00e9 d&rsquo;<strong><a title=\"Achat Or\" href=\"https:\/\/www.gold.fr\/achat-or\/\" target=\"_blank\" rel=\"noopener\">acheter<\/a><\/strong><strong> pi\u00e8ces d&rsquo;or<\/strong> (Napol\u00e9ons 20 Francs, Croix Suisse, Krugerrand\u2026), <strong>lingots d&rsquo;or et<\/strong> <strong>lingotins <\/strong>sur <a title=\"Cours de l'Or de bourse\" href=\"https:\/\/www.gold.fr\/cours-prix-de-l-or\/\" target=\"_blank\" rel=\"noopener\">les cours officiels de la bourse.<\/a><\/span> <span style=\"font-size: small;\"><a title=\"Comptoir National de l'Or d'Antony\" href=\"https:\/\/www.gold.fr\/comptoirs-ville\/antony\/\" target=\"_blank\" rel=\"noopener\">Comptoir National de l&rsquo;Or d&rsquo;Antony<\/a> :<\/span> <span style=\"font-size: small;\">Responsable d&rsquo;<a class=\"esk-seo-plu-link\" href=\"https:\/\/www.gold.fr\/news\/tags\/comptoir-achat-dor\">agence<\/a> : Bruno Charef<\/span> <span style=\"font-size: small;\">Adresse : 84 avenue de la Division Leclerc &#8211; 92160 Antony<\/span> <span style=\"font-size: small;\">Tel : 01 46 68 92 08<\/span> <span style=\"font-size: small;\">Mail : antony@gold.fr<\/span> <span style=\"font-size: small;\"><a title=\"Contact comptoir d'achat et de vente d'or d'Antony\" href=\"https:\/\/www.gold.fr\/contact-comptoir\/antony\/\" target=\"_blank\" rel=\"noopener\">&gt;&gt;&gt; Contacter ce comptoir<\/a><\/span> \u00a0 <span style=\"font-size: small;\"><a title=\"Comptoir National de l'Or de Cherbourg\" href=\"https:\/\/www.gold.fr\/comptoirs-ville\/cherbourg\/\" target=\"_blank\" rel=\"noopener\">Comptoir National de l&rsquo;Or de Cherbourg<\/a> :<\/span> <span style=\"font-size: small;\">Responsable d&rsquo;<a class=\"esk-seo-plu-link\" href=\"https:\/\/www.gold.fr\/news\/tags\/comptoir-achat-dor\">agence<\/a> : Thierry Cantin<\/span> <span style=\"font-size: small;\">Adresse : 42 rue Gambetta &#8211; 50100 Cherbourg<\/span> <span style=\"font-size: small;\">Tel : 09 83 09 44 98<\/span> <span style=\"font-size: small;\">Mail : cherbourg@gold.fr<\/span> <span style=\"font-size: small;\"><a title=\"Contact comptoir Cherbourg\" href=\"https:\/\/www.gold.fr\/contact-comptoir\/cherbourg\/\" target=\"_blank\" rel=\"noopener\">&gt;&gt;&gt; Contacter ce comptoir<\/a><\/span><\/p>\n<!-- AddThis Advanced Settings generic via filter on the_content --><!-- AddThis Share Buttons generic via filter on the_content -->","protected":false},"excerpt":{"rendered":"<p>Aujourd&rsquo;hui, mardi 26 juin 2012, deux nouveaux Comptoirs d&rsquo;achat et de vente d&rsquo;Or ouvrent leurs portes \u00e0 Antony et Cherbourg ! Venez nous rendre visite d\u00e8s maintenant, afin de b\u00e9n\u00e9ficier d&rsquo;une expertise gratuite de qualit\u00e9 sur [&hellip;]<\/p>\n","protected":false},"author":43,"featured_media":7742,"comment_status":"open","ping_status":"open","sticky":false,"template":"","format":"standard","meta":{"_mbp_gutenberg_autopost":false,"_pgmb_is_evergreen":false,"_pgmb_ap_template_id":0,"footnotes":""},"categories":[5],"tags":[17,231,573,566,18,464,537,539,569,570],"ppma_author":[2562],"class_list":["post-7932","post","type-post","status-publish","format-standard","has-post-thumbnail","hentry","category-flash-infos","tag-achat-dor","tag-achat-or","tag-cherbourg","tag-comptoir-national-de-lor-antony","tag-vente-dor","tag-vente-or","tag-_antony_","tag-_antony_footer_","tag-_cherbourg_","tag-_cherbourg_footer_"],"yoast_head":"<!-- This site is optimized with the Yoast SEO plugin v27.5 - https:\/\/yoast.com\/product\/yoast-seo-wordpress\/ -->\n<title>Antony &amp; Cherbourg : Ouverture du 51\u00e8me et 52\u00e8me Comptoir National de l\u2019Or - Gold.fr<\/title>\n<meta name=\"robots\" content=\"index, follow, max-snippet:-1, max-image-preview:large, max-video-preview:-1\" \/>\n<link rel=\"canonical\" href=\"https:\/\/www.gold.fr\/news\/2012\/06\/26\/antony-ouverture-du-51eme-comptoir-national-de-lor\/\" \/>\n<meta property=\"og:locale\" content=\"fr_FR\" \/>\n<meta property=\"og:type\" content=\"article\" \/>\n<meta property=\"og:title\" content=\"Antony &amp; Cherbourg : Ouverture du 51\u00e8me et 52\u00e8me Comptoir National de l\u2019Or - Gold.fr\" \/>\n<meta property=\"og:description\" content=\"Aujourd&rsquo;hui, mardi 26 juin 2012, deux nouveaux Comptoirs d&rsquo;achat et de vente d&rsquo;Or ouvrent leurs portes \u00e0 Antony et Cherbourg ! Venez nous rendre visite d\u00e8s maintenant, afin de b\u00e9n\u00e9ficier d&rsquo;une expertise gratuite de qualit\u00e9 sur [&hellip;]\" \/>\n<meta property=\"og:url\" content=\"https:\/\/www.gold.fr\/news\/2012\/06\/26\/antony-ouverture-du-51eme-comptoir-national-de-lor\/\" \/>\n<meta property=\"og:site_name\" content=\"Gold.fr\" \/>\n<meta property=\"article:publisher\" content=\"https:\/\/www.facebook.com\/Goldfr\/\" \/>\n<meta property=\"article:published_time\" content=\"2012-06-26T07:00:37+00:00\" \/>\n<meta property=\"article:modified_time\" content=\"2018-03-16T10:22:31+00:00\" \/>\n<meta property=\"og:image\" content=\"https:\/\/www.gold.fr\/news\/wp-content\/uploads\/2012\/06\/logo-cndo.jpg\" \/>\n\t<meta property=\"og:image:width\" content=\"620\" \/>\n\t<meta property=\"og:image:height\" content=\"349\" \/>\n\t<meta property=\"og:image:type\" content=\"image\/jpeg\" \/>\n<meta name=\"author\" content=\"Anthony\" \/>\n<meta name=\"twitter:card\" content=\"summary_large_image\" \/>\n<meta name=\"twitter:label1\" content=\"\u00c9crit par\" \/>\n\t<meta name=\"twitter:data1\" content=\"Samy\" \/>\n\t<meta name=\"twitter:label2\" content=\"Dur\u00e9e de lecture estim\u00e9e\" \/>\n\t<meta name=\"twitter:data2\" content=\"1 minute\" \/>\n<script type=\"application\/ld+json\" class=\"yoast-schema-graph\">{\"@context\":\"https:\\\/\\\/schema.org\",\"@graph\":[{\"@type\":\"Article\",\"@id\":\"https:\\\/\\\/www.gold.fr\\\/news\\\/2012\\\/06\\\/26\\\/antony-ouverture-du-51eme-comptoir-national-de-lor\\\/#article\",\"isPartOf\":{\"@id\":\"https:\\\/\\\/www.gold.fr\\\/news\\\/2012\\\/06\\\/26\\\/antony-ouverture-du-51eme-comptoir-national-de-lor\\\/\"},\"author\":{\"name\":\"Samy\",\"@id\":\"https:\\\/\\\/www.gold.fr\\\/news\\\/#\\\/schema\\\/person\\\/6a977448ae6ba85f43a46d35fc66f82b\"},\"headline\":\"Antony &#038; Cherbourg : Ouverture du 51\u00e8me et 52\u00e8me Comptoir National de l\u2019Or\",\"datePublished\":\"2012-06-26T07:00:37+00:00\",\"dateModified\":\"2018-03-16T10:22:31+00:00\",\"mainEntityOfPage\":{\"@id\":\"https:\\\/\\\/www.gold.fr\\\/news\\\/2012\\\/06\\\/26\\\/antony-ouverture-du-51eme-comptoir-national-de-lor\\\/\"},\"wordCount\":154,\"commentCount\":0,\"image\":{\"@id\":\"https:\\\/\\\/www.gold.fr\\\/news\\\/2012\\\/06\\\/26\\\/antony-ouverture-du-51eme-comptoir-national-de-lor\\\/#primaryimage\"},\"thumbnailUrl\":\"https:\\\/\\\/www.gold.fr\\\/news\\\/wp-content\\\/uploads\\\/2012\\\/06\\\/logo-cndo.jpg\",\"keywords\":[\"Achat d'Or\",\"Achat or\",\"Cherbourg\",\"Comptoir National de l'Or Antony\",\"Vente d'Or\",\"Vente or\",\"_Antony_\",\"_Antony_Footer_\",\"_Cherbourg_\",\"_Cherbourg_Footer_\"],\"articleSection\":[\"Flash infos\"],\"inLanguage\":\"fr-FR\"},{\"@type\":\"WebPage\",\"@id\":\"https:\\\/\\\/www.gold.fr\\\/news\\\/2012\\\/06\\\/26\\\/antony-ouverture-du-51eme-comptoir-national-de-lor\\\/\",\"url\":\"https:\\\/\\\/www.gold.fr\\\/news\\\/2012\\\/06\\\/26\\\/antony-ouverture-du-51eme-comptoir-national-de-lor\\\/\",\"name\":\"Antony & Cherbourg : Ouverture du 51\u00e8me et 52\u00e8me Comptoir National de l\u2019Or - Gold.fr\",\"isPartOf\":{\"@id\":\"https:\\\/\\\/www.gold.fr\\\/news\\\/#website\"},\"primaryImageOfPage\":{\"@id\":\"https:\\\/\\\/www.gold.fr\\\/news\\\/2012\\\/06\\\/26\\\/antony-ouverture-du-51eme-comptoir-national-de-lor\\\/#primaryimage\"},\"image\":{\"@id\":\"https:\\\/\\\/www.gold.fr\\\/news\\\/2012\\\/06\\\/26\\\/antony-ouverture-du-51eme-comptoir-national-de-lor\\\/#primaryimage\"},\"thumbnailUrl\":\"https:\\\/\\\/www.gold.fr\\\/news\\\/wp-content\\\/uploads\\\/2012\\\/06\\\/logo-cndo.jpg\",\"datePublished\":\"2012-06-26T07:00:37+00:00\",\"dateModified\":\"2018-03-16T10:22:31+00:00\",\"author\":{\"@id\":\"https:\\\/\\\/www.gold.fr\\\/news\\\/#\\\/schema\\\/person\\\/6a977448ae6ba85f43a46d35fc66f82b\"},\"breadcrumb\":{\"@id\":\"https:\\\/\\\/www.gold.fr\\\/news\\\/2012\\\/06\\\/26\\\/antony-ouverture-du-51eme-comptoir-national-de-lor\\\/#breadcrumb\"},\"inLanguage\":\"fr-FR\",\"potentialAction\":[{\"@type\":\"ReadAction\",\"target\":[\"https:\\\/\\\/www.gold.fr\\\/news\\\/2012\\\/06\\\/26\\\/antony-ouverture-du-51eme-comptoir-national-de-lor\\\/\"]}]},{\"@type\":\"ImageObject\",\"inLanguage\":\"fr-FR\",\"@id\":\"https:\\\/\\\/www.gold.fr\\\/news\\\/2012\\\/06\\\/26\\\/antony-ouverture-du-51eme-comptoir-national-de-lor\\\/#primaryimage\",\"url\":\"https:\\\/\\\/www.gold.fr\\\/news\\\/wp-content\\\/uploads\\\/2012\\\/06\\\/logo-cndo.jpg\",\"contentUrl\":\"https:\\\/\\\/www.gold.fr\\\/news\\\/wp-content\\\/uploads\\\/2012\\\/06\\\/logo-cndo.jpg\",\"width\":\"620\",\"height\":\"349\",\"caption\":\"Logo Comptoir National de l'Or\"},{\"@type\":\"BreadcrumbList\",\"@id\":\"https:\\\/\\\/www.gold.fr\\\/news\\\/2012\\\/06\\\/26\\\/antony-ouverture-du-51eme-comptoir-national-de-lor\\\/#breadcrumb\",\"itemListElement\":[{\"@type\":\"ListItem\",\"position\":1,\"name\":\"Accueil\",\"item\":\"https:\\\/\\\/www.gold.fr\\\/\"},{\"@type\":\"ListItem\",\"position\":2,\"name\":\"Actualit\u00e9s\",\"item\":\"https:\\\/\\\/www.gold.fr\\\/news\\\/\"},{\"@type\":\"ListItem\",\"position\":3,\"name\":\"Antony &#038; Cherbourg : Ouverture du 51\u00e8me et 52\u00e8me Comptoir National de l\u2019Or\"}]},{\"@type\":\"WebSite\",\"@id\":\"https:\\\/\\\/www.gold.fr\\\/news\\\/#website\",\"url\":\"https:\\\/\\\/www.gold.fr\\\/news\\\/\",\"name\":\"Gold.fr\",\"description\":\"Actualit\u00e9s de l&#039;Or et des m\u00e9taux pr\u00e9cieux\",\"potentialAction\":[{\"@type\":\"SearchAction\",\"target\":{\"@type\":\"EntryPoint\",\"urlTemplate\":\"https:\\\/\\\/www.gold.fr\\\/news\\\/?s={search_term_string}\"},\"query-input\":{\"@type\":\"PropertyValueSpecification\",\"valueRequired\":true,\"valueName\":\"search_term_string\"}}],\"inLanguage\":\"fr-FR\"},{\"@type\":\"Person\",\"@id\":\"https:\\\/\\\/www.gold.fr\\\/news\\\/#\\\/schema\\\/person\\\/6a977448ae6ba85f43a46d35fc66f82b\",\"name\":\"Samy\",\"image\":{\"@type\":\"ImageObject\",\"inLanguage\":\"fr-FR\",\"@id\":\"https:\\\/\\\/secure.gravatar.com\\\/avatar\\\/ec3b1ee8da06b98b0d3b7da383393987ae73756a23e0f3ec4c1ea09e0e65804d?s=96&d=mm&r=g9bbe2ee6067d4fa1a1e531a356169f97\",\"url\":\"https:\\\/\\\/secure.gravatar.com\\\/avatar\\\/ec3b1ee8da06b98b0d3b7da383393987ae73756a23e0f3ec4c1ea09e0e65804d?s=96&d=mm&r=g\",\"contentUrl\":\"https:\\\/\\\/secure.gravatar.com\\\/avatar\\\/ec3b1ee8da06b98b0d3b7da383393987ae73756a23e0f3ec4c1ea09e0e65804d?s=96&d=mm&r=g\",\"caption\":\"Samy\"},\"description\":\"Notre r\u00e9daction est constitu\u00e9e de membres experts dans les m\u00e9tiers de l'\u00e9conomie et la gestion, des Responsables d'agence Comptoir National de l'Or, des analystes financiers qui publient r\u00e9guli\u00e8rement des \u00e9tudes sur les politiques des banques centrales, le cours de l'or, le cours de l'argent, cours du platine, cours du palladium... la situation en zone euro et l'impact de la strat\u00e9gie mon\u00e9taire de la FED. Notre \u00e9quipe scrute \u00e9galement une information plus g\u00e9n\u00e9raliste \u00e0 la recherche d'actualit\u00e9 \\\"p\u00e9pite\\\" \u00e0 vous partager. Depuis 5 ans, nous avons publi\u00e9 un peu plus de 4000 articles qui s'adressent \u00e0 un public large et vari\u00e9 ayant pour objectif de satisfaire votre curiosit\u00e9 et de partager avec vous une certaine fascination pour le m\u00e9tal jaune, pour ceux qui veulent investir dans l'or, vendre leur or tout simplement en savoir plus...\"}]}<\/script>\n<!-- \/ Yoast SEO plugin. -->","yoast_head_json":{"title":"Antony & Cherbourg : Ouverture du 51\u00e8me et 52\u00e8me Comptoir National de l\u2019Or - Gold.fr","robots":{"index":"index","follow":"follow","max-snippet":"max-snippet:-1","max-image-preview":"max-image-preview:large","max-video-preview":"max-video-preview:-1"},"canonical":"https:\/\/www.gold.fr\/news\/2012\/06\/26\/antony-ouverture-du-51eme-comptoir-national-de-lor\/","og_locale":"fr_FR","og_type":"article","og_title":"Antony & Cherbourg : Ouverture du 51\u00e8me et 52\u00e8me Comptoir National de l\u2019Or - Gold.fr","og_description":"Aujourd&rsquo;hui, mardi 26 juin 2012, deux nouveaux Comptoirs d&rsquo;achat et de vente d&rsquo;Or ouvrent leurs portes \u00e0 Antony et Cherbourg ! Venez nous rendre visite d\u00e8s maintenant, afin de b\u00e9n\u00e9ficier d&rsquo;une expertise gratuite de qualit\u00e9 sur [&hellip;]","og_url":"https:\/\/www.gold.fr\/news\/2012\/06\/26\/antony-ouverture-du-51eme-comptoir-national-de-lor\/","og_site_name":"Gold.fr","article_publisher":"https:\/\/www.facebook.com\/Goldfr\/","article_published_time":"2012-06-26T07:00:37+00:00","article_modified_time":"2018-03-16T10:22:31+00:00","og_image":[{"width":620,"height":349,"url":"https:\/\/www.gold.fr\/news\/wp-content\/uploads\/2012\/06\/logo-cndo.jpg","type":"image\/jpeg"}],"author":"Anthony","twitter_card":"summary_large_image","twitter_misc":{"\u00c9crit par":"Samy","Dur\u00e9e de lecture estim\u00e9e":"1 minute"},"schema":{"@context":"https:\/\/schema.org","@graph":[{"@type":"Article","@id":"https:\/\/www.gold.fr\/news\/2012\/06\/26\/antony-ouverture-du-51eme-comptoir-national-de-lor\/#article","isPartOf":{"@id":"https:\/\/www.gold.fr\/news\/2012\/06\/26\/antony-ouverture-du-51eme-comptoir-national-de-lor\/"},"author":{"name":"Samy","@id":"https:\/\/www.gold.fr\/news\/#\/schema\/person\/6a977448ae6ba85f43a46d35fc66f82b"},"headline":"Antony &#038; Cherbourg : Ouverture du 51\u00e8me et 52\u00e8me Comptoir National de l\u2019Or","datePublished":"2012-06-26T07:00:37+00:00","dateModified":"2018-03-16T10:22:31+00:00","mainEntityOfPage":{"@id":"https:\/\/www.gold.fr\/news\/2012\/06\/26\/antony-ouverture-du-51eme-comptoir-national-de-lor\/"},"wordCount":154,"commentCount":0,"image":{"@id":"https:\/\/www.gold.fr\/news\/2012\/06\/26\/antony-ouverture-du-51eme-comptoir-national-de-lor\/#primaryimage"},"thumbnailUrl":"https:\/\/www.gold.fr\/news\/wp-content\/uploads\/2012\/06\/logo-cndo.jpg","keywords":["Achat d'Or","Achat or","Cherbourg","Comptoir National de l'Or Antony","Vente d'Or","Vente or","_Antony_","_Antony_Footer_","_Cherbourg_","_Cherbourg_Footer_"],"articleSection":["Flash infos"],"inLanguage":"fr-FR"},{"@type":"WebPage","@id":"https:\/\/www.gold.fr\/news\/2012\/06\/26\/antony-ouverture-du-51eme-comptoir-national-de-lor\/","url":"https:\/\/www.gold.fr\/news\/2012\/06\/26\/antony-ouverture-du-51eme-comptoir-national-de-lor\/","name":"Antony & Cherbourg : Ouverture du 51\u00e8me et 52\u00e8me Comptoir National de l\u2019Or - Gold.fr","isPartOf":{"@id":"https:\/\/www.gold.fr\/news\/#website"},"primaryImageOfPage":{"@id":"https:\/\/www.gold.fr\/news\/2012\/06\/26\/antony-ouverture-du-51eme-comptoir-national-de-lor\/#primaryimage"},"image":{"@id":"https:\/\/www.gold.fr\/news\/2012\/06\/26\/antony-ouverture-du-51eme-comptoir-national-de-lor\/#primaryimage"},"thumbnailUrl":"https:\/\/www.gold.fr\/news\/wp-content\/uploads\/2012\/06\/logo-cndo.jpg","datePublished":"2012-06-26T07:00:37+00:00","dateModified":"2018-03-16T10:22:31+00:00","author":{"@id":"https:\/\/www.gold.fr\/news\/#\/schema\/person\/6a977448ae6ba85f43a46d35fc66f82b"},"breadcrumb":{"@id":"https:\/\/www.gold.fr\/news\/2012\/06\/26\/antony-ouverture-du-51eme-comptoir-national-de-lor\/#breadcrumb"},"inLanguage":"fr-FR","potentialAction":[{"@type":"ReadAction","target":["https:\/\/www.gold.fr\/news\/2012\/06\/26\/antony-ouverture-du-51eme-comptoir-national-de-lor\/"]}]},{"@type":"ImageObject","inLanguage":"fr-FR","@id":"https:\/\/www.gold.fr\/news\/2012\/06\/26\/antony-ouverture-du-51eme-comptoir-national-de-lor\/#primaryimage","url":"https:\/\/www.gold.fr\/news\/wp-content\/uploads\/2012\/06\/logo-cndo.jpg","contentUrl":"https:\/\/www.gold.fr\/news\/wp-content\/uploads\/2012\/06\/logo-cndo.jpg","width":"620","height":"349","caption":"Logo Comptoir National de l'Or"},{"@type":"BreadcrumbList","@id":"https:\/\/www.gold.fr\/news\/2012\/06\/26\/antony-ouverture-du-51eme-comptoir-national-de-lor\/#breadcrumb","itemListElement":[{"@type":"ListItem","position":1,"name":"Accueil","item":"https:\/\/www.gold.fr\/"},{"@type":"ListItem","position":2,"name":"Actualit\u00e9s","item":"https:\/\/www.gold.fr\/news\/"},{"@type":"ListItem","position":3,"name":"Antony &#038; Cherbourg : Ouverture du 51\u00e8me et 52\u00e8me Comptoir National de l\u2019Or"}]},{"@type":"WebSite","@id":"https:\/\/www.gold.fr\/news\/#website","url":"https:\/\/www.gold.fr\/news\/","name":"Gold.fr","description":"Actualit\u00e9s de l&#039;Or et des m\u00e9taux pr\u00e9cieux","potentialAction":[{"@type":"SearchAction","target":{"@type":"EntryPoint","urlTemplate":"https:\/\/www.gold.fr\/news\/?s={search_term_string}"},"query-input":{"@type":"PropertyValueSpecification","valueRequired":true,"valueName":"search_term_string"}}],"inLanguage":"fr-FR"},{"@type":"Person","@id":"https:\/\/www.gold.fr\/news\/#\/schema\/person\/6a977448ae6ba85f43a46d35fc66f82b","name":"Samy","image":{"@type":"ImageObject","inLanguage":"fr-FR","@id":"https:\/\/secure.gravatar.com\/avatar\/ec3b1ee8da06b98b0d3b7da383393987ae73756a23e0f3ec4c1ea09e0e65804d?s=96&d=mm&r=g9bbe2ee6067d4fa1a1e531a356169f97","url":"https:\/\/secure.gravatar.com\/avatar\/ec3b1ee8da06b98b0d3b7da383393987ae73756a23e0f3ec4c1ea09e0e65804d?s=96&d=mm&r=g","contentUrl":"https:\/\/secure.gravatar.com\/avatar\/ec3b1ee8da06b98b0d3b7da383393987ae73756a23e0f3ec4c1ea09e0e65804d?s=96&d=mm&r=g","caption":"Samy"},"description":"Notre r\u00e9daction est constitu\u00e9e de membres experts dans les m\u00e9tiers de l'\u00e9conomie et la gestion, des Responsables d'agence Comptoir National de l'Or, des analystes financiers qui publient r\u00e9guli\u00e8rement des \u00e9tudes sur les politiques des banques centrales, le cours de l'or, le cours de l'argent, cours du platine, cours du palladium... la situation en zone euro et l'impact de la strat\u00e9gie mon\u00e9taire de la FED. Notre \u00e9quipe scrute \u00e9galement une information plus g\u00e9n\u00e9raliste \u00e0 la recherche d'actualit\u00e9 \"p\u00e9pite\" \u00e0 vous partager. Depuis 5 ans, nous avons publi\u00e9 un peu plus de 4000 articles qui s'adressent \u00e0 un public large et vari\u00e9 ayant pour objectif de satisfaire votre curiosit\u00e9 et de partager avec vous une certaine fascination pour le m\u00e9tal jaune, pour ceux qui veulent investir dans l'or, vendre leur or tout simplement en savoir plus..."}]}},"authors":[{"term_id":2562,"user_id":11,"is_guest":0,"slug":null,"display_name":"Anthony","avatar_url":"https:\/\/secure.gravatar.com\/avatar\/19974f7c75da5f0b217374f3a37eb05031e41aaad4ceb3fe17ada2ab3daf6b95?s=96&d=mm&r=g","0":null,"1":"","2":"","3":"","4":"","5":"","6":"","7":"","8":""}],"_links":{"self":[{"href":"https:\/\/www.gold.fr\/news\/wp-json\/wp\/v2\/posts\/7932","targetHints":{"allow":["GET"]}}],"collection":[{"href":"https:\/\/www.gold.fr\/news\/wp-json\/wp\/v2\/posts"}],"about":[{"href":"https:\/\/www.gold.fr\/news\/wp-json\/wp\/v2\/types\/post"}],"author":[{"embeddable":true,"href":"https:\/\/www.gold.fr\/news\/wp-json\/wp\/v2\/users\/43"}],"replies":[{"embeddable":true,"href":"https:\/\/www.gold.fr\/news\/wp-json\/wp\/v2\/comments?post=7932"}],"version-history":[{"count":0,"href":"https:\/\/www.gold.fr\/news\/wp-json\/wp\/v2\/posts\/7932\/revisions"}],"wp:featuredmedia":[{"embeddable":true,"href":"https:\/\/www.gold.fr\/news\/wp-json\/wp\/v2\/media\/7742"}],"wp:attachment":[{"href":"https:\/\/www.gold.fr\/news\/wp-json\/wp\/v2\/media?parent=7932"}],"wp:term":[{"taxonomy":"category","embeddable":true,"href":"https:\/\/www.gold.fr\/news\/wp-json\/wp\/v2\/categories?post=7932"},{"taxonomy":"post_tag","embeddable":true,"href":"https:\/\/www.gold.fr\/news\/wp-json\/wp\/v2\/tags?post=7932"},{"taxonomy":"author","embeddable":true,"href":"https:\/\/www.gold.fr\/news\/wp-json\/wp\/v2\/ppma_author?post=7932"}],"curies":[{"name":"wp","href":"https:\/\/api.w.org\/{rel}","templated":true}]}}