{"id":7825,"date":"2012-06-07T14:00:55","date_gmt":"2012-06-07T12:00:55","guid":{"rendered":"https:\/\/www.gold.fr\/news\/?p=7825"},"modified":"2017-11-02T11:35:53","modified_gmt":"2017-11-02T10:35:53","slug":"cite-de-lor-pyramide-des-metiers-dart","status":"publish","type":"post","link":"https:\/\/www.gold.fr\/news\/2012\/06\/07\/cite-de-lor-pyramide-des-metiers-dart\/","title":{"rendered":"Cit\u00e9 de l&rsquo;Or &#8211; Pyramide des M\u00e9tiers d&rsquo;Art"},"content":{"rendered":"<p style=\"text-align: justify;\"><img loading=\"lazy\" decoding=\"async\" class=\"alignleft size-thumbnail wp-image-7850\" style=\"float: left; margin: 5px; border: 1px solid black;\" title=\"cite-or\" src=\"https:\/\/www.gold.fr\/news\/wp-content\/uploads\/2012\/06\/cite-or1-150x150.jpg\" alt=\"\" width=\"150\" height=\"150\" \/><span style=\"font-size: small;\">Jamais l&rsquo;<a href='https:\/\/www.gold.fr\/news\/tags\/or' class='esk-seo-plu-link'>or<\/a> n&rsquo;avait autant charm\u00e9\u2026. C&rsquo;est \u00e0 Saint-Amand-Montrond dans le d\u00e9partement du Cher que les amateurs d&rsquo;orf\u00e8vrerie et d&rsquo;art de fa\u00e7on g\u00e9n\u00e9rale pourront passer un agr\u00e9able moment. <strong>La Cit\u00e9 de l&rsquo;<a href='https:\/\/www.gold.fr\/news\/tags\/or' class='esk-seo-plu-link'>Or<\/a><\/strong>, situ\u00e9 \u00e0 la  Pyramide des M\u00e9tiers d&rsquo;Art, abrite un mus\u00e9e de l&rsquo;<a href='https:\/\/www.gold.fr\/news\/tags\/or' class='esk-seo-plu-link'>Or<\/a>. Superbe lieu d&rsquo;exposition qui n&rsquo;a rien \u00e0 envier aux <a title=\"Mus\u00e9e de l'Or - Finlande\" href=\"https:\/\/www.gold.fr\/news\/2012\/04\/25\/le-musee-de-lor-en-finlande\/7046\/\" target=\"_blank\">plus grands mus\u00e9es d\u00e9di\u00e9s \u00e0 l\u2019Or dans le monde<\/a>.<\/span><\/p>\n<p>  <span style=\"font-size: small;\">Les visiteurs peuvent profiter d&rsquo;innombrables <strong>expositions permanentes<\/strong> en rapport avec l&rsquo;<a href='https:\/\/www.gold.fr\/news\/tags\/or' class='esk-seo-plu-link'>Or<\/a> mais aussi d\u00e9couvrir des <strong>expositions temporaires<\/strong>. Au fil des diff\u00e9rentes galeries, le visiteur d\u00e9couvre toutes les facettes du travail de l&rsquo;<a href='https:\/\/www.gold.fr\/news\/tags\/or' class='esk-seo-plu-link'>Or<\/a>.<\/span>    <span style=\"font-size: small;\">Les personnes int\u00e9ress\u00e9es peuvent \u00e9galement assister \u00e0 <strong>des spectacles<\/strong> dans une somptueuse salle de spectacle. Evidemment, les manifestations culturelles tournent autour du <a href='https:\/\/www.gold.fr\/news\/tags\/or' class='esk-seo-plu-link'>m\u00e9tal jaune<\/a>.<\/span>  <span style=\"font-size: small;\"> En plus des amateurs, la Cit\u00e9 de l&rsquo;<a href='https:\/\/www.gold.fr\/news\/tags\/or' class='esk-seo-plu-link'>Or<\/a> re\u00e7oit des<strong> experts en orf\u00e8vrerie<\/strong>, venus se retrouver pour des rencontres et des \u00e9changes autour des bijoux. Le lieu s\u00e9duit tellement que certains bijoutiers-cr\u00e9ateurs y ont install\u00e9 leur atelier.<\/span>    <span style=\"font-size: small;\">Il est possible d&rsquo;\u00eatre accompagn\u00e9 d&rsquo;un guide durant la visite afin de se familiariser avec l&rsquo;histoire de l&rsquo;<a href='https:\/\/www.gold.fr\/news\/tags\/or' class='esk-seo-plu-link'>Or<\/a> au cours des si\u00e8cles. Pour toute information, on peut appeler le 02 48 82 11 42 et r\u00e9server ses billets.<\/span><\/p>\n<!-- AddThis Advanced Settings generic via filter on the_content --><!-- AddThis Share Buttons generic via filter on the_content -->","protected":false},"excerpt":{"rendered":"<p>Jamais l&rsquo;or n&rsquo;avait autant charm\u00e9\u2026. C&rsquo;est \u00e0 Saint-Amand-Montrond dans le d\u00e9partement du Cher que les amateurs d&rsquo;orf\u00e8vrerie et d&rsquo;art de fa\u00e7on g\u00e9n\u00e9rale pourront passer un agr\u00e9able moment. La Cit\u00e9 de l&rsquo;Or, situ\u00e9 \u00e0 la Pyramide des [&hellip;]<\/p>\n","protected":false},"author":11,"featured_media":7850,"comment_status":"open","ping_status":"open","sticky":false,"template":"","format":"standard","meta":{"_mbp_gutenberg_autopost":false,"_pgmb_is_evergreen":false,"_pgmb_ap_template_id":0,"footnotes":""},"categories":[6],"tags":[124,556],"ppma_author":[2562],"class_list":["post-7825","post","type-post","status-publish","format-standard","has-post-thumbnail","hentry","category-articles-de-presse","tag-histoire-de-lor-2","tag-musee-de-lor"],"yoast_head":"<!-- This site is optimized with the Yoast SEO plugin v27.5 - https:\/\/yoast.com\/product\/yoast-seo-wordpress\/ -->\n<title>Cit\u00e9 de l&#039;Or - Pyramide des M\u00e9tiers d&#039;Art - Gold.fr<\/title>\n<meta name=\"robots\" content=\"index, follow, max-snippet:-1, max-image-preview:large, max-video-preview:-1\" \/>\n<link rel=\"canonical\" href=\"https:\/\/www.gold.fr\/news\/2012\/06\/07\/cite-de-lor-pyramide-des-metiers-dart\/\" \/>\n<meta property=\"og:locale\" content=\"fr_FR\" \/>\n<meta property=\"og:type\" content=\"article\" \/>\n<meta property=\"og:title\" content=\"Cit\u00e9 de l&#039;Or - Pyramide des M\u00e9tiers d&#039;Art - Gold.fr\" \/>\n<meta property=\"og:description\" content=\"Jamais l&rsquo;or n&rsquo;avait autant charm\u00e9\u2026. C&rsquo;est \u00e0 Saint-Amand-Montrond dans le d\u00e9partement du Cher que les amateurs d&rsquo;orf\u00e8vrerie et d&rsquo;art de fa\u00e7on g\u00e9n\u00e9rale pourront passer un agr\u00e9able moment. La Cit\u00e9 de l&rsquo;Or, situ\u00e9 \u00e0 la Pyramide des [&hellip;]\" \/>\n<meta property=\"og:url\" content=\"https:\/\/www.gold.fr\/news\/2012\/06\/07\/cite-de-lor-pyramide-des-metiers-dart\/\" \/>\n<meta property=\"og:site_name\" content=\"Gold.fr\" \/>\n<meta property=\"article:publisher\" content=\"https:\/\/www.facebook.com\/Goldfr\/\" \/>\n<meta property=\"article:published_time\" content=\"2012-06-07T12:00:55+00:00\" \/>\n<meta property=\"article:modified_time\" content=\"2017-11-02T10:35:53+00:00\" \/>\n<meta property=\"og:image\" content=\"https:\/\/www.gold.fr\/news\/wp-content\/uploads\/2012\/06\/cite-or1.jpg\" \/>\n\t<meta property=\"og:image:width\" content=\"600\" \/>\n\t<meta property=\"og:image:height\" content=\"409\" \/>\n\t<meta property=\"og:image:type\" content=\"image\/jpeg\" \/>\n<meta name=\"author\" content=\"Anthony\" \/>\n<meta name=\"twitter:card\" content=\"summary_large_image\" \/>\n<meta name=\"twitter:label1\" content=\"\u00c9crit par\" \/>\n\t<meta name=\"twitter:data1\" content=\"Anthony\" \/>\n\t<meta name=\"twitter:label2\" content=\"Dur\u00e9e de lecture estim\u00e9e\" \/>\n\t<meta name=\"twitter:data2\" content=\"1 minute\" \/>\n<script type=\"application\/ld+json\" class=\"yoast-schema-graph\">{\"@context\":\"https:\\\/\\\/schema.org\",\"@graph\":[{\"@type\":\"Article\",\"@id\":\"https:\\\/\\\/www.gold.fr\\\/news\\\/2012\\\/06\\\/07\\\/cite-de-lor-pyramide-des-metiers-dart\\\/#article\",\"isPartOf\":{\"@id\":\"https:\\\/\\\/www.gold.fr\\\/news\\\/2012\\\/06\\\/07\\\/cite-de-lor-pyramide-des-metiers-dart\\\/\"},\"author\":{\"name\":\"Anthony\",\"@id\":\"https:\\\/\\\/www.gold.fr\\\/news\\\/#\\\/schema\\\/person\\\/feb6458ffd7bceeeb4e228398c34fbe5\"},\"headline\":\"Cit\u00e9 de l&rsquo;Or &#8211; Pyramide des M\u00e9tiers d&rsquo;Art\",\"datePublished\":\"2012-06-07T12:00:55+00:00\",\"dateModified\":\"2017-11-02T10:35:53+00:00\",\"mainEntityOfPage\":{\"@id\":\"https:\\\/\\\/www.gold.fr\\\/news\\\/2012\\\/06\\\/07\\\/cite-de-lor-pyramide-des-metiers-dart\\\/\"},\"wordCount\":235,\"commentCount\":2,\"image\":{\"@id\":\"https:\\\/\\\/www.gold.fr\\\/news\\\/2012\\\/06\\\/07\\\/cite-de-lor-pyramide-des-metiers-dart\\\/#primaryimage\"},\"thumbnailUrl\":\"https:\\\/\\\/www.gold.fr\\\/news\\\/wp-content\\\/uploads\\\/2012\\\/06\\\/cite-or1.jpg\",\"keywords\":[\"histoire de l'or\",\"mus\u00e9e de l'or\"],\"articleSection\":[\"Articles de presse\"],\"inLanguage\":\"fr-FR\"},{\"@type\":\"WebPage\",\"@id\":\"https:\\\/\\\/www.gold.fr\\\/news\\\/2012\\\/06\\\/07\\\/cite-de-lor-pyramide-des-metiers-dart\\\/\",\"url\":\"https:\\\/\\\/www.gold.fr\\\/news\\\/2012\\\/06\\\/07\\\/cite-de-lor-pyramide-des-metiers-dart\\\/\",\"name\":\"Cit\u00e9 de l'Or - Pyramide des M\u00e9tiers d'Art - Gold.fr\",\"isPartOf\":{\"@id\":\"https:\\\/\\\/www.gold.fr\\\/news\\\/#website\"},\"primaryImageOfPage\":{\"@id\":\"https:\\\/\\\/www.gold.fr\\\/news\\\/2012\\\/06\\\/07\\\/cite-de-lor-pyramide-des-metiers-dart\\\/#primaryimage\"},\"image\":{\"@id\":\"https:\\\/\\\/www.gold.fr\\\/news\\\/2012\\\/06\\\/07\\\/cite-de-lor-pyramide-des-metiers-dart\\\/#primaryimage\"},\"thumbnailUrl\":\"https:\\\/\\\/www.gold.fr\\\/news\\\/wp-content\\\/uploads\\\/2012\\\/06\\\/cite-or1.jpg\",\"datePublished\":\"2012-06-07T12:00:55+00:00\",\"dateModified\":\"2017-11-02T10:35:53+00:00\",\"author\":{\"@id\":\"https:\\\/\\\/www.gold.fr\\\/news\\\/#\\\/schema\\\/person\\\/feb6458ffd7bceeeb4e228398c34fbe5\"},\"breadcrumb\":{\"@id\":\"https:\\\/\\\/www.gold.fr\\\/news\\\/2012\\\/06\\\/07\\\/cite-de-lor-pyramide-des-metiers-dart\\\/#breadcrumb\"},\"inLanguage\":\"fr-FR\",\"potentialAction\":[{\"@type\":\"ReadAction\",\"target\":[\"https:\\\/\\\/www.gold.fr\\\/news\\\/2012\\\/06\\\/07\\\/cite-de-lor-pyramide-des-metiers-dart\\\/\"]}]},{\"@type\":\"ImageObject\",\"inLanguage\":\"fr-FR\",\"@id\":\"https:\\\/\\\/www.gold.fr\\\/news\\\/2012\\\/06\\\/07\\\/cite-de-lor-pyramide-des-metiers-dart\\\/#primaryimage\",\"url\":\"https:\\\/\\\/www.gold.fr\\\/news\\\/wp-content\\\/uploads\\\/2012\\\/06\\\/cite-or1.jpg\",\"contentUrl\":\"https:\\\/\\\/www.gold.fr\\\/news\\\/wp-content\\\/uploads\\\/2012\\\/06\\\/cite-or1.jpg\",\"width\":\"600\",\"height\":\"409\",\"caption\":\"cite-or\"},{\"@type\":\"BreadcrumbList\",\"@id\":\"https:\\\/\\\/www.gold.fr\\\/news\\\/2012\\\/06\\\/07\\\/cite-de-lor-pyramide-des-metiers-dart\\\/#breadcrumb\",\"itemListElement\":[{\"@type\":\"ListItem\",\"position\":1,\"name\":\"Accueil\",\"item\":\"https:\\\/\\\/www.gold.fr\\\/\"},{\"@type\":\"ListItem\",\"position\":2,\"name\":\"Actualit\u00e9s\",\"item\":\"https:\\\/\\\/www.gold.fr\\\/news\\\/\"},{\"@type\":\"ListItem\",\"position\":3,\"name\":\"Cit\u00e9 de l&rsquo;Or &#8211; Pyramide des M\u00e9tiers d&rsquo;Art\"}]},{\"@type\":\"WebSite\",\"@id\":\"https:\\\/\\\/www.gold.fr\\\/news\\\/#website\",\"url\":\"https:\\\/\\\/www.gold.fr\\\/news\\\/\",\"name\":\"Gold.fr\",\"description\":\"Actualit\u00e9s de l&#039;Or et des m\u00e9taux pr\u00e9cieux\",\"potentialAction\":[{\"@type\":\"SearchAction\",\"target\":{\"@type\":\"EntryPoint\",\"urlTemplate\":\"https:\\\/\\\/www.gold.fr\\\/news\\\/?s={search_term_string}\"},\"query-input\":{\"@type\":\"PropertyValueSpecification\",\"valueRequired\":true,\"valueName\":\"search_term_string\"}}],\"inLanguage\":\"fr-FR\"},{\"@type\":\"Person\",\"@id\":\"https:\\\/\\\/www.gold.fr\\\/news\\\/#\\\/schema\\\/person\\\/feb6458ffd7bceeeb4e228398c34fbe5\",\"name\":\"Anthony\",\"image\":{\"@type\":\"ImageObject\",\"inLanguage\":\"fr-FR\",\"@id\":\"https:\\\/\\\/secure.gravatar.com\\\/avatar\\\/19974f7c75da5f0b217374f3a37eb05031e41aaad4ceb3fe17ada2ab3daf6b95?s=96&d=mm&r=gbc5324aff3d366843e00df00c899c1a8\",\"url\":\"https:\\\/\\\/secure.gravatar.com\\\/avatar\\\/19974f7c75da5f0b217374f3a37eb05031e41aaad4ceb3fe17ada2ab3daf6b95?s=96&d=mm&r=g\",\"contentUrl\":\"https:\\\/\\\/secure.gravatar.com\\\/avatar\\\/19974f7c75da5f0b217374f3a37eb05031e41aaad4ceb3fe17ada2ab3daf6b95?s=96&d=mm&r=g\",\"caption\":\"Anthony\"},\"description\":\"Notre r\u00e9daction est constitu\u00e9e de membres experts dans les m\u00e9tiers de l'\u00e9conomie et la gestion, des Responsables d'agence Comptoir National de l'Or, des analystes financiers qui publient r\u00e9guli\u00e8rement des \u00e9tudes sur les politiques des banques centrales, le cours de l'or, le cours de l'argent, cours du platine, cours du palladium... la situation en zone euro et l'impact de la strat\u00e9gie mon\u00e9taire de la FED. Notre \u00e9quipe scrute \u00e9galement une information plus g\u00e9n\u00e9raliste \u00e0 la recherche d'actualit\u00e9 \\\"p\u00e9pite\\\" \u00e0 vous partager. Depuis 5 ans, nous avons publi\u00e9 un peu plus de 4000 articles qui s'adressent \u00e0 un public large et vari\u00e9 ayant pour objectif de satisfaire votre curiosit\u00e9 et de partager avec vous une certaine fascination pour le m\u00e9tal jaune, pour ceux qui veulent investir dans l'or, vendre leur or tout simplement en savoir plus...\",\"sameAs\":[\"https:\\\/\\\/www.gold.fr\\\/news\"]}]}<\/script>\n<!-- \/ Yoast SEO plugin. -->","yoast_head_json":{"title":"Cit\u00e9 de l'Or - Pyramide des M\u00e9tiers d'Art - Gold.fr","robots":{"index":"index","follow":"follow","max-snippet":"max-snippet:-1","max-image-preview":"max-image-preview:large","max-video-preview":"max-video-preview:-1"},"canonical":"https:\/\/www.gold.fr\/news\/2012\/06\/07\/cite-de-lor-pyramide-des-metiers-dart\/","og_locale":"fr_FR","og_type":"article","og_title":"Cit\u00e9 de l'Or - Pyramide des M\u00e9tiers d'Art - Gold.fr","og_description":"Jamais l&rsquo;or n&rsquo;avait autant charm\u00e9\u2026. C&rsquo;est \u00e0 Saint-Amand-Montrond dans le d\u00e9partement du Cher que les amateurs d&rsquo;orf\u00e8vrerie et d&rsquo;art de fa\u00e7on g\u00e9n\u00e9rale pourront passer un agr\u00e9able moment. La Cit\u00e9 de l&rsquo;Or, situ\u00e9 \u00e0 la Pyramide des [&hellip;]","og_url":"https:\/\/www.gold.fr\/news\/2012\/06\/07\/cite-de-lor-pyramide-des-metiers-dart\/","og_site_name":"Gold.fr","article_publisher":"https:\/\/www.facebook.com\/Goldfr\/","article_published_time":"2012-06-07T12:00:55+00:00","article_modified_time":"2017-11-02T10:35:53+00:00","og_image":[{"width":600,"height":409,"url":"https:\/\/www.gold.fr\/news\/wp-content\/uploads\/2012\/06\/cite-or1.jpg","type":"image\/jpeg"}],"author":"Anthony","twitter_card":"summary_large_image","twitter_misc":{"\u00c9crit par":"Anthony","Dur\u00e9e de lecture estim\u00e9e":"1 minute"},"schema":{"@context":"https:\/\/schema.org","@graph":[{"@type":"Article","@id":"https:\/\/www.gold.fr\/news\/2012\/06\/07\/cite-de-lor-pyramide-des-metiers-dart\/#article","isPartOf":{"@id":"https:\/\/www.gold.fr\/news\/2012\/06\/07\/cite-de-lor-pyramide-des-metiers-dart\/"},"author":{"name":"Anthony","@id":"https:\/\/www.gold.fr\/news\/#\/schema\/person\/feb6458ffd7bceeeb4e228398c34fbe5"},"headline":"Cit\u00e9 de l&rsquo;Or &#8211; Pyramide des M\u00e9tiers d&rsquo;Art","datePublished":"2012-06-07T12:00:55+00:00","dateModified":"2017-11-02T10:35:53+00:00","mainEntityOfPage":{"@id":"https:\/\/www.gold.fr\/news\/2012\/06\/07\/cite-de-lor-pyramide-des-metiers-dart\/"},"wordCount":235,"commentCount":2,"image":{"@id":"https:\/\/www.gold.fr\/news\/2012\/06\/07\/cite-de-lor-pyramide-des-metiers-dart\/#primaryimage"},"thumbnailUrl":"https:\/\/www.gold.fr\/news\/wp-content\/uploads\/2012\/06\/cite-or1.jpg","keywords":["histoire de l'or","mus\u00e9e de l'or"],"articleSection":["Articles de presse"],"inLanguage":"fr-FR"},{"@type":"WebPage","@id":"https:\/\/www.gold.fr\/news\/2012\/06\/07\/cite-de-lor-pyramide-des-metiers-dart\/","url":"https:\/\/www.gold.fr\/news\/2012\/06\/07\/cite-de-lor-pyramide-des-metiers-dart\/","name":"Cit\u00e9 de l'Or - Pyramide des M\u00e9tiers d'Art - Gold.fr","isPartOf":{"@id":"https:\/\/www.gold.fr\/news\/#website"},"primaryImageOfPage":{"@id":"https:\/\/www.gold.fr\/news\/2012\/06\/07\/cite-de-lor-pyramide-des-metiers-dart\/#primaryimage"},"image":{"@id":"https:\/\/www.gold.fr\/news\/2012\/06\/07\/cite-de-lor-pyramide-des-metiers-dart\/#primaryimage"},"thumbnailUrl":"https:\/\/www.gold.fr\/news\/wp-content\/uploads\/2012\/06\/cite-or1.jpg","datePublished":"2012-06-07T12:00:55+00:00","dateModified":"2017-11-02T10:35:53+00:00","author":{"@id":"https:\/\/www.gold.fr\/news\/#\/schema\/person\/feb6458ffd7bceeeb4e228398c34fbe5"},"breadcrumb":{"@id":"https:\/\/www.gold.fr\/news\/2012\/06\/07\/cite-de-lor-pyramide-des-metiers-dart\/#breadcrumb"},"inLanguage":"fr-FR","potentialAction":[{"@type":"ReadAction","target":["https:\/\/www.gold.fr\/news\/2012\/06\/07\/cite-de-lor-pyramide-des-metiers-dart\/"]}]},{"@type":"ImageObject","inLanguage":"fr-FR","@id":"https:\/\/www.gold.fr\/news\/2012\/06\/07\/cite-de-lor-pyramide-des-metiers-dart\/#primaryimage","url":"https:\/\/www.gold.fr\/news\/wp-content\/uploads\/2012\/06\/cite-or1.jpg","contentUrl":"https:\/\/www.gold.fr\/news\/wp-content\/uploads\/2012\/06\/cite-or1.jpg","width":"600","height":"409","caption":"cite-or"},{"@type":"BreadcrumbList","@id":"https:\/\/www.gold.fr\/news\/2012\/06\/07\/cite-de-lor-pyramide-des-metiers-dart\/#breadcrumb","itemListElement":[{"@type":"ListItem","position":1,"name":"Accueil","item":"https:\/\/www.gold.fr\/"},{"@type":"ListItem","position":2,"name":"Actualit\u00e9s","item":"https:\/\/www.gold.fr\/news\/"},{"@type":"ListItem","position":3,"name":"Cit\u00e9 de l&rsquo;Or &#8211; Pyramide des M\u00e9tiers d&rsquo;Art"}]},{"@type":"WebSite","@id":"https:\/\/www.gold.fr\/news\/#website","url":"https:\/\/www.gold.fr\/news\/","name":"Gold.fr","description":"Actualit\u00e9s de l&#039;Or et des m\u00e9taux pr\u00e9cieux","potentialAction":[{"@type":"SearchAction","target":{"@type":"EntryPoint","urlTemplate":"https:\/\/www.gold.fr\/news\/?s={search_term_string}"},"query-input":{"@type":"PropertyValueSpecification","valueRequired":true,"valueName":"search_term_string"}}],"inLanguage":"fr-FR"},{"@type":"Person","@id":"https:\/\/www.gold.fr\/news\/#\/schema\/person\/feb6458ffd7bceeeb4e228398c34fbe5","name":"Anthony","image":{"@type":"ImageObject","inLanguage":"fr-FR","@id":"https:\/\/secure.gravatar.com\/avatar\/19974f7c75da5f0b217374f3a37eb05031e41aaad4ceb3fe17ada2ab3daf6b95?s=96&d=mm&r=gbc5324aff3d366843e00df00c899c1a8","url":"https:\/\/secure.gravatar.com\/avatar\/19974f7c75da5f0b217374f3a37eb05031e41aaad4ceb3fe17ada2ab3daf6b95?s=96&d=mm&r=g","contentUrl":"https:\/\/secure.gravatar.com\/avatar\/19974f7c75da5f0b217374f3a37eb05031e41aaad4ceb3fe17ada2ab3daf6b95?s=96&d=mm&r=g","caption":"Anthony"},"description":"Notre r\u00e9daction est constitu\u00e9e de membres experts dans les m\u00e9tiers de l'\u00e9conomie et la gestion, des Responsables d'agence Comptoir National de l'Or, des analystes financiers qui publient r\u00e9guli\u00e8rement des \u00e9tudes sur les politiques des banques centrales, le cours de l'or, le cours de l'argent, cours du platine, cours du palladium... la situation en zone euro et l'impact de la strat\u00e9gie mon\u00e9taire de la FED. Notre \u00e9quipe scrute \u00e9galement une information plus g\u00e9n\u00e9raliste \u00e0 la recherche d'actualit\u00e9 \"p\u00e9pite\" \u00e0 vous partager. Depuis 5 ans, nous avons publi\u00e9 un peu plus de 4000 articles qui s'adressent \u00e0 un public large et vari\u00e9 ayant pour objectif de satisfaire votre curiosit\u00e9 et de partager avec vous une certaine fascination pour le m\u00e9tal jaune, pour ceux qui veulent investir dans l'or, vendre leur or tout simplement en savoir plus...","sameAs":["https:\/\/www.gold.fr\/news"]}]}},"authors":[{"term_id":2562,"user_id":11,"is_guest":0,"slug":"anthony","display_name":"Anthony","avatar_url":"https:\/\/secure.gravatar.com\/avatar\/19974f7c75da5f0b217374f3a37eb05031e41aaad4ceb3fe17ada2ab3daf6b95?s=96&d=mm&r=g","0":null,"1":"","2":"","3":"","4":"","5":"","6":"","7":"","8":""}],"_links":{"self":[{"href":"https:\/\/www.gold.fr\/news\/wp-json\/wp\/v2\/posts\/7825","targetHints":{"allow":["GET"]}}],"collection":[{"href":"https:\/\/www.gold.fr\/news\/wp-json\/wp\/v2\/posts"}],"about":[{"href":"https:\/\/www.gold.fr\/news\/wp-json\/wp\/v2\/types\/post"}],"author":[{"embeddable":true,"href":"https:\/\/www.gold.fr\/news\/wp-json\/wp\/v2\/users\/11"}],"replies":[{"embeddable":true,"href":"https:\/\/www.gold.fr\/news\/wp-json\/wp\/v2\/comments?post=7825"}],"version-history":[{"count":0,"href":"https:\/\/www.gold.fr\/news\/wp-json\/wp\/v2\/posts\/7825\/revisions"}],"wp:featuredmedia":[{"embeddable":true,"href":"https:\/\/www.gold.fr\/news\/wp-json\/wp\/v2\/media\/7850"}],"wp:attachment":[{"href":"https:\/\/www.gold.fr\/news\/wp-json\/wp\/v2\/media?parent=7825"}],"wp:term":[{"taxonomy":"category","embeddable":true,"href":"https:\/\/www.gold.fr\/news\/wp-json\/wp\/v2\/categories?post=7825"},{"taxonomy":"post_tag","embeddable":true,"href":"https:\/\/www.gold.fr\/news\/wp-json\/wp\/v2\/tags?post=7825"},{"taxonomy":"author","embeddable":true,"href":"https:\/\/www.gold.fr\/news\/wp-json\/wp\/v2\/ppma_author?post=7825"}],"curies":[{"name":"wp","href":"https:\/\/api.w.org\/{rel}","templated":true}]}}