{"id":7544,"date":"2012-05-17T15:00:02","date_gmt":"2012-05-17T13:00:02","guid":{"rendered":"http:\/\/news.gold.fr\/?p=7544"},"modified":"2021-08-17T14:37:17","modified_gmt":"2021-08-17T12:37:17","slug":"lor-blanc-2e-partie","status":"publish","type":"post","link":"https:\/\/www.gold.fr\/news\/2012\/05\/17\/lor-blanc-2e-partie\/","title":{"rendered":"L\u2019or blanc, 2e partie"},"content":{"rendered":"<p style=\"text-align: justify;\"><span style=\"font-family: verdana, geneva; font-size: small;\">Pr\u00e9cisons toutefois que <strong>la r\u00e9glementation \u00e0 laquelle est soumis l&rsquo;<a class=\"esk-seo-plu-link\" href=\"https:\/\/www.gold.fr\/news\/tags\/or\">or<\/a> blanc<\/strong> ne prend en consid\u00e9ration que <strong>le poids en <a class=\"esk-seo-plu-link\" href=\"https:\/\/www.gold.fr\/news\/tags\/or\">or<\/a><\/strong> sans tenir compte des autres m\u00e9taux. <\/span><\/p>\n<p style=\"text-align: justify;\"><span style=\"font-family: verdana, geneva; font-size: small;\">Afin d&rsquo;informer convenablement les consommateurs n&rsquo;ayant pas acc\u00e8s aux moyens scientifiques d&rsquo;identification des alliages, la plupart <strong>des objets en <a class=\"esk-seo-plu-link\" href=\"https:\/\/www.gold.fr\/news\/tags\/or\">or<\/a> blanc sont grav\u00e9s d&rsquo;un poin\u00e7on<\/strong>.<\/span> <span style=\"font-family: verdana, geneva; font-size: small;\">La valeur de l&rsquo;<a class=\"esk-seo-plu-link\" href=\"https:\/\/www.gold.fr\/news\/tags\/or\">or<\/a> blanc d\u00e9pend uniquement de <strong>la quantit\u00e9 d&rsquo;<a class=\"esk-seo-plu-link\" href=\"https:\/\/www.gold.fr\/news\/tags\/or\">or<\/a> pur<\/strong> qui le compose. La plupart des bijoutiers tiennent compte de l&rsquo;aspect esth\u00e9tique de <strong>l&rsquo;<a class=\"esk-seo-plu-link\" href=\"https:\/\/www.gold.fr\/news\/tags\/or\">or<\/a> blanc<\/strong> qui pr\u00e9sente souvent une valeur suppl\u00e9mentaire. Effectivement, cette valeur diff\u00e8re en fonction de la couleur, la solidit\u00e9 et l&rsquo;oxydabilit\u00e9 du m\u00e9tal.<\/span> <span style=\"font-size: small;\"><span style=\"font-family: verdana, geneva;\">Pour une \u00e9ventuelle commercialisation sous le nom d&rsquo;<a class=\"esk-seo-plu-link\" href=\"https:\/\/www.gold.fr\/news\/tags\/or\">or<\/a> blanc, <\/span><strong style=\"font-family: verdana, geneva;\">la quantit\u00e9 d&rsquo;<a class=\"esk-seo-plu-link\" href=\"https:\/\/www.gold.fr\/news\/tags\/or\">or<\/a><\/strong><span style=\"font-family: verdana, geneva;\"> qui compose l&rsquo;alliage doit \u00eatre \u00e9gale \u00e0 un minimum de <\/span><strong><span style=\"font-family: verdana, geneva;\">375 milli\u00e8mes <\/span><\/strong>(9 carats)<span style=\"font-family: verdana, geneva;\">. En de\u00e7\u00e0 de ce seuil, la l\u00e9gislation interdit l&rsquo;appellation \u00ab <a class=\"esk-seo-plu-link\" href=\"https:\/\/www.gold.fr\/news\/tags\/or\">or<\/a> blanc \u00bb et il n&rsquo;est pas autoris\u00e9 de vendre ou acheter un produit de ce genre.<\/span><\/span> <span style=\"font-family: verdana, geneva; font-size: small;\">Enfin, il convient d&rsquo;insister sur <strong>l&rsquo;utilit\u00e9 des poin\u00e7ons<\/strong> afin de d\u00e9terminer de fa\u00e7on fiable la valeur potentielle des biens compos\u00e9s d&rsquo;<a class=\"esk-seo-plu-link\" href=\"https:\/\/www.gold.fr\/news\/tags\/or\">or<\/a> blanc. Afin d&rsquo;\u00e9valuer votre <a class=\"esk-seo-plu-link\" href=\"https:\/\/www.gold.fr\/news\/tags\/or\">or<\/a> blanc vous pouvez recourir \u00e0 un joaillier ou vous baser sur <a title=\"Poin\u00e7ons\" href=\"https:\/\/www.gold.fr\/informations-sur-l-or\/glossaire\/poincons\" target=\"_blank\" rel=\"noopener noreferrer\">les tableaux de concordance des poin\u00e7ons disponibles sur internet<\/a>. <\/span><\/p>\n<div><\/div>\n<!-- AddThis Advanced Settings generic via filter on the_content --><!-- AddThis Share Buttons generic via filter on the_content -->","protected":false},"excerpt":{"rendered":"<p>Pr\u00e9cisons toutefois que la r\u00e9glementation \u00e0 laquelle est soumis l&rsquo;or blanc ne prend en consid\u00e9ration que le poids en or sans tenir compte des autres m\u00e9taux. Afin d&rsquo;informer convenablement les consommateurs n&rsquo;ayant pas acc\u00e8s aux moyens [&hellip;]<\/p>\n","protected":false},"author":18,"featured_media":40055,"comment_status":"closed","ping_status":"closed","sticky":false,"template":"","format":"standard","meta":{"_mbp_gutenberg_autopost":false,"_pgmb_is_evergreen":false,"_pgmb_ap_template_id":0,"footnotes":""},"categories":[6],"tags":[508,76,509,507],"ppma_author":[2565],"class_list":["post-7544","post","type-post","status-publish","format-standard","has-post-thumbnail","hentry","category-articles-de-presse","tag-9-carats","tag-or","tag-or-pur","tag-poincon"],"yoast_head":"<!-- This site is optimized with the Yoast SEO plugin v27.5 - https:\/\/yoast.com\/product\/yoast-seo-wordpress\/ -->\n<title>L\u2019or blanc, 2e partie - Gold.fr<\/title>\n<meta name=\"description\" content=\"Pr\u00e9cisons toutefois que la r\u00e9glementation \u00e0 laquelle est soumis l\u2019or blanc...la plupart des objets en or blanc sont grav\u00e9s d\u2019un poin\u00e7on\" \/>\n<meta name=\"robots\" content=\"index, follow, max-snippet:-1, max-image-preview:large, max-video-preview:-1\" \/>\n<link rel=\"canonical\" href=\"https:\/\/www.gold.fr\/news\/2012\/05\/17\/lor-blanc-2e-partie\/\" \/>\n<meta property=\"og:locale\" content=\"fr_FR\" \/>\n<meta property=\"og:type\" content=\"article\" \/>\n<meta property=\"og:title\" content=\"L\u2019or blanc, 2e partie - Gold.fr\" \/>\n<meta property=\"og:description\" content=\"Pr\u00e9cisons toutefois que la r\u00e9glementation \u00e0 laquelle est soumis l\u2019or blanc...la plupart des objets en or blanc sont grav\u00e9s d\u2019un poin\u00e7on\" \/>\n<meta property=\"og:url\" content=\"https:\/\/www.gold.fr\/news\/2012\/05\/17\/lor-blanc-2e-partie\/\" \/>\n<meta property=\"og:site_name\" content=\"Gold.fr\" \/>\n<meta property=\"article:publisher\" content=\"https:\/\/www.facebook.com\/Goldfr\/\" \/>\n<meta property=\"article:published_time\" content=\"2012-05-17T13:00:02+00:00\" \/>\n<meta property=\"article:modified_time\" content=\"2021-08-17T12:37:17+00:00\" \/>\n<meta property=\"og:image\" content=\"https:\/\/www.gold.fr\/news\/wp-content\/uploads\/2012\/05\/pexels-freestocksorg-818649-scaled.jpg\" \/>\n\t<meta property=\"og:image:width\" content=\"2560\" \/>\n\t<meta property=\"og:image:height\" content=\"1707\" \/>\n\t<meta property=\"og:image:type\" content=\"image\/jpeg\" \/>\n<meta name=\"author\" content=\"Comptoir National de l&#039;Or\" \/>\n<meta name=\"twitter:card\" content=\"summary_large_image\" \/>\n<meta name=\"twitter:label1\" content=\"\u00c9crit par\" \/>\n\t<meta name=\"twitter:data1\" content=\"Comptoir National de l&#039;Or\" \/>\n\t<meta name=\"twitter:label2\" content=\"Dur\u00e9e de lecture estim\u00e9e\" \/>\n\t<meta name=\"twitter:data2\" content=\"1 minute\" \/>\n<script type=\"application\/ld+json\" class=\"yoast-schema-graph\">{\"@context\":\"https:\\\/\\\/schema.org\",\"@graph\":[{\"@type\":\"Article\",\"@id\":\"https:\\\/\\\/www.gold.fr\\\/news\\\/2012\\\/05\\\/17\\\/lor-blanc-2e-partie\\\/#article\",\"isPartOf\":{\"@id\":\"https:\\\/\\\/www.gold.fr\\\/news\\\/2012\\\/05\\\/17\\\/lor-blanc-2e-partie\\\/\"},\"author\":{\"name\":\"Comptoir National de l'Or\",\"@id\":\"https:\\\/\\\/www.gold.fr\\\/news\\\/#\\\/schema\\\/person\\\/070491b4b4fb7671bf59b3be20302ce9\"},\"headline\":\"L\u2019or blanc, 2e partie\",\"datePublished\":\"2012-05-17T13:00:02+00:00\",\"dateModified\":\"2021-08-17T12:37:17+00:00\",\"mainEntityOfPage\":{\"@id\":\"https:\\\/\\\/www.gold.fr\\\/news\\\/2012\\\/05\\\/17\\\/lor-blanc-2e-partie\\\/\"},\"wordCount\":235,\"image\":{\"@id\":\"https:\\\/\\\/www.gold.fr\\\/news\\\/2012\\\/05\\\/17\\\/lor-blanc-2e-partie\\\/#primaryimage\"},\"thumbnailUrl\":\"https:\\\/\\\/www.gold.fr\\\/news\\\/wp-content\\\/uploads\\\/2012\\\/05\\\/pexels-freestocksorg-818649-scaled.jpg\",\"keywords\":[\"9 carats\",\"Or\",\"or pur\",\"poin\u00e7on\"],\"articleSection\":[\"Articles de presse\"],\"inLanguage\":\"fr-FR\"},{\"@type\":\"WebPage\",\"@id\":\"https:\\\/\\\/www.gold.fr\\\/news\\\/2012\\\/05\\\/17\\\/lor-blanc-2e-partie\\\/\",\"url\":\"https:\\\/\\\/www.gold.fr\\\/news\\\/2012\\\/05\\\/17\\\/lor-blanc-2e-partie\\\/\",\"name\":\"L\u2019or blanc, 2e partie - Gold.fr\",\"isPartOf\":{\"@id\":\"https:\\\/\\\/www.gold.fr\\\/news\\\/#website\"},\"primaryImageOfPage\":{\"@id\":\"https:\\\/\\\/www.gold.fr\\\/news\\\/2012\\\/05\\\/17\\\/lor-blanc-2e-partie\\\/#primaryimage\"},\"image\":{\"@id\":\"https:\\\/\\\/www.gold.fr\\\/news\\\/2012\\\/05\\\/17\\\/lor-blanc-2e-partie\\\/#primaryimage\"},\"thumbnailUrl\":\"https:\\\/\\\/www.gold.fr\\\/news\\\/wp-content\\\/uploads\\\/2012\\\/05\\\/pexels-freestocksorg-818649-scaled.jpg\",\"datePublished\":\"2012-05-17T13:00:02+00:00\",\"dateModified\":\"2021-08-17T12:37:17+00:00\",\"author\":{\"@id\":\"https:\\\/\\\/www.gold.fr\\\/news\\\/#\\\/schema\\\/person\\\/070491b4b4fb7671bf59b3be20302ce9\"},\"description\":\"Pr\u00e9cisons toutefois que la r\u00e9glementation \u00e0 laquelle est soumis l\u2019or blanc...la plupart des objets en or blanc sont grav\u00e9s d\u2019un poin\u00e7on\",\"breadcrumb\":{\"@id\":\"https:\\\/\\\/www.gold.fr\\\/news\\\/2012\\\/05\\\/17\\\/lor-blanc-2e-partie\\\/#breadcrumb\"},\"inLanguage\":\"fr-FR\",\"potentialAction\":[{\"@type\":\"ReadAction\",\"target\":[\"https:\\\/\\\/www.gold.fr\\\/news\\\/2012\\\/05\\\/17\\\/lor-blanc-2e-partie\\\/\"]}]},{\"@type\":\"ImageObject\",\"inLanguage\":\"fr-FR\",\"@id\":\"https:\\\/\\\/www.gold.fr\\\/news\\\/2012\\\/05\\\/17\\\/lor-blanc-2e-partie\\\/#primaryimage\",\"url\":\"https:\\\/\\\/www.gold.fr\\\/news\\\/wp-content\\\/uploads\\\/2012\\\/05\\\/pexels-freestocksorg-818649-scaled.jpg\",\"contentUrl\":\"https:\\\/\\\/www.gold.fr\\\/news\\\/wp-content\\\/uploads\\\/2012\\\/05\\\/pexels-freestocksorg-818649-scaled.jpg\",\"width\":2560,\"height\":1707,\"caption\":\"bague en or\"},{\"@type\":\"BreadcrumbList\",\"@id\":\"https:\\\/\\\/www.gold.fr\\\/news\\\/2012\\\/05\\\/17\\\/lor-blanc-2e-partie\\\/#breadcrumb\",\"itemListElement\":[{\"@type\":\"ListItem\",\"position\":1,\"name\":\"Accueil\",\"item\":\"https:\\\/\\\/www.gold.fr\\\/\"},{\"@type\":\"ListItem\",\"position\":2,\"name\":\"Actualit\u00e9s\",\"item\":\"https:\\\/\\\/www.gold.fr\\\/news\\\/\"},{\"@type\":\"ListItem\",\"position\":3,\"name\":\"L\u2019or blanc, 2e partie\"}]},{\"@type\":\"WebSite\",\"@id\":\"https:\\\/\\\/www.gold.fr\\\/news\\\/#website\",\"url\":\"https:\\\/\\\/www.gold.fr\\\/news\\\/\",\"name\":\"Gold.fr\",\"description\":\"Actualit\u00e9s de l&#039;Or et des m\u00e9taux pr\u00e9cieux\",\"potentialAction\":[{\"@type\":\"SearchAction\",\"target\":{\"@type\":\"EntryPoint\",\"urlTemplate\":\"https:\\\/\\\/www.gold.fr\\\/news\\\/?s={search_term_string}\"},\"query-input\":{\"@type\":\"PropertyValueSpecification\",\"valueRequired\":true,\"valueName\":\"search_term_string\"}}],\"inLanguage\":\"fr-FR\"},{\"@type\":\"Person\",\"@id\":\"https:\\\/\\\/www.gold.fr\\\/news\\\/#\\\/schema\\\/person\\\/070491b4b4fb7671bf59b3be20302ce9\",\"name\":\"Comptoir National de l'Or\",\"image\":{\"@type\":\"ImageObject\",\"inLanguage\":\"fr-FR\",\"@id\":\"https:\\\/\\\/secure.gravatar.com\\\/avatar\\\/0a2867fd5abe37bed95d5a65e9d58f01756e11efc68af9888dfc50cfa7f65948?s=96&d=mm&r=gb490554db0a38188709de567aa58480d\",\"url\":\"https:\\\/\\\/secure.gravatar.com\\\/avatar\\\/0a2867fd5abe37bed95d5a65e9d58f01756e11efc68af9888dfc50cfa7f65948?s=96&d=mm&r=g\",\"contentUrl\":\"https:\\\/\\\/secure.gravatar.com\\\/avatar\\\/0a2867fd5abe37bed95d5a65e9d58f01756e11efc68af9888dfc50cfa7f65948?s=96&d=mm&r=g\",\"caption\":\"Comptoir National de l'Or\"},\"description\":\"Notre r\u00e9daction est constitu\u00e9e de membres experts dans les m\u00e9tiers de l'\u00e9conomie et la gestion, des Responsables d'agence Comptoir National de l'Or, des analystes financiers qui publient r\u00e9guli\u00e8rement des \u00e9tudes sur les politiques des banques centrales, le cours de l'or, prix de l'or, cours de l'argent, prix de l'argent, cours du platine, cours du palladium,... la situation en zone euro et l'impact de la strat\u00e9gie mon\u00e9taire de la FED. Notre \u00e9quipe scrute \u00e9galement une information plus g\u00e9n\u00e9raliste \u00e0 la recherche d'actualit\u00e9 \\\"p\u00e9pite\\\" \u00e0 vous partager. Depuis 5 ans, nous avons publi\u00e9 un peu plus de 4000 articles qui s'adressent \u00e0 un public large et vari\u00e9 ayant pour objectif de satisfaire votre curiosit\u00e9 et de partager avec vous une certaine fascination pour le m\u00e9tal jaune, le rachat d'or, et pour ceux qui veulent investir dans l'or, vendre leur or tout simplement en savoir plus... Pour tous vos achat or et argent, n'h\u00e9sitez pas \u00e0 prendre rendez-vous dans l'un de nos nombreux comptoirs.\",\"sameAs\":[\"https:\\\/\\\/www.gold.fr\"]}]}<\/script>\n<!-- \/ Yoast SEO plugin. -->","yoast_head_json":{"title":"L\u2019or blanc, 2e partie - Gold.fr","description":"Pr\u00e9cisons toutefois que la r\u00e9glementation \u00e0 laquelle est soumis l\u2019or blanc...la plupart des objets en or blanc sont grav\u00e9s d\u2019un poin\u00e7on","robots":{"index":"index","follow":"follow","max-snippet":"max-snippet:-1","max-image-preview":"max-image-preview:large","max-video-preview":"max-video-preview:-1"},"canonical":"https:\/\/www.gold.fr\/news\/2012\/05\/17\/lor-blanc-2e-partie\/","og_locale":"fr_FR","og_type":"article","og_title":"L\u2019or blanc, 2e partie - Gold.fr","og_description":"Pr\u00e9cisons toutefois que la r\u00e9glementation \u00e0 laquelle est soumis l\u2019or blanc...la plupart des objets en or blanc sont grav\u00e9s d\u2019un poin\u00e7on","og_url":"https:\/\/www.gold.fr\/news\/2012\/05\/17\/lor-blanc-2e-partie\/","og_site_name":"Gold.fr","article_publisher":"https:\/\/www.facebook.com\/Goldfr\/","article_published_time":"2012-05-17T13:00:02+00:00","article_modified_time":"2021-08-17T12:37:17+00:00","og_image":[{"width":2560,"height":1707,"url":"https:\/\/www.gold.fr\/news\/wp-content\/uploads\/2012\/05\/pexels-freestocksorg-818649-scaled.jpg","type":"image\/jpeg"}],"author":"Comptoir National de l'Or","twitter_card":"summary_large_image","twitter_misc":{"\u00c9crit par":"Comptoir National de l'Or","Dur\u00e9e de lecture estim\u00e9e":"1 minute"},"schema":{"@context":"https:\/\/schema.org","@graph":[{"@type":"Article","@id":"https:\/\/www.gold.fr\/news\/2012\/05\/17\/lor-blanc-2e-partie\/#article","isPartOf":{"@id":"https:\/\/www.gold.fr\/news\/2012\/05\/17\/lor-blanc-2e-partie\/"},"author":{"name":"Comptoir National de l'Or","@id":"https:\/\/www.gold.fr\/news\/#\/schema\/person\/070491b4b4fb7671bf59b3be20302ce9"},"headline":"L\u2019or blanc, 2e partie","datePublished":"2012-05-17T13:00:02+00:00","dateModified":"2021-08-17T12:37:17+00:00","mainEntityOfPage":{"@id":"https:\/\/www.gold.fr\/news\/2012\/05\/17\/lor-blanc-2e-partie\/"},"wordCount":235,"image":{"@id":"https:\/\/www.gold.fr\/news\/2012\/05\/17\/lor-blanc-2e-partie\/#primaryimage"},"thumbnailUrl":"https:\/\/www.gold.fr\/news\/wp-content\/uploads\/2012\/05\/pexels-freestocksorg-818649-scaled.jpg","keywords":["9 carats","Or","or pur","poin\u00e7on"],"articleSection":["Articles de presse"],"inLanguage":"fr-FR"},{"@type":"WebPage","@id":"https:\/\/www.gold.fr\/news\/2012\/05\/17\/lor-blanc-2e-partie\/","url":"https:\/\/www.gold.fr\/news\/2012\/05\/17\/lor-blanc-2e-partie\/","name":"L\u2019or blanc, 2e partie - Gold.fr","isPartOf":{"@id":"https:\/\/www.gold.fr\/news\/#website"},"primaryImageOfPage":{"@id":"https:\/\/www.gold.fr\/news\/2012\/05\/17\/lor-blanc-2e-partie\/#primaryimage"},"image":{"@id":"https:\/\/www.gold.fr\/news\/2012\/05\/17\/lor-blanc-2e-partie\/#primaryimage"},"thumbnailUrl":"https:\/\/www.gold.fr\/news\/wp-content\/uploads\/2012\/05\/pexels-freestocksorg-818649-scaled.jpg","datePublished":"2012-05-17T13:00:02+00:00","dateModified":"2021-08-17T12:37:17+00:00","author":{"@id":"https:\/\/www.gold.fr\/news\/#\/schema\/person\/070491b4b4fb7671bf59b3be20302ce9"},"description":"Pr\u00e9cisons toutefois que la r\u00e9glementation \u00e0 laquelle est soumis l\u2019or blanc...la plupart des objets en or blanc sont grav\u00e9s d\u2019un poin\u00e7on","breadcrumb":{"@id":"https:\/\/www.gold.fr\/news\/2012\/05\/17\/lor-blanc-2e-partie\/#breadcrumb"},"inLanguage":"fr-FR","potentialAction":[{"@type":"ReadAction","target":["https:\/\/www.gold.fr\/news\/2012\/05\/17\/lor-blanc-2e-partie\/"]}]},{"@type":"ImageObject","inLanguage":"fr-FR","@id":"https:\/\/www.gold.fr\/news\/2012\/05\/17\/lor-blanc-2e-partie\/#primaryimage","url":"https:\/\/www.gold.fr\/news\/wp-content\/uploads\/2012\/05\/pexels-freestocksorg-818649-scaled.jpg","contentUrl":"https:\/\/www.gold.fr\/news\/wp-content\/uploads\/2012\/05\/pexels-freestocksorg-818649-scaled.jpg","width":2560,"height":1707,"caption":"bague en or"},{"@type":"BreadcrumbList","@id":"https:\/\/www.gold.fr\/news\/2012\/05\/17\/lor-blanc-2e-partie\/#breadcrumb","itemListElement":[{"@type":"ListItem","position":1,"name":"Accueil","item":"https:\/\/www.gold.fr\/"},{"@type":"ListItem","position":2,"name":"Actualit\u00e9s","item":"https:\/\/www.gold.fr\/news\/"},{"@type":"ListItem","position":3,"name":"L\u2019or blanc, 2e partie"}]},{"@type":"WebSite","@id":"https:\/\/www.gold.fr\/news\/#website","url":"https:\/\/www.gold.fr\/news\/","name":"Gold.fr","description":"Actualit\u00e9s de l&#039;Or et des m\u00e9taux pr\u00e9cieux","potentialAction":[{"@type":"SearchAction","target":{"@type":"EntryPoint","urlTemplate":"https:\/\/www.gold.fr\/news\/?s={search_term_string}"},"query-input":{"@type":"PropertyValueSpecification","valueRequired":true,"valueName":"search_term_string"}}],"inLanguage":"fr-FR"},{"@type":"Person","@id":"https:\/\/www.gold.fr\/news\/#\/schema\/person\/070491b4b4fb7671bf59b3be20302ce9","name":"Comptoir National de l'Or","image":{"@type":"ImageObject","inLanguage":"fr-FR","@id":"https:\/\/secure.gravatar.com\/avatar\/0a2867fd5abe37bed95d5a65e9d58f01756e11efc68af9888dfc50cfa7f65948?s=96&d=mm&r=gb490554db0a38188709de567aa58480d","url":"https:\/\/secure.gravatar.com\/avatar\/0a2867fd5abe37bed95d5a65e9d58f01756e11efc68af9888dfc50cfa7f65948?s=96&d=mm&r=g","contentUrl":"https:\/\/secure.gravatar.com\/avatar\/0a2867fd5abe37bed95d5a65e9d58f01756e11efc68af9888dfc50cfa7f65948?s=96&d=mm&r=g","caption":"Comptoir National de l'Or"},"description":"Notre r\u00e9daction est constitu\u00e9e de membres experts dans les m\u00e9tiers de l'\u00e9conomie et la gestion, des Responsables d'agence Comptoir National de l'Or, des analystes financiers qui publient r\u00e9guli\u00e8rement des \u00e9tudes sur les politiques des banques centrales, le cours de l'or, prix de l'or, cours de l'argent, prix de l'argent, cours du platine, cours du palladium,... la situation en zone euro et l'impact de la strat\u00e9gie mon\u00e9taire de la FED. Notre \u00e9quipe scrute \u00e9galement une information plus g\u00e9n\u00e9raliste \u00e0 la recherche d'actualit\u00e9 \"p\u00e9pite\" \u00e0 vous partager. Depuis 5 ans, nous avons publi\u00e9 un peu plus de 4000 articles qui s'adressent \u00e0 un public large et vari\u00e9 ayant pour objectif de satisfaire votre curiosit\u00e9 et de partager avec vous une certaine fascination pour le m\u00e9tal jaune, le rachat d'or, et pour ceux qui veulent investir dans l'or, vendre leur or tout simplement en savoir plus... Pour tous vos achat or et argent, n'h\u00e9sitez pas \u00e0 prendre rendez-vous dans l'un de nos nombreux comptoirs.","sameAs":["https:\/\/www.gold.fr"]}]}},"authors":[{"term_id":2565,"user_id":18,"is_guest":0,"slug":"julie","display_name":"Comptoir National de l'Or","avatar_url":"https:\/\/secure.gravatar.com\/avatar\/713f289e398d35ead876c4a4cc08607f0d6d266058cfc25683fffb6092d0e572?s=96&d=mm&r=g","0":null,"1":"","2":"","3":"","4":"","5":"","6":"","7":"","8":""}],"_links":{"self":[{"href":"https:\/\/www.gold.fr\/news\/wp-json\/wp\/v2\/posts\/7544","targetHints":{"allow":["GET"]}}],"collection":[{"href":"https:\/\/www.gold.fr\/news\/wp-json\/wp\/v2\/posts"}],"about":[{"href":"https:\/\/www.gold.fr\/news\/wp-json\/wp\/v2\/types\/post"}],"author":[{"embeddable":true,"href":"https:\/\/www.gold.fr\/news\/wp-json\/wp\/v2\/users\/18"}],"replies":[{"embeddable":true,"href":"https:\/\/www.gold.fr\/news\/wp-json\/wp\/v2\/comments?post=7544"}],"version-history":[{"count":0,"href":"https:\/\/www.gold.fr\/news\/wp-json\/wp\/v2\/posts\/7544\/revisions"}],"wp:featuredmedia":[{"embeddable":true,"href":"https:\/\/www.gold.fr\/news\/wp-json\/wp\/v2\/media\/40055"}],"wp:attachment":[{"href":"https:\/\/www.gold.fr\/news\/wp-json\/wp\/v2\/media?parent=7544"}],"wp:term":[{"taxonomy":"category","embeddable":true,"href":"https:\/\/www.gold.fr\/news\/wp-json\/wp\/v2\/categories?post=7544"},{"taxonomy":"post_tag","embeddable":true,"href":"https:\/\/www.gold.fr\/news\/wp-json\/wp\/v2\/tags?post=7544"},{"taxonomy":"author","embeddable":true,"href":"https:\/\/www.gold.fr\/news\/wp-json\/wp\/v2\/ppma_author?post=7544"}],"curies":[{"name":"wp","href":"https:\/\/api.w.org\/{rel}","templated":true}]}}