{"id":7535,"date":"2012-05-17T09:44:07","date_gmt":"2012-05-17T07:44:07","guid":{"rendered":"http:\/\/news.gold.fr\/?p=7535"},"modified":"2020-06-25T15:38:08","modified_gmt":"2020-06-25T13:38:08","slug":"les-euros-or","status":"publish","type":"post","link":"https:\/\/www.gold.fr\/news\/2012\/05\/17\/les-euros-or\/","title":{"rendered":"Les euros or"},"content":{"rendered":"<p style=\"text-align: justify;\"><span style=\"font-family: verdana, geneva; font-size: small;\"><a href=\"http:\/\/news.gold.fr\/wp-content\/uploads\/2012\/05\/200-euros-or-regions-france.jpg\"><img loading=\"lazy\" decoding=\"async\" class=\"alignleft size-full wp-image-7537\" style=\"border-image: initial; float: left; margin: 5px; border: 1px solid black;\" title=\"200-euros-or-regions-france\" src=\"http:\/\/news.gold.fr\/wp-content\/uploads\/2012\/05\/200-euros-or-regions-france.jpg\" alt=\"\" width=\"150\" height=\"150\" srcset=\"https:\/\/www.gold.fr\/news\/wp-content\/uploads\/2012\/05\/200-euros-or-regions-france.jpg 150w, https:\/\/www.gold.fr\/news\/wp-content\/uploads\/2012\/05\/200-euros-or-regions-france-80x80.jpg 80w, https:\/\/www.gold.fr\/news\/wp-content\/uploads\/2012\/05\/200-euros-or-regions-france-1x1.jpg 1w\" sizes=\"auto, (max-width: 150px) 100vw, 150px\" \/><\/a>Depuis 2008, le gouvernement fran\u00e7ais a d\u00e9cid\u00e9 de diffuser <a title=\"Napol\u00e9on 20frs\" href=\"https:\/\/www.gold.fr\/cours-prix-de-l-or\/napoleon-or-20-francs-louis-or\/\" target=\"_blank\" rel=\"noopener noreferrer\">des pi\u00e8ces d\u2019or<\/a> caract\u00e9ris\u00e9es par une valeur faciales cot\u00e9e en euros et garantie par la loi. Ces <a class=\"esk-seo-plu-link\" href=\"https:\/\/www.gold.fr\/news\/tags\/monnaie-de-paris\">pi\u00e8ces<\/a> peuvent \u00eatre utilis\u00e9es comme moyen de paiement sur <strong>le territoire fran\u00e7ais mais pas dans les autres \u00e9tats d&rsquo;Europe<\/strong>.<\/span> <span style=\"font-family: verdana, geneva; font-size: small;\">La premi\u00e8re <a class=\"esk-seo-plu-link\" href=\"https:\/\/www.gold.fr\/news\/tags\/monnaie-de-paris\">pi\u00e8ce<\/a> mise en circulation a \u00e9t\u00e9 celle de <strong>100 euros <a class=\"esk-seo-plu-link\" href=\"https:\/\/www.gold.fr\/news\/tags\/or\">or<\/a><\/strong> qui a fait son apparition en 2008. Puis, une autre <a class=\"esk-seo-plu-link\" href=\"https:\/\/www.gold.fr\/news\/tags\/monnaie-de-paris\">pi\u00e8ce<\/a> en <a class=\"esk-seo-plu-link\" href=\"https:\/\/www.gold.fr\/news\/tags\/or\">or<\/a> d&rsquo;une valeur de <strong>250 euros<\/strong> est \u00e9galement sortie en 2009.<\/span> <span style=\"font-family: verdana, geneva; font-size: small;\">Les <a class=\"esk-seo-plu-link\" href=\"https:\/\/www.gold.fr\/news\/tags\/monnaie-de-paris\">pi\u00e8ces<\/a> de s\u00e9rie portent toutes l&rsquo;effigie de la Semeuse.<\/span> <span style=\"font-family: verdana, geneva; font-size: small;\">Cette initiative, consid\u00e9r\u00e9e comme in\u00e9dite depuis 1914, signe le retour des m\u00e9taux pr\u00e9cieux en tant que modalit\u00e9 de paiement. Il faut toutefois rester prudent quant \u00e0 l&rsquo;acquisition de ce genre de <a class=\"esk-seo-plu-link\" href=\"https:\/\/www.gold.fr\/news\/tags\/monnaie-de-paris\">pi\u00e8ces<\/a>.<\/span> <span style=\"font-family: verdana, geneva; font-size: small;\">L&rsquo;int\u00e9r\u00eat de ces <a class=\"esk-seo-plu-link\" href=\"https:\/\/www.gold.fr\/news\/tags\/monnaie-de-paris\">pi\u00e8ces<\/a> r\u00e9side dans <strong>leur double fonction<\/strong>. En effet, elles ont \u00e0 la fois une valeur li\u00e9e \u00e0 <strong>leur poids en <a class=\"esk-seo-plu-link\" href=\"https:\/\/www.gold.fr\/news\/tags\/or\">or<\/a><\/strong> et <strong>leur valeur faciale garantie en euros<\/strong> par le gouvernement tout comme un billet de banque.<\/span> <span style=\"font-family: verdana, geneva; font-size: small;\">Toutefois, il faut savoir que le tirage est tr\u00e8s limit\u00e9 ce qui rend ces <a class=\"esk-seo-plu-link\" href=\"https:\/\/www.gold.fr\/news\/tags\/monnaie-de-paris\">pi\u00e8ces<\/a> particuli\u00e8rement pris\u00e9es par les collectionneurs. Dans ce contexte, leur valeur peut augmenter de fa\u00e7on importante d\u00e9passant leur valeur faciale ce qui <strong>les emp\u00eache d&rsquo;\u00eatre des <a class=\"esk-seo-plu-link\" href=\"https:\/\/www.gold.fr\/news\/tags\/piece-dor\">pi\u00e8ces d&rsquo;or<\/a> d&rsquo;investissement<\/strong>.<\/span><\/p>\n<div><\/div>\n<!-- AddThis Advanced Settings generic via filter on the_content --><!-- AddThis Share Buttons generic via filter on the_content -->","protected":false},"excerpt":{"rendered":"<p>Depuis 2008, le gouvernement fran\u00e7ais a d\u00e9cid\u00e9 de diffuser des pi\u00e8ces d\u2019or caract\u00e9ris\u00e9es par une valeur faciales cot\u00e9e en euros et garantie par la loi. Ces pi\u00e8ces peuvent \u00eatre utilis\u00e9es comme moyen de paiement sur le [&hellip;]<\/p>\n","protected":false},"author":18,"featured_media":7536,"comment_status":"closed","ping_status":"closed","sticky":false,"template":"","format":"standard","meta":{"_mbp_gutenberg_autopost":false,"_pgmb_is_evergreen":false,"_pgmb_ap_template_id":0,"footnotes":""},"categories":[6],"tags":[501,502,76,91,93],"ppma_author":[2565],"class_list":["post-7535","post","type-post","status-publish","format-standard","has-post-thumbnail","hentry","category-articles-de-presse","tag-100-euros-or","tag-250-euros-or","tag-or","tag-piece-dor","tag-_collections_"],"yoast_head":"<!-- This site is optimized with the Yoast SEO plugin v27.5 - https:\/\/yoast.com\/product\/yoast-seo-wordpress\/ -->\n<title>Les euros or - Gold.fr<\/title>\n<meta name=\"description\" content=\"Depuis 2008, le gouvernement fran\u00e7ais a d\u00e9cid\u00e9 de diffuser des pi\u00e8ces d\u2019or...caract\u00e9ris\u00e9es par une valeur faciales cot\u00e9e en euros\" \/>\n<meta name=\"robots\" content=\"index, follow, max-snippet:-1, max-image-preview:large, max-video-preview:-1\" \/>\n<link rel=\"canonical\" href=\"https:\/\/www.gold.fr\/news\/2012\/05\/17\/les-euros-or\/\" \/>\n<meta property=\"og:locale\" content=\"fr_FR\" \/>\n<meta property=\"og:type\" content=\"article\" \/>\n<meta property=\"og:title\" content=\"Les euros or - Gold.fr\" \/>\n<meta property=\"og:description\" content=\"Depuis 2008, le gouvernement fran\u00e7ais a d\u00e9cid\u00e9 de diffuser des pi\u00e8ces d\u2019or...caract\u00e9ris\u00e9es par une valeur faciales cot\u00e9e en euros\" \/>\n<meta property=\"og:url\" content=\"https:\/\/www.gold.fr\/news\/2012\/05\/17\/les-euros-or\/\" \/>\n<meta property=\"og:site_name\" content=\"Gold.fr\" \/>\n<meta property=\"article:publisher\" content=\"https:\/\/www.facebook.com\/Goldfr\/\" \/>\n<meta property=\"article:published_time\" content=\"2012-05-17T07:44:07+00:00\" \/>\n<meta property=\"article:modified_time\" content=\"2020-06-25T13:38:08+00:00\" \/>\n<meta property=\"og:image\" content=\"https:\/\/www.gold.fr\/news\/wp-content\/uploads\/2012\/05\/france-2011-200-euros-regio.jpg\" \/>\n\t<meta property=\"og:image:width\" content=\"600\" \/>\n\t<meta property=\"og:image:height\" content=\"455\" \/>\n\t<meta property=\"og:image:type\" content=\"image\/jpeg\" \/>\n<meta name=\"author\" content=\"Comptoir National de l&#039;Or\" \/>\n<meta name=\"twitter:card\" content=\"summary_large_image\" \/>\n<meta name=\"twitter:label1\" content=\"\u00c9crit par\" \/>\n\t<meta name=\"twitter:data1\" content=\"Comptoir National de l&#039;Or\" \/>\n\t<meta name=\"twitter:label2\" content=\"Dur\u00e9e de lecture estim\u00e9e\" \/>\n\t<meta name=\"twitter:data2\" content=\"1 minute\" \/>\n<script type=\"application\/ld+json\" class=\"yoast-schema-graph\">{\"@context\":\"https:\\\/\\\/schema.org\",\"@graph\":[{\"@type\":\"Article\",\"@id\":\"https:\\\/\\\/www.gold.fr\\\/news\\\/2012\\\/05\\\/17\\\/les-euros-or\\\/#article\",\"isPartOf\":{\"@id\":\"https:\\\/\\\/www.gold.fr\\\/news\\\/2012\\\/05\\\/17\\\/les-euros-or\\\/\"},\"author\":{\"name\":\"Comptoir National de l'Or\",\"@id\":\"https:\\\/\\\/www.gold.fr\\\/news\\\/#\\\/schema\\\/person\\\/070491b4b4fb7671bf59b3be20302ce9\"},\"headline\":\"Les euros or\",\"datePublished\":\"2012-05-17T07:44:07+00:00\",\"dateModified\":\"2020-06-25T13:38:08+00:00\",\"mainEntityOfPage\":{\"@id\":\"https:\\\/\\\/www.gold.fr\\\/news\\\/2012\\\/05\\\/17\\\/les-euros-or\\\/\"},\"wordCount\":242,\"image\":{\"@id\":\"https:\\\/\\\/www.gold.fr\\\/news\\\/2012\\\/05\\\/17\\\/les-euros-or\\\/#primaryimage\"},\"thumbnailUrl\":\"https:\\\/\\\/www.gold.fr\\\/news\\\/wp-content\\\/uploads\\\/2012\\\/05\\\/france-2011-200-euros-regio.jpg\",\"keywords\":[\"100 euros or\",\"250 euros or\",\"Or\",\"Pi\u00e8ce d'Or\",\"_Pi\u00e8ces de collection_\"],\"articleSection\":[\"Articles de presse\"],\"inLanguage\":\"fr-FR\"},{\"@type\":\"WebPage\",\"@id\":\"https:\\\/\\\/www.gold.fr\\\/news\\\/2012\\\/05\\\/17\\\/les-euros-or\\\/\",\"url\":\"https:\\\/\\\/www.gold.fr\\\/news\\\/2012\\\/05\\\/17\\\/les-euros-or\\\/\",\"name\":\"Les euros or - Gold.fr\",\"isPartOf\":{\"@id\":\"https:\\\/\\\/www.gold.fr\\\/news\\\/#website\"},\"primaryImageOfPage\":{\"@id\":\"https:\\\/\\\/www.gold.fr\\\/news\\\/2012\\\/05\\\/17\\\/les-euros-or\\\/#primaryimage\"},\"image\":{\"@id\":\"https:\\\/\\\/www.gold.fr\\\/news\\\/2012\\\/05\\\/17\\\/les-euros-or\\\/#primaryimage\"},\"thumbnailUrl\":\"https:\\\/\\\/www.gold.fr\\\/news\\\/wp-content\\\/uploads\\\/2012\\\/05\\\/france-2011-200-euros-regio.jpg\",\"datePublished\":\"2012-05-17T07:44:07+00:00\",\"dateModified\":\"2020-06-25T13:38:08+00:00\",\"author\":{\"@id\":\"https:\\\/\\\/www.gold.fr\\\/news\\\/#\\\/schema\\\/person\\\/070491b4b4fb7671bf59b3be20302ce9\"},\"description\":\"Depuis 2008, le gouvernement fran\u00e7ais a d\u00e9cid\u00e9 de diffuser des pi\u00e8ces d\u2019or...caract\u00e9ris\u00e9es par une valeur faciales cot\u00e9e en euros\",\"breadcrumb\":{\"@id\":\"https:\\\/\\\/www.gold.fr\\\/news\\\/2012\\\/05\\\/17\\\/les-euros-or\\\/#breadcrumb\"},\"inLanguage\":\"fr-FR\",\"potentialAction\":[{\"@type\":\"ReadAction\",\"target\":[\"https:\\\/\\\/www.gold.fr\\\/news\\\/2012\\\/05\\\/17\\\/les-euros-or\\\/\"]}]},{\"@type\":\"ImageObject\",\"inLanguage\":\"fr-FR\",\"@id\":\"https:\\\/\\\/www.gold.fr\\\/news\\\/2012\\\/05\\\/17\\\/les-euros-or\\\/#primaryimage\",\"url\":\"https:\\\/\\\/www.gold.fr\\\/news\\\/wp-content\\\/uploads\\\/2012\\\/05\\\/france-2011-200-euros-regio.jpg\",\"contentUrl\":\"https:\\\/\\\/www.gold.fr\\\/news\\\/wp-content\\\/uploads\\\/2012\\\/05\\\/france-2011-200-euros-regio.jpg\",\"width\":\"600\",\"height\":\"455\",\"caption\":\"L\u2019or fran\u00e7ais : o\u00f9 est-il cach\u00e9 ?\"},{\"@type\":\"BreadcrumbList\",\"@id\":\"https:\\\/\\\/www.gold.fr\\\/news\\\/2012\\\/05\\\/17\\\/les-euros-or\\\/#breadcrumb\",\"itemListElement\":[{\"@type\":\"ListItem\",\"position\":1,\"name\":\"Accueil\",\"item\":\"https:\\\/\\\/www.gold.fr\\\/\"},{\"@type\":\"ListItem\",\"position\":2,\"name\":\"Actualit\u00e9s\",\"item\":\"https:\\\/\\\/www.gold.fr\\\/news\\\/\"},{\"@type\":\"ListItem\",\"position\":3,\"name\":\"Les euros or\"}]},{\"@type\":\"WebSite\",\"@id\":\"https:\\\/\\\/www.gold.fr\\\/news\\\/#website\",\"url\":\"https:\\\/\\\/www.gold.fr\\\/news\\\/\",\"name\":\"Gold.fr\",\"description\":\"Actualit\u00e9s de l&#039;Or et des m\u00e9taux pr\u00e9cieux\",\"potentialAction\":[{\"@type\":\"SearchAction\",\"target\":{\"@type\":\"EntryPoint\",\"urlTemplate\":\"https:\\\/\\\/www.gold.fr\\\/news\\\/?s={search_term_string}\"},\"query-input\":{\"@type\":\"PropertyValueSpecification\",\"valueRequired\":true,\"valueName\":\"search_term_string\"}}],\"inLanguage\":\"fr-FR\"},{\"@type\":\"Person\",\"@id\":\"https:\\\/\\\/www.gold.fr\\\/news\\\/#\\\/schema\\\/person\\\/070491b4b4fb7671bf59b3be20302ce9\",\"name\":\"Comptoir National de l'Or\",\"image\":{\"@type\":\"ImageObject\",\"inLanguage\":\"fr-FR\",\"@id\":\"https:\\\/\\\/secure.gravatar.com\\\/avatar\\\/0a2867fd5abe37bed95d5a65e9d58f01756e11efc68af9888dfc50cfa7f65948?s=96&d=mm&r=gb490554db0a38188709de567aa58480d\",\"url\":\"https:\\\/\\\/secure.gravatar.com\\\/avatar\\\/0a2867fd5abe37bed95d5a65e9d58f01756e11efc68af9888dfc50cfa7f65948?s=96&d=mm&r=g\",\"contentUrl\":\"https:\\\/\\\/secure.gravatar.com\\\/avatar\\\/0a2867fd5abe37bed95d5a65e9d58f01756e11efc68af9888dfc50cfa7f65948?s=96&d=mm&r=g\",\"caption\":\"Comptoir National de l'Or\"},\"description\":\"Notre r\u00e9daction est constitu\u00e9e de membres experts dans les m\u00e9tiers de l'\u00e9conomie et la gestion, des Responsables d'agence Comptoir National de l'Or, des analystes financiers qui publient r\u00e9guli\u00e8rement des \u00e9tudes sur les politiques des banques centrales, le cours de l'or, prix de l'or, cours de l'argent, prix de l'argent, cours du platine, cours du palladium,... la situation en zone euro et l'impact de la strat\u00e9gie mon\u00e9taire de la FED. Notre \u00e9quipe scrute \u00e9galement une information plus g\u00e9n\u00e9raliste \u00e0 la recherche d'actualit\u00e9 \\\"p\u00e9pite\\\" \u00e0 vous partager. Depuis 5 ans, nous avons publi\u00e9 un peu plus de 4000 articles qui s'adressent \u00e0 un public large et vari\u00e9 ayant pour objectif de satisfaire votre curiosit\u00e9 et de partager avec vous une certaine fascination pour le m\u00e9tal jaune, le rachat d'or, et pour ceux qui veulent investir dans l'or, vendre leur or tout simplement en savoir plus... Pour tous vos achat or et argent, n'h\u00e9sitez pas \u00e0 prendre rendez-vous dans l'un de nos nombreux comptoirs.\",\"sameAs\":[\"https:\\\/\\\/www.gold.fr\"]}]}<\/script>\n<!-- \/ Yoast SEO plugin. -->","yoast_head_json":{"title":"Les euros or - Gold.fr","description":"Depuis 2008, le gouvernement fran\u00e7ais a d\u00e9cid\u00e9 de diffuser des pi\u00e8ces d\u2019or...caract\u00e9ris\u00e9es par une valeur faciales cot\u00e9e en euros","robots":{"index":"index","follow":"follow","max-snippet":"max-snippet:-1","max-image-preview":"max-image-preview:large","max-video-preview":"max-video-preview:-1"},"canonical":"https:\/\/www.gold.fr\/news\/2012\/05\/17\/les-euros-or\/","og_locale":"fr_FR","og_type":"article","og_title":"Les euros or - Gold.fr","og_description":"Depuis 2008, le gouvernement fran\u00e7ais a d\u00e9cid\u00e9 de diffuser des pi\u00e8ces d\u2019or...caract\u00e9ris\u00e9es par une valeur faciales cot\u00e9e en euros","og_url":"https:\/\/www.gold.fr\/news\/2012\/05\/17\/les-euros-or\/","og_site_name":"Gold.fr","article_publisher":"https:\/\/www.facebook.com\/Goldfr\/","article_published_time":"2012-05-17T07:44:07+00:00","article_modified_time":"2020-06-25T13:38:08+00:00","og_image":[{"width":600,"height":455,"url":"https:\/\/www.gold.fr\/news\/wp-content\/uploads\/2012\/05\/france-2011-200-euros-regio.jpg","type":"image\/jpeg"}],"author":"Comptoir National de l'Or","twitter_card":"summary_large_image","twitter_misc":{"\u00c9crit par":"Comptoir National de l'Or","Dur\u00e9e de lecture estim\u00e9e":"1 minute"},"schema":{"@context":"https:\/\/schema.org","@graph":[{"@type":"Article","@id":"https:\/\/www.gold.fr\/news\/2012\/05\/17\/les-euros-or\/#article","isPartOf":{"@id":"https:\/\/www.gold.fr\/news\/2012\/05\/17\/les-euros-or\/"},"author":{"name":"Comptoir National de l'Or","@id":"https:\/\/www.gold.fr\/news\/#\/schema\/person\/070491b4b4fb7671bf59b3be20302ce9"},"headline":"Les euros or","datePublished":"2012-05-17T07:44:07+00:00","dateModified":"2020-06-25T13:38:08+00:00","mainEntityOfPage":{"@id":"https:\/\/www.gold.fr\/news\/2012\/05\/17\/les-euros-or\/"},"wordCount":242,"image":{"@id":"https:\/\/www.gold.fr\/news\/2012\/05\/17\/les-euros-or\/#primaryimage"},"thumbnailUrl":"https:\/\/www.gold.fr\/news\/wp-content\/uploads\/2012\/05\/france-2011-200-euros-regio.jpg","keywords":["100 euros or","250 euros or","Or","Pi\u00e8ce d'Or","_Pi\u00e8ces de collection_"],"articleSection":["Articles de presse"],"inLanguage":"fr-FR"},{"@type":"WebPage","@id":"https:\/\/www.gold.fr\/news\/2012\/05\/17\/les-euros-or\/","url":"https:\/\/www.gold.fr\/news\/2012\/05\/17\/les-euros-or\/","name":"Les euros or - Gold.fr","isPartOf":{"@id":"https:\/\/www.gold.fr\/news\/#website"},"primaryImageOfPage":{"@id":"https:\/\/www.gold.fr\/news\/2012\/05\/17\/les-euros-or\/#primaryimage"},"image":{"@id":"https:\/\/www.gold.fr\/news\/2012\/05\/17\/les-euros-or\/#primaryimage"},"thumbnailUrl":"https:\/\/www.gold.fr\/news\/wp-content\/uploads\/2012\/05\/france-2011-200-euros-regio.jpg","datePublished":"2012-05-17T07:44:07+00:00","dateModified":"2020-06-25T13:38:08+00:00","author":{"@id":"https:\/\/www.gold.fr\/news\/#\/schema\/person\/070491b4b4fb7671bf59b3be20302ce9"},"description":"Depuis 2008, le gouvernement fran\u00e7ais a d\u00e9cid\u00e9 de diffuser des pi\u00e8ces d\u2019or...caract\u00e9ris\u00e9es par une valeur faciales cot\u00e9e en euros","breadcrumb":{"@id":"https:\/\/www.gold.fr\/news\/2012\/05\/17\/les-euros-or\/#breadcrumb"},"inLanguage":"fr-FR","potentialAction":[{"@type":"ReadAction","target":["https:\/\/www.gold.fr\/news\/2012\/05\/17\/les-euros-or\/"]}]},{"@type":"ImageObject","inLanguage":"fr-FR","@id":"https:\/\/www.gold.fr\/news\/2012\/05\/17\/les-euros-or\/#primaryimage","url":"https:\/\/www.gold.fr\/news\/wp-content\/uploads\/2012\/05\/france-2011-200-euros-regio.jpg","contentUrl":"https:\/\/www.gold.fr\/news\/wp-content\/uploads\/2012\/05\/france-2011-200-euros-regio.jpg","width":"600","height":"455","caption":"L\u2019or fran\u00e7ais : o\u00f9 est-il cach\u00e9 ?"},{"@type":"BreadcrumbList","@id":"https:\/\/www.gold.fr\/news\/2012\/05\/17\/les-euros-or\/#breadcrumb","itemListElement":[{"@type":"ListItem","position":1,"name":"Accueil","item":"https:\/\/www.gold.fr\/"},{"@type":"ListItem","position":2,"name":"Actualit\u00e9s","item":"https:\/\/www.gold.fr\/news\/"},{"@type":"ListItem","position":3,"name":"Les euros or"}]},{"@type":"WebSite","@id":"https:\/\/www.gold.fr\/news\/#website","url":"https:\/\/www.gold.fr\/news\/","name":"Gold.fr","description":"Actualit\u00e9s de l&#039;Or et des m\u00e9taux pr\u00e9cieux","potentialAction":[{"@type":"SearchAction","target":{"@type":"EntryPoint","urlTemplate":"https:\/\/www.gold.fr\/news\/?s={search_term_string}"},"query-input":{"@type":"PropertyValueSpecification","valueRequired":true,"valueName":"search_term_string"}}],"inLanguage":"fr-FR"},{"@type":"Person","@id":"https:\/\/www.gold.fr\/news\/#\/schema\/person\/070491b4b4fb7671bf59b3be20302ce9","name":"Comptoir National de l'Or","image":{"@type":"ImageObject","inLanguage":"fr-FR","@id":"https:\/\/secure.gravatar.com\/avatar\/0a2867fd5abe37bed95d5a65e9d58f01756e11efc68af9888dfc50cfa7f65948?s=96&d=mm&r=gb490554db0a38188709de567aa58480d","url":"https:\/\/secure.gravatar.com\/avatar\/0a2867fd5abe37bed95d5a65e9d58f01756e11efc68af9888dfc50cfa7f65948?s=96&d=mm&r=g","contentUrl":"https:\/\/secure.gravatar.com\/avatar\/0a2867fd5abe37bed95d5a65e9d58f01756e11efc68af9888dfc50cfa7f65948?s=96&d=mm&r=g","caption":"Comptoir National de l'Or"},"description":"Notre r\u00e9daction est constitu\u00e9e de membres experts dans les m\u00e9tiers de l'\u00e9conomie et la gestion, des Responsables d'agence Comptoir National de l'Or, des analystes financiers qui publient r\u00e9guli\u00e8rement des \u00e9tudes sur les politiques des banques centrales, le cours de l'or, prix de l'or, cours de l'argent, prix de l'argent, cours du platine, cours du palladium,... la situation en zone euro et l'impact de la strat\u00e9gie mon\u00e9taire de la FED. Notre \u00e9quipe scrute \u00e9galement une information plus g\u00e9n\u00e9raliste \u00e0 la recherche d'actualit\u00e9 \"p\u00e9pite\" \u00e0 vous partager. Depuis 5 ans, nous avons publi\u00e9 un peu plus de 4000 articles qui s'adressent \u00e0 un public large et vari\u00e9 ayant pour objectif de satisfaire votre curiosit\u00e9 et de partager avec vous une certaine fascination pour le m\u00e9tal jaune, le rachat d'or, et pour ceux qui veulent investir dans l'or, vendre leur or tout simplement en savoir plus... Pour tous vos achat or et argent, n'h\u00e9sitez pas \u00e0 prendre rendez-vous dans l'un de nos nombreux comptoirs.","sameAs":["https:\/\/www.gold.fr"]}]}},"authors":[{"term_id":2565,"user_id":18,"is_guest":0,"slug":"julie","display_name":"Comptoir National de l'Or","avatar_url":"https:\/\/secure.gravatar.com\/avatar\/713f289e398d35ead876c4a4cc08607f0d6d266058cfc25683fffb6092d0e572?s=96&d=mm&r=g","0":null,"1":"","2":"","3":"","4":"","5":"","6":"","7":"","8":""}],"_links":{"self":[{"href":"https:\/\/www.gold.fr\/news\/wp-json\/wp\/v2\/posts\/7535","targetHints":{"allow":["GET"]}}],"collection":[{"href":"https:\/\/www.gold.fr\/news\/wp-json\/wp\/v2\/posts"}],"about":[{"href":"https:\/\/www.gold.fr\/news\/wp-json\/wp\/v2\/types\/post"}],"author":[{"embeddable":true,"href":"https:\/\/www.gold.fr\/news\/wp-json\/wp\/v2\/users\/18"}],"replies":[{"embeddable":true,"href":"https:\/\/www.gold.fr\/news\/wp-json\/wp\/v2\/comments?post=7535"}],"version-history":[{"count":0,"href":"https:\/\/www.gold.fr\/news\/wp-json\/wp\/v2\/posts\/7535\/revisions"}],"wp:featuredmedia":[{"embeddable":true,"href":"https:\/\/www.gold.fr\/news\/wp-json\/wp\/v2\/media\/7536"}],"wp:attachment":[{"href":"https:\/\/www.gold.fr\/news\/wp-json\/wp\/v2\/media?parent=7535"}],"wp:term":[{"taxonomy":"category","embeddable":true,"href":"https:\/\/www.gold.fr\/news\/wp-json\/wp\/v2\/categories?post=7535"},{"taxonomy":"post_tag","embeddable":true,"href":"https:\/\/www.gold.fr\/news\/wp-json\/wp\/v2\/tags?post=7535"},{"taxonomy":"author","embeddable":true,"href":"https:\/\/www.gold.fr\/news\/wp-json\/wp\/v2\/ppma_author?post=7535"}],"curies":[{"name":"wp","href":"https:\/\/api.w.org\/{rel}","templated":true}]}}