{"id":7524,"date":"2012-05-16T11:00:00","date_gmt":"2012-05-16T09:00:00","guid":{"rendered":"http:\/\/news.gold.fr\/?p=7524"},"modified":"2019-08-02T10:16:05","modified_gmt":"2019-08-02T08:16:05","slug":"les-estimations-de-goldman-sachs-sur-le-cours-de-lor","status":"publish","type":"post","link":"https:\/\/www.gold.fr\/news\/2012\/05\/16\/les-estimations-de-goldman-sachs-sur-le-cours-de-lor\/","title":{"rendered":"Les estimations de Goldman Sachs sur le cours de l\u2019or"},"content":{"rendered":"<p><a href=\"http:\/\/news.gold.fr\/wp-content\/uploads\/2012\/05\/goldman-sachs-cours-de-l-or.jpg\"><img loading=\"lazy\" decoding=\"async\" class=\"alignleft size-thumbnail wp-image-7525\" style=\"border-image: initial; float: left; margin: 5px; border: 1px solid black;\" title=\"goldman-sachs-cours-de-l-or\" src=\"http:\/\/news.gold.fr\/wp-content\/uploads\/2012\/05\/goldman-sachs-cours-de-l-or-150x150.jpg\" alt=\"\" width=\"150\" height=\"150\" \/><\/a>Il semble que <a title=\"Cours de l'Or\" href=\"https:\/\/www.gold.fr\/cours-prix-de-l-or\/\" target=\"_blank\" rel=\"noopener noreferrer\">le cours de l\u2019or<\/a> va repartir \u00e0 la hausse. En tout cas c&rsquo;est ce que pr\u00e9dit la firme new-yorkaise Goldman Sachs, qui annonce un record de 1840 $US <a title=\"Once d'Or\" href=\"https:\/\/www.gold.fr\/once-en\/\" target=\"_blank\" rel=\"noopener noreferrer\">l\u2019once<\/a> au cours des six prochains mois. Ce serait donc bient\u00f4t la fin de <strong>la correction que subit l&rsquo;<a class=\"esk-seo-plu-link\" href=\"https:\/\/www.gold.fr\/news\/tags\/or\">or<\/a><\/strong>. En effet, le gouvernement am\u00e9ricain a d\u00e9cid\u00e9 de mettre en place des mesures d&rsquo;\u00ab assouplissement quantitatif \u00bb. Ces mesures ont pour objectif de relancer l&rsquo;\u00e9conomie des \u00c9tats-Unis. On sent <strong>un dollar<\/strong> \u00e0 bout de souffle malgr\u00e9 une l\u00e9g\u00e8re reprise de tonus. <strong>L&rsquo;<a class=\"esk-seo-plu-link\" href=\"https:\/\/www.gold.fr\/news\/tags\/or\">or<\/a> en monnaie<\/strong> de dernier recours devrait \u00eatre une r\u00e9ponse adapt\u00e9e aux difficult\u00e9s qu&rsquo;\u00e9prouve l&rsquo;Europe. Toutefois, d&rsquo;apr\u00e8s Goldman Sachs, nous ne pouvons consid\u00e9rer <strong>l&rsquo;<a class=\"esk-seo-plu-link\" href=\"https:\/\/www.gold.fr\/news\/tags\/or\">or<\/a> comme la valeur refuge ultime<\/strong>. Alors qu&rsquo;est-ce qui pousse Goldman Sachs \u00e0 pr\u00e9dire une telle hausse\u00a0? Il faut dire que la crise du travail aux Etats-Unis, l&rsquo;\u00e9lection en France ou encore la crise en Gr\u00e8ce ne peuvent que travailler une pouss\u00e9e du prix du pr\u00e9cieux m\u00e9tal. Aujourd&rsquo;hui, l&rsquo;<a class=\"esk-seo-plu-link\" href=\"https:\/\/www.gold.fr\/news\/tags\/or\">or<\/a> s&rsquo;\u00e9change \u00e0 1567 $US. Les pr\u00e9visions de la firme new-yorkaise Goldman Sachs semble un peu surr\u00e9aliste \u00e0 moins que d&rsquo;autres facteurs ne rentrent en jeu, comme l&rsquo;abolition du gouvernement indien d&rsquo;une <strong>taxe d&rsquo;accise sur l&rsquo;<a class=\"esk-seo-plu-link\" href=\"https:\/\/www.gold.fr\/news\/tags\/or\">or<\/a><\/strong> afin d&rsquo;encourager le secteur de la <a class=\"esk-seo-plu-link\" href=\"https:\/\/www.gold.fr\/news\/tags\/bijoux-or\">bijouterie<\/a> qui est un secteur assez important en Inde.<\/p>\n<!-- AddThis Advanced Settings generic via filter on the_content --><!-- AddThis Share Buttons generic via filter on the_content -->","protected":false},"excerpt":{"rendered":"<p>Il semble que le cours de l\u2019or va repartir \u00e0 la hausse. En tout cas c&rsquo;est ce que pr\u00e9dit la firme new-yorkaise Goldman Sachs, qui annonce un record de 1840 $US l\u2019once au cours des six [&hellip;]<\/p>\n","protected":false},"author":18,"featured_media":7525,"comment_status":"open","ping_status":"open","sticky":false,"template":"","format":"standard","meta":{"_mbp_gutenberg_autopost":false,"_pgmb_is_evergreen":false,"_pgmb_ap_template_id":0,"footnotes":""},"categories":[6],"tags":[90,102,85,76,234],"ppma_author":[2565],"class_list":["post-7524","post","type-post","status-publish","format-standard","has-post-thumbnail","hentry","category-articles-de-presse","tag-correction-de-lor","tag-dollar","tag-once-dor","tag-or","tag-valeur-refuge"],"yoast_head":"<!-- This site is optimized with the Yoast SEO plugin v27.5 - https:\/\/yoast.com\/product\/yoast-seo-wordpress\/ -->\n<title>Les estimations de Goldman Sachs sur le cours de l\u2019or - Gold.fr<\/title>\n<meta name=\"description\" content=\"D\u00e9couvrez les estimations de Goldman Sachs sur le cours de l&#039;or et suivez le cours de l&#039;or, de l&#039;argent et d&#039;autres m\u00e9taux pr\u00e9cieux sur Gold.fr. Le site d&#039;experts du Comptoir National de l&#039;Or.\" \/>\n<meta name=\"robots\" content=\"index, follow, max-snippet:-1, max-image-preview:large, max-video-preview:-1\" \/>\n<link rel=\"canonical\" href=\"https:\/\/www.gold.fr\/news\/2012\/05\/16\/les-estimations-de-goldman-sachs-sur-le-cours-de-lor\/\" \/>\n<meta property=\"og:locale\" content=\"fr_FR\" \/>\n<meta property=\"og:type\" content=\"article\" \/>\n<meta property=\"og:title\" content=\"Les estimations de Goldman Sachs sur le cours de l\u2019or - Gold.fr\" \/>\n<meta property=\"og:description\" content=\"D\u00e9couvrez les estimations de Goldman Sachs sur le cours de l&#039;or et suivez le cours de l&#039;or, de l&#039;argent et d&#039;autres m\u00e9taux pr\u00e9cieux sur Gold.fr. Le site d&#039;experts du Comptoir National de l&#039;Or.\" \/>\n<meta property=\"og:url\" content=\"https:\/\/www.gold.fr\/news\/2012\/05\/16\/les-estimations-de-goldman-sachs-sur-le-cours-de-lor\/\" \/>\n<meta property=\"og:site_name\" content=\"Gold.fr\" \/>\n<meta property=\"article:publisher\" content=\"https:\/\/www.facebook.com\/Goldfr\/\" \/>\n<meta property=\"article:published_time\" content=\"2012-05-16T09:00:00+00:00\" \/>\n<meta property=\"article:modified_time\" content=\"2019-08-02T08:16:05+00:00\" \/>\n<meta property=\"og:image\" content=\"https:\/\/www.gold.fr\/news\/wp-content\/uploads\/2012\/05\/goldman-sachs-cours-de-l-or.jpg\" \/>\n\t<meta property=\"og:image:width\" content=\"600\" \/>\n\t<meta property=\"og:image:height\" content=\"450\" \/>\n\t<meta property=\"og:image:type\" content=\"image\/jpeg\" \/>\n<meta name=\"author\" content=\"Comptoir National de l&#039;Or\" \/>\n<meta name=\"twitter:card\" content=\"summary_large_image\" \/>\n<meta name=\"twitter:label1\" content=\"\u00c9crit par\" \/>\n\t<meta name=\"twitter:data1\" content=\"Comptoir National de l&#039;Or\" \/>\n\t<meta name=\"twitter:label2\" content=\"Dur\u00e9e de lecture estim\u00e9e\" \/>\n\t<meta name=\"twitter:data2\" content=\"1 minute\" \/>\n<script type=\"application\/ld+json\" class=\"yoast-schema-graph\">{\"@context\":\"https:\\\/\\\/schema.org\",\"@graph\":[{\"@type\":\"Article\",\"@id\":\"https:\\\/\\\/www.gold.fr\\\/news\\\/2012\\\/05\\\/16\\\/les-estimations-de-goldman-sachs-sur-le-cours-de-lor\\\/#article\",\"isPartOf\":{\"@id\":\"https:\\\/\\\/www.gold.fr\\\/news\\\/2012\\\/05\\\/16\\\/les-estimations-de-goldman-sachs-sur-le-cours-de-lor\\\/\"},\"author\":{\"name\":\"Comptoir National de l'Or\",\"@id\":\"https:\\\/\\\/www.gold.fr\\\/news\\\/#\\\/schema\\\/person\\\/070491b4b4fb7671bf59b3be20302ce9\"},\"headline\":\"Les estimations de Goldman Sachs sur le cours de l\u2019or\",\"datePublished\":\"2012-05-16T09:00:00+00:00\",\"dateModified\":\"2019-08-02T08:16:05+00:00\",\"mainEntityOfPage\":{\"@id\":\"https:\\\/\\\/www.gold.fr\\\/news\\\/2012\\\/05\\\/16\\\/les-estimations-de-goldman-sachs-sur-le-cours-de-lor\\\/\"},\"wordCount\":255,\"commentCount\":0,\"image\":{\"@id\":\"https:\\\/\\\/www.gold.fr\\\/news\\\/2012\\\/05\\\/16\\\/les-estimations-de-goldman-sachs-sur-le-cours-de-lor\\\/#primaryimage\"},\"thumbnailUrl\":\"https:\\\/\\\/www.gold.fr\\\/news\\\/wp-content\\\/uploads\\\/2012\\\/05\\\/goldman-sachs-cours-de-l-or.jpg\",\"keywords\":[\"correction de l'or\",\"dollar\",\"once d'or\",\"Or\",\"Valeur refuge\"],\"articleSection\":[\"Articles de presse\"],\"inLanguage\":\"fr-FR\"},{\"@type\":\"WebPage\",\"@id\":\"https:\\\/\\\/www.gold.fr\\\/news\\\/2012\\\/05\\\/16\\\/les-estimations-de-goldman-sachs-sur-le-cours-de-lor\\\/\",\"url\":\"https:\\\/\\\/www.gold.fr\\\/news\\\/2012\\\/05\\\/16\\\/les-estimations-de-goldman-sachs-sur-le-cours-de-lor\\\/\",\"name\":\"Les estimations de Goldman Sachs sur le cours de l\u2019or - Gold.fr\",\"isPartOf\":{\"@id\":\"https:\\\/\\\/www.gold.fr\\\/news\\\/#website\"},\"primaryImageOfPage\":{\"@id\":\"https:\\\/\\\/www.gold.fr\\\/news\\\/2012\\\/05\\\/16\\\/les-estimations-de-goldman-sachs-sur-le-cours-de-lor\\\/#primaryimage\"},\"image\":{\"@id\":\"https:\\\/\\\/www.gold.fr\\\/news\\\/2012\\\/05\\\/16\\\/les-estimations-de-goldman-sachs-sur-le-cours-de-lor\\\/#primaryimage\"},\"thumbnailUrl\":\"https:\\\/\\\/www.gold.fr\\\/news\\\/wp-content\\\/uploads\\\/2012\\\/05\\\/goldman-sachs-cours-de-l-or.jpg\",\"datePublished\":\"2012-05-16T09:00:00+00:00\",\"dateModified\":\"2019-08-02T08:16:05+00:00\",\"author\":{\"@id\":\"https:\\\/\\\/www.gold.fr\\\/news\\\/#\\\/schema\\\/person\\\/070491b4b4fb7671bf59b3be20302ce9\"},\"description\":\"D\u00e9couvrez les estimations de Goldman Sachs sur le cours de l'or et suivez le cours de l'or, de l'argent et d'autres m\u00e9taux pr\u00e9cieux sur Gold.fr. Le site d'experts du Comptoir National de l'Or.\",\"breadcrumb\":{\"@id\":\"https:\\\/\\\/www.gold.fr\\\/news\\\/2012\\\/05\\\/16\\\/les-estimations-de-goldman-sachs-sur-le-cours-de-lor\\\/#breadcrumb\"},\"inLanguage\":\"fr-FR\",\"potentialAction\":[{\"@type\":\"ReadAction\",\"target\":[\"https:\\\/\\\/www.gold.fr\\\/news\\\/2012\\\/05\\\/16\\\/les-estimations-de-goldman-sachs-sur-le-cours-de-lor\\\/\"]}]},{\"@type\":\"ImageObject\",\"inLanguage\":\"fr-FR\",\"@id\":\"https:\\\/\\\/www.gold.fr\\\/news\\\/2012\\\/05\\\/16\\\/les-estimations-de-goldman-sachs-sur-le-cours-de-lor\\\/#primaryimage\",\"url\":\"https:\\\/\\\/www.gold.fr\\\/news\\\/wp-content\\\/uploads\\\/2012\\\/05\\\/goldman-sachs-cours-de-l-or.jpg\",\"contentUrl\":\"https:\\\/\\\/www.gold.fr\\\/news\\\/wp-content\\\/uploads\\\/2012\\\/05\\\/goldman-sachs-cours-de-l-or.jpg\",\"width\":\"600\",\"height\":\"450\",\"caption\":\"goldman-sachs-cours-de-l-or\"},{\"@type\":\"BreadcrumbList\",\"@id\":\"https:\\\/\\\/www.gold.fr\\\/news\\\/2012\\\/05\\\/16\\\/les-estimations-de-goldman-sachs-sur-le-cours-de-lor\\\/#breadcrumb\",\"itemListElement\":[{\"@type\":\"ListItem\",\"position\":1,\"name\":\"Accueil\",\"item\":\"https:\\\/\\\/www.gold.fr\\\/\"},{\"@type\":\"ListItem\",\"position\":2,\"name\":\"Actualit\u00e9s\",\"item\":\"https:\\\/\\\/www.gold.fr\\\/news\\\/\"},{\"@type\":\"ListItem\",\"position\":3,\"name\":\"Les estimations de Goldman Sachs sur le cours de l\u2019or\"}]},{\"@type\":\"WebSite\",\"@id\":\"https:\\\/\\\/www.gold.fr\\\/news\\\/#website\",\"url\":\"https:\\\/\\\/www.gold.fr\\\/news\\\/\",\"name\":\"Gold.fr\",\"description\":\"Actualit\u00e9s de l&#039;Or et des m\u00e9taux pr\u00e9cieux\",\"potentialAction\":[{\"@type\":\"SearchAction\",\"target\":{\"@type\":\"EntryPoint\",\"urlTemplate\":\"https:\\\/\\\/www.gold.fr\\\/news\\\/?s={search_term_string}\"},\"query-input\":{\"@type\":\"PropertyValueSpecification\",\"valueRequired\":true,\"valueName\":\"search_term_string\"}}],\"inLanguage\":\"fr-FR\"},{\"@type\":\"Person\",\"@id\":\"https:\\\/\\\/www.gold.fr\\\/news\\\/#\\\/schema\\\/person\\\/070491b4b4fb7671bf59b3be20302ce9\",\"name\":\"Comptoir National de l'Or\",\"image\":{\"@type\":\"ImageObject\",\"inLanguage\":\"fr-FR\",\"@id\":\"https:\\\/\\\/secure.gravatar.com\\\/avatar\\\/0a2867fd5abe37bed95d5a65e9d58f01756e11efc68af9888dfc50cfa7f65948?s=96&d=mm&r=gb490554db0a38188709de567aa58480d\",\"url\":\"https:\\\/\\\/secure.gravatar.com\\\/avatar\\\/0a2867fd5abe37bed95d5a65e9d58f01756e11efc68af9888dfc50cfa7f65948?s=96&d=mm&r=g\",\"contentUrl\":\"https:\\\/\\\/secure.gravatar.com\\\/avatar\\\/0a2867fd5abe37bed95d5a65e9d58f01756e11efc68af9888dfc50cfa7f65948?s=96&d=mm&r=g\",\"caption\":\"Comptoir National de l'Or\"},\"description\":\"Notre r\u00e9daction est constitu\u00e9e de membres experts dans les m\u00e9tiers de l'\u00e9conomie et la gestion, des Responsables d'agence Comptoir National de l'Or, des analystes financiers qui publient r\u00e9guli\u00e8rement des \u00e9tudes sur les politiques des banques centrales, le cours de l'or, prix de l'or, cours de l'argent, prix de l'argent, cours du platine, cours du palladium,... la situation en zone euro et l'impact de la strat\u00e9gie mon\u00e9taire de la FED. Notre \u00e9quipe scrute \u00e9galement une information plus g\u00e9n\u00e9raliste \u00e0 la recherche d'actualit\u00e9 \\\"p\u00e9pite\\\" \u00e0 vous partager. Depuis 5 ans, nous avons publi\u00e9 un peu plus de 4000 articles qui s'adressent \u00e0 un public large et vari\u00e9 ayant pour objectif de satisfaire votre curiosit\u00e9 et de partager avec vous une certaine fascination pour le m\u00e9tal jaune, le rachat d'or, et pour ceux qui veulent investir dans l'or, vendre leur or tout simplement en savoir plus... Pour tous vos achat or et argent, n'h\u00e9sitez pas \u00e0 prendre rendez-vous dans l'un de nos nombreux comptoirs.\",\"sameAs\":[\"https:\\\/\\\/www.gold.fr\"]}]}<\/script>\n<!-- \/ Yoast SEO plugin. -->","yoast_head_json":{"title":"Les estimations de Goldman Sachs sur le cours de l\u2019or - Gold.fr","description":"D\u00e9couvrez les estimations de Goldman Sachs sur le cours de l'or et suivez le cours de l'or, de l'argent et d'autres m\u00e9taux pr\u00e9cieux sur Gold.fr. Le site d'experts du Comptoir National de l'Or.","robots":{"index":"index","follow":"follow","max-snippet":"max-snippet:-1","max-image-preview":"max-image-preview:large","max-video-preview":"max-video-preview:-1"},"canonical":"https:\/\/www.gold.fr\/news\/2012\/05\/16\/les-estimations-de-goldman-sachs-sur-le-cours-de-lor\/","og_locale":"fr_FR","og_type":"article","og_title":"Les estimations de Goldman Sachs sur le cours de l\u2019or - Gold.fr","og_description":"D\u00e9couvrez les estimations de Goldman Sachs sur le cours de l'or et suivez le cours de l'or, de l'argent et d'autres m\u00e9taux pr\u00e9cieux sur Gold.fr. Le site d'experts du Comptoir National de l'Or.","og_url":"https:\/\/www.gold.fr\/news\/2012\/05\/16\/les-estimations-de-goldman-sachs-sur-le-cours-de-lor\/","og_site_name":"Gold.fr","article_publisher":"https:\/\/www.facebook.com\/Goldfr\/","article_published_time":"2012-05-16T09:00:00+00:00","article_modified_time":"2019-08-02T08:16:05+00:00","og_image":[{"width":600,"height":450,"url":"https:\/\/www.gold.fr\/news\/wp-content\/uploads\/2012\/05\/goldman-sachs-cours-de-l-or.jpg","type":"image\/jpeg"}],"author":"Comptoir National de l'Or","twitter_card":"summary_large_image","twitter_misc":{"\u00c9crit par":"Comptoir National de l'Or","Dur\u00e9e de lecture estim\u00e9e":"1 minute"},"schema":{"@context":"https:\/\/schema.org","@graph":[{"@type":"Article","@id":"https:\/\/www.gold.fr\/news\/2012\/05\/16\/les-estimations-de-goldman-sachs-sur-le-cours-de-lor\/#article","isPartOf":{"@id":"https:\/\/www.gold.fr\/news\/2012\/05\/16\/les-estimations-de-goldman-sachs-sur-le-cours-de-lor\/"},"author":{"name":"Comptoir National de l'Or","@id":"https:\/\/www.gold.fr\/news\/#\/schema\/person\/070491b4b4fb7671bf59b3be20302ce9"},"headline":"Les estimations de Goldman Sachs sur le cours de l\u2019or","datePublished":"2012-05-16T09:00:00+00:00","dateModified":"2019-08-02T08:16:05+00:00","mainEntityOfPage":{"@id":"https:\/\/www.gold.fr\/news\/2012\/05\/16\/les-estimations-de-goldman-sachs-sur-le-cours-de-lor\/"},"wordCount":255,"commentCount":0,"image":{"@id":"https:\/\/www.gold.fr\/news\/2012\/05\/16\/les-estimations-de-goldman-sachs-sur-le-cours-de-lor\/#primaryimage"},"thumbnailUrl":"https:\/\/www.gold.fr\/news\/wp-content\/uploads\/2012\/05\/goldman-sachs-cours-de-l-or.jpg","keywords":["correction de l'or","dollar","once d'or","Or","Valeur refuge"],"articleSection":["Articles de presse"],"inLanguage":"fr-FR"},{"@type":"WebPage","@id":"https:\/\/www.gold.fr\/news\/2012\/05\/16\/les-estimations-de-goldman-sachs-sur-le-cours-de-lor\/","url":"https:\/\/www.gold.fr\/news\/2012\/05\/16\/les-estimations-de-goldman-sachs-sur-le-cours-de-lor\/","name":"Les estimations de Goldman Sachs sur le cours de l\u2019or - Gold.fr","isPartOf":{"@id":"https:\/\/www.gold.fr\/news\/#website"},"primaryImageOfPage":{"@id":"https:\/\/www.gold.fr\/news\/2012\/05\/16\/les-estimations-de-goldman-sachs-sur-le-cours-de-lor\/#primaryimage"},"image":{"@id":"https:\/\/www.gold.fr\/news\/2012\/05\/16\/les-estimations-de-goldman-sachs-sur-le-cours-de-lor\/#primaryimage"},"thumbnailUrl":"https:\/\/www.gold.fr\/news\/wp-content\/uploads\/2012\/05\/goldman-sachs-cours-de-l-or.jpg","datePublished":"2012-05-16T09:00:00+00:00","dateModified":"2019-08-02T08:16:05+00:00","author":{"@id":"https:\/\/www.gold.fr\/news\/#\/schema\/person\/070491b4b4fb7671bf59b3be20302ce9"},"description":"D\u00e9couvrez les estimations de Goldman Sachs sur le cours de l'or et suivez le cours de l'or, de l'argent et d'autres m\u00e9taux pr\u00e9cieux sur Gold.fr. Le site d'experts du Comptoir National de l'Or.","breadcrumb":{"@id":"https:\/\/www.gold.fr\/news\/2012\/05\/16\/les-estimations-de-goldman-sachs-sur-le-cours-de-lor\/#breadcrumb"},"inLanguage":"fr-FR","potentialAction":[{"@type":"ReadAction","target":["https:\/\/www.gold.fr\/news\/2012\/05\/16\/les-estimations-de-goldman-sachs-sur-le-cours-de-lor\/"]}]},{"@type":"ImageObject","inLanguage":"fr-FR","@id":"https:\/\/www.gold.fr\/news\/2012\/05\/16\/les-estimations-de-goldman-sachs-sur-le-cours-de-lor\/#primaryimage","url":"https:\/\/www.gold.fr\/news\/wp-content\/uploads\/2012\/05\/goldman-sachs-cours-de-l-or.jpg","contentUrl":"https:\/\/www.gold.fr\/news\/wp-content\/uploads\/2012\/05\/goldman-sachs-cours-de-l-or.jpg","width":"600","height":"450","caption":"goldman-sachs-cours-de-l-or"},{"@type":"BreadcrumbList","@id":"https:\/\/www.gold.fr\/news\/2012\/05\/16\/les-estimations-de-goldman-sachs-sur-le-cours-de-lor\/#breadcrumb","itemListElement":[{"@type":"ListItem","position":1,"name":"Accueil","item":"https:\/\/www.gold.fr\/"},{"@type":"ListItem","position":2,"name":"Actualit\u00e9s","item":"https:\/\/www.gold.fr\/news\/"},{"@type":"ListItem","position":3,"name":"Les estimations de Goldman Sachs sur le cours de l\u2019or"}]},{"@type":"WebSite","@id":"https:\/\/www.gold.fr\/news\/#website","url":"https:\/\/www.gold.fr\/news\/","name":"Gold.fr","description":"Actualit\u00e9s de l&#039;Or et des m\u00e9taux pr\u00e9cieux","potentialAction":[{"@type":"SearchAction","target":{"@type":"EntryPoint","urlTemplate":"https:\/\/www.gold.fr\/news\/?s={search_term_string}"},"query-input":{"@type":"PropertyValueSpecification","valueRequired":true,"valueName":"search_term_string"}}],"inLanguage":"fr-FR"},{"@type":"Person","@id":"https:\/\/www.gold.fr\/news\/#\/schema\/person\/070491b4b4fb7671bf59b3be20302ce9","name":"Comptoir National de l'Or","image":{"@type":"ImageObject","inLanguage":"fr-FR","@id":"https:\/\/secure.gravatar.com\/avatar\/0a2867fd5abe37bed95d5a65e9d58f01756e11efc68af9888dfc50cfa7f65948?s=96&d=mm&r=gb490554db0a38188709de567aa58480d","url":"https:\/\/secure.gravatar.com\/avatar\/0a2867fd5abe37bed95d5a65e9d58f01756e11efc68af9888dfc50cfa7f65948?s=96&d=mm&r=g","contentUrl":"https:\/\/secure.gravatar.com\/avatar\/0a2867fd5abe37bed95d5a65e9d58f01756e11efc68af9888dfc50cfa7f65948?s=96&d=mm&r=g","caption":"Comptoir National de l'Or"},"description":"Notre r\u00e9daction est constitu\u00e9e de membres experts dans les m\u00e9tiers de l'\u00e9conomie et la gestion, des Responsables d'agence Comptoir National de l'Or, des analystes financiers qui publient r\u00e9guli\u00e8rement des \u00e9tudes sur les politiques des banques centrales, le cours de l'or, prix de l'or, cours de l'argent, prix de l'argent, cours du platine, cours du palladium,... la situation en zone euro et l'impact de la strat\u00e9gie mon\u00e9taire de la FED. Notre \u00e9quipe scrute \u00e9galement une information plus g\u00e9n\u00e9raliste \u00e0 la recherche d'actualit\u00e9 \"p\u00e9pite\" \u00e0 vous partager. Depuis 5 ans, nous avons publi\u00e9 un peu plus de 4000 articles qui s'adressent \u00e0 un public large et vari\u00e9 ayant pour objectif de satisfaire votre curiosit\u00e9 et de partager avec vous une certaine fascination pour le m\u00e9tal jaune, le rachat d'or, et pour ceux qui veulent investir dans l'or, vendre leur or tout simplement en savoir plus... Pour tous vos achat or et argent, n'h\u00e9sitez pas \u00e0 prendre rendez-vous dans l'un de nos nombreux comptoirs.","sameAs":["https:\/\/www.gold.fr"]}]}},"authors":[{"term_id":2565,"user_id":18,"is_guest":0,"slug":"julie","display_name":"Comptoir National de l'Or","avatar_url":"https:\/\/secure.gravatar.com\/avatar\/713f289e398d35ead876c4a4cc08607f0d6d266058cfc25683fffb6092d0e572?s=96&d=mm&r=g","0":null,"1":"","2":"","3":"","4":"","5":"","6":"","7":"","8":""}],"_links":{"self":[{"href":"https:\/\/www.gold.fr\/news\/wp-json\/wp\/v2\/posts\/7524","targetHints":{"allow":["GET"]}}],"collection":[{"href":"https:\/\/www.gold.fr\/news\/wp-json\/wp\/v2\/posts"}],"about":[{"href":"https:\/\/www.gold.fr\/news\/wp-json\/wp\/v2\/types\/post"}],"author":[{"embeddable":true,"href":"https:\/\/www.gold.fr\/news\/wp-json\/wp\/v2\/users\/18"}],"replies":[{"embeddable":true,"href":"https:\/\/www.gold.fr\/news\/wp-json\/wp\/v2\/comments?post=7524"}],"version-history":[{"count":0,"href":"https:\/\/www.gold.fr\/news\/wp-json\/wp\/v2\/posts\/7524\/revisions"}],"wp:featuredmedia":[{"embeddable":true,"href":"https:\/\/www.gold.fr\/news\/wp-json\/wp\/v2\/media\/7525"}],"wp:attachment":[{"href":"https:\/\/www.gold.fr\/news\/wp-json\/wp\/v2\/media?parent=7524"}],"wp:term":[{"taxonomy":"category","embeddable":true,"href":"https:\/\/www.gold.fr\/news\/wp-json\/wp\/v2\/categories?post=7524"},{"taxonomy":"post_tag","embeddable":true,"href":"https:\/\/www.gold.fr\/news\/wp-json\/wp\/v2\/tags?post=7524"},{"taxonomy":"author","embeddable":true,"href":"https:\/\/www.gold.fr\/news\/wp-json\/wp\/v2\/ppma_author?post=7524"}],"curies":[{"name":"wp","href":"https:\/\/api.w.org\/{rel}","templated":true}]}}