{"id":7466,"date":"2012-05-12T11:00:37","date_gmt":"2012-05-12T09:00:37","guid":{"rendered":"http:\/\/news.gold.fr\/?p=7466"},"modified":"2020-10-09T14:00:12","modified_gmt":"2020-10-09T12:00:12","slug":"or-ou-inflation","status":"publish","type":"post","link":"https:\/\/www.gold.fr\/news\/2012\/05\/12\/or-ou-inflation\/","title":{"rendered":"Or ou Inflation ?"},"content":{"rendered":"<p style=\"text-align: justify;\"><a href=\"http:\/\/news.gold.fr\/wp-content\/uploads\/2012\/05\/or-et-inflation1.jpg\"><img loading=\"lazy\" decoding=\"async\" class=\"alignleft size-thumbnail wp-image-7470\" style=\"border-image: initial; float: left; margin: 5px; border: 1px solid black;\" title=\"or-et-inflation\" src=\"http:\/\/news.gold.fr\/wp-content\/uploads\/2012\/05\/or-et-inflation1-150x150.jpg\" alt=\"\" width=\"150\" height=\"150\" \/><\/a><span style=\"font-family: verdana, geneva; font-size: small;\">Ces derni\u00e8res semaines, pr\u00e9c\u00e9dant le mois de mai, <a title=\"Cours de l'Or\" href=\"https:\/\/www.gold.fr\/cours-prix-de-l-or\/\" target=\"_blank\" rel=\"noopener noreferrer\">le cours de l&rsquo;or<\/a> n&rsquo;a c\u00e9ss\u00e9 de grimper en pr\u00e9vision d&rsquo;un futur <a title=\"La remontee de l'or depend-elle du QE3 ?\" href=\"http:\/\/news.gold.fr\/2012\/03\/14\/la-remontee-de-lor-depend-elle-du-qe3\/6391\/\" target=\"_blank\" rel=\"noopener noreferrer\">assouplissement quantitatif<\/a> (QE &#8211; Quantitative Easing) ; La masse mon\u00e9taire inject\u00e9e par la banque Centrale pour r\u00e9duire le co\u00fbt du cr\u00e9dit. En r\u00e9alit\u00e9, la FED s&rsquo;est d&rsquo;ores et d\u00e9j\u00e0 engag\u00e9e sur l&rsquo;achat de deux s\u00e9ries d&rsquo;actifs \u00e0 hauteur de <strong>2,3 trillion de dollars<\/strong>; elle consid\u00e8re en effet, que le maintien des taux d&rsquo;int\u00e9r\u00eats bas voire m\u00eame n\u00e9gatifs jusqu&rsquo;\u00e0 fin 2014 est totalement justifi\u00e9 par les condititons \u00e9conomiques actuelles. <\/span><\/p>\n<p style=\"text-align: justify;\"><span style=\"font-family: verdana, geneva; font-size: small;\">Pour cette raison, le soutien du <strong><a class=\"esk-seo-plu-link\" href=\"https:\/\/www.gold.fr\/news\/tags\/cours-de-lor\">cours de l&rsquo;or<\/a><\/strong> au-dessus de 1612$ <a title=\"Once d'Or\" href=\"https:\/\/www.gold.fr\/once-en\/\" target=\"_blank\" rel=\"noopener noreferrer\">l&rsquo;once<\/a> est probable. Ben Bernanke a ajout\u00e9 que le lancement d&rsquo;un nouveau cycle d&rsquo;achat d&rsquo;obligations serait indispensable si l&rsquo;\u00e9conomie am\u00e9ricaine venait \u00e0 faiblir. Cependant, toutes ces mesures v\u00e9hiculent un grand risque de pressions inflationnistes lequel demeure \u00e0 l&rsquo;heure sous-estim\u00e9 par la FED ainsi que d&rsquo;autres Banques Centrales.<\/span><\/p>\n<p style=\"text-align: justify;\"><span style=\"font-family: verdana, geneva; font-size: small;\">De son c\u00f4t\u00e9, Mario Draghi, pr\u00e9sident de la BCE, a rehauss\u00e9 le moral des financiers et des dix-sept pays de la zone euro en pr\u00f4nant un <strong><em>\u00ab Pacte de Croissance \u00bb <\/em><\/strong>dont les principaux vecteurs sont :<\/span><\/p>\n<ul style=\"text-align: justify;\">\n<li><span style=\"font-family: verdana, geneva; font-size: small;\">La mise en place de r\u00e9formes structurelles compl\u00e9t\u00e9 par des plans d&rsquo;ajustement budg\u00e9taire \u00e0 travers la poursuite du libre-\u00e9change.<\/span><\/li>\n<li><span style=\"font-family: verdana, geneva; font-size: small;\">La r\u00e9duction des charges administratives.<\/span><\/li>\n<li><span style=\"font-family: verdana, geneva; font-size: small;\">La r\u00e9forme du march\u00e9 du travail.<\/span><\/li>\n<li><span style=\"font-family: verdana, geneva; font-size: small;\">Le bon fonctionnement des march\u00e9s financiers.<\/span><\/li>\n<\/ul>\n<p style=\"text-align: justify;\"><span style=\"font-family: verdana, geneva; font-size: small;\">Cet ensemble de mesures doit r\u00e9pondre aux craintes relatives \u00e0 la r\u00e9surgence de l&rsquo;inflation, \u00e9l\u00e9ment favorable \u00e0 <strong>l&rsquo;<a class=\"esk-seo-plu-link\" href=\"https:\/\/www.gold.fr\/news\/tags\/or\">or<\/a><\/strong>. Outre la r\u00e9ponse que cela apporte aux march\u00e9s, Mario Draghi consid\u00e8re qu&rsquo;il s&rsquo;agit d&rsquo;un premier pas dans un contexte de <strong>crise de la dette<\/strong> d&rsquo;une ampleur sans pr\u00e9c\u00e9dent et dont la Gr\u00e8ce a d\u00e9j\u00e0 fait les frais.<\/span><\/p>\n<!-- AddThis Advanced Settings generic via filter on the_content --><!-- AddThis Share Buttons generic via filter on the_content -->","protected":false},"excerpt":{"rendered":"<p>Ces derni\u00e8res semaines, pr\u00e9c\u00e9dant le mois de mai, le cours de l&rsquo;or n&rsquo;a c\u00e9ss\u00e9 de grimper en pr\u00e9vision d&rsquo;un futur assouplissement quantitatif (QE &#8211; Quantitative Easing) ; La masse mon\u00e9taire inject\u00e9e par la banque Centrale pour [&hellip;]<\/p>\n","protected":false},"author":18,"featured_media":7469,"comment_status":"closed","ping_status":"closed","sticky":false,"template":"","format":"standard","meta":{"_mbp_gutenberg_autopost":false,"_pgmb_is_evergreen":false,"_pgmb_ap_template_id":0,"footnotes":""},"categories":[6],"tags":[143,404,131,144,224,495,85,76,494,84],"ppma_author":[2565],"class_list":["post-7466","post","type-post","status-publish","format-standard","has-post-thumbnail","hentry","category-articles-de-presse","tag-bce","tag-ben-bernanke","tag-crise-de-la-dette","tag-fed","tag-grece","tag-mario-draghi","tag-once-dor","tag-or","tag-qe","tag-cours-de-lor"],"yoast_head":"<!-- This site is optimized with the Yoast SEO plugin v27.5 - https:\/\/yoast.com\/product\/yoast-seo-wordpress\/ -->\n<title>Or ou Inflation ? Le cours de l\u2019or n\u2019a c\u00e9ss\u00e9 de grimper<\/title>\n<meta name=\"description\" content=\"Or ou Inflation ? Le cours de l\u2019or n\u2019a c\u00e9ss\u00e9 de grimper en pr\u00e9vision d\u2019un futur assouplissement quantitatif Crise de la dette\" \/>\n<meta name=\"robots\" content=\"index, follow, max-snippet:-1, max-image-preview:large, max-video-preview:-1\" \/>\n<link rel=\"canonical\" href=\"https:\/\/www.gold.fr\/news\/2012\/05\/12\/or-ou-inflation\/\" \/>\n<meta property=\"og:locale\" content=\"fr_FR\" \/>\n<meta property=\"og:type\" content=\"article\" \/>\n<meta property=\"og:title\" content=\"Or ou Inflation ? Le cours de l\u2019or n\u2019a c\u00e9ss\u00e9 de grimper\" \/>\n<meta property=\"og:description\" content=\"Or ou Inflation ? Le cours de l\u2019or n\u2019a c\u00e9ss\u00e9 de grimper en pr\u00e9vision d\u2019un futur assouplissement quantitatif Crise de la dette\" \/>\n<meta property=\"og:url\" content=\"https:\/\/www.gold.fr\/news\/2012\/05\/12\/or-ou-inflation\/\" \/>\n<meta property=\"og:site_name\" content=\"Gold.fr\" \/>\n<meta property=\"article:publisher\" content=\"https:\/\/www.facebook.com\/Goldfr\/\" \/>\n<meta property=\"article:published_time\" content=\"2012-05-12T09:00:37+00:00\" \/>\n<meta property=\"article:modified_time\" content=\"2020-10-09T12:00:12+00:00\" \/>\n<meta property=\"og:image\" content=\"https:\/\/www.gold.fr\/news\/wp-content\/uploads\/2012\/05\/or-et-inflation.jpg\" \/>\n\t<meta property=\"og:image:width\" content=\"600\" \/>\n\t<meta property=\"og:image:height\" content=\"400\" \/>\n\t<meta property=\"og:image:type\" content=\"image\/jpeg\" \/>\n<meta name=\"author\" content=\"Comptoir National de l&#039;Or\" \/>\n<meta name=\"twitter:card\" content=\"summary_large_image\" \/>\n<meta name=\"twitter:label1\" content=\"\u00c9crit par\" \/>\n\t<meta name=\"twitter:data1\" content=\"Comptoir National de l&#039;Or\" \/>\n\t<meta name=\"twitter:label2\" content=\"Dur\u00e9e de lecture estim\u00e9e\" \/>\n\t<meta name=\"twitter:data2\" content=\"2 minutes\" \/>\n<script type=\"application\/ld+json\" class=\"yoast-schema-graph\">{\"@context\":\"https:\\\/\\\/schema.org\",\"@graph\":[{\"@type\":\"Article\",\"@id\":\"https:\\\/\\\/www.gold.fr\\\/news\\\/2012\\\/05\\\/12\\\/or-ou-inflation\\\/#article\",\"isPartOf\":{\"@id\":\"https:\\\/\\\/www.gold.fr\\\/news\\\/2012\\\/05\\\/12\\\/or-ou-inflation\\\/\"},\"author\":{\"name\":\"Comptoir National de l'Or\",\"@id\":\"https:\\\/\\\/www.gold.fr\\\/news\\\/#\\\/schema\\\/person\\\/070491b4b4fb7671bf59b3be20302ce9\"},\"headline\":\"Or ou Inflation ?\",\"datePublished\":\"2012-05-12T09:00:37+00:00\",\"dateModified\":\"2020-10-09T12:00:12+00:00\",\"mainEntityOfPage\":{\"@id\":\"https:\\\/\\\/www.gold.fr\\\/news\\\/2012\\\/05\\\/12\\\/or-ou-inflation\\\/\"},\"wordCount\":329,\"image\":{\"@id\":\"https:\\\/\\\/www.gold.fr\\\/news\\\/2012\\\/05\\\/12\\\/or-ou-inflation\\\/#primaryimage\"},\"thumbnailUrl\":\"https:\\\/\\\/www.gold.fr\\\/news\\\/wp-content\\\/uploads\\\/2012\\\/05\\\/or-et-inflation.jpg\",\"keywords\":[\"bce\",\"ben bernanke\",\"crise de la dette\",\"fed\",\"Gr\u00e8ce\",\"mario draghi\",\"once d'or\",\"Or\",\"QE\",\"Tout Cours de l'Or\"],\"articleSection\":[\"Articles de presse\"],\"inLanguage\":\"fr-FR\"},{\"@type\":\"WebPage\",\"@id\":\"https:\\\/\\\/www.gold.fr\\\/news\\\/2012\\\/05\\\/12\\\/or-ou-inflation\\\/\",\"url\":\"https:\\\/\\\/www.gold.fr\\\/news\\\/2012\\\/05\\\/12\\\/or-ou-inflation\\\/\",\"name\":\"Or ou Inflation ? Le cours de l\u2019or n\u2019a c\u00e9ss\u00e9 de grimper\",\"isPartOf\":{\"@id\":\"https:\\\/\\\/www.gold.fr\\\/news\\\/#website\"},\"primaryImageOfPage\":{\"@id\":\"https:\\\/\\\/www.gold.fr\\\/news\\\/2012\\\/05\\\/12\\\/or-ou-inflation\\\/#primaryimage\"},\"image\":{\"@id\":\"https:\\\/\\\/www.gold.fr\\\/news\\\/2012\\\/05\\\/12\\\/or-ou-inflation\\\/#primaryimage\"},\"thumbnailUrl\":\"https:\\\/\\\/www.gold.fr\\\/news\\\/wp-content\\\/uploads\\\/2012\\\/05\\\/or-et-inflation.jpg\",\"datePublished\":\"2012-05-12T09:00:37+00:00\",\"dateModified\":\"2020-10-09T12:00:12+00:00\",\"author\":{\"@id\":\"https:\\\/\\\/www.gold.fr\\\/news\\\/#\\\/schema\\\/person\\\/070491b4b4fb7671bf59b3be20302ce9\"},\"description\":\"Or ou Inflation ? Le cours de l\u2019or n\u2019a c\u00e9ss\u00e9 de grimper en pr\u00e9vision d\u2019un futur assouplissement quantitatif Crise de la dette\",\"breadcrumb\":{\"@id\":\"https:\\\/\\\/www.gold.fr\\\/news\\\/2012\\\/05\\\/12\\\/or-ou-inflation\\\/#breadcrumb\"},\"inLanguage\":\"fr-FR\",\"potentialAction\":[{\"@type\":\"ReadAction\",\"target\":[\"https:\\\/\\\/www.gold.fr\\\/news\\\/2012\\\/05\\\/12\\\/or-ou-inflation\\\/\"]}]},{\"@type\":\"ImageObject\",\"inLanguage\":\"fr-FR\",\"@id\":\"https:\\\/\\\/www.gold.fr\\\/news\\\/2012\\\/05\\\/12\\\/or-ou-inflation\\\/#primaryimage\",\"url\":\"https:\\\/\\\/www.gold.fr\\\/news\\\/wp-content\\\/uploads\\\/2012\\\/05\\\/or-et-inflation.jpg\",\"contentUrl\":\"https:\\\/\\\/www.gold.fr\\\/news\\\/wp-content\\\/uploads\\\/2012\\\/05\\\/or-et-inflation.jpg\",\"width\":\"600\",\"height\":\"400\",\"caption\":\"or-et-inflation\"},{\"@type\":\"BreadcrumbList\",\"@id\":\"https:\\\/\\\/www.gold.fr\\\/news\\\/2012\\\/05\\\/12\\\/or-ou-inflation\\\/#breadcrumb\",\"itemListElement\":[{\"@type\":\"ListItem\",\"position\":1,\"name\":\"Accueil\",\"item\":\"https:\\\/\\\/www.gold.fr\\\/\"},{\"@type\":\"ListItem\",\"position\":2,\"name\":\"Actualit\u00e9s\",\"item\":\"https:\\\/\\\/www.gold.fr\\\/news\\\/\"},{\"@type\":\"ListItem\",\"position\":3,\"name\":\"Or ou Inflation ?\"}]},{\"@type\":\"WebSite\",\"@id\":\"https:\\\/\\\/www.gold.fr\\\/news\\\/#website\",\"url\":\"https:\\\/\\\/www.gold.fr\\\/news\\\/\",\"name\":\"Gold.fr\",\"description\":\"Actualit\u00e9s de l&#039;Or et des m\u00e9taux pr\u00e9cieux\",\"potentialAction\":[{\"@type\":\"SearchAction\",\"target\":{\"@type\":\"EntryPoint\",\"urlTemplate\":\"https:\\\/\\\/www.gold.fr\\\/news\\\/?s={search_term_string}\"},\"query-input\":{\"@type\":\"PropertyValueSpecification\",\"valueRequired\":true,\"valueName\":\"search_term_string\"}}],\"inLanguage\":\"fr-FR\"},{\"@type\":\"Person\",\"@id\":\"https:\\\/\\\/www.gold.fr\\\/news\\\/#\\\/schema\\\/person\\\/070491b4b4fb7671bf59b3be20302ce9\",\"name\":\"Comptoir National de l'Or\",\"image\":{\"@type\":\"ImageObject\",\"inLanguage\":\"fr-FR\",\"@id\":\"https:\\\/\\\/secure.gravatar.com\\\/avatar\\\/0a2867fd5abe37bed95d5a65e9d58f01756e11efc68af9888dfc50cfa7f65948?s=96&d=mm&r=gb490554db0a38188709de567aa58480d\",\"url\":\"https:\\\/\\\/secure.gravatar.com\\\/avatar\\\/0a2867fd5abe37bed95d5a65e9d58f01756e11efc68af9888dfc50cfa7f65948?s=96&d=mm&r=g\",\"contentUrl\":\"https:\\\/\\\/secure.gravatar.com\\\/avatar\\\/0a2867fd5abe37bed95d5a65e9d58f01756e11efc68af9888dfc50cfa7f65948?s=96&d=mm&r=g\",\"caption\":\"Comptoir National de l'Or\"},\"description\":\"Notre r\u00e9daction est constitu\u00e9e de membres experts dans les m\u00e9tiers de l'\u00e9conomie et la gestion, des Responsables d'agence Comptoir National de l'Or, des analystes financiers qui publient r\u00e9guli\u00e8rement des \u00e9tudes sur les politiques des banques centrales, le cours de l'or, prix de l'or, cours de l'argent, prix de l'argent, cours du platine, cours du palladium,... la situation en zone euro et l'impact de la strat\u00e9gie mon\u00e9taire de la FED. Notre \u00e9quipe scrute \u00e9galement une information plus g\u00e9n\u00e9raliste \u00e0 la recherche d'actualit\u00e9 \\\"p\u00e9pite\\\" \u00e0 vous partager. Depuis 5 ans, nous avons publi\u00e9 un peu plus de 4000 articles qui s'adressent \u00e0 un public large et vari\u00e9 ayant pour objectif de satisfaire votre curiosit\u00e9 et de partager avec vous une certaine fascination pour le m\u00e9tal jaune, le rachat d'or, et pour ceux qui veulent investir dans l'or, vendre leur or tout simplement en savoir plus... Pour tous vos achat or et argent, n'h\u00e9sitez pas \u00e0 prendre rendez-vous dans l'un de nos nombreux comptoirs.\",\"sameAs\":[\"https:\\\/\\\/www.gold.fr\"]}]}<\/script>\n<!-- \/ Yoast SEO plugin. -->","yoast_head_json":{"title":"Or ou Inflation ? Le cours de l\u2019or n\u2019a c\u00e9ss\u00e9 de grimper","description":"Or ou Inflation ? Le cours de l\u2019or n\u2019a c\u00e9ss\u00e9 de grimper en pr\u00e9vision d\u2019un futur assouplissement quantitatif Crise de la dette","robots":{"index":"index","follow":"follow","max-snippet":"max-snippet:-1","max-image-preview":"max-image-preview:large","max-video-preview":"max-video-preview:-1"},"canonical":"https:\/\/www.gold.fr\/news\/2012\/05\/12\/or-ou-inflation\/","og_locale":"fr_FR","og_type":"article","og_title":"Or ou Inflation ? Le cours de l\u2019or n\u2019a c\u00e9ss\u00e9 de grimper","og_description":"Or ou Inflation ? Le cours de l\u2019or n\u2019a c\u00e9ss\u00e9 de grimper en pr\u00e9vision d\u2019un futur assouplissement quantitatif Crise de la dette","og_url":"https:\/\/www.gold.fr\/news\/2012\/05\/12\/or-ou-inflation\/","og_site_name":"Gold.fr","article_publisher":"https:\/\/www.facebook.com\/Goldfr\/","article_published_time":"2012-05-12T09:00:37+00:00","article_modified_time":"2020-10-09T12:00:12+00:00","og_image":[{"width":600,"height":400,"url":"https:\/\/www.gold.fr\/news\/wp-content\/uploads\/2012\/05\/or-et-inflation.jpg","type":"image\/jpeg"}],"author":"Comptoir National de l'Or","twitter_card":"summary_large_image","twitter_misc":{"\u00c9crit par":"Comptoir National de l'Or","Dur\u00e9e de lecture estim\u00e9e":"2 minutes"},"schema":{"@context":"https:\/\/schema.org","@graph":[{"@type":"Article","@id":"https:\/\/www.gold.fr\/news\/2012\/05\/12\/or-ou-inflation\/#article","isPartOf":{"@id":"https:\/\/www.gold.fr\/news\/2012\/05\/12\/or-ou-inflation\/"},"author":{"name":"Comptoir National de l'Or","@id":"https:\/\/www.gold.fr\/news\/#\/schema\/person\/070491b4b4fb7671bf59b3be20302ce9"},"headline":"Or ou Inflation ?","datePublished":"2012-05-12T09:00:37+00:00","dateModified":"2020-10-09T12:00:12+00:00","mainEntityOfPage":{"@id":"https:\/\/www.gold.fr\/news\/2012\/05\/12\/or-ou-inflation\/"},"wordCount":329,"image":{"@id":"https:\/\/www.gold.fr\/news\/2012\/05\/12\/or-ou-inflation\/#primaryimage"},"thumbnailUrl":"https:\/\/www.gold.fr\/news\/wp-content\/uploads\/2012\/05\/or-et-inflation.jpg","keywords":["bce","ben bernanke","crise de la dette","fed","Gr\u00e8ce","mario draghi","once d'or","Or","QE","Tout Cours de l'Or"],"articleSection":["Articles de presse"],"inLanguage":"fr-FR"},{"@type":"WebPage","@id":"https:\/\/www.gold.fr\/news\/2012\/05\/12\/or-ou-inflation\/","url":"https:\/\/www.gold.fr\/news\/2012\/05\/12\/or-ou-inflation\/","name":"Or ou Inflation ? Le cours de l\u2019or n\u2019a c\u00e9ss\u00e9 de grimper","isPartOf":{"@id":"https:\/\/www.gold.fr\/news\/#website"},"primaryImageOfPage":{"@id":"https:\/\/www.gold.fr\/news\/2012\/05\/12\/or-ou-inflation\/#primaryimage"},"image":{"@id":"https:\/\/www.gold.fr\/news\/2012\/05\/12\/or-ou-inflation\/#primaryimage"},"thumbnailUrl":"https:\/\/www.gold.fr\/news\/wp-content\/uploads\/2012\/05\/or-et-inflation.jpg","datePublished":"2012-05-12T09:00:37+00:00","dateModified":"2020-10-09T12:00:12+00:00","author":{"@id":"https:\/\/www.gold.fr\/news\/#\/schema\/person\/070491b4b4fb7671bf59b3be20302ce9"},"description":"Or ou Inflation ? Le cours de l\u2019or n\u2019a c\u00e9ss\u00e9 de grimper en pr\u00e9vision d\u2019un futur assouplissement quantitatif Crise de la dette","breadcrumb":{"@id":"https:\/\/www.gold.fr\/news\/2012\/05\/12\/or-ou-inflation\/#breadcrumb"},"inLanguage":"fr-FR","potentialAction":[{"@type":"ReadAction","target":["https:\/\/www.gold.fr\/news\/2012\/05\/12\/or-ou-inflation\/"]}]},{"@type":"ImageObject","inLanguage":"fr-FR","@id":"https:\/\/www.gold.fr\/news\/2012\/05\/12\/or-ou-inflation\/#primaryimage","url":"https:\/\/www.gold.fr\/news\/wp-content\/uploads\/2012\/05\/or-et-inflation.jpg","contentUrl":"https:\/\/www.gold.fr\/news\/wp-content\/uploads\/2012\/05\/or-et-inflation.jpg","width":"600","height":"400","caption":"or-et-inflation"},{"@type":"BreadcrumbList","@id":"https:\/\/www.gold.fr\/news\/2012\/05\/12\/or-ou-inflation\/#breadcrumb","itemListElement":[{"@type":"ListItem","position":1,"name":"Accueil","item":"https:\/\/www.gold.fr\/"},{"@type":"ListItem","position":2,"name":"Actualit\u00e9s","item":"https:\/\/www.gold.fr\/news\/"},{"@type":"ListItem","position":3,"name":"Or ou Inflation ?"}]},{"@type":"WebSite","@id":"https:\/\/www.gold.fr\/news\/#website","url":"https:\/\/www.gold.fr\/news\/","name":"Gold.fr","description":"Actualit\u00e9s de l&#039;Or et des m\u00e9taux pr\u00e9cieux","potentialAction":[{"@type":"SearchAction","target":{"@type":"EntryPoint","urlTemplate":"https:\/\/www.gold.fr\/news\/?s={search_term_string}"},"query-input":{"@type":"PropertyValueSpecification","valueRequired":true,"valueName":"search_term_string"}}],"inLanguage":"fr-FR"},{"@type":"Person","@id":"https:\/\/www.gold.fr\/news\/#\/schema\/person\/070491b4b4fb7671bf59b3be20302ce9","name":"Comptoir National de l'Or","image":{"@type":"ImageObject","inLanguage":"fr-FR","@id":"https:\/\/secure.gravatar.com\/avatar\/0a2867fd5abe37bed95d5a65e9d58f01756e11efc68af9888dfc50cfa7f65948?s=96&d=mm&r=gb490554db0a38188709de567aa58480d","url":"https:\/\/secure.gravatar.com\/avatar\/0a2867fd5abe37bed95d5a65e9d58f01756e11efc68af9888dfc50cfa7f65948?s=96&d=mm&r=g","contentUrl":"https:\/\/secure.gravatar.com\/avatar\/0a2867fd5abe37bed95d5a65e9d58f01756e11efc68af9888dfc50cfa7f65948?s=96&d=mm&r=g","caption":"Comptoir National de l'Or"},"description":"Notre r\u00e9daction est constitu\u00e9e de membres experts dans les m\u00e9tiers de l'\u00e9conomie et la gestion, des Responsables d'agence Comptoir National de l'Or, des analystes financiers qui publient r\u00e9guli\u00e8rement des \u00e9tudes sur les politiques des banques centrales, le cours de l'or, prix de l'or, cours de l'argent, prix de l'argent, cours du platine, cours du palladium,... la situation en zone euro et l'impact de la strat\u00e9gie mon\u00e9taire de la FED. Notre \u00e9quipe scrute \u00e9galement une information plus g\u00e9n\u00e9raliste \u00e0 la recherche d'actualit\u00e9 \"p\u00e9pite\" \u00e0 vous partager. Depuis 5 ans, nous avons publi\u00e9 un peu plus de 4000 articles qui s'adressent \u00e0 un public large et vari\u00e9 ayant pour objectif de satisfaire votre curiosit\u00e9 et de partager avec vous une certaine fascination pour le m\u00e9tal jaune, le rachat d'or, et pour ceux qui veulent investir dans l'or, vendre leur or tout simplement en savoir plus... Pour tous vos achat or et argent, n'h\u00e9sitez pas \u00e0 prendre rendez-vous dans l'un de nos nombreux comptoirs.","sameAs":["https:\/\/www.gold.fr"]}]}},"authors":[{"term_id":2565,"user_id":18,"is_guest":0,"slug":"julie","display_name":"Comptoir National de l'Or","avatar_url":"https:\/\/secure.gravatar.com\/avatar\/713f289e398d35ead876c4a4cc08607f0d6d266058cfc25683fffb6092d0e572?s=96&d=mm&r=g","0":null,"1":"","2":"","3":"","4":"","5":"","6":"","7":"","8":""}],"_links":{"self":[{"href":"https:\/\/www.gold.fr\/news\/wp-json\/wp\/v2\/posts\/7466","targetHints":{"allow":["GET"]}}],"collection":[{"href":"https:\/\/www.gold.fr\/news\/wp-json\/wp\/v2\/posts"}],"about":[{"href":"https:\/\/www.gold.fr\/news\/wp-json\/wp\/v2\/types\/post"}],"author":[{"embeddable":true,"href":"https:\/\/www.gold.fr\/news\/wp-json\/wp\/v2\/users\/18"}],"replies":[{"embeddable":true,"href":"https:\/\/www.gold.fr\/news\/wp-json\/wp\/v2\/comments?post=7466"}],"version-history":[{"count":0,"href":"https:\/\/www.gold.fr\/news\/wp-json\/wp\/v2\/posts\/7466\/revisions"}],"wp:featuredmedia":[{"embeddable":true,"href":"https:\/\/www.gold.fr\/news\/wp-json\/wp\/v2\/media\/7469"}],"wp:attachment":[{"href":"https:\/\/www.gold.fr\/news\/wp-json\/wp\/v2\/media?parent=7466"}],"wp:term":[{"taxonomy":"category","embeddable":true,"href":"https:\/\/www.gold.fr\/news\/wp-json\/wp\/v2\/categories?post=7466"},{"taxonomy":"post_tag","embeddable":true,"href":"https:\/\/www.gold.fr\/news\/wp-json\/wp\/v2\/tags?post=7466"},{"taxonomy":"author","embeddable":true,"href":"https:\/\/www.gold.fr\/news\/wp-json\/wp\/v2\/ppma_author?post=7466"}],"curies":[{"name":"wp","href":"https:\/\/api.w.org\/{rel}","templated":true}]}}