{"id":7449,"date":"2012-05-11T09:00:40","date_gmt":"2012-05-11T07:00:40","guid":{"rendered":"http:\/\/news.gold.fr\/?p=7449"},"modified":"2017-11-02T11:36:03","modified_gmt":"2017-11-02T10:36:03","slug":"la-fiscalite-sur-lor-2e-partie","status":"publish","type":"post","link":"https:\/\/www.gold.fr\/news\/2012\/05\/11\/la-fiscalite-sur-lor-2e-partie\/","title":{"rendered":"La fiscalit\u00e9 sur l\u2019or, 2e Partie"},"content":{"rendered":"<p style=\"text-align: justify;\"><span style=\"font-size: medium;\"><em><strong><a href=\"http:\/\/news.gold.fr\/wp-content\/uploads\/2012\/05\/Once-d-or-chinois.jpg\"><img loading=\"lazy\" decoding=\"async\" class=\"alignleft size-thumbnail wp-image-7450\" style=\"border-image: initial; float: left; border-width: 1px; border-color: black; border-style: solid; margin: 5px;\" title=\"Once-d-or-chinois\" src=\"http:\/\/news.gold.fr\/wp-content\/uploads\/2012\/05\/Once-d-or-chinois-150x150.jpg\" alt=\"\" width=\"150\" height=\"150\" \/><\/a><span style=\"font-family: verdana, geneva;\">Fiscalit\u00e9 sur la vente<\/span><\/strong><\/em><\/span><\/p>\n<p style=\"text-align: justify;\"><span style=\"font-family: verdana, geneva; font-size: small;\">Auparavant, la <a title=\"Vente d'or\" href=\"https:\/\/www.gold.fr\/vente-or\/\" target=\"_blank\">vente de l\u2019or<\/a> \u00e9tait obligatoirement soumise \u00e0 un imp\u00f4t de 8% du montant total de la vente effectu\u00e9e, quelque soit la plus-value r\u00e9alis\u00e9e. Cette fiscalit\u00e9 plut\u00f4t s\u00e9v\u00e8re faisait r\u00e9tracter les \u00e9ventuels investisseurs souhaitant faire des b\u00e9n\u00e9fices.<\/span><\/p>\n<p>  <span style=\"font-family: verdana, geneva; font-size: small;\"><a href='https:\/\/www.gold.fr\/news\/tags\/or' class='esk-seo-plu-link'>Or<\/a> depuis quelques ann\u00e9es, le gouvernement fran\u00e7ais a instaur\u00e9 <strong>un nouveau r\u00e9gime fiscal sur l&rsquo;<a href='https:\/\/www.gold.fr\/news\/tags\/or' class='esk-seo-plu-link'>or<\/a><\/strong> permettant de rendre la vente tout aussi attirante que <strong>la sp\u00e9culation sur l&rsquo;<a href='https:\/\/www.gold.fr\/news\/tags\/or' class='esk-seo-plu-link'>or<\/a><\/strong> au niveau des march\u00e9s boursiers. Ainsi d\u00e8s lors, <strong>la taxation de l&rsquo;<a href='https:\/\/www.gold.fr\/news\/tags\/or' class='esk-seo-plu-link'>or<\/a><\/strong> se fait sur les plus-values tout comme les plus-values r\u00e9alis\u00e9es sur <strong>le march\u00e9 de l&rsquo;<a href='https:\/\/www.gold.fr\/news\/tags\/or' class='esk-seo-plu-link'>or<\/a><\/strong> par le trading des options, CFD ou actions sur <strong>l&rsquo;<a href='https:\/\/www.gold.fr\/news\/tags\/or' class='esk-seo-plu-link'>or<\/a><\/strong>.<\/span>    <span style=\"font-family: verdana, geneva; font-size: small;\">Concernant <a title=\"Cours de l'or\" href=\"https:\/\/www.gold.fr\/cours-prix-de-l-or\/\" target=\"_blank\">l\u2019or en bourse<\/a>, il faut savoir qu&rsquo;il existe deux possibilit\u00e9s pour le vendeur. La premi\u00e8re consiste \u00e0 r\u00e9gler une taxe forfaitaire de 7.5% du prix de vente ainsi qu&rsquo;une CRDS s&rsquo;\u00e9levant \u00e0 0.5%. La deuxi\u00e8me est une imposition au r\u00e9gime des plus-values immobili\u00e8res de 32,3% et qui s&rsquo;int\u00e8gre dans les pr\u00e9l\u00e8vements sociaux. Il convient d&rsquo;\u00eatre prudent quand \u00e0 cette solution car elle ne peut \u00eatre choisie que si le vendeur d\u00e9tient <strong>une preuve de la date d&rsquo;achat et du prix de l&rsquo;<a href='https:\/\/www.gold.fr\/news\/tags\/or' class='esk-seo-plu-link'>or<\/a><\/strong>. Le syst\u00e8me d&rsquo;imposition sur les plus-values est int\u00e9ressant dans la mesure o\u00f9 un abattement de 10% se fait sur les plus-values brutes, chaque ann\u00e9e suivant <strong>la 2\u00e8me ann\u00e9e d&rsquo;acquisition<\/strong>.<\/span><\/p>\n<!-- AddThis Advanced Settings generic via filter on the_content --><!-- AddThis Share Buttons generic via filter on the_content -->","protected":false},"excerpt":{"rendered":"<p>Fiscalit\u00e9 sur la vente Auparavant, la vente de l\u2019or \u00e9tait obligatoirement soumise \u00e0 un imp\u00f4t de 8% du montant total de la vente effectu\u00e9e, quelque soit la plus-value r\u00e9alis\u00e9e. Cette fiscalit\u00e9 plut\u00f4t s\u00e9v\u00e8re faisait r\u00e9tracter les [&hellip;]<\/p>\n","protected":false},"author":18,"featured_media":7450,"comment_status":"open","ping_status":"open","sticky":false,"template":"","format":"standard","meta":{"_mbp_gutenberg_autopost":false,"_pgmb_is_evergreen":false,"_pgmb_ap_template_id":0,"footnotes":""},"categories":[6],"tags":[95,76,493,83,492,18],"ppma_author":[2565],"class_list":["post-7449","post","type-post","status-publish","format-standard","has-post-thumbnail","hentry","category-articles-de-presse","tag-marche-de-lor","tag-or","tag-or-en-bourse","tag-prix-de-lor","tag-taxation-de-lor","tag-vente-dor"],"yoast_head":"<!-- This site is optimized with the Yoast SEO plugin v27.5 - https:\/\/yoast.com\/product\/yoast-seo-wordpress\/ -->\n<title>La fiscalit\u00e9 sur l\u2019or, 2e Partie - Gold.fr<\/title>\n<meta name=\"robots\" content=\"index, follow, max-snippet:-1, max-image-preview:large, max-video-preview:-1\" \/>\n<link rel=\"canonical\" href=\"https:\/\/www.gold.fr\/news\/2012\/05\/11\/la-fiscalite-sur-lor-2e-partie\/\" \/>\n<meta property=\"og:locale\" content=\"fr_FR\" \/>\n<meta property=\"og:type\" content=\"article\" \/>\n<meta property=\"og:title\" content=\"La fiscalit\u00e9 sur l\u2019or, 2e Partie - Gold.fr\" \/>\n<meta property=\"og:description\" content=\"Fiscalit\u00e9 sur la vente Auparavant, la vente de l\u2019or \u00e9tait obligatoirement soumise \u00e0 un imp\u00f4t de 8% du montant total de la vente effectu\u00e9e, quelque soit la plus-value r\u00e9alis\u00e9e. Cette fiscalit\u00e9 plut\u00f4t s\u00e9v\u00e8re faisait r\u00e9tracter les [&hellip;]\" \/>\n<meta property=\"og:url\" content=\"https:\/\/www.gold.fr\/news\/2012\/05\/11\/la-fiscalite-sur-lor-2e-partie\/\" \/>\n<meta property=\"og:site_name\" content=\"Gold.fr\" \/>\n<meta property=\"article:publisher\" content=\"https:\/\/www.facebook.com\/Goldfr\/\" \/>\n<meta property=\"article:published_time\" content=\"2012-05-11T07:00:40+00:00\" \/>\n<meta property=\"article:modified_time\" content=\"2017-11-02T10:36:03+00:00\" \/>\n<meta property=\"og:image\" content=\"https:\/\/www.gold.fr\/news\/wp-content\/uploads\/2012\/05\/Once-d-or-chinois.jpg\" \/>\n\t<meta property=\"og:image:width\" content=\"600\" \/>\n\t<meta property=\"og:image:height\" content=\"400\" \/>\n\t<meta property=\"og:image:type\" content=\"image\/jpeg\" \/>\n<meta name=\"author\" content=\"Comptoir National de l&#039;Or\" \/>\n<meta name=\"twitter:card\" content=\"summary_large_image\" \/>\n<meta name=\"twitter:label1\" content=\"\u00c9crit par\" \/>\n\t<meta name=\"twitter:data1\" content=\"Comptoir National de l&#039;Or\" \/>\n\t<meta name=\"twitter:label2\" content=\"Dur\u00e9e de lecture estim\u00e9e\" \/>\n\t<meta name=\"twitter:data2\" content=\"1 minute\" \/>\n<script type=\"application\/ld+json\" class=\"yoast-schema-graph\">{\"@context\":\"https:\\\/\\\/schema.org\",\"@graph\":[{\"@type\":\"Article\",\"@id\":\"https:\\\/\\\/www.gold.fr\\\/news\\\/2012\\\/05\\\/11\\\/la-fiscalite-sur-lor-2e-partie\\\/#article\",\"isPartOf\":{\"@id\":\"https:\\\/\\\/www.gold.fr\\\/news\\\/2012\\\/05\\\/11\\\/la-fiscalite-sur-lor-2e-partie\\\/\"},\"author\":{\"name\":\"Comptoir National de l'Or\",\"@id\":\"https:\\\/\\\/www.gold.fr\\\/news\\\/#\\\/schema\\\/person\\\/070491b4b4fb7671bf59b3be20302ce9\"},\"headline\":\"La fiscalit\u00e9 sur l\u2019or, 2e Partie\",\"datePublished\":\"2012-05-11T07:00:40+00:00\",\"dateModified\":\"2017-11-02T10:36:03+00:00\",\"mainEntityOfPage\":{\"@id\":\"https:\\\/\\\/www.gold.fr\\\/news\\\/2012\\\/05\\\/11\\\/la-fiscalite-sur-lor-2e-partie\\\/\"},\"wordCount\":265,\"commentCount\":0,\"image\":{\"@id\":\"https:\\\/\\\/www.gold.fr\\\/news\\\/2012\\\/05\\\/11\\\/la-fiscalite-sur-lor-2e-partie\\\/#primaryimage\"},\"thumbnailUrl\":\"https:\\\/\\\/www.gold.fr\\\/news\\\/wp-content\\\/uploads\\\/2012\\\/05\\\/Once-d-or-chinois.jpg\",\"keywords\":[\"march\u00e9 de l'or\",\"Or\",\"or en bourse\",\"prix de l'or\",\"taxation de l'or\",\"Vente d'Or\"],\"articleSection\":[\"Articles de presse\"],\"inLanguage\":\"fr-FR\"},{\"@type\":\"WebPage\",\"@id\":\"https:\\\/\\\/www.gold.fr\\\/news\\\/2012\\\/05\\\/11\\\/la-fiscalite-sur-lor-2e-partie\\\/\",\"url\":\"https:\\\/\\\/www.gold.fr\\\/news\\\/2012\\\/05\\\/11\\\/la-fiscalite-sur-lor-2e-partie\\\/\",\"name\":\"La fiscalit\u00e9 sur l\u2019or, 2e Partie - Gold.fr\",\"isPartOf\":{\"@id\":\"https:\\\/\\\/www.gold.fr\\\/news\\\/#website\"},\"primaryImageOfPage\":{\"@id\":\"https:\\\/\\\/www.gold.fr\\\/news\\\/2012\\\/05\\\/11\\\/la-fiscalite-sur-lor-2e-partie\\\/#primaryimage\"},\"image\":{\"@id\":\"https:\\\/\\\/www.gold.fr\\\/news\\\/2012\\\/05\\\/11\\\/la-fiscalite-sur-lor-2e-partie\\\/#primaryimage\"},\"thumbnailUrl\":\"https:\\\/\\\/www.gold.fr\\\/news\\\/wp-content\\\/uploads\\\/2012\\\/05\\\/Once-d-or-chinois.jpg\",\"datePublished\":\"2012-05-11T07:00:40+00:00\",\"dateModified\":\"2017-11-02T10:36:03+00:00\",\"author\":{\"@id\":\"https:\\\/\\\/www.gold.fr\\\/news\\\/#\\\/schema\\\/person\\\/070491b4b4fb7671bf59b3be20302ce9\"},\"breadcrumb\":{\"@id\":\"https:\\\/\\\/www.gold.fr\\\/news\\\/2012\\\/05\\\/11\\\/la-fiscalite-sur-lor-2e-partie\\\/#breadcrumb\"},\"inLanguage\":\"fr-FR\",\"potentialAction\":[{\"@type\":\"ReadAction\",\"target\":[\"https:\\\/\\\/www.gold.fr\\\/news\\\/2012\\\/05\\\/11\\\/la-fiscalite-sur-lor-2e-partie\\\/\"]}]},{\"@type\":\"ImageObject\",\"inLanguage\":\"fr-FR\",\"@id\":\"https:\\\/\\\/www.gold.fr\\\/news\\\/2012\\\/05\\\/11\\\/la-fiscalite-sur-lor-2e-partie\\\/#primaryimage\",\"url\":\"https:\\\/\\\/www.gold.fr\\\/news\\\/wp-content\\\/uploads\\\/2012\\\/05\\\/Once-d-or-chinois.jpg\",\"contentUrl\":\"https:\\\/\\\/www.gold.fr\\\/news\\\/wp-content\\\/uploads\\\/2012\\\/05\\\/Once-d-or-chinois.jpg\",\"width\":\"600\",\"height\":\"400\",\"caption\":\"Once-d-or-chinois\"},{\"@type\":\"BreadcrumbList\",\"@id\":\"https:\\\/\\\/www.gold.fr\\\/news\\\/2012\\\/05\\\/11\\\/la-fiscalite-sur-lor-2e-partie\\\/#breadcrumb\",\"itemListElement\":[{\"@type\":\"ListItem\",\"position\":1,\"name\":\"Accueil\",\"item\":\"https:\\\/\\\/www.gold.fr\\\/\"},{\"@type\":\"ListItem\",\"position\":2,\"name\":\"Actualit\u00e9s\",\"item\":\"https:\\\/\\\/www.gold.fr\\\/news\\\/\"},{\"@type\":\"ListItem\",\"position\":3,\"name\":\"La fiscalit\u00e9 sur l\u2019or, 2e Partie\"}]},{\"@type\":\"WebSite\",\"@id\":\"https:\\\/\\\/www.gold.fr\\\/news\\\/#website\",\"url\":\"https:\\\/\\\/www.gold.fr\\\/news\\\/\",\"name\":\"Gold.fr\",\"description\":\"Actualit\u00e9s de l&#039;Or et des m\u00e9taux pr\u00e9cieux\",\"potentialAction\":[{\"@type\":\"SearchAction\",\"target\":{\"@type\":\"EntryPoint\",\"urlTemplate\":\"https:\\\/\\\/www.gold.fr\\\/news\\\/?s={search_term_string}\"},\"query-input\":{\"@type\":\"PropertyValueSpecification\",\"valueRequired\":true,\"valueName\":\"search_term_string\"}}],\"inLanguage\":\"fr-FR\"},{\"@type\":\"Person\",\"@id\":\"https:\\\/\\\/www.gold.fr\\\/news\\\/#\\\/schema\\\/person\\\/070491b4b4fb7671bf59b3be20302ce9\",\"name\":\"Comptoir National de l'Or\",\"image\":{\"@type\":\"ImageObject\",\"inLanguage\":\"fr-FR\",\"@id\":\"https:\\\/\\\/secure.gravatar.com\\\/avatar\\\/0a2867fd5abe37bed95d5a65e9d58f01756e11efc68af9888dfc50cfa7f65948?s=96&d=mm&r=gb490554db0a38188709de567aa58480d\",\"url\":\"https:\\\/\\\/secure.gravatar.com\\\/avatar\\\/0a2867fd5abe37bed95d5a65e9d58f01756e11efc68af9888dfc50cfa7f65948?s=96&d=mm&r=g\",\"contentUrl\":\"https:\\\/\\\/secure.gravatar.com\\\/avatar\\\/0a2867fd5abe37bed95d5a65e9d58f01756e11efc68af9888dfc50cfa7f65948?s=96&d=mm&r=g\",\"caption\":\"Comptoir National de l'Or\"},\"description\":\"Notre r\u00e9daction est constitu\u00e9e de membres experts dans les m\u00e9tiers de l'\u00e9conomie et la gestion, des Responsables d'agence Comptoir National de l'Or, des analystes financiers qui publient r\u00e9guli\u00e8rement des \u00e9tudes sur les politiques des banques centrales, le cours de l'or, prix de l'or, cours de l'argent, prix de l'argent, cours du platine, cours du palladium,... la situation en zone euro et l'impact de la strat\u00e9gie mon\u00e9taire de la FED. Notre \u00e9quipe scrute \u00e9galement une information plus g\u00e9n\u00e9raliste \u00e0 la recherche d'actualit\u00e9 \\\"p\u00e9pite\\\" \u00e0 vous partager. Depuis 5 ans, nous avons publi\u00e9 un peu plus de 4000 articles qui s'adressent \u00e0 un public large et vari\u00e9 ayant pour objectif de satisfaire votre curiosit\u00e9 et de partager avec vous une certaine fascination pour le m\u00e9tal jaune, le rachat d'or, et pour ceux qui veulent investir dans l'or, vendre leur or tout simplement en savoir plus... Pour tous vos achat or et argent, n'h\u00e9sitez pas \u00e0 prendre rendez-vous dans l'un de nos nombreux comptoirs.\",\"sameAs\":[\"https:\\\/\\\/www.gold.fr\"]}]}<\/script>\n<!-- \/ Yoast SEO plugin. -->","yoast_head_json":{"title":"La fiscalit\u00e9 sur l\u2019or, 2e Partie - Gold.fr","robots":{"index":"index","follow":"follow","max-snippet":"max-snippet:-1","max-image-preview":"max-image-preview:large","max-video-preview":"max-video-preview:-1"},"canonical":"https:\/\/www.gold.fr\/news\/2012\/05\/11\/la-fiscalite-sur-lor-2e-partie\/","og_locale":"fr_FR","og_type":"article","og_title":"La fiscalit\u00e9 sur l\u2019or, 2e Partie - Gold.fr","og_description":"Fiscalit\u00e9 sur la vente Auparavant, la vente de l\u2019or \u00e9tait obligatoirement soumise \u00e0 un imp\u00f4t de 8% du montant total de la vente effectu\u00e9e, quelque soit la plus-value r\u00e9alis\u00e9e. Cette fiscalit\u00e9 plut\u00f4t s\u00e9v\u00e8re faisait r\u00e9tracter les [&hellip;]","og_url":"https:\/\/www.gold.fr\/news\/2012\/05\/11\/la-fiscalite-sur-lor-2e-partie\/","og_site_name":"Gold.fr","article_publisher":"https:\/\/www.facebook.com\/Goldfr\/","article_published_time":"2012-05-11T07:00:40+00:00","article_modified_time":"2017-11-02T10:36:03+00:00","og_image":[{"width":600,"height":400,"url":"https:\/\/www.gold.fr\/news\/wp-content\/uploads\/2012\/05\/Once-d-or-chinois.jpg","type":"image\/jpeg"}],"author":"Comptoir National de l'Or","twitter_card":"summary_large_image","twitter_misc":{"\u00c9crit par":"Comptoir National de l'Or","Dur\u00e9e de lecture estim\u00e9e":"1 minute"},"schema":{"@context":"https:\/\/schema.org","@graph":[{"@type":"Article","@id":"https:\/\/www.gold.fr\/news\/2012\/05\/11\/la-fiscalite-sur-lor-2e-partie\/#article","isPartOf":{"@id":"https:\/\/www.gold.fr\/news\/2012\/05\/11\/la-fiscalite-sur-lor-2e-partie\/"},"author":{"name":"Comptoir National de l'Or","@id":"https:\/\/www.gold.fr\/news\/#\/schema\/person\/070491b4b4fb7671bf59b3be20302ce9"},"headline":"La fiscalit\u00e9 sur l\u2019or, 2e Partie","datePublished":"2012-05-11T07:00:40+00:00","dateModified":"2017-11-02T10:36:03+00:00","mainEntityOfPage":{"@id":"https:\/\/www.gold.fr\/news\/2012\/05\/11\/la-fiscalite-sur-lor-2e-partie\/"},"wordCount":265,"commentCount":0,"image":{"@id":"https:\/\/www.gold.fr\/news\/2012\/05\/11\/la-fiscalite-sur-lor-2e-partie\/#primaryimage"},"thumbnailUrl":"https:\/\/www.gold.fr\/news\/wp-content\/uploads\/2012\/05\/Once-d-or-chinois.jpg","keywords":["march\u00e9 de l'or","Or","or en bourse","prix de l'or","taxation de l'or","Vente d'Or"],"articleSection":["Articles de presse"],"inLanguage":"fr-FR"},{"@type":"WebPage","@id":"https:\/\/www.gold.fr\/news\/2012\/05\/11\/la-fiscalite-sur-lor-2e-partie\/","url":"https:\/\/www.gold.fr\/news\/2012\/05\/11\/la-fiscalite-sur-lor-2e-partie\/","name":"La fiscalit\u00e9 sur l\u2019or, 2e Partie - Gold.fr","isPartOf":{"@id":"https:\/\/www.gold.fr\/news\/#website"},"primaryImageOfPage":{"@id":"https:\/\/www.gold.fr\/news\/2012\/05\/11\/la-fiscalite-sur-lor-2e-partie\/#primaryimage"},"image":{"@id":"https:\/\/www.gold.fr\/news\/2012\/05\/11\/la-fiscalite-sur-lor-2e-partie\/#primaryimage"},"thumbnailUrl":"https:\/\/www.gold.fr\/news\/wp-content\/uploads\/2012\/05\/Once-d-or-chinois.jpg","datePublished":"2012-05-11T07:00:40+00:00","dateModified":"2017-11-02T10:36:03+00:00","author":{"@id":"https:\/\/www.gold.fr\/news\/#\/schema\/person\/070491b4b4fb7671bf59b3be20302ce9"},"breadcrumb":{"@id":"https:\/\/www.gold.fr\/news\/2012\/05\/11\/la-fiscalite-sur-lor-2e-partie\/#breadcrumb"},"inLanguage":"fr-FR","potentialAction":[{"@type":"ReadAction","target":["https:\/\/www.gold.fr\/news\/2012\/05\/11\/la-fiscalite-sur-lor-2e-partie\/"]}]},{"@type":"ImageObject","inLanguage":"fr-FR","@id":"https:\/\/www.gold.fr\/news\/2012\/05\/11\/la-fiscalite-sur-lor-2e-partie\/#primaryimage","url":"https:\/\/www.gold.fr\/news\/wp-content\/uploads\/2012\/05\/Once-d-or-chinois.jpg","contentUrl":"https:\/\/www.gold.fr\/news\/wp-content\/uploads\/2012\/05\/Once-d-or-chinois.jpg","width":"600","height":"400","caption":"Once-d-or-chinois"},{"@type":"BreadcrumbList","@id":"https:\/\/www.gold.fr\/news\/2012\/05\/11\/la-fiscalite-sur-lor-2e-partie\/#breadcrumb","itemListElement":[{"@type":"ListItem","position":1,"name":"Accueil","item":"https:\/\/www.gold.fr\/"},{"@type":"ListItem","position":2,"name":"Actualit\u00e9s","item":"https:\/\/www.gold.fr\/news\/"},{"@type":"ListItem","position":3,"name":"La fiscalit\u00e9 sur l\u2019or, 2e Partie"}]},{"@type":"WebSite","@id":"https:\/\/www.gold.fr\/news\/#website","url":"https:\/\/www.gold.fr\/news\/","name":"Gold.fr","description":"Actualit\u00e9s de l&#039;Or et des m\u00e9taux pr\u00e9cieux","potentialAction":[{"@type":"SearchAction","target":{"@type":"EntryPoint","urlTemplate":"https:\/\/www.gold.fr\/news\/?s={search_term_string}"},"query-input":{"@type":"PropertyValueSpecification","valueRequired":true,"valueName":"search_term_string"}}],"inLanguage":"fr-FR"},{"@type":"Person","@id":"https:\/\/www.gold.fr\/news\/#\/schema\/person\/070491b4b4fb7671bf59b3be20302ce9","name":"Comptoir National de l'Or","image":{"@type":"ImageObject","inLanguage":"fr-FR","@id":"https:\/\/secure.gravatar.com\/avatar\/0a2867fd5abe37bed95d5a65e9d58f01756e11efc68af9888dfc50cfa7f65948?s=96&d=mm&r=gb490554db0a38188709de567aa58480d","url":"https:\/\/secure.gravatar.com\/avatar\/0a2867fd5abe37bed95d5a65e9d58f01756e11efc68af9888dfc50cfa7f65948?s=96&d=mm&r=g","contentUrl":"https:\/\/secure.gravatar.com\/avatar\/0a2867fd5abe37bed95d5a65e9d58f01756e11efc68af9888dfc50cfa7f65948?s=96&d=mm&r=g","caption":"Comptoir National de l'Or"},"description":"Notre r\u00e9daction est constitu\u00e9e de membres experts dans les m\u00e9tiers de l'\u00e9conomie et la gestion, des Responsables d'agence Comptoir National de l'Or, des analystes financiers qui publient r\u00e9guli\u00e8rement des \u00e9tudes sur les politiques des banques centrales, le cours de l'or, prix de l'or, cours de l'argent, prix de l'argent, cours du platine, cours du palladium,... la situation en zone euro et l'impact de la strat\u00e9gie mon\u00e9taire de la FED. Notre \u00e9quipe scrute \u00e9galement une information plus g\u00e9n\u00e9raliste \u00e0 la recherche d'actualit\u00e9 \"p\u00e9pite\" \u00e0 vous partager. Depuis 5 ans, nous avons publi\u00e9 un peu plus de 4000 articles qui s'adressent \u00e0 un public large et vari\u00e9 ayant pour objectif de satisfaire votre curiosit\u00e9 et de partager avec vous une certaine fascination pour le m\u00e9tal jaune, le rachat d'or, et pour ceux qui veulent investir dans l'or, vendre leur or tout simplement en savoir plus... Pour tous vos achat or et argent, n'h\u00e9sitez pas \u00e0 prendre rendez-vous dans l'un de nos nombreux comptoirs.","sameAs":["https:\/\/www.gold.fr"]}]}},"authors":[{"term_id":2565,"user_id":18,"is_guest":0,"slug":"julie","display_name":"Comptoir National de l'Or","avatar_url":"https:\/\/secure.gravatar.com\/avatar\/713f289e398d35ead876c4a4cc08607f0d6d266058cfc25683fffb6092d0e572?s=96&d=mm&r=g","0":null,"1":"","2":"","3":"","4":"","5":"","6":"","7":"","8":""}],"_links":{"self":[{"href":"https:\/\/www.gold.fr\/news\/wp-json\/wp\/v2\/posts\/7449","targetHints":{"allow":["GET"]}}],"collection":[{"href":"https:\/\/www.gold.fr\/news\/wp-json\/wp\/v2\/posts"}],"about":[{"href":"https:\/\/www.gold.fr\/news\/wp-json\/wp\/v2\/types\/post"}],"author":[{"embeddable":true,"href":"https:\/\/www.gold.fr\/news\/wp-json\/wp\/v2\/users\/18"}],"replies":[{"embeddable":true,"href":"https:\/\/www.gold.fr\/news\/wp-json\/wp\/v2\/comments?post=7449"}],"version-history":[{"count":0,"href":"https:\/\/www.gold.fr\/news\/wp-json\/wp\/v2\/posts\/7449\/revisions"}],"wp:featuredmedia":[{"embeddable":true,"href":"https:\/\/www.gold.fr\/news\/wp-json\/wp\/v2\/media\/7450"}],"wp:attachment":[{"href":"https:\/\/www.gold.fr\/news\/wp-json\/wp\/v2\/media?parent=7449"}],"wp:term":[{"taxonomy":"category","embeddable":true,"href":"https:\/\/www.gold.fr\/news\/wp-json\/wp\/v2\/categories?post=7449"},{"taxonomy":"post_tag","embeddable":true,"href":"https:\/\/www.gold.fr\/news\/wp-json\/wp\/v2\/tags?post=7449"},{"taxonomy":"author","embeddable":true,"href":"https:\/\/www.gold.fr\/news\/wp-json\/wp\/v2\/ppma_author?post=7449"}],"curies":[{"name":"wp","href":"https:\/\/api.w.org\/{rel}","templated":true}]}}