{"id":7428,"date":"2012-05-09T09:30:14","date_gmt":"2012-05-09T07:30:14","guid":{"rendered":"http:\/\/news.gold.fr\/?p=7428"},"modified":"2017-11-02T11:36:04","modified_gmt":"2017-11-02T10:36:04","slug":"lor-colore-bientot-dans-les-bijouteries","status":"publish","type":"post","link":"https:\/\/www.gold.fr\/news\/2012\/05\/09\/lor-colore-bientot-dans-les-bijouteries\/","title":{"rendered":"L\u2019or color\u00e9 bient\u00f4t dans les bijouteries"},"content":{"rendered":"<p style=\"text-align: justify;\"><span style=\"font-family: verdana, geneva; font-size: small;\"><a href=\"http:\/\/news.gold.fr\/wp-content\/uploads\/2012\/05\/or-color\u00e9.jpg\"><img loading=\"lazy\" decoding=\"async\" class=\"alignleft size-full wp-image-7430\" style=\"border-image: initial; float: left; border-width: 1px; border-color: black; border-style: solid; margin: 5px;\" title=\"or-color\u00e9\" src=\"http:\/\/news.gold.fr\/wp-content\/uploads\/2012\/05\/or-color\u00e9.jpg\" alt=\"\" width=\"150\" height=\"150\" srcset=\"https:\/\/www.gold.fr\/news\/wp-content\/uploads\/2012\/05\/or-color\u00e9.jpg 150w, https:\/\/www.gold.fr\/news\/wp-content\/uploads\/2012\/05\/or-color\u00e9-80x80.jpg 80w, https:\/\/www.gold.fr\/news\/wp-content\/uploads\/2012\/05\/or-color\u00e9-1x1.jpg 1w\" sizes=\"auto, (max-width: 150px) 100vw, 150px\" \/><\/a>Pour tous ceux qui trouvaient <strong>la couleur de l&rsquo;<a href='https:\/\/www.gold.fr\/news\/tags\/or' class='esk-seo-plu-link'>or<\/a><\/strong> un peu trop classique pour eux, il y a maintenant une solution : l&rsquo;<a href='https:\/\/www.gold.fr\/news\/tags\/or' class='esk-seo-plu-link'>or<\/a> color\u00e9 !<\/span>    <span style=\"font-family: verdana, geneva; font-size: small;\">Il sera donc bient\u00f4t possible d&rsquo;avoir de <strong>l&rsquo;<a href='https:\/\/www.gold.fr\/news\/tags\/or' class='esk-seo-plu-link'>or<\/a><\/strong> de toutes les couleurs, pour assortir ses bijoux \u00e0 sa tenue, par exemple. <a title=\"Or Color\u00e9 et Joaillerie 2e Partie\" href=\"http:\/\/news.gold.fr\/2012\/04\/20\/or-colore-et-joaillerie-2e-partie\/6969\/\" target=\"_blank\">La nouvelle vient de Colombie<\/a>, des chercheurs colombiens auraient en effet trouv\u00e9 le moyen de transformer la couleur de <strong>l&rsquo;<a href='https:\/\/www.gold.fr\/news\/tags\/or' class='esk-seo-plu-link'>or<\/a><\/strong>. Ces chercheurs de l&rsquo;universit\u00e9 Antioquia de Medellin en Colombie pourraient en changer la couleur sans en alt\u00e9rer la qualit\u00e9. De quoi bouleverser la donne et donner \u00e0 la Colombie toutes ses chances de devenir le num\u00e9ro un mondial de la joaillerie de toutes les couleurs.<\/span>    <span style=\"font-family: verdana, geneva; font-size: small;\"><a title=\"Or Color\u00e9 et Joaillerie 1ere Partie\" href=\"http:\/\/news.gold.fr\/2012\/04\/19\/or-colore-et-joaillerie-1ere-partie\/6951\/\" target=\"_blank\">Alors comment arrive-t-on \u00e0 changer la couleur de l\u2019or\u00a0?<\/a><\/span>    <span style=\"font-family: verdana, geneva; font-size: small;\">Il apparait que pour atteindre de tels r\u00e9sultats, cette \u00e9quipe a pris des \u00e9chantillons d&rsquo;<a href='https:\/\/www.gold.fr\/news\/tags\/or' class='esk-seo-plu-link'>or<\/a> de <strong>24 carats<\/strong>, m\u00e9lang\u00e9s avec 20% d&rsquo;autres m\u00e9taux puis les a soumis \u00e0 un proc\u00e9d\u00e9 thermique de huit \u00e0 dix heures dans des fours sp\u00e9ciaux.<\/span>    <span style=\"font-family: verdana, geneva; font-size: small;\">Ce n&rsquo;est qu&rsquo;une fois refroidi, que la couleur de l&rsquo;<a href='https:\/\/www.gold.fr\/news\/tags\/or' class='esk-seo-plu-link'>or<\/a> change. Par la suite, l&rsquo;<a href='https:\/\/www.gold.fr\/news\/tags\/or' class='esk-seo-plu-link'>or<\/a> est poli pour ressembler \u00e0 une pierre pr\u00e9cieuse et \u00eatre mont\u00e9 sur un bijou. Avec une palette compl\u00e8te de couleur : violet, fuchsia, vert\u2026  Pour le moment, pas de brevet en vue mais cela ne risque pas de tarder. Ces chercheurs sont bien d\u00e9cid\u00e9s \u00e0 faire de la Colombie un nouvel exportateur de bijoux en <a href='https:\/\/www.gold.fr\/news\/tags\/or' class='esk-seo-plu-link'>or<\/a> color\u00e9.<\/span><\/p>\n<!-- AddThis Advanced Settings generic via filter on the_content --><!-- AddThis Share Buttons generic via filter on the_content -->","protected":false},"excerpt":{"rendered":"<p>Pour tous ceux qui trouvaient la couleur de l&rsquo;or un peu trop classique pour eux, il y a maintenant une solution : l&rsquo;or color\u00e9 ! Il sera donc bient\u00f4t possible d&rsquo;avoir de l&rsquo;or de toutes les [&hellip;]<\/p>\n","protected":false},"author":18,"featured_media":7429,"comment_status":"open","ping_status":"open","sticky":false,"template":"","format":"standard","meta":{"_mbp_gutenberg_autopost":false,"_pgmb_is_evergreen":false,"_pgmb_ap_template_id":0,"footnotes":""},"categories":[6],"tags":[428,298,491,76],"ppma_author":[2565],"class_list":["post-7428","post","type-post","status-publish","format-standard","has-post-thumbnail","hentry","category-articles-de-presse","tag-24-carats","tag-colombie","tag-couleur-de-lor","tag-or"],"yoast_head":"<!-- This site is optimized with the Yoast SEO plugin v27.5 - https:\/\/yoast.com\/product\/yoast-seo-wordpress\/ -->\n<title>L\u2019or color\u00e9 bient\u00f4t dans les bijouteries - Gold.fr<\/title>\n<meta name=\"robots\" content=\"index, follow, max-snippet:-1, max-image-preview:large, max-video-preview:-1\" \/>\n<link rel=\"canonical\" href=\"https:\/\/www.gold.fr\/news\/2012\/05\/09\/lor-colore-bientot-dans-les-bijouteries\/\" \/>\n<meta property=\"og:locale\" content=\"fr_FR\" \/>\n<meta property=\"og:type\" content=\"article\" \/>\n<meta property=\"og:title\" content=\"L\u2019or color\u00e9 bient\u00f4t dans les bijouteries - Gold.fr\" \/>\n<meta property=\"og:description\" content=\"Pour tous ceux qui trouvaient la couleur de l&rsquo;or un peu trop classique pour eux, il y a maintenant une solution : l&rsquo;or color\u00e9 ! Il sera donc bient\u00f4t possible d&rsquo;avoir de l&rsquo;or de toutes les [&hellip;]\" \/>\n<meta property=\"og:url\" content=\"https:\/\/www.gold.fr\/news\/2012\/05\/09\/lor-colore-bientot-dans-les-bijouteries\/\" \/>\n<meta property=\"og:site_name\" content=\"Gold.fr\" \/>\n<meta property=\"article:publisher\" content=\"https:\/\/www.facebook.com\/Goldfr\/\" \/>\n<meta property=\"article:published_time\" content=\"2012-05-09T07:30:14+00:00\" \/>\n<meta property=\"article:modified_time\" content=\"2017-11-02T10:36:04+00:00\" \/>\n<meta property=\"og:image\" content=\"https:\/\/www.gold.fr\/news\/wp-content\/uploads\/2012\/05\/cube-or-color\u00e9.jpg\" \/>\n\t<meta property=\"og:image:width\" content=\"600\" \/>\n\t<meta property=\"og:image:height\" content=\"419\" \/>\n\t<meta property=\"og:image:type\" content=\"image\/jpeg\" \/>\n<meta name=\"author\" content=\"Comptoir National de l&#039;Or\" \/>\n<meta name=\"twitter:card\" content=\"summary_large_image\" \/>\n<meta name=\"twitter:label1\" content=\"\u00c9crit par\" \/>\n\t<meta name=\"twitter:data1\" content=\"Comptoir National de l&#039;Or\" \/>\n\t<meta name=\"twitter:label2\" content=\"Dur\u00e9e de lecture estim\u00e9e\" \/>\n\t<meta name=\"twitter:data2\" content=\"1 minute\" \/>\n<script type=\"application\/ld+json\" class=\"yoast-schema-graph\">{\"@context\":\"https:\\\/\\\/schema.org\",\"@graph\":[{\"@type\":\"Article\",\"@id\":\"https:\\\/\\\/www.gold.fr\\\/news\\\/2012\\\/05\\\/09\\\/lor-colore-bientot-dans-les-bijouteries\\\/#article\",\"isPartOf\":{\"@id\":\"https:\\\/\\\/www.gold.fr\\\/news\\\/2012\\\/05\\\/09\\\/lor-colore-bientot-dans-les-bijouteries\\\/\"},\"author\":{\"name\":\"Comptoir National de l'Or\",\"@id\":\"https:\\\/\\\/www.gold.fr\\\/news\\\/#\\\/schema\\\/person\\\/070491b4b4fb7671bf59b3be20302ce9\"},\"headline\":\"L\u2019or color\u00e9 bient\u00f4t dans les bijouteries\",\"datePublished\":\"2012-05-09T07:30:14+00:00\",\"dateModified\":\"2017-11-02T10:36:04+00:00\",\"mainEntityOfPage\":{\"@id\":\"https:\\\/\\\/www.gold.fr\\\/news\\\/2012\\\/05\\\/09\\\/lor-colore-bientot-dans-les-bijouteries\\\/\"},\"wordCount\":254,\"commentCount\":0,\"image\":{\"@id\":\"https:\\\/\\\/www.gold.fr\\\/news\\\/2012\\\/05\\\/09\\\/lor-colore-bientot-dans-les-bijouteries\\\/#primaryimage\"},\"thumbnailUrl\":\"https:\\\/\\\/www.gold.fr\\\/news\\\/wp-content\\\/uploads\\\/2012\\\/05\\\/cube-or-color\u00e9.jpg\",\"keywords\":[\"24 carats\",\"colombie\",\"couleur de l'or\",\"Or\"],\"articleSection\":[\"Articles de presse\"],\"inLanguage\":\"fr-FR\"},{\"@type\":\"WebPage\",\"@id\":\"https:\\\/\\\/www.gold.fr\\\/news\\\/2012\\\/05\\\/09\\\/lor-colore-bientot-dans-les-bijouteries\\\/\",\"url\":\"https:\\\/\\\/www.gold.fr\\\/news\\\/2012\\\/05\\\/09\\\/lor-colore-bientot-dans-les-bijouteries\\\/\",\"name\":\"L\u2019or color\u00e9 bient\u00f4t dans les bijouteries - Gold.fr\",\"isPartOf\":{\"@id\":\"https:\\\/\\\/www.gold.fr\\\/news\\\/#website\"},\"primaryImageOfPage\":{\"@id\":\"https:\\\/\\\/www.gold.fr\\\/news\\\/2012\\\/05\\\/09\\\/lor-colore-bientot-dans-les-bijouteries\\\/#primaryimage\"},\"image\":{\"@id\":\"https:\\\/\\\/www.gold.fr\\\/news\\\/2012\\\/05\\\/09\\\/lor-colore-bientot-dans-les-bijouteries\\\/#primaryimage\"},\"thumbnailUrl\":\"https:\\\/\\\/www.gold.fr\\\/news\\\/wp-content\\\/uploads\\\/2012\\\/05\\\/cube-or-color\u00e9.jpg\",\"datePublished\":\"2012-05-09T07:30:14+00:00\",\"dateModified\":\"2017-11-02T10:36:04+00:00\",\"author\":{\"@id\":\"https:\\\/\\\/www.gold.fr\\\/news\\\/#\\\/schema\\\/person\\\/070491b4b4fb7671bf59b3be20302ce9\"},\"breadcrumb\":{\"@id\":\"https:\\\/\\\/www.gold.fr\\\/news\\\/2012\\\/05\\\/09\\\/lor-colore-bientot-dans-les-bijouteries\\\/#breadcrumb\"},\"inLanguage\":\"fr-FR\",\"potentialAction\":[{\"@type\":\"ReadAction\",\"target\":[\"https:\\\/\\\/www.gold.fr\\\/news\\\/2012\\\/05\\\/09\\\/lor-colore-bientot-dans-les-bijouteries\\\/\"]}]},{\"@type\":\"ImageObject\",\"inLanguage\":\"fr-FR\",\"@id\":\"https:\\\/\\\/www.gold.fr\\\/news\\\/2012\\\/05\\\/09\\\/lor-colore-bientot-dans-les-bijouteries\\\/#primaryimage\",\"url\":\"https:\\\/\\\/www.gold.fr\\\/news\\\/wp-content\\\/uploads\\\/2012\\\/05\\\/cube-or-color\u00e9.jpg\",\"contentUrl\":\"https:\\\/\\\/www.gold.fr\\\/news\\\/wp-content\\\/uploads\\\/2012\\\/05\\\/cube-or-color\u00e9.jpg\",\"width\":\"600\",\"height\":\"419\",\"caption\":\"cube-or-color\u00e9\"},{\"@type\":\"BreadcrumbList\",\"@id\":\"https:\\\/\\\/www.gold.fr\\\/news\\\/2012\\\/05\\\/09\\\/lor-colore-bientot-dans-les-bijouteries\\\/#breadcrumb\",\"itemListElement\":[{\"@type\":\"ListItem\",\"position\":1,\"name\":\"Accueil\",\"item\":\"https:\\\/\\\/www.gold.fr\\\/\"},{\"@type\":\"ListItem\",\"position\":2,\"name\":\"Actualit\u00e9s\",\"item\":\"https:\\\/\\\/www.gold.fr\\\/news\\\/\"},{\"@type\":\"ListItem\",\"position\":3,\"name\":\"L\u2019or color\u00e9 bient\u00f4t dans les bijouteries\"}]},{\"@type\":\"WebSite\",\"@id\":\"https:\\\/\\\/www.gold.fr\\\/news\\\/#website\",\"url\":\"https:\\\/\\\/www.gold.fr\\\/news\\\/\",\"name\":\"Gold.fr\",\"description\":\"Actualit\u00e9s de l&#039;Or et des m\u00e9taux pr\u00e9cieux\",\"potentialAction\":[{\"@type\":\"SearchAction\",\"target\":{\"@type\":\"EntryPoint\",\"urlTemplate\":\"https:\\\/\\\/www.gold.fr\\\/news\\\/?s={search_term_string}\"},\"query-input\":{\"@type\":\"PropertyValueSpecification\",\"valueRequired\":true,\"valueName\":\"search_term_string\"}}],\"inLanguage\":\"fr-FR\"},{\"@type\":\"Person\",\"@id\":\"https:\\\/\\\/www.gold.fr\\\/news\\\/#\\\/schema\\\/person\\\/070491b4b4fb7671bf59b3be20302ce9\",\"name\":\"Comptoir National de l'Or\",\"image\":{\"@type\":\"ImageObject\",\"inLanguage\":\"fr-FR\",\"@id\":\"https:\\\/\\\/secure.gravatar.com\\\/avatar\\\/0a2867fd5abe37bed95d5a65e9d58f01756e11efc68af9888dfc50cfa7f65948?s=96&d=mm&r=gb490554db0a38188709de567aa58480d\",\"url\":\"https:\\\/\\\/secure.gravatar.com\\\/avatar\\\/0a2867fd5abe37bed95d5a65e9d58f01756e11efc68af9888dfc50cfa7f65948?s=96&d=mm&r=g\",\"contentUrl\":\"https:\\\/\\\/secure.gravatar.com\\\/avatar\\\/0a2867fd5abe37bed95d5a65e9d58f01756e11efc68af9888dfc50cfa7f65948?s=96&d=mm&r=g\",\"caption\":\"Comptoir National de l'Or\"},\"description\":\"Notre r\u00e9daction est constitu\u00e9e de membres experts dans les m\u00e9tiers de l'\u00e9conomie et la gestion, des Responsables d'agence Comptoir National de l'Or, des analystes financiers qui publient r\u00e9guli\u00e8rement des \u00e9tudes sur les politiques des banques centrales, le cours de l'or, prix de l'or, cours de l'argent, prix de l'argent, cours du platine, cours du palladium,... la situation en zone euro et l'impact de la strat\u00e9gie mon\u00e9taire de la FED. Notre \u00e9quipe scrute \u00e9galement une information plus g\u00e9n\u00e9raliste \u00e0 la recherche d'actualit\u00e9 \\\"p\u00e9pite\\\" \u00e0 vous partager. Depuis 5 ans, nous avons publi\u00e9 un peu plus de 4000 articles qui s'adressent \u00e0 un public large et vari\u00e9 ayant pour objectif de satisfaire votre curiosit\u00e9 et de partager avec vous une certaine fascination pour le m\u00e9tal jaune, le rachat d'or, et pour ceux qui veulent investir dans l'or, vendre leur or tout simplement en savoir plus... Pour tous vos achat or et argent, n'h\u00e9sitez pas \u00e0 prendre rendez-vous dans l'un de nos nombreux comptoirs.\",\"sameAs\":[\"https:\\\/\\\/www.gold.fr\"]}]}<\/script>\n<!-- \/ Yoast SEO plugin. -->","yoast_head_json":{"title":"L\u2019or color\u00e9 bient\u00f4t dans les bijouteries - Gold.fr","robots":{"index":"index","follow":"follow","max-snippet":"max-snippet:-1","max-image-preview":"max-image-preview:large","max-video-preview":"max-video-preview:-1"},"canonical":"https:\/\/www.gold.fr\/news\/2012\/05\/09\/lor-colore-bientot-dans-les-bijouteries\/","og_locale":"fr_FR","og_type":"article","og_title":"L\u2019or color\u00e9 bient\u00f4t dans les bijouteries - Gold.fr","og_description":"Pour tous ceux qui trouvaient la couleur de l&rsquo;or un peu trop classique pour eux, il y a maintenant une solution : l&rsquo;or color\u00e9 ! Il sera donc bient\u00f4t possible d&rsquo;avoir de l&rsquo;or de toutes les [&hellip;]","og_url":"https:\/\/www.gold.fr\/news\/2012\/05\/09\/lor-colore-bientot-dans-les-bijouteries\/","og_site_name":"Gold.fr","article_publisher":"https:\/\/www.facebook.com\/Goldfr\/","article_published_time":"2012-05-09T07:30:14+00:00","article_modified_time":"2017-11-02T10:36:04+00:00","og_image":[{"width":600,"height":419,"url":"https:\/\/www.gold.fr\/news\/wp-content\/uploads\/2012\/05\/cube-or-color\u00e9.jpg","type":"image\/jpeg"}],"author":"Comptoir National de l'Or","twitter_card":"summary_large_image","twitter_misc":{"\u00c9crit par":"Comptoir National de l'Or","Dur\u00e9e de lecture estim\u00e9e":"1 minute"},"schema":{"@context":"https:\/\/schema.org","@graph":[{"@type":"Article","@id":"https:\/\/www.gold.fr\/news\/2012\/05\/09\/lor-colore-bientot-dans-les-bijouteries\/#article","isPartOf":{"@id":"https:\/\/www.gold.fr\/news\/2012\/05\/09\/lor-colore-bientot-dans-les-bijouteries\/"},"author":{"name":"Comptoir National de l'Or","@id":"https:\/\/www.gold.fr\/news\/#\/schema\/person\/070491b4b4fb7671bf59b3be20302ce9"},"headline":"L\u2019or color\u00e9 bient\u00f4t dans les bijouteries","datePublished":"2012-05-09T07:30:14+00:00","dateModified":"2017-11-02T10:36:04+00:00","mainEntityOfPage":{"@id":"https:\/\/www.gold.fr\/news\/2012\/05\/09\/lor-colore-bientot-dans-les-bijouteries\/"},"wordCount":254,"commentCount":0,"image":{"@id":"https:\/\/www.gold.fr\/news\/2012\/05\/09\/lor-colore-bientot-dans-les-bijouteries\/#primaryimage"},"thumbnailUrl":"https:\/\/www.gold.fr\/news\/wp-content\/uploads\/2012\/05\/cube-or-color\u00e9.jpg","keywords":["24 carats","colombie","couleur de l'or","Or"],"articleSection":["Articles de presse"],"inLanguage":"fr-FR"},{"@type":"WebPage","@id":"https:\/\/www.gold.fr\/news\/2012\/05\/09\/lor-colore-bientot-dans-les-bijouteries\/","url":"https:\/\/www.gold.fr\/news\/2012\/05\/09\/lor-colore-bientot-dans-les-bijouteries\/","name":"L\u2019or color\u00e9 bient\u00f4t dans les bijouteries - Gold.fr","isPartOf":{"@id":"https:\/\/www.gold.fr\/news\/#website"},"primaryImageOfPage":{"@id":"https:\/\/www.gold.fr\/news\/2012\/05\/09\/lor-colore-bientot-dans-les-bijouteries\/#primaryimage"},"image":{"@id":"https:\/\/www.gold.fr\/news\/2012\/05\/09\/lor-colore-bientot-dans-les-bijouteries\/#primaryimage"},"thumbnailUrl":"https:\/\/www.gold.fr\/news\/wp-content\/uploads\/2012\/05\/cube-or-color\u00e9.jpg","datePublished":"2012-05-09T07:30:14+00:00","dateModified":"2017-11-02T10:36:04+00:00","author":{"@id":"https:\/\/www.gold.fr\/news\/#\/schema\/person\/070491b4b4fb7671bf59b3be20302ce9"},"breadcrumb":{"@id":"https:\/\/www.gold.fr\/news\/2012\/05\/09\/lor-colore-bientot-dans-les-bijouteries\/#breadcrumb"},"inLanguage":"fr-FR","potentialAction":[{"@type":"ReadAction","target":["https:\/\/www.gold.fr\/news\/2012\/05\/09\/lor-colore-bientot-dans-les-bijouteries\/"]}]},{"@type":"ImageObject","inLanguage":"fr-FR","@id":"https:\/\/www.gold.fr\/news\/2012\/05\/09\/lor-colore-bientot-dans-les-bijouteries\/#primaryimage","url":"https:\/\/www.gold.fr\/news\/wp-content\/uploads\/2012\/05\/cube-or-color\u00e9.jpg","contentUrl":"https:\/\/www.gold.fr\/news\/wp-content\/uploads\/2012\/05\/cube-or-color\u00e9.jpg","width":"600","height":"419","caption":"cube-or-color\u00e9"},{"@type":"BreadcrumbList","@id":"https:\/\/www.gold.fr\/news\/2012\/05\/09\/lor-colore-bientot-dans-les-bijouteries\/#breadcrumb","itemListElement":[{"@type":"ListItem","position":1,"name":"Accueil","item":"https:\/\/www.gold.fr\/"},{"@type":"ListItem","position":2,"name":"Actualit\u00e9s","item":"https:\/\/www.gold.fr\/news\/"},{"@type":"ListItem","position":3,"name":"L\u2019or color\u00e9 bient\u00f4t dans les bijouteries"}]},{"@type":"WebSite","@id":"https:\/\/www.gold.fr\/news\/#website","url":"https:\/\/www.gold.fr\/news\/","name":"Gold.fr","description":"Actualit\u00e9s de l&#039;Or et des m\u00e9taux pr\u00e9cieux","potentialAction":[{"@type":"SearchAction","target":{"@type":"EntryPoint","urlTemplate":"https:\/\/www.gold.fr\/news\/?s={search_term_string}"},"query-input":{"@type":"PropertyValueSpecification","valueRequired":true,"valueName":"search_term_string"}}],"inLanguage":"fr-FR"},{"@type":"Person","@id":"https:\/\/www.gold.fr\/news\/#\/schema\/person\/070491b4b4fb7671bf59b3be20302ce9","name":"Comptoir National de l'Or","image":{"@type":"ImageObject","inLanguage":"fr-FR","@id":"https:\/\/secure.gravatar.com\/avatar\/0a2867fd5abe37bed95d5a65e9d58f01756e11efc68af9888dfc50cfa7f65948?s=96&d=mm&r=gb490554db0a38188709de567aa58480d","url":"https:\/\/secure.gravatar.com\/avatar\/0a2867fd5abe37bed95d5a65e9d58f01756e11efc68af9888dfc50cfa7f65948?s=96&d=mm&r=g","contentUrl":"https:\/\/secure.gravatar.com\/avatar\/0a2867fd5abe37bed95d5a65e9d58f01756e11efc68af9888dfc50cfa7f65948?s=96&d=mm&r=g","caption":"Comptoir National de l'Or"},"description":"Notre r\u00e9daction est constitu\u00e9e de membres experts dans les m\u00e9tiers de l'\u00e9conomie et la gestion, des Responsables d'agence Comptoir National de l'Or, des analystes financiers qui publient r\u00e9guli\u00e8rement des \u00e9tudes sur les politiques des banques centrales, le cours de l'or, prix de l'or, cours de l'argent, prix de l'argent, cours du platine, cours du palladium,... la situation en zone euro et l'impact de la strat\u00e9gie mon\u00e9taire de la FED. Notre \u00e9quipe scrute \u00e9galement une information plus g\u00e9n\u00e9raliste \u00e0 la recherche d'actualit\u00e9 \"p\u00e9pite\" \u00e0 vous partager. Depuis 5 ans, nous avons publi\u00e9 un peu plus de 4000 articles qui s'adressent \u00e0 un public large et vari\u00e9 ayant pour objectif de satisfaire votre curiosit\u00e9 et de partager avec vous une certaine fascination pour le m\u00e9tal jaune, le rachat d'or, et pour ceux qui veulent investir dans l'or, vendre leur or tout simplement en savoir plus... Pour tous vos achat or et argent, n'h\u00e9sitez pas \u00e0 prendre rendez-vous dans l'un de nos nombreux comptoirs.","sameAs":["https:\/\/www.gold.fr"]}]}},"authors":[{"term_id":2565,"user_id":18,"is_guest":0,"slug":"julie","display_name":"Comptoir National de l'Or","avatar_url":"https:\/\/secure.gravatar.com\/avatar\/713f289e398d35ead876c4a4cc08607f0d6d266058cfc25683fffb6092d0e572?s=96&d=mm&r=g","0":null,"1":"","2":"","3":"","4":"","5":"","6":"","7":"","8":""}],"_links":{"self":[{"href":"https:\/\/www.gold.fr\/news\/wp-json\/wp\/v2\/posts\/7428","targetHints":{"allow":["GET"]}}],"collection":[{"href":"https:\/\/www.gold.fr\/news\/wp-json\/wp\/v2\/posts"}],"about":[{"href":"https:\/\/www.gold.fr\/news\/wp-json\/wp\/v2\/types\/post"}],"author":[{"embeddable":true,"href":"https:\/\/www.gold.fr\/news\/wp-json\/wp\/v2\/users\/18"}],"replies":[{"embeddable":true,"href":"https:\/\/www.gold.fr\/news\/wp-json\/wp\/v2\/comments?post=7428"}],"version-history":[{"count":0,"href":"https:\/\/www.gold.fr\/news\/wp-json\/wp\/v2\/posts\/7428\/revisions"}],"wp:featuredmedia":[{"embeddable":true,"href":"https:\/\/www.gold.fr\/news\/wp-json\/wp\/v2\/media\/7429"}],"wp:attachment":[{"href":"https:\/\/www.gold.fr\/news\/wp-json\/wp\/v2\/media?parent=7428"}],"wp:term":[{"taxonomy":"category","embeddable":true,"href":"https:\/\/www.gold.fr\/news\/wp-json\/wp\/v2\/categories?post=7428"},{"taxonomy":"post_tag","embeddable":true,"href":"https:\/\/www.gold.fr\/news\/wp-json\/wp\/v2\/tags?post=7428"},{"taxonomy":"author","embeddable":true,"href":"https:\/\/www.gold.fr\/news\/wp-json\/wp\/v2\/ppma_author?post=7428"}],"curies":[{"name":"wp","href":"https:\/\/api.w.org\/{rel}","templated":true}]}}