{"id":7306,"date":"2012-05-02T13:00:50","date_gmt":"2012-05-02T11:00:50","guid":{"rendered":"http:\/\/news.gold.fr\/?p=7306"},"modified":"2020-06-25T14:10:43","modified_gmt":"2020-06-25T12:10:43","slug":"cours-de-lor-de-bourse-mercredi-2-mai-2012","status":"publish","type":"post","link":"https:\/\/www.gold.fr\/news\/2012\/05\/02\/cours-de-lor-de-bourse-mercredi-2-mai-2012\/","title":{"rendered":"Cours de l&rsquo;or de Bourse &#8211; mercredi 2 mai 2012"},"content":{"rendered":"<p style=\"text-align: justify;\"><span style=\"font-family: verdana, geneva; font-size: small;\"><a href=\"http:\/\/news.gold.fr\/wp-content\/uploads\/2011\/12\/cours-de-lor2.jpg\"><img loading=\"lazy\" decoding=\"async\" class=\"alignleft size-thumbnail wp-image-4368\" style=\"border-image: initial; margin: 5px; border: 1px solid black;\" title=\"cours-de-l'or\" src=\"http:\/\/news.gold.fr\/wp-content\/uploads\/2011\/12\/cours-de-lor2-150x150.jpg\" alt=\"\" width=\"150\" height=\"150\" \/><\/a>L\u00e9g\u00e8re baisse pour <a title=\"Cours de l'Or\" href=\"https:\/\/www.gold.fr\/cours-prix-de-l-or\/\" target=\"_blank\" rel=\"noopener noreferrer\">le cours de l&rsquo;or<\/a> ce matin, par rapport aux <a title=\"Cours de l'Or de Bourse - lundi 30 avril 2012\" href=\"http:\/\/news.gold.fr\/2012\/04\/30\/cours-de-lor-de-bourse-lundi-30-avril-2012\/7158\/\" target=\"_blank\" rel=\"noopener noreferrer\">cours des derniers jours<\/a>. M\u00eame si le mois d&rsquo;avril \u00e0 fini \u00e0 la hausse, la tendance majeure du <a class=\"esk-seo-plu-link\" href=\"https:\/\/www.gold.fr\/news\/tags\/cours-de-lor\">cours de l&rsquo;or<\/a> reste tout de m\u00eame l&rsquo;ind\u00e9cision. Il semblerait ce matin, que le mois de mai n&rsquo;y change pas grand chose puisque le cours est de nouveau pass\u00e9 sous les 1655 dollars, atteignant les 1652 dollars au plus bas de la journ\u00e9e.<\/span><\/p>\n<p><span style=\"font-family: verdana, geneva; font-size: small;\">On s&rsquo;attend donc \u00e0 un mois en demi-teinte pendant lequel <strong>le <a class=\"esk-seo-plu-link\" href=\"https:\/\/www.gold.fr\/news\/tags\/cours-de-lor\">cours de l&rsquo;or<\/a><\/strong> devrait continuer \u00e0 \u00e9voluer dans un range de 1610 \u00e0 1700 dollars.<\/span> <span style=\"font-family: verdana, geneva; font-size: small;\"><strong>Le <a class=\"esk-seo-plu-link\" href=\"https:\/\/www.gold.fr\/news\/tags\/cours-de-lor\">cours de l&rsquo;or<\/a><\/strong> cl\u00f4ture en ce lendemain de f\u00eate du travail sur un 1650.50 dollars <a title=\"Once d'Or\" href=\"https:\/\/www.gold.fr\/once-en\/\" target=\"_blank\" rel=\"noopener noreferrer\">l&rsquo;once<\/a>, marquant une variation n\u00e9gative de -0.75 %.<\/span><\/p>\n<!-- AddThis Advanced Settings generic via filter on the_content --><!-- AddThis Share Buttons generic via filter on the_content -->","protected":false},"excerpt":{"rendered":"<p>L\u00e9g\u00e8re baisse pour le cours de l&rsquo;or ce matin, par rapport aux cours des derniers jours. M\u00eame si le mois d&rsquo;avril \u00e0 fini \u00e0 la hausse, la tendance majeure du cours de l&rsquo;or reste tout de [&hellip;]<\/p>\n","protected":false},"author":18,"featured_media":5494,"comment_status":"closed","ping_status":"closed","sticky":false,"template":"","format":"standard","meta":{"_mbp_gutenberg_autopost":false,"_pgmb_is_evergreen":false,"_pgmb_ap_template_id":0,"footnotes":""},"categories":[5],"tags":[76,84],"ppma_author":[2565],"class_list":["post-7306","post","type-post","status-publish","format-standard","has-post-thumbnail","hentry","category-flash-infos","tag-or","tag-cours-de-lor"],"yoast_head":"<!-- This site is optimized with the Yoast SEO plugin v27.5 - https:\/\/yoast.com\/product\/yoast-seo-wordpress\/ -->\n<title>Cours de l&#039;or de Bourse - mercredi 2 mai 2012 - Gold.fr<\/title>\n<meta name=\"description\" content=\"L\u00e9g\u00e8re baisse pour le cours de l\u2019or ce matin, par rapport aux cours des derniers jours. Cours de l\u2019or de Bourse mercredi 2 mai 2012\" \/>\n<meta name=\"robots\" content=\"index, follow, max-snippet:-1, max-image-preview:large, max-video-preview:-1\" \/>\n<link rel=\"canonical\" href=\"https:\/\/www.gold.fr\/news\/2012\/05\/02\/cours-de-lor-de-bourse-mercredi-2-mai-2012\/\" \/>\n<meta property=\"og:locale\" content=\"fr_FR\" \/>\n<meta property=\"og:type\" content=\"article\" \/>\n<meta property=\"og:title\" content=\"Cours de l&#039;or de Bourse - mercredi 2 mai 2012 - Gold.fr\" \/>\n<meta property=\"og:description\" content=\"L\u00e9g\u00e8re baisse pour le cours de l\u2019or ce matin, par rapport aux cours des derniers jours. Cours de l\u2019or de Bourse mercredi 2 mai 2012\" \/>\n<meta property=\"og:url\" content=\"https:\/\/www.gold.fr\/news\/2012\/05\/02\/cours-de-lor-de-bourse-mercredi-2-mai-2012\/\" \/>\n<meta property=\"og:site_name\" content=\"Gold.fr\" \/>\n<meta property=\"article:publisher\" content=\"https:\/\/www.facebook.com\/Goldfr\/\" \/>\n<meta property=\"article:published_time\" content=\"2012-05-02T11:00:50+00:00\" \/>\n<meta property=\"article:modified_time\" content=\"2020-06-25T12:10:43+00:00\" \/>\n<meta property=\"og:image\" content=\"https:\/\/www.gold.fr\/news\/wp-content\/uploads\/2012\/02\/cours-de-lor2.jpg\" \/>\n\t<meta property=\"og:image:width\" content=\"600\" \/>\n\t<meta property=\"og:image:height\" content=\"528\" \/>\n\t<meta property=\"og:image:type\" content=\"image\/jpeg\" \/>\n<meta name=\"author\" content=\"Comptoir National de l&#039;Or\" \/>\n<meta name=\"twitter:card\" content=\"summary_large_image\" \/>\n<meta name=\"twitter:label1\" content=\"\u00c9crit par\" \/>\n\t<meta name=\"twitter:data1\" content=\"Comptoir National de l&#039;Or\" \/>\n\t<meta name=\"twitter:label2\" content=\"Dur\u00e9e de lecture estim\u00e9e\" \/>\n\t<meta name=\"twitter:data2\" content=\"1 minute\" \/>\n<script type=\"application\/ld+json\" class=\"yoast-schema-graph\">{\"@context\":\"https:\\\/\\\/schema.org\",\"@graph\":[{\"@type\":\"Article\",\"@id\":\"https:\\\/\\\/www.gold.fr\\\/news\\\/2012\\\/05\\\/02\\\/cours-de-lor-de-bourse-mercredi-2-mai-2012\\\/#article\",\"isPartOf\":{\"@id\":\"https:\\\/\\\/www.gold.fr\\\/news\\\/2012\\\/05\\\/02\\\/cours-de-lor-de-bourse-mercredi-2-mai-2012\\\/\"},\"author\":{\"name\":\"Comptoir National de l'Or\",\"@id\":\"https:\\\/\\\/www.gold.fr\\\/news\\\/#\\\/schema\\\/person\\\/070491b4b4fb7671bf59b3be20302ce9\"},\"headline\":\"Cours de l&rsquo;or de Bourse &#8211; mercredi 2 mai 2012\",\"datePublished\":\"2012-05-02T11:00:50+00:00\",\"dateModified\":\"2020-06-25T12:10:43+00:00\",\"mainEntityOfPage\":{\"@id\":\"https:\\\/\\\/www.gold.fr\\\/news\\\/2012\\\/05\\\/02\\\/cours-de-lor-de-bourse-mercredi-2-mai-2012\\\/\"},\"wordCount\":139,\"image\":{\"@id\":\"https:\\\/\\\/www.gold.fr\\\/news\\\/2012\\\/05\\\/02\\\/cours-de-lor-de-bourse-mercredi-2-mai-2012\\\/#primaryimage\"},\"thumbnailUrl\":\"https:\\\/\\\/www.gold.fr\\\/news\\\/wp-content\\\/uploads\\\/2012\\\/02\\\/cours-de-lor2.jpg\",\"keywords\":[\"Or\",\"Tout Cours de l'Or\"],\"articleSection\":[\"Flash infos\"],\"inLanguage\":\"fr-FR\"},{\"@type\":\"WebPage\",\"@id\":\"https:\\\/\\\/www.gold.fr\\\/news\\\/2012\\\/05\\\/02\\\/cours-de-lor-de-bourse-mercredi-2-mai-2012\\\/\",\"url\":\"https:\\\/\\\/www.gold.fr\\\/news\\\/2012\\\/05\\\/02\\\/cours-de-lor-de-bourse-mercredi-2-mai-2012\\\/\",\"name\":\"Cours de l'or de Bourse - mercredi 2 mai 2012 - Gold.fr\",\"isPartOf\":{\"@id\":\"https:\\\/\\\/www.gold.fr\\\/news\\\/#website\"},\"primaryImageOfPage\":{\"@id\":\"https:\\\/\\\/www.gold.fr\\\/news\\\/2012\\\/05\\\/02\\\/cours-de-lor-de-bourse-mercredi-2-mai-2012\\\/#primaryimage\"},\"image\":{\"@id\":\"https:\\\/\\\/www.gold.fr\\\/news\\\/2012\\\/05\\\/02\\\/cours-de-lor-de-bourse-mercredi-2-mai-2012\\\/#primaryimage\"},\"thumbnailUrl\":\"https:\\\/\\\/www.gold.fr\\\/news\\\/wp-content\\\/uploads\\\/2012\\\/02\\\/cours-de-lor2.jpg\",\"datePublished\":\"2012-05-02T11:00:50+00:00\",\"dateModified\":\"2020-06-25T12:10:43+00:00\",\"author\":{\"@id\":\"https:\\\/\\\/www.gold.fr\\\/news\\\/#\\\/schema\\\/person\\\/070491b4b4fb7671bf59b3be20302ce9\"},\"description\":\"L\u00e9g\u00e8re baisse pour le cours de l\u2019or ce matin, par rapport aux cours des derniers jours. Cours de l\u2019or de Bourse mercredi 2 mai 2012\",\"breadcrumb\":{\"@id\":\"https:\\\/\\\/www.gold.fr\\\/news\\\/2012\\\/05\\\/02\\\/cours-de-lor-de-bourse-mercredi-2-mai-2012\\\/#breadcrumb\"},\"inLanguage\":\"fr-FR\",\"potentialAction\":[{\"@type\":\"ReadAction\",\"target\":[\"https:\\\/\\\/www.gold.fr\\\/news\\\/2012\\\/05\\\/02\\\/cours-de-lor-de-bourse-mercredi-2-mai-2012\\\/\"]}]},{\"@type\":\"ImageObject\",\"inLanguage\":\"fr-FR\",\"@id\":\"https:\\\/\\\/www.gold.fr\\\/news\\\/2012\\\/05\\\/02\\\/cours-de-lor-de-bourse-mercredi-2-mai-2012\\\/#primaryimage\",\"url\":\"https:\\\/\\\/www.gold.fr\\\/news\\\/wp-content\\\/uploads\\\/2012\\\/02\\\/cours-de-lor2.jpg\",\"contentUrl\":\"https:\\\/\\\/www.gold.fr\\\/news\\\/wp-content\\\/uploads\\\/2012\\\/02\\\/cours-de-lor2.jpg\",\"width\":\"600\",\"height\":\"528\",\"caption\":\"L'once en phase de stabilisation, le compte-rendu FED en vue\"},{\"@type\":\"BreadcrumbList\",\"@id\":\"https:\\\/\\\/www.gold.fr\\\/news\\\/2012\\\/05\\\/02\\\/cours-de-lor-de-bourse-mercredi-2-mai-2012\\\/#breadcrumb\",\"itemListElement\":[{\"@type\":\"ListItem\",\"position\":1,\"name\":\"Accueil\",\"item\":\"https:\\\/\\\/www.gold.fr\\\/\"},{\"@type\":\"ListItem\",\"position\":2,\"name\":\"Actualit\u00e9s\",\"item\":\"https:\\\/\\\/www.gold.fr\\\/news\\\/\"},{\"@type\":\"ListItem\",\"position\":3,\"name\":\"Cours de l&rsquo;or de Bourse &#8211; mercredi 2 mai 2012\"}]},{\"@type\":\"WebSite\",\"@id\":\"https:\\\/\\\/www.gold.fr\\\/news\\\/#website\",\"url\":\"https:\\\/\\\/www.gold.fr\\\/news\\\/\",\"name\":\"Gold.fr\",\"description\":\"Actualit\u00e9s de l&#039;Or et des m\u00e9taux pr\u00e9cieux\",\"potentialAction\":[{\"@type\":\"SearchAction\",\"target\":{\"@type\":\"EntryPoint\",\"urlTemplate\":\"https:\\\/\\\/www.gold.fr\\\/news\\\/?s={search_term_string}\"},\"query-input\":{\"@type\":\"PropertyValueSpecification\",\"valueRequired\":true,\"valueName\":\"search_term_string\"}}],\"inLanguage\":\"fr-FR\"},{\"@type\":\"Person\",\"@id\":\"https:\\\/\\\/www.gold.fr\\\/news\\\/#\\\/schema\\\/person\\\/070491b4b4fb7671bf59b3be20302ce9\",\"name\":\"Comptoir National de l'Or\",\"image\":{\"@type\":\"ImageObject\",\"inLanguage\":\"fr-FR\",\"@id\":\"https:\\\/\\\/secure.gravatar.com\\\/avatar\\\/0a2867fd5abe37bed95d5a65e9d58f01756e11efc68af9888dfc50cfa7f65948?s=96&d=mm&r=gb490554db0a38188709de567aa58480d\",\"url\":\"https:\\\/\\\/secure.gravatar.com\\\/avatar\\\/0a2867fd5abe37bed95d5a65e9d58f01756e11efc68af9888dfc50cfa7f65948?s=96&d=mm&r=g\",\"contentUrl\":\"https:\\\/\\\/secure.gravatar.com\\\/avatar\\\/0a2867fd5abe37bed95d5a65e9d58f01756e11efc68af9888dfc50cfa7f65948?s=96&d=mm&r=g\",\"caption\":\"Comptoir National de l'Or\"},\"description\":\"Notre r\u00e9daction est constitu\u00e9e de membres experts dans les m\u00e9tiers de l'\u00e9conomie et la gestion, des Responsables d'agence Comptoir National de l'Or, des analystes financiers qui publient r\u00e9guli\u00e8rement des \u00e9tudes sur les politiques des banques centrales, le cours de l'or, prix de l'or, cours de l'argent, prix de l'argent, cours du platine, cours du palladium,... la situation en zone euro et l'impact de la strat\u00e9gie mon\u00e9taire de la FED. Notre \u00e9quipe scrute \u00e9galement une information plus g\u00e9n\u00e9raliste \u00e0 la recherche d'actualit\u00e9 \\\"p\u00e9pite\\\" \u00e0 vous partager. Depuis 5 ans, nous avons publi\u00e9 un peu plus de 4000 articles qui s'adressent \u00e0 un public large et vari\u00e9 ayant pour objectif de satisfaire votre curiosit\u00e9 et de partager avec vous une certaine fascination pour le m\u00e9tal jaune, le rachat d'or, et pour ceux qui veulent investir dans l'or, vendre leur or tout simplement en savoir plus... Pour tous vos achat or et argent, n'h\u00e9sitez pas \u00e0 prendre rendez-vous dans l'un de nos nombreux comptoirs.\",\"sameAs\":[\"https:\\\/\\\/www.gold.fr\"]}]}<\/script>\n<!-- \/ Yoast SEO plugin. -->","yoast_head_json":{"title":"Cours de l'or de Bourse - mercredi 2 mai 2012 - Gold.fr","description":"L\u00e9g\u00e8re baisse pour le cours de l\u2019or ce matin, par rapport aux cours des derniers jours. Cours de l\u2019or de Bourse mercredi 2 mai 2012","robots":{"index":"index","follow":"follow","max-snippet":"max-snippet:-1","max-image-preview":"max-image-preview:large","max-video-preview":"max-video-preview:-1"},"canonical":"https:\/\/www.gold.fr\/news\/2012\/05\/02\/cours-de-lor-de-bourse-mercredi-2-mai-2012\/","og_locale":"fr_FR","og_type":"article","og_title":"Cours de l'or de Bourse - mercredi 2 mai 2012 - Gold.fr","og_description":"L\u00e9g\u00e8re baisse pour le cours de l\u2019or ce matin, par rapport aux cours des derniers jours. Cours de l\u2019or de Bourse mercredi 2 mai 2012","og_url":"https:\/\/www.gold.fr\/news\/2012\/05\/02\/cours-de-lor-de-bourse-mercredi-2-mai-2012\/","og_site_name":"Gold.fr","article_publisher":"https:\/\/www.facebook.com\/Goldfr\/","article_published_time":"2012-05-02T11:00:50+00:00","article_modified_time":"2020-06-25T12:10:43+00:00","og_image":[{"width":600,"height":528,"url":"https:\/\/www.gold.fr\/news\/wp-content\/uploads\/2012\/02\/cours-de-lor2.jpg","type":"image\/jpeg"}],"author":"Comptoir National de l'Or","twitter_card":"summary_large_image","twitter_misc":{"\u00c9crit par":"Comptoir National de l'Or","Dur\u00e9e de lecture estim\u00e9e":"1 minute"},"schema":{"@context":"https:\/\/schema.org","@graph":[{"@type":"Article","@id":"https:\/\/www.gold.fr\/news\/2012\/05\/02\/cours-de-lor-de-bourse-mercredi-2-mai-2012\/#article","isPartOf":{"@id":"https:\/\/www.gold.fr\/news\/2012\/05\/02\/cours-de-lor-de-bourse-mercredi-2-mai-2012\/"},"author":{"name":"Comptoir National de l'Or","@id":"https:\/\/www.gold.fr\/news\/#\/schema\/person\/070491b4b4fb7671bf59b3be20302ce9"},"headline":"Cours de l&rsquo;or de Bourse &#8211; mercredi 2 mai 2012","datePublished":"2012-05-02T11:00:50+00:00","dateModified":"2020-06-25T12:10:43+00:00","mainEntityOfPage":{"@id":"https:\/\/www.gold.fr\/news\/2012\/05\/02\/cours-de-lor-de-bourse-mercredi-2-mai-2012\/"},"wordCount":139,"image":{"@id":"https:\/\/www.gold.fr\/news\/2012\/05\/02\/cours-de-lor-de-bourse-mercredi-2-mai-2012\/#primaryimage"},"thumbnailUrl":"https:\/\/www.gold.fr\/news\/wp-content\/uploads\/2012\/02\/cours-de-lor2.jpg","keywords":["Or","Tout Cours de l'Or"],"articleSection":["Flash infos"],"inLanguage":"fr-FR"},{"@type":"WebPage","@id":"https:\/\/www.gold.fr\/news\/2012\/05\/02\/cours-de-lor-de-bourse-mercredi-2-mai-2012\/","url":"https:\/\/www.gold.fr\/news\/2012\/05\/02\/cours-de-lor-de-bourse-mercredi-2-mai-2012\/","name":"Cours de l'or de Bourse - mercredi 2 mai 2012 - Gold.fr","isPartOf":{"@id":"https:\/\/www.gold.fr\/news\/#website"},"primaryImageOfPage":{"@id":"https:\/\/www.gold.fr\/news\/2012\/05\/02\/cours-de-lor-de-bourse-mercredi-2-mai-2012\/#primaryimage"},"image":{"@id":"https:\/\/www.gold.fr\/news\/2012\/05\/02\/cours-de-lor-de-bourse-mercredi-2-mai-2012\/#primaryimage"},"thumbnailUrl":"https:\/\/www.gold.fr\/news\/wp-content\/uploads\/2012\/02\/cours-de-lor2.jpg","datePublished":"2012-05-02T11:00:50+00:00","dateModified":"2020-06-25T12:10:43+00:00","author":{"@id":"https:\/\/www.gold.fr\/news\/#\/schema\/person\/070491b4b4fb7671bf59b3be20302ce9"},"description":"L\u00e9g\u00e8re baisse pour le cours de l\u2019or ce matin, par rapport aux cours des derniers jours. Cours de l\u2019or de Bourse mercredi 2 mai 2012","breadcrumb":{"@id":"https:\/\/www.gold.fr\/news\/2012\/05\/02\/cours-de-lor-de-bourse-mercredi-2-mai-2012\/#breadcrumb"},"inLanguage":"fr-FR","potentialAction":[{"@type":"ReadAction","target":["https:\/\/www.gold.fr\/news\/2012\/05\/02\/cours-de-lor-de-bourse-mercredi-2-mai-2012\/"]}]},{"@type":"ImageObject","inLanguage":"fr-FR","@id":"https:\/\/www.gold.fr\/news\/2012\/05\/02\/cours-de-lor-de-bourse-mercredi-2-mai-2012\/#primaryimage","url":"https:\/\/www.gold.fr\/news\/wp-content\/uploads\/2012\/02\/cours-de-lor2.jpg","contentUrl":"https:\/\/www.gold.fr\/news\/wp-content\/uploads\/2012\/02\/cours-de-lor2.jpg","width":"600","height":"528","caption":"L'once en phase de stabilisation, le compte-rendu FED en vue"},{"@type":"BreadcrumbList","@id":"https:\/\/www.gold.fr\/news\/2012\/05\/02\/cours-de-lor-de-bourse-mercredi-2-mai-2012\/#breadcrumb","itemListElement":[{"@type":"ListItem","position":1,"name":"Accueil","item":"https:\/\/www.gold.fr\/"},{"@type":"ListItem","position":2,"name":"Actualit\u00e9s","item":"https:\/\/www.gold.fr\/news\/"},{"@type":"ListItem","position":3,"name":"Cours de l&rsquo;or de Bourse &#8211; mercredi 2 mai 2012"}]},{"@type":"WebSite","@id":"https:\/\/www.gold.fr\/news\/#website","url":"https:\/\/www.gold.fr\/news\/","name":"Gold.fr","description":"Actualit\u00e9s de l&#039;Or et des m\u00e9taux pr\u00e9cieux","potentialAction":[{"@type":"SearchAction","target":{"@type":"EntryPoint","urlTemplate":"https:\/\/www.gold.fr\/news\/?s={search_term_string}"},"query-input":{"@type":"PropertyValueSpecification","valueRequired":true,"valueName":"search_term_string"}}],"inLanguage":"fr-FR"},{"@type":"Person","@id":"https:\/\/www.gold.fr\/news\/#\/schema\/person\/070491b4b4fb7671bf59b3be20302ce9","name":"Comptoir National de l'Or","image":{"@type":"ImageObject","inLanguage":"fr-FR","@id":"https:\/\/secure.gravatar.com\/avatar\/0a2867fd5abe37bed95d5a65e9d58f01756e11efc68af9888dfc50cfa7f65948?s=96&d=mm&r=gb490554db0a38188709de567aa58480d","url":"https:\/\/secure.gravatar.com\/avatar\/0a2867fd5abe37bed95d5a65e9d58f01756e11efc68af9888dfc50cfa7f65948?s=96&d=mm&r=g","contentUrl":"https:\/\/secure.gravatar.com\/avatar\/0a2867fd5abe37bed95d5a65e9d58f01756e11efc68af9888dfc50cfa7f65948?s=96&d=mm&r=g","caption":"Comptoir National de l'Or"},"description":"Notre r\u00e9daction est constitu\u00e9e de membres experts dans les m\u00e9tiers de l'\u00e9conomie et la gestion, des Responsables d'agence Comptoir National de l'Or, des analystes financiers qui publient r\u00e9guli\u00e8rement des \u00e9tudes sur les politiques des banques centrales, le cours de l'or, prix de l'or, cours de l'argent, prix de l'argent, cours du platine, cours du palladium,... la situation en zone euro et l'impact de la strat\u00e9gie mon\u00e9taire de la FED. Notre \u00e9quipe scrute \u00e9galement une information plus g\u00e9n\u00e9raliste \u00e0 la recherche d'actualit\u00e9 \"p\u00e9pite\" \u00e0 vous partager. Depuis 5 ans, nous avons publi\u00e9 un peu plus de 4000 articles qui s'adressent \u00e0 un public large et vari\u00e9 ayant pour objectif de satisfaire votre curiosit\u00e9 et de partager avec vous une certaine fascination pour le m\u00e9tal jaune, le rachat d'or, et pour ceux qui veulent investir dans l'or, vendre leur or tout simplement en savoir plus... Pour tous vos achat or et argent, n'h\u00e9sitez pas \u00e0 prendre rendez-vous dans l'un de nos nombreux comptoirs.","sameAs":["https:\/\/www.gold.fr"]}]}},"authors":[{"term_id":2565,"user_id":18,"is_guest":0,"slug":"julie","display_name":"Comptoir National de l'Or","avatar_url":"https:\/\/secure.gravatar.com\/avatar\/713f289e398d35ead876c4a4cc08607f0d6d266058cfc25683fffb6092d0e572?s=96&d=mm&r=g","0":null,"1":"","2":"","3":"","4":"","5":"","6":"","7":"","8":""}],"_links":{"self":[{"href":"https:\/\/www.gold.fr\/news\/wp-json\/wp\/v2\/posts\/7306","targetHints":{"allow":["GET"]}}],"collection":[{"href":"https:\/\/www.gold.fr\/news\/wp-json\/wp\/v2\/posts"}],"about":[{"href":"https:\/\/www.gold.fr\/news\/wp-json\/wp\/v2\/types\/post"}],"author":[{"embeddable":true,"href":"https:\/\/www.gold.fr\/news\/wp-json\/wp\/v2\/users\/18"}],"replies":[{"embeddable":true,"href":"https:\/\/www.gold.fr\/news\/wp-json\/wp\/v2\/comments?post=7306"}],"version-history":[{"count":0,"href":"https:\/\/www.gold.fr\/news\/wp-json\/wp\/v2\/posts\/7306\/revisions"}],"wp:featuredmedia":[{"embeddable":true,"href":"https:\/\/www.gold.fr\/news\/wp-json\/wp\/v2\/media\/5494"}],"wp:attachment":[{"href":"https:\/\/www.gold.fr\/news\/wp-json\/wp\/v2\/media?parent=7306"}],"wp:term":[{"taxonomy":"category","embeddable":true,"href":"https:\/\/www.gold.fr\/news\/wp-json\/wp\/v2\/categories?post=7306"},{"taxonomy":"post_tag","embeddable":true,"href":"https:\/\/www.gold.fr\/news\/wp-json\/wp\/v2\/tags?post=7306"},{"taxonomy":"author","embeddable":true,"href":"https:\/\/www.gold.fr\/news\/wp-json\/wp\/v2\/ppma_author?post=7306"}],"curies":[{"name":"wp","href":"https:\/\/api.w.org\/{rel}","templated":true}]}}