{"id":7145,"date":"2012-04-28T16:00:37","date_gmt":"2012-04-28T14:00:37","guid":{"rendered":"http:\/\/news.gold.fr\/?p=7145"},"modified":"2017-11-02T11:40:33","modified_gmt":"2017-11-02T10:40:33","slug":"or-et-risques","status":"publish","type":"post","link":"https:\/\/www.gold.fr\/news\/2012\/04\/28\/or-et-risques\/","title":{"rendered":"Or et risques"},"content":{"rendered":"<p style=\"text-align: justify; \"><img loading=\"lazy\" decoding=\"async\" src=\"http:\/\/news.gold.fr\/wp-content\/uploads\/2012\/04\/physical-risks-gold-150x150.jpg\" title=\"physical-risks-gold\" width=\"150\" height=\"150\" class=\"alignleft size-thumbnail wp-image-7146\" vspace=\"5\" hspace=\"5\" border=\"1\" align=\"left\" alt=\"\" \/><strong><span style=\"font-size: small; \"><span style=\"font-family: Verdana; \">L&rsquo;<a href='https:\/\/www.gold.fr\/news\/tags\/or' class='esk-seo-plu-link'>or<\/a><\/span><\/span><\/strong><span style=\"font-size: small; \"><span style=\"font-family: Verdana; \"> pr&eacute;sente la caract&eacute;ristique de ne pas comporter de risques li&eacute;s au cr&eacute;dit contrairement aux autres produits financiers. Effectivement, <strong>la valeur de l&rsquo;<a href='https:\/\/www.gold.fr\/news\/tags\/or' class='esk-seo-plu-link'>or<\/a><\/strong> ne d&eacute;pend pas des possibilit&eacute;s de financement de ses investisseurs. De plus, elle ne peut pas &ecirc;tre influenc&eacute;e par les politiques &eacute;conomiques internationales et nationales. Par ailleurs, <a href=\"http:\/\/news.gold.fr\/2012\/04\/26\/or-et-inflation-2\/7069\/\" target=\"_blank\" title=\"Or et Inflation\">l&rsquo;or demeure insensible aux inflations importantes<\/a> et ne risque donc pas de subir la &laquo;&nbsp;crise&nbsp;&raquo;.<\/span><\/span><\/p>\n<p style=\"text-align: justify; \"><span style=\"font-size: small; \"><span style=\"font-family: Verdana; \">Cependant, il est important de garder &agrave; l&rsquo;esprit que <strong>le march&eacute; de l&rsquo;<a href='https:\/\/www.gold.fr\/news\/tags\/or' class='esk-seo-plu-link'>or<\/a><\/strong> n&rsquo;est pas exempt de tout risque. Il faut savoir que plusieurs &eacute;v&egrave;nements peuvent contribuer &agrave; <strong>la baisse de son cours<\/strong>. On pense par exemple &agrave; la vente d&rsquo;importants volumes d&rsquo;<a href='https:\/\/www.gold.fr\/news\/tags\/or' class='esk-seo-plu-link'>or<\/a> par les banques centrales qui peuvent ainsi affecter <\/span><\/span><a href=\"https:\/\/www.gold.fr\/cours-prix-de-l-or\/\" target=\"_blank\" title=\"Cours de l'Or\"><span style=\"font-size: small; \"><span style=\"font-family: Verdana; \">les cours de l&rsquo;<a href='https:\/\/www.gold.fr\/news\/tags\/or' class='esk-seo-plu-link'>or<\/a><\/span><\/span><\/a><span style=\"font-size: small; \"><span style=\"font-family: Verdana; \"> &agrave; court et &agrave; moyen terme.<\/span><\/span><\/p>\n<p style=\"text-align: justify; \"><span style=\"font-size: small; \"><span style=\"font-family: Verdana; \">Ainsi pour anticiper efficacement les risques auxquels <strong>le march&eacute; de l&rsquo;<a href='https:\/\/www.gold.fr\/news\/tags\/or' class='esk-seo-plu-link'>or<\/a><\/strong> est expos&eacute;, il suffit d&rsquo;&eacute;tudier la volatilit&eacute;. On sait parfaitement que <strong>la valeur de l&rsquo;<a href='https:\/\/www.gold.fr\/news\/tags\/or' class='esk-seo-plu-link'>or<\/a><\/strong> est beaucoup moins volatile que celle des autres produits financiers tels que les actifs. Mais les stocks d&rsquo;<a href='https:\/\/www.gold.fr\/news\/tags\/or' class='esk-seo-plu-link'>or<\/a> restent toujours importants au regard de son caract&egrave;re in&eacute;branlable.<\/span><\/span><\/p>\n<p style=\"text-align: justify; \"><span style=\"font-size: small; \"><span style=\"font-family: Verdana; \">Donc, en fin de compte, l&rsquo;<a href='https:\/\/www.gold.fr\/news\/tags\/or' class='esk-seo-plu-link'>or<\/a> demeure tout de m&ecirc;me une valeur s&ucirc;re dans le cadre d&rsquo;un march&eacute; o&ugrave; l&rsquo;offre correspond souvent &agrave; la demande aussi forte soit-elle.<\/span><\/span><\/p>\n<p>&nbsp;<\/p>\n<!-- AddThis Advanced Settings generic via filter on the_content --><!-- AddThis Share Buttons generic via filter on the_content -->","protected":false},"excerpt":{"rendered":"<p>L&rsquo;or pr&eacute;sente la caract&eacute;ristique de ne pas comporter de risques li&eacute;s au cr&eacute;dit contrairement aux autres produits financiers. Effectivement, la valeur de l&rsquo;or ne d&eacute;pend pas des possibilit&eacute;s de financement de ses investisseurs. De plus, elle [&hellip;]<\/p>\n","protected":false},"author":18,"featured_media":7146,"comment_status":"open","ping_status":"open","sticky":false,"template":"","format":"standard","meta":{"_mbp_gutenberg_autopost":false,"_pgmb_is_evergreen":false,"_pgmb_ap_template_id":0,"footnotes":""},"categories":[6],"tags":[95,76,84,119],"ppma_author":[2565],"class_list":["post-7145","post","type-post","status-publish","format-standard","has-post-thumbnail","hentry","category-articles-de-presse","tag-marche-de-lor","tag-or","tag-cours-de-lor","tag-valeur-de-lor"],"yoast_head":"<!-- This site is optimized with the Yoast SEO plugin v27.5 - https:\/\/yoast.com\/product\/yoast-seo-wordpress\/ -->\n<title>Or et risques - Gold.fr<\/title>\n<meta name=\"robots\" content=\"index, follow, max-snippet:-1, max-image-preview:large, max-video-preview:-1\" \/>\n<link rel=\"canonical\" href=\"https:\/\/www.gold.fr\/news\/2012\/04\/28\/or-et-risques\/\" \/>\n<meta property=\"og:locale\" content=\"fr_FR\" \/>\n<meta property=\"og:type\" content=\"article\" \/>\n<meta property=\"og:title\" content=\"Or et risques - Gold.fr\" \/>\n<meta property=\"og:description\" content=\"L&rsquo;or pr&eacute;sente la caract&eacute;ristique de ne pas comporter de risques li&eacute;s au cr&eacute;dit contrairement aux autres produits financiers. Effectivement, la valeur de l&rsquo;or ne d&eacute;pend pas des possibilit&eacute;s de financement de ses investisseurs. De plus, elle [&hellip;]\" \/>\n<meta property=\"og:url\" content=\"https:\/\/www.gold.fr\/news\/2012\/04\/28\/or-et-risques\/\" \/>\n<meta property=\"og:site_name\" content=\"Gold.fr\" \/>\n<meta property=\"article:publisher\" content=\"https:\/\/www.facebook.com\/Goldfr\/\" \/>\n<meta property=\"article:published_time\" content=\"2012-04-28T14:00:37+00:00\" \/>\n<meta property=\"article:modified_time\" content=\"2017-11-02T10:40:33+00:00\" \/>\n<meta property=\"og:image\" content=\"https:\/\/www.gold.fr\/news\/wp-content\/uploads\/2012\/04\/physical-risks-gold.jpg\" \/>\n\t<meta property=\"og:image:width\" content=\"600\" \/>\n\t<meta property=\"og:image:height\" content=\"431\" \/>\n\t<meta property=\"og:image:type\" content=\"image\/jpeg\" \/>\n<meta name=\"author\" content=\"Comptoir National de l&#039;Or\" \/>\n<meta name=\"twitter:card\" content=\"summary_large_image\" \/>\n<meta name=\"twitter:label1\" content=\"\u00c9crit par\" \/>\n\t<meta name=\"twitter:data1\" content=\"Comptoir National de l&#039;Or\" \/>\n\t<meta name=\"twitter:label2\" content=\"Dur\u00e9e de lecture estim\u00e9e\" \/>\n\t<meta name=\"twitter:data2\" content=\"1 minute\" \/>\n<script type=\"application\/ld+json\" class=\"yoast-schema-graph\">{\"@context\":\"https:\\\/\\\/schema.org\",\"@graph\":[{\"@type\":\"Article\",\"@id\":\"https:\\\/\\\/www.gold.fr\\\/news\\\/2012\\\/04\\\/28\\\/or-et-risques\\\/#article\",\"isPartOf\":{\"@id\":\"https:\\\/\\\/www.gold.fr\\\/news\\\/2012\\\/04\\\/28\\\/or-et-risques\\\/\"},\"author\":{\"name\":\"Comptoir National de l'Or\",\"@id\":\"https:\\\/\\\/www.gold.fr\\\/news\\\/#\\\/schema\\\/person\\\/070491b4b4fb7671bf59b3be20302ce9\"},\"headline\":\"Or et risques\",\"datePublished\":\"2012-04-28T14:00:37+00:00\",\"dateModified\":\"2017-11-02T10:40:33+00:00\",\"mainEntityOfPage\":{\"@id\":\"https:\\\/\\\/www.gold.fr\\\/news\\\/2012\\\/04\\\/28\\\/or-et-risques\\\/\"},\"wordCount\":281,\"commentCount\":0,\"image\":{\"@id\":\"https:\\\/\\\/www.gold.fr\\\/news\\\/2012\\\/04\\\/28\\\/or-et-risques\\\/#primaryimage\"},\"thumbnailUrl\":\"https:\\\/\\\/www.gold.fr\\\/news\\\/wp-content\\\/uploads\\\/2012\\\/04\\\/physical-risks-gold.jpg\",\"keywords\":[\"march\u00e9 de l'or\",\"Or\",\"Tout Cours de l'Or\",\"valeur de l'or\"],\"articleSection\":[\"Articles de presse\"],\"inLanguage\":\"fr-FR\"},{\"@type\":\"WebPage\",\"@id\":\"https:\\\/\\\/www.gold.fr\\\/news\\\/2012\\\/04\\\/28\\\/or-et-risques\\\/\",\"url\":\"https:\\\/\\\/www.gold.fr\\\/news\\\/2012\\\/04\\\/28\\\/or-et-risques\\\/\",\"name\":\"Or et risques - Gold.fr\",\"isPartOf\":{\"@id\":\"https:\\\/\\\/www.gold.fr\\\/news\\\/#website\"},\"primaryImageOfPage\":{\"@id\":\"https:\\\/\\\/www.gold.fr\\\/news\\\/2012\\\/04\\\/28\\\/or-et-risques\\\/#primaryimage\"},\"image\":{\"@id\":\"https:\\\/\\\/www.gold.fr\\\/news\\\/2012\\\/04\\\/28\\\/or-et-risques\\\/#primaryimage\"},\"thumbnailUrl\":\"https:\\\/\\\/www.gold.fr\\\/news\\\/wp-content\\\/uploads\\\/2012\\\/04\\\/physical-risks-gold.jpg\",\"datePublished\":\"2012-04-28T14:00:37+00:00\",\"dateModified\":\"2017-11-02T10:40:33+00:00\",\"author\":{\"@id\":\"https:\\\/\\\/www.gold.fr\\\/news\\\/#\\\/schema\\\/person\\\/070491b4b4fb7671bf59b3be20302ce9\"},\"breadcrumb\":{\"@id\":\"https:\\\/\\\/www.gold.fr\\\/news\\\/2012\\\/04\\\/28\\\/or-et-risques\\\/#breadcrumb\"},\"inLanguage\":\"fr-FR\",\"potentialAction\":[{\"@type\":\"ReadAction\",\"target\":[\"https:\\\/\\\/www.gold.fr\\\/news\\\/2012\\\/04\\\/28\\\/or-et-risques\\\/\"]}]},{\"@type\":\"ImageObject\",\"inLanguage\":\"fr-FR\",\"@id\":\"https:\\\/\\\/www.gold.fr\\\/news\\\/2012\\\/04\\\/28\\\/or-et-risques\\\/#primaryimage\",\"url\":\"https:\\\/\\\/www.gold.fr\\\/news\\\/wp-content\\\/uploads\\\/2012\\\/04\\\/physical-risks-gold.jpg\",\"contentUrl\":\"https:\\\/\\\/www.gold.fr\\\/news\\\/wp-content\\\/uploads\\\/2012\\\/04\\\/physical-risks-gold.jpg\",\"width\":\"600\",\"height\":\"431\",\"caption\":\"physical-risks-gold\"},{\"@type\":\"BreadcrumbList\",\"@id\":\"https:\\\/\\\/www.gold.fr\\\/news\\\/2012\\\/04\\\/28\\\/or-et-risques\\\/#breadcrumb\",\"itemListElement\":[{\"@type\":\"ListItem\",\"position\":1,\"name\":\"Accueil\",\"item\":\"https:\\\/\\\/www.gold.fr\\\/\"},{\"@type\":\"ListItem\",\"position\":2,\"name\":\"Actualit\u00e9s\",\"item\":\"https:\\\/\\\/www.gold.fr\\\/news\\\/\"},{\"@type\":\"ListItem\",\"position\":3,\"name\":\"Or et risques\"}]},{\"@type\":\"WebSite\",\"@id\":\"https:\\\/\\\/www.gold.fr\\\/news\\\/#website\",\"url\":\"https:\\\/\\\/www.gold.fr\\\/news\\\/\",\"name\":\"Gold.fr\",\"description\":\"Actualit\u00e9s de l&#039;Or et des m\u00e9taux pr\u00e9cieux\",\"potentialAction\":[{\"@type\":\"SearchAction\",\"target\":{\"@type\":\"EntryPoint\",\"urlTemplate\":\"https:\\\/\\\/www.gold.fr\\\/news\\\/?s={search_term_string}\"},\"query-input\":{\"@type\":\"PropertyValueSpecification\",\"valueRequired\":true,\"valueName\":\"search_term_string\"}}],\"inLanguage\":\"fr-FR\"},{\"@type\":\"Person\",\"@id\":\"https:\\\/\\\/www.gold.fr\\\/news\\\/#\\\/schema\\\/person\\\/070491b4b4fb7671bf59b3be20302ce9\",\"name\":\"Comptoir National de l'Or\",\"image\":{\"@type\":\"ImageObject\",\"inLanguage\":\"fr-FR\",\"@id\":\"https:\\\/\\\/secure.gravatar.com\\\/avatar\\\/0a2867fd5abe37bed95d5a65e9d58f01756e11efc68af9888dfc50cfa7f65948?s=96&d=mm&r=gb490554db0a38188709de567aa58480d\",\"url\":\"https:\\\/\\\/secure.gravatar.com\\\/avatar\\\/0a2867fd5abe37bed95d5a65e9d58f01756e11efc68af9888dfc50cfa7f65948?s=96&d=mm&r=g\",\"contentUrl\":\"https:\\\/\\\/secure.gravatar.com\\\/avatar\\\/0a2867fd5abe37bed95d5a65e9d58f01756e11efc68af9888dfc50cfa7f65948?s=96&d=mm&r=g\",\"caption\":\"Comptoir National de l'Or\"},\"description\":\"Notre r\u00e9daction est constitu\u00e9e de membres experts dans les m\u00e9tiers de l'\u00e9conomie et la gestion, des Responsables d'agence Comptoir National de l'Or, des analystes financiers qui publient r\u00e9guli\u00e8rement des \u00e9tudes sur les politiques des banques centrales, le cours de l'or, prix de l'or, cours de l'argent, prix de l'argent, cours du platine, cours du palladium,... la situation en zone euro et l'impact de la strat\u00e9gie mon\u00e9taire de la FED. Notre \u00e9quipe scrute \u00e9galement une information plus g\u00e9n\u00e9raliste \u00e0 la recherche d'actualit\u00e9 \\\"p\u00e9pite\\\" \u00e0 vous partager. Depuis 5 ans, nous avons publi\u00e9 un peu plus de 4000 articles qui s'adressent \u00e0 un public large et vari\u00e9 ayant pour objectif de satisfaire votre curiosit\u00e9 et de partager avec vous une certaine fascination pour le m\u00e9tal jaune, le rachat d'or, et pour ceux qui veulent investir dans l'or, vendre leur or tout simplement en savoir plus... Pour tous vos achat or et argent, n'h\u00e9sitez pas \u00e0 prendre rendez-vous dans l'un de nos nombreux comptoirs.\",\"sameAs\":[\"https:\\\/\\\/www.gold.fr\"]}]}<\/script>\n<!-- \/ Yoast SEO plugin. -->","yoast_head_json":{"title":"Or et risques - Gold.fr","robots":{"index":"index","follow":"follow","max-snippet":"max-snippet:-1","max-image-preview":"max-image-preview:large","max-video-preview":"max-video-preview:-1"},"canonical":"https:\/\/www.gold.fr\/news\/2012\/04\/28\/or-et-risques\/","og_locale":"fr_FR","og_type":"article","og_title":"Or et risques - Gold.fr","og_description":"L&rsquo;or pr&eacute;sente la caract&eacute;ristique de ne pas comporter de risques li&eacute;s au cr&eacute;dit contrairement aux autres produits financiers. Effectivement, la valeur de l&rsquo;or ne d&eacute;pend pas des possibilit&eacute;s de financement de ses investisseurs. De plus, elle [&hellip;]","og_url":"https:\/\/www.gold.fr\/news\/2012\/04\/28\/or-et-risques\/","og_site_name":"Gold.fr","article_publisher":"https:\/\/www.facebook.com\/Goldfr\/","article_published_time":"2012-04-28T14:00:37+00:00","article_modified_time":"2017-11-02T10:40:33+00:00","og_image":[{"width":600,"height":431,"url":"https:\/\/www.gold.fr\/news\/wp-content\/uploads\/2012\/04\/physical-risks-gold.jpg","type":"image\/jpeg"}],"author":"Comptoir National de l'Or","twitter_card":"summary_large_image","twitter_misc":{"\u00c9crit par":"Comptoir National de l'Or","Dur\u00e9e de lecture estim\u00e9e":"1 minute"},"schema":{"@context":"https:\/\/schema.org","@graph":[{"@type":"Article","@id":"https:\/\/www.gold.fr\/news\/2012\/04\/28\/or-et-risques\/#article","isPartOf":{"@id":"https:\/\/www.gold.fr\/news\/2012\/04\/28\/or-et-risques\/"},"author":{"name":"Comptoir National de l'Or","@id":"https:\/\/www.gold.fr\/news\/#\/schema\/person\/070491b4b4fb7671bf59b3be20302ce9"},"headline":"Or et risques","datePublished":"2012-04-28T14:00:37+00:00","dateModified":"2017-11-02T10:40:33+00:00","mainEntityOfPage":{"@id":"https:\/\/www.gold.fr\/news\/2012\/04\/28\/or-et-risques\/"},"wordCount":281,"commentCount":0,"image":{"@id":"https:\/\/www.gold.fr\/news\/2012\/04\/28\/or-et-risques\/#primaryimage"},"thumbnailUrl":"https:\/\/www.gold.fr\/news\/wp-content\/uploads\/2012\/04\/physical-risks-gold.jpg","keywords":["march\u00e9 de l'or","Or","Tout Cours de l'Or","valeur de l'or"],"articleSection":["Articles de presse"],"inLanguage":"fr-FR"},{"@type":"WebPage","@id":"https:\/\/www.gold.fr\/news\/2012\/04\/28\/or-et-risques\/","url":"https:\/\/www.gold.fr\/news\/2012\/04\/28\/or-et-risques\/","name":"Or et risques - Gold.fr","isPartOf":{"@id":"https:\/\/www.gold.fr\/news\/#website"},"primaryImageOfPage":{"@id":"https:\/\/www.gold.fr\/news\/2012\/04\/28\/or-et-risques\/#primaryimage"},"image":{"@id":"https:\/\/www.gold.fr\/news\/2012\/04\/28\/or-et-risques\/#primaryimage"},"thumbnailUrl":"https:\/\/www.gold.fr\/news\/wp-content\/uploads\/2012\/04\/physical-risks-gold.jpg","datePublished":"2012-04-28T14:00:37+00:00","dateModified":"2017-11-02T10:40:33+00:00","author":{"@id":"https:\/\/www.gold.fr\/news\/#\/schema\/person\/070491b4b4fb7671bf59b3be20302ce9"},"breadcrumb":{"@id":"https:\/\/www.gold.fr\/news\/2012\/04\/28\/or-et-risques\/#breadcrumb"},"inLanguage":"fr-FR","potentialAction":[{"@type":"ReadAction","target":["https:\/\/www.gold.fr\/news\/2012\/04\/28\/or-et-risques\/"]}]},{"@type":"ImageObject","inLanguage":"fr-FR","@id":"https:\/\/www.gold.fr\/news\/2012\/04\/28\/or-et-risques\/#primaryimage","url":"https:\/\/www.gold.fr\/news\/wp-content\/uploads\/2012\/04\/physical-risks-gold.jpg","contentUrl":"https:\/\/www.gold.fr\/news\/wp-content\/uploads\/2012\/04\/physical-risks-gold.jpg","width":"600","height":"431","caption":"physical-risks-gold"},{"@type":"BreadcrumbList","@id":"https:\/\/www.gold.fr\/news\/2012\/04\/28\/or-et-risques\/#breadcrumb","itemListElement":[{"@type":"ListItem","position":1,"name":"Accueil","item":"https:\/\/www.gold.fr\/"},{"@type":"ListItem","position":2,"name":"Actualit\u00e9s","item":"https:\/\/www.gold.fr\/news\/"},{"@type":"ListItem","position":3,"name":"Or et risques"}]},{"@type":"WebSite","@id":"https:\/\/www.gold.fr\/news\/#website","url":"https:\/\/www.gold.fr\/news\/","name":"Gold.fr","description":"Actualit\u00e9s de l&#039;Or et des m\u00e9taux pr\u00e9cieux","potentialAction":[{"@type":"SearchAction","target":{"@type":"EntryPoint","urlTemplate":"https:\/\/www.gold.fr\/news\/?s={search_term_string}"},"query-input":{"@type":"PropertyValueSpecification","valueRequired":true,"valueName":"search_term_string"}}],"inLanguage":"fr-FR"},{"@type":"Person","@id":"https:\/\/www.gold.fr\/news\/#\/schema\/person\/070491b4b4fb7671bf59b3be20302ce9","name":"Comptoir National de l'Or","image":{"@type":"ImageObject","inLanguage":"fr-FR","@id":"https:\/\/secure.gravatar.com\/avatar\/0a2867fd5abe37bed95d5a65e9d58f01756e11efc68af9888dfc50cfa7f65948?s=96&d=mm&r=gb490554db0a38188709de567aa58480d","url":"https:\/\/secure.gravatar.com\/avatar\/0a2867fd5abe37bed95d5a65e9d58f01756e11efc68af9888dfc50cfa7f65948?s=96&d=mm&r=g","contentUrl":"https:\/\/secure.gravatar.com\/avatar\/0a2867fd5abe37bed95d5a65e9d58f01756e11efc68af9888dfc50cfa7f65948?s=96&d=mm&r=g","caption":"Comptoir National de l'Or"},"description":"Notre r\u00e9daction est constitu\u00e9e de membres experts dans les m\u00e9tiers de l'\u00e9conomie et la gestion, des Responsables d'agence Comptoir National de l'Or, des analystes financiers qui publient r\u00e9guli\u00e8rement des \u00e9tudes sur les politiques des banques centrales, le cours de l'or, prix de l'or, cours de l'argent, prix de l'argent, cours du platine, cours du palladium,... la situation en zone euro et l'impact de la strat\u00e9gie mon\u00e9taire de la FED. Notre \u00e9quipe scrute \u00e9galement une information plus g\u00e9n\u00e9raliste \u00e0 la recherche d'actualit\u00e9 \"p\u00e9pite\" \u00e0 vous partager. Depuis 5 ans, nous avons publi\u00e9 un peu plus de 4000 articles qui s'adressent \u00e0 un public large et vari\u00e9 ayant pour objectif de satisfaire votre curiosit\u00e9 et de partager avec vous une certaine fascination pour le m\u00e9tal jaune, le rachat d'or, et pour ceux qui veulent investir dans l'or, vendre leur or tout simplement en savoir plus... Pour tous vos achat or et argent, n'h\u00e9sitez pas \u00e0 prendre rendez-vous dans l'un de nos nombreux comptoirs.","sameAs":["https:\/\/www.gold.fr"]}]}},"authors":[{"term_id":2565,"user_id":18,"is_guest":0,"slug":"julie","display_name":"Comptoir National de l'Or","avatar_url":"https:\/\/secure.gravatar.com\/avatar\/713f289e398d35ead876c4a4cc08607f0d6d266058cfc25683fffb6092d0e572?s=96&d=mm&r=g","0":null,"1":"","2":"","3":"","4":"","5":"","6":"","7":"","8":""}],"_links":{"self":[{"href":"https:\/\/www.gold.fr\/news\/wp-json\/wp\/v2\/posts\/7145","targetHints":{"allow":["GET"]}}],"collection":[{"href":"https:\/\/www.gold.fr\/news\/wp-json\/wp\/v2\/posts"}],"about":[{"href":"https:\/\/www.gold.fr\/news\/wp-json\/wp\/v2\/types\/post"}],"author":[{"embeddable":true,"href":"https:\/\/www.gold.fr\/news\/wp-json\/wp\/v2\/users\/18"}],"replies":[{"embeddable":true,"href":"https:\/\/www.gold.fr\/news\/wp-json\/wp\/v2\/comments?post=7145"}],"version-history":[{"count":0,"href":"https:\/\/www.gold.fr\/news\/wp-json\/wp\/v2\/posts\/7145\/revisions"}],"wp:featuredmedia":[{"embeddable":true,"href":"https:\/\/www.gold.fr\/news\/wp-json\/wp\/v2\/media\/7146"}],"wp:attachment":[{"href":"https:\/\/www.gold.fr\/news\/wp-json\/wp\/v2\/media?parent=7145"}],"wp:term":[{"taxonomy":"category","embeddable":true,"href":"https:\/\/www.gold.fr\/news\/wp-json\/wp\/v2\/categories?post=7145"},{"taxonomy":"post_tag","embeddable":true,"href":"https:\/\/www.gold.fr\/news\/wp-json\/wp\/v2\/tags?post=7145"},{"taxonomy":"author","embeddable":true,"href":"https:\/\/www.gold.fr\/news\/wp-json\/wp\/v2\/ppma_author?post=7145"}],"curies":[{"name":"wp","href":"https:\/\/api.w.org\/{rel}","templated":true}]}}