{"id":7063,"date":"2012-04-26T09:00:58","date_gmt":"2012-04-26T07:00:58","guid":{"rendered":"http:\/\/news.gold.fr\/?p=7063"},"modified":"2019-08-02T10:07:32","modified_gmt":"2019-08-02T08:07:32","slug":"que-pensent-vraiment-les-francais-de-lor","status":"publish","type":"post","link":"https:\/\/www.gold.fr\/news\/2012\/04\/26\/que-pensent-vraiment-les-francais-de-lor\/","title":{"rendered":"Que pensent vraiment les Fran\u00e7ais de l\u2019or ?"},"content":{"rendered":"<p style=\"text-align: justify;\"><img loading=\"lazy\" decoding=\"async\" class=\"alignleft size-thumbnail wp-image-7066\" title=\"or-lingots\" src=\"http:\/\/news.gold.fr\/wp-content\/uploads\/2012\/04\/or-lingots-150x150.jpg\" alt=\"\" width=\"150\" height=\"150\" align=\"left\" border=\"1\" hspace=\"5\" vspace=\"5\" \/><span style=\"font-size: small;\"><span style=\"font-family: Verdana;\">Que pensent <strong>les fran\u00e7ais de l&rsquo;<a class=\"esk-seo-plu-link\" href=\"https:\/\/www.gold.fr\/news\/tags\/or\">or<\/a><\/strong>, en tant que placement refuge ? C&rsquo;est la question principale que s&rsquo;est pos\u00e9e l&rsquo;institut de sondage Ifop.<\/span><\/span><\/p>\n<p style=\"text-align: justify;\"><span style=\"font-size: small;\"><span style=\"font-family: Verdana;\">D&rsquo;apr\u00e8s l&rsquo;\u00e9tude qui a \u00e9t\u00e9 men\u00e9e fin f\u00e9vrier par t\u00e9l\u00e9phone aupr\u00e8s de 1.004 personnes \u00e2g\u00e9es de 18 ans et plus, <strong>l&rsquo;<a class=\"esk-seo-plu-link\" href=\"https:\/\/www.gold.fr\/news\/tags\/or\">or<\/a><\/strong> serait un placement s\u00fbr pour la majorit\u00e9 des fran\u00e7ais (84%) tous partis politiques confondus. <\/span><\/span><a title=\"Or - Investissement pr\u00e9f\u00e9r\u00e9 des Fran\u00e7ais\" href=\"http:\/\/news.gold.fr\/2012\/04\/07\/or-linvestissement-prefere-des-francais\/6731\/\" target=\"_blank\" rel=\"noopener noreferrer\"><span style=\"font-size: small;\"><span style=\"font-family: Verdana;\">L \u2018<\/span><\/span><\/a><a class=\"esk-seo-plu-link\" href=\"https:\/\/www.gold.fr\/news\/tags\/or\">or<\/a> aura donc gagn\u00e9 la confiance des fran\u00e7ais depuis les dix derni\u00e8res ann\u00e9es<span style=\"font-size: small;\"><span style=\"font-family: Verdana;\"> avec de nouveaux investisseurs (+10% en 2011). D&rsquo;ailleurs selon l&rsquo;\u00e9tude, presque la moiti\u00e9 des interrog\u00e9s jugent <strong>le placement en <a class=\"esk-seo-plu-link\" href=\"https:\/\/www.gold.fr\/news\/tags\/or\">or<\/a><\/strong> plus int\u00e9ressant que l&rsquo;immobilier ou l&rsquo;achat d&rsquo;actions. Malheureusement, l&rsquo;\u00e9tude tend \u00e0 montrer que le placement en <a class=\"esk-seo-plu-link\" href=\"https:\/\/www.gold.fr\/news\/tags\/or\">or<\/a> est jug\u00e9 \u00ab inaccessible \u00bb puisque 60% d&rsquo;entre eux consid\u00e8rent ce placement comme r\u00e9serv\u00e9 seulement aux personnes \u00ab d\u00e9j\u00e0 fortun\u00e9es \u00bb.<\/span><\/span><\/p>\n<p style=\"text-align: justify;\"><span style=\"font-size: small;\"><span style=\"font-family: Verdana;\">En type de placements, il semble que <strong>l&rsquo;<a class=\"esk-seo-plu-link\" href=\"https:\/\/www.gold.fr\/news\/tags\/or\">or<\/a><\/strong> \u00ab physique \u00bb (<a class=\"esk-seo-plu-link\" href=\"https:\/\/www.gold.fr\/news\/tags\/piece-dor\">pi\u00e8ces d&rsquo;or<\/a>, lingots) attire une majorit\u00e9 des interrog\u00e9s (35%) et le grand perdant est l&rsquo; \u00ab <a class=\"esk-seo-plu-link\" href=\"https:\/\/www.gold.fr\/news\/tags\/or\">or<\/a> papier \u00bb avec 5% des sond\u00e9s. Pour les autres, l&rsquo;achat de bijoux (11%), ou encore les <a class=\"esk-seo-plu-link\" href=\"https:\/\/www.gold.fr\/news\/tags\/monnaie-de-paris\">pi\u00e8ces<\/a> de monnaie de collection (9%), semblent \u00eatre le meilleur investissement.<\/span><\/span><\/p>\n<p style=\"text-align: justify;\"><span style=\"font-size: small;\"><span style=\"font-family: Verdana;\">Toutefois, certaines r\u00e9ticences demeurent. Pour 73% des sond\u00e9s, son extraction est jug\u00e9e tr\u00e8s polluante et plus de 50% jugent sa provenance souvent douteuse.<img loading=\"lazy\" decoding=\"async\" class=\"alignleft size-full wp-image-7332\" style=\"float: right;\" title=\"sources-aucoffre\" src=\"http:\/\/news.gold.fr\/wp-content\/uploads\/2012\/04\/sources-aucoffre.jpg\" alt=\"\" width=\"170\" height=\"31\" srcset=\"https:\/\/www.gold.fr\/news\/wp-content\/uploads\/2012\/04\/sources-aucoffre.jpg 170w, https:\/\/www.gold.fr\/news\/wp-content\/uploads\/2012\/04\/sources-aucoffre-5x1.jpg 5w\" sizes=\"auto, (max-width: 170px) 100vw, 170px\" \/><\/span><\/span><\/p>\n<!-- AddThis Advanced Settings generic via filter on the_content --><!-- AddThis Share Buttons generic via filter on the_content -->","protected":false},"excerpt":{"rendered":"<p>Que pensent les fran\u00e7ais de l&rsquo;or, en tant que placement refuge ? C&rsquo;est la question principale que s&rsquo;est pos\u00e9e l&rsquo;institut de sondage Ifop. D&rsquo;apr\u00e8s l&rsquo;\u00e9tude qui a \u00e9t\u00e9 men\u00e9e fin f\u00e9vrier par t\u00e9l\u00e9phone aupr\u00e8s de 1.004 [&hellip;]<\/p>\n","protected":false},"author":18,"featured_media":7066,"comment_status":"open","ping_status":"open","sticky":false,"template":"","format":"standard","meta":{"_mbp_gutenberg_autopost":false,"_pgmb_is_evergreen":false,"_pgmb_ap_template_id":0,"footnotes":""},"categories":[6],"tags":[442,76],"ppma_author":[2565],"class_list":["post-7063","post","type-post","status-publish","format-standard","has-post-thumbnail","hentry","category-articles-de-presse","tag-france","tag-or"],"yoast_head":"<!-- This site is optimized with the Yoast SEO plugin v27.5 - https:\/\/yoast.com\/product\/yoast-seo-wordpress\/ -->\n<title>Que pensent vraiment les Fran\u00e7ais de l\u2019or ? - Gold.fr<\/title>\n<meta name=\"description\" content=\"D\u00e9couvrez ce que les fran\u00e7ais pensent vraiment de l&#039;or sur Gold.fr et suivez en temps r\u00e9el le cours de l&#039;or et des autres m\u00e9taux pr\u00e9cieux sur le site des experts du Comptoir National de l&#039;Or.\" \/>\n<meta name=\"robots\" content=\"index, follow, max-snippet:-1, max-image-preview:large, max-video-preview:-1\" \/>\n<link rel=\"canonical\" href=\"https:\/\/www.gold.fr\/news\/2012\/04\/26\/que-pensent-vraiment-les-francais-de-lor\/\" \/>\n<meta property=\"og:locale\" content=\"fr_FR\" \/>\n<meta property=\"og:type\" content=\"article\" \/>\n<meta property=\"og:title\" content=\"Que pensent vraiment les Fran\u00e7ais de l\u2019or ? - Gold.fr\" \/>\n<meta property=\"og:description\" content=\"D\u00e9couvrez ce que les fran\u00e7ais pensent vraiment de l&#039;or sur Gold.fr et suivez en temps r\u00e9el le cours de l&#039;or et des autres m\u00e9taux pr\u00e9cieux sur le site des experts du Comptoir National de l&#039;Or.\" \/>\n<meta property=\"og:url\" content=\"https:\/\/www.gold.fr\/news\/2012\/04\/26\/que-pensent-vraiment-les-francais-de-lor\/\" \/>\n<meta property=\"og:site_name\" content=\"Gold.fr\" \/>\n<meta property=\"article:publisher\" content=\"https:\/\/www.facebook.com\/Goldfr\/\" \/>\n<meta property=\"article:published_time\" content=\"2012-04-26T07:00:58+00:00\" \/>\n<meta property=\"article:modified_time\" content=\"2019-08-02T08:07:32+00:00\" \/>\n<meta property=\"og:image\" content=\"https:\/\/www.gold.fr\/news\/wp-content\/uploads\/2012\/04\/or-lingots.jpg\" \/>\n\t<meta property=\"og:image:width\" content=\"600\" \/>\n\t<meta property=\"og:image:height\" content=\"400\" \/>\n\t<meta property=\"og:image:type\" content=\"image\/jpeg\" \/>\n<meta name=\"author\" content=\"Comptoir National de l&#039;Or\" \/>\n<meta name=\"twitter:card\" content=\"summary_large_image\" \/>\n<meta name=\"twitter:label1\" content=\"\u00c9crit par\" \/>\n\t<meta name=\"twitter:data1\" content=\"Comptoir National de l&#039;Or\" \/>\n\t<meta name=\"twitter:label2\" content=\"Dur\u00e9e de lecture estim\u00e9e\" \/>\n\t<meta name=\"twitter:data2\" content=\"1 minute\" \/>\n<script type=\"application\/ld+json\" class=\"yoast-schema-graph\">{\"@context\":\"https:\\\/\\\/schema.org\",\"@graph\":[{\"@type\":\"Article\",\"@id\":\"https:\\\/\\\/www.gold.fr\\\/news\\\/2012\\\/04\\\/26\\\/que-pensent-vraiment-les-francais-de-lor\\\/#article\",\"isPartOf\":{\"@id\":\"https:\\\/\\\/www.gold.fr\\\/news\\\/2012\\\/04\\\/26\\\/que-pensent-vraiment-les-francais-de-lor\\\/\"},\"author\":{\"name\":\"Comptoir National de l'Or\",\"@id\":\"https:\\\/\\\/www.gold.fr\\\/news\\\/#\\\/schema\\\/person\\\/070491b4b4fb7671bf59b3be20302ce9\"},\"headline\":\"Que pensent vraiment les Fran\u00e7ais de l\u2019or ?\",\"datePublished\":\"2012-04-26T07:00:58+00:00\",\"dateModified\":\"2019-08-02T08:07:32+00:00\",\"mainEntityOfPage\":{\"@id\":\"https:\\\/\\\/www.gold.fr\\\/news\\\/2012\\\/04\\\/26\\\/que-pensent-vraiment-les-francais-de-lor\\\/\"},\"wordCount\":240,\"commentCount\":0,\"image\":{\"@id\":\"https:\\\/\\\/www.gold.fr\\\/news\\\/2012\\\/04\\\/26\\\/que-pensent-vraiment-les-francais-de-lor\\\/#primaryimage\"},\"thumbnailUrl\":\"https:\\\/\\\/www.gold.fr\\\/news\\\/wp-content\\\/uploads\\\/2012\\\/04\\\/or-lingots.jpg\",\"keywords\":[\"france\",\"Or\"],\"articleSection\":[\"Articles de presse\"],\"inLanguage\":\"fr-FR\"},{\"@type\":\"WebPage\",\"@id\":\"https:\\\/\\\/www.gold.fr\\\/news\\\/2012\\\/04\\\/26\\\/que-pensent-vraiment-les-francais-de-lor\\\/\",\"url\":\"https:\\\/\\\/www.gold.fr\\\/news\\\/2012\\\/04\\\/26\\\/que-pensent-vraiment-les-francais-de-lor\\\/\",\"name\":\"Que pensent vraiment les Fran\u00e7ais de l\u2019or ? - Gold.fr\",\"isPartOf\":{\"@id\":\"https:\\\/\\\/www.gold.fr\\\/news\\\/#website\"},\"primaryImageOfPage\":{\"@id\":\"https:\\\/\\\/www.gold.fr\\\/news\\\/2012\\\/04\\\/26\\\/que-pensent-vraiment-les-francais-de-lor\\\/#primaryimage\"},\"image\":{\"@id\":\"https:\\\/\\\/www.gold.fr\\\/news\\\/2012\\\/04\\\/26\\\/que-pensent-vraiment-les-francais-de-lor\\\/#primaryimage\"},\"thumbnailUrl\":\"https:\\\/\\\/www.gold.fr\\\/news\\\/wp-content\\\/uploads\\\/2012\\\/04\\\/or-lingots.jpg\",\"datePublished\":\"2012-04-26T07:00:58+00:00\",\"dateModified\":\"2019-08-02T08:07:32+00:00\",\"author\":{\"@id\":\"https:\\\/\\\/www.gold.fr\\\/news\\\/#\\\/schema\\\/person\\\/070491b4b4fb7671bf59b3be20302ce9\"},\"description\":\"D\u00e9couvrez ce que les fran\u00e7ais pensent vraiment de l'or sur Gold.fr et suivez en temps r\u00e9el le cours de l'or et des autres m\u00e9taux pr\u00e9cieux sur le site des experts du Comptoir National de l'Or.\",\"breadcrumb\":{\"@id\":\"https:\\\/\\\/www.gold.fr\\\/news\\\/2012\\\/04\\\/26\\\/que-pensent-vraiment-les-francais-de-lor\\\/#breadcrumb\"},\"inLanguage\":\"fr-FR\",\"potentialAction\":[{\"@type\":\"ReadAction\",\"target\":[\"https:\\\/\\\/www.gold.fr\\\/news\\\/2012\\\/04\\\/26\\\/que-pensent-vraiment-les-francais-de-lor\\\/\"]}]},{\"@type\":\"ImageObject\",\"inLanguage\":\"fr-FR\",\"@id\":\"https:\\\/\\\/www.gold.fr\\\/news\\\/2012\\\/04\\\/26\\\/que-pensent-vraiment-les-francais-de-lor\\\/#primaryimage\",\"url\":\"https:\\\/\\\/www.gold.fr\\\/news\\\/wp-content\\\/uploads\\\/2012\\\/04\\\/or-lingots.jpg\",\"contentUrl\":\"https:\\\/\\\/www.gold.fr\\\/news\\\/wp-content\\\/uploads\\\/2012\\\/04\\\/or-lingots.jpg\",\"width\":\"600\",\"height\":\"400\",\"caption\":\"D\u2019excellentes perspectives pour l\u2019or\"},{\"@type\":\"BreadcrumbList\",\"@id\":\"https:\\\/\\\/www.gold.fr\\\/news\\\/2012\\\/04\\\/26\\\/que-pensent-vraiment-les-francais-de-lor\\\/#breadcrumb\",\"itemListElement\":[{\"@type\":\"ListItem\",\"position\":1,\"name\":\"Accueil\",\"item\":\"https:\\\/\\\/www.gold.fr\\\/\"},{\"@type\":\"ListItem\",\"position\":2,\"name\":\"Actualit\u00e9s\",\"item\":\"https:\\\/\\\/www.gold.fr\\\/news\\\/\"},{\"@type\":\"ListItem\",\"position\":3,\"name\":\"Que pensent vraiment les Fran\u00e7ais de l\u2019or ?\"}]},{\"@type\":\"WebSite\",\"@id\":\"https:\\\/\\\/www.gold.fr\\\/news\\\/#website\",\"url\":\"https:\\\/\\\/www.gold.fr\\\/news\\\/\",\"name\":\"Gold.fr\",\"description\":\"Actualit\u00e9s de l&#039;Or et des m\u00e9taux pr\u00e9cieux\",\"potentialAction\":[{\"@type\":\"SearchAction\",\"target\":{\"@type\":\"EntryPoint\",\"urlTemplate\":\"https:\\\/\\\/www.gold.fr\\\/news\\\/?s={search_term_string}\"},\"query-input\":{\"@type\":\"PropertyValueSpecification\",\"valueRequired\":true,\"valueName\":\"search_term_string\"}}],\"inLanguage\":\"fr-FR\"},{\"@type\":\"Person\",\"@id\":\"https:\\\/\\\/www.gold.fr\\\/news\\\/#\\\/schema\\\/person\\\/070491b4b4fb7671bf59b3be20302ce9\",\"name\":\"Comptoir National de l'Or\",\"image\":{\"@type\":\"ImageObject\",\"inLanguage\":\"fr-FR\",\"@id\":\"https:\\\/\\\/secure.gravatar.com\\\/avatar\\\/0a2867fd5abe37bed95d5a65e9d58f01756e11efc68af9888dfc50cfa7f65948?s=96&d=mm&r=gb490554db0a38188709de567aa58480d\",\"url\":\"https:\\\/\\\/secure.gravatar.com\\\/avatar\\\/0a2867fd5abe37bed95d5a65e9d58f01756e11efc68af9888dfc50cfa7f65948?s=96&d=mm&r=g\",\"contentUrl\":\"https:\\\/\\\/secure.gravatar.com\\\/avatar\\\/0a2867fd5abe37bed95d5a65e9d58f01756e11efc68af9888dfc50cfa7f65948?s=96&d=mm&r=g\",\"caption\":\"Comptoir National de l'Or\"},\"description\":\"Notre r\u00e9daction est constitu\u00e9e de membres experts dans les m\u00e9tiers de l'\u00e9conomie et la gestion, des Responsables d'agence Comptoir National de l'Or, des analystes financiers qui publient r\u00e9guli\u00e8rement des \u00e9tudes sur les politiques des banques centrales, le cours de l'or, prix de l'or, cours de l'argent, prix de l'argent, cours du platine, cours du palladium,... la situation en zone euro et l'impact de la strat\u00e9gie mon\u00e9taire de la FED. Notre \u00e9quipe scrute \u00e9galement une information plus g\u00e9n\u00e9raliste \u00e0 la recherche d'actualit\u00e9 \\\"p\u00e9pite\\\" \u00e0 vous partager. Depuis 5 ans, nous avons publi\u00e9 un peu plus de 4000 articles qui s'adressent \u00e0 un public large et vari\u00e9 ayant pour objectif de satisfaire votre curiosit\u00e9 et de partager avec vous une certaine fascination pour le m\u00e9tal jaune, le rachat d'or, et pour ceux qui veulent investir dans l'or, vendre leur or tout simplement en savoir plus... Pour tous vos achat or et argent, n'h\u00e9sitez pas \u00e0 prendre rendez-vous dans l'un de nos nombreux comptoirs.\",\"sameAs\":[\"https:\\\/\\\/www.gold.fr\"]}]}<\/script>\n<!-- \/ Yoast SEO plugin. -->","yoast_head_json":{"title":"Que pensent vraiment les Fran\u00e7ais de l\u2019or ? - Gold.fr","description":"D\u00e9couvrez ce que les fran\u00e7ais pensent vraiment de l'or sur Gold.fr et suivez en temps r\u00e9el le cours de l'or et des autres m\u00e9taux pr\u00e9cieux sur le site des experts du Comptoir National de l'Or.","robots":{"index":"index","follow":"follow","max-snippet":"max-snippet:-1","max-image-preview":"max-image-preview:large","max-video-preview":"max-video-preview:-1"},"canonical":"https:\/\/www.gold.fr\/news\/2012\/04\/26\/que-pensent-vraiment-les-francais-de-lor\/","og_locale":"fr_FR","og_type":"article","og_title":"Que pensent vraiment les Fran\u00e7ais de l\u2019or ? - Gold.fr","og_description":"D\u00e9couvrez ce que les fran\u00e7ais pensent vraiment de l'or sur Gold.fr et suivez en temps r\u00e9el le cours de l'or et des autres m\u00e9taux pr\u00e9cieux sur le site des experts du Comptoir National de l'Or.","og_url":"https:\/\/www.gold.fr\/news\/2012\/04\/26\/que-pensent-vraiment-les-francais-de-lor\/","og_site_name":"Gold.fr","article_publisher":"https:\/\/www.facebook.com\/Goldfr\/","article_published_time":"2012-04-26T07:00:58+00:00","article_modified_time":"2019-08-02T08:07:32+00:00","og_image":[{"width":600,"height":400,"url":"https:\/\/www.gold.fr\/news\/wp-content\/uploads\/2012\/04\/or-lingots.jpg","type":"image\/jpeg"}],"author":"Comptoir National de l'Or","twitter_card":"summary_large_image","twitter_misc":{"\u00c9crit par":"Comptoir National de l'Or","Dur\u00e9e de lecture estim\u00e9e":"1 minute"},"schema":{"@context":"https:\/\/schema.org","@graph":[{"@type":"Article","@id":"https:\/\/www.gold.fr\/news\/2012\/04\/26\/que-pensent-vraiment-les-francais-de-lor\/#article","isPartOf":{"@id":"https:\/\/www.gold.fr\/news\/2012\/04\/26\/que-pensent-vraiment-les-francais-de-lor\/"},"author":{"name":"Comptoir National de l'Or","@id":"https:\/\/www.gold.fr\/news\/#\/schema\/person\/070491b4b4fb7671bf59b3be20302ce9"},"headline":"Que pensent vraiment les Fran\u00e7ais de l\u2019or ?","datePublished":"2012-04-26T07:00:58+00:00","dateModified":"2019-08-02T08:07:32+00:00","mainEntityOfPage":{"@id":"https:\/\/www.gold.fr\/news\/2012\/04\/26\/que-pensent-vraiment-les-francais-de-lor\/"},"wordCount":240,"commentCount":0,"image":{"@id":"https:\/\/www.gold.fr\/news\/2012\/04\/26\/que-pensent-vraiment-les-francais-de-lor\/#primaryimage"},"thumbnailUrl":"https:\/\/www.gold.fr\/news\/wp-content\/uploads\/2012\/04\/or-lingots.jpg","keywords":["france","Or"],"articleSection":["Articles de presse"],"inLanguage":"fr-FR"},{"@type":"WebPage","@id":"https:\/\/www.gold.fr\/news\/2012\/04\/26\/que-pensent-vraiment-les-francais-de-lor\/","url":"https:\/\/www.gold.fr\/news\/2012\/04\/26\/que-pensent-vraiment-les-francais-de-lor\/","name":"Que pensent vraiment les Fran\u00e7ais de l\u2019or ? - Gold.fr","isPartOf":{"@id":"https:\/\/www.gold.fr\/news\/#website"},"primaryImageOfPage":{"@id":"https:\/\/www.gold.fr\/news\/2012\/04\/26\/que-pensent-vraiment-les-francais-de-lor\/#primaryimage"},"image":{"@id":"https:\/\/www.gold.fr\/news\/2012\/04\/26\/que-pensent-vraiment-les-francais-de-lor\/#primaryimage"},"thumbnailUrl":"https:\/\/www.gold.fr\/news\/wp-content\/uploads\/2012\/04\/or-lingots.jpg","datePublished":"2012-04-26T07:00:58+00:00","dateModified":"2019-08-02T08:07:32+00:00","author":{"@id":"https:\/\/www.gold.fr\/news\/#\/schema\/person\/070491b4b4fb7671bf59b3be20302ce9"},"description":"D\u00e9couvrez ce que les fran\u00e7ais pensent vraiment de l'or sur Gold.fr et suivez en temps r\u00e9el le cours de l'or et des autres m\u00e9taux pr\u00e9cieux sur le site des experts du Comptoir National de l'Or.","breadcrumb":{"@id":"https:\/\/www.gold.fr\/news\/2012\/04\/26\/que-pensent-vraiment-les-francais-de-lor\/#breadcrumb"},"inLanguage":"fr-FR","potentialAction":[{"@type":"ReadAction","target":["https:\/\/www.gold.fr\/news\/2012\/04\/26\/que-pensent-vraiment-les-francais-de-lor\/"]}]},{"@type":"ImageObject","inLanguage":"fr-FR","@id":"https:\/\/www.gold.fr\/news\/2012\/04\/26\/que-pensent-vraiment-les-francais-de-lor\/#primaryimage","url":"https:\/\/www.gold.fr\/news\/wp-content\/uploads\/2012\/04\/or-lingots.jpg","contentUrl":"https:\/\/www.gold.fr\/news\/wp-content\/uploads\/2012\/04\/or-lingots.jpg","width":"600","height":"400","caption":"D\u2019excellentes perspectives pour l\u2019or"},{"@type":"BreadcrumbList","@id":"https:\/\/www.gold.fr\/news\/2012\/04\/26\/que-pensent-vraiment-les-francais-de-lor\/#breadcrumb","itemListElement":[{"@type":"ListItem","position":1,"name":"Accueil","item":"https:\/\/www.gold.fr\/"},{"@type":"ListItem","position":2,"name":"Actualit\u00e9s","item":"https:\/\/www.gold.fr\/news\/"},{"@type":"ListItem","position":3,"name":"Que pensent vraiment les Fran\u00e7ais de l\u2019or ?"}]},{"@type":"WebSite","@id":"https:\/\/www.gold.fr\/news\/#website","url":"https:\/\/www.gold.fr\/news\/","name":"Gold.fr","description":"Actualit\u00e9s de l&#039;Or et des m\u00e9taux pr\u00e9cieux","potentialAction":[{"@type":"SearchAction","target":{"@type":"EntryPoint","urlTemplate":"https:\/\/www.gold.fr\/news\/?s={search_term_string}"},"query-input":{"@type":"PropertyValueSpecification","valueRequired":true,"valueName":"search_term_string"}}],"inLanguage":"fr-FR"},{"@type":"Person","@id":"https:\/\/www.gold.fr\/news\/#\/schema\/person\/070491b4b4fb7671bf59b3be20302ce9","name":"Comptoir National de l'Or","image":{"@type":"ImageObject","inLanguage":"fr-FR","@id":"https:\/\/secure.gravatar.com\/avatar\/0a2867fd5abe37bed95d5a65e9d58f01756e11efc68af9888dfc50cfa7f65948?s=96&d=mm&r=gb490554db0a38188709de567aa58480d","url":"https:\/\/secure.gravatar.com\/avatar\/0a2867fd5abe37bed95d5a65e9d58f01756e11efc68af9888dfc50cfa7f65948?s=96&d=mm&r=g","contentUrl":"https:\/\/secure.gravatar.com\/avatar\/0a2867fd5abe37bed95d5a65e9d58f01756e11efc68af9888dfc50cfa7f65948?s=96&d=mm&r=g","caption":"Comptoir National de l'Or"},"description":"Notre r\u00e9daction est constitu\u00e9e de membres experts dans les m\u00e9tiers de l'\u00e9conomie et la gestion, des Responsables d'agence Comptoir National de l'Or, des analystes financiers qui publient r\u00e9guli\u00e8rement des \u00e9tudes sur les politiques des banques centrales, le cours de l'or, prix de l'or, cours de l'argent, prix de l'argent, cours du platine, cours du palladium,... la situation en zone euro et l'impact de la strat\u00e9gie mon\u00e9taire de la FED. Notre \u00e9quipe scrute \u00e9galement une information plus g\u00e9n\u00e9raliste \u00e0 la recherche d'actualit\u00e9 \"p\u00e9pite\" \u00e0 vous partager. Depuis 5 ans, nous avons publi\u00e9 un peu plus de 4000 articles qui s'adressent \u00e0 un public large et vari\u00e9 ayant pour objectif de satisfaire votre curiosit\u00e9 et de partager avec vous une certaine fascination pour le m\u00e9tal jaune, le rachat d'or, et pour ceux qui veulent investir dans l'or, vendre leur or tout simplement en savoir plus... Pour tous vos achat or et argent, n'h\u00e9sitez pas \u00e0 prendre rendez-vous dans l'un de nos nombreux comptoirs.","sameAs":["https:\/\/www.gold.fr"]}]}},"authors":[{"term_id":2565,"user_id":18,"is_guest":0,"slug":"julie","display_name":"Comptoir National de l'Or","avatar_url":"https:\/\/secure.gravatar.com\/avatar\/713f289e398d35ead876c4a4cc08607f0d6d266058cfc25683fffb6092d0e572?s=96&d=mm&r=g","0":null,"1":"","2":"","3":"","4":"","5":"","6":"","7":"","8":""}],"_links":{"self":[{"href":"https:\/\/www.gold.fr\/news\/wp-json\/wp\/v2\/posts\/7063","targetHints":{"allow":["GET"]}}],"collection":[{"href":"https:\/\/www.gold.fr\/news\/wp-json\/wp\/v2\/posts"}],"about":[{"href":"https:\/\/www.gold.fr\/news\/wp-json\/wp\/v2\/types\/post"}],"author":[{"embeddable":true,"href":"https:\/\/www.gold.fr\/news\/wp-json\/wp\/v2\/users\/18"}],"replies":[{"embeddable":true,"href":"https:\/\/www.gold.fr\/news\/wp-json\/wp\/v2\/comments?post=7063"}],"version-history":[{"count":0,"href":"https:\/\/www.gold.fr\/news\/wp-json\/wp\/v2\/posts\/7063\/revisions"}],"wp:featuredmedia":[{"embeddable":true,"href":"https:\/\/www.gold.fr\/news\/wp-json\/wp\/v2\/media\/7066"}],"wp:attachment":[{"href":"https:\/\/www.gold.fr\/news\/wp-json\/wp\/v2\/media?parent=7063"}],"wp:term":[{"taxonomy":"category","embeddable":true,"href":"https:\/\/www.gold.fr\/news\/wp-json\/wp\/v2\/categories?post=7063"},{"taxonomy":"post_tag","embeddable":true,"href":"https:\/\/www.gold.fr\/news\/wp-json\/wp\/v2\/tags?post=7063"},{"taxonomy":"author","embeddable":true,"href":"https:\/\/www.gold.fr\/news\/wp-json\/wp\/v2\/ppma_author?post=7063"}],"curies":[{"name":"wp","href":"https:\/\/api.w.org\/{rel}","templated":true}]}}