{"id":6969,"date":"2012-04-20T09:24:15","date_gmt":"2012-04-20T07:24:15","guid":{"rendered":"http:\/\/news.gold.fr\/?p=6969"},"modified":"2020-06-25T17:26:19","modified_gmt":"2020-06-25T15:26:19","slug":"or-colore-et-joaillerie-2e-partie","status":"publish","type":"post","link":"https:\/\/www.gold.fr\/news\/2012\/04\/20\/or-colore-et-joaillerie-2e-partie\/","title":{"rendered":"Or Color\u00e9 et Joaillerie 2e Partie"},"content":{"rendered":"<p style=\"text-align: justify;\"><img loading=\"lazy\" decoding=\"async\" class=\"alignleft size-thumbnail wp-image-6970\" title=\"Main-color\u00e9-d-or\" src=\"http:\/\/news.gold.fr\/wp-content\/uploads\/2012\/04\/Main-color\u00e9-d-or-150x150.jpg\" alt=\"\" width=\"150\" height=\"150\" align=\"left\" border=\"1\" hspace=\"5\" vspace=\"5\" \/><span style=\"font-size: small;\"><span style=\"font-family: Verdana;\">Ils se sont plac\u00e9s dans la zone o\u00f9 se trouvent <strong>les principaux gisements d\u2019<a class=\"esk-seo-plu-link\" href=\"https:\/\/www.gold.fr\/news\/tags\/or\">or<\/a><\/strong> en Colombie. En effet, il est important de savoir que ce pays est l\u2019un des producteurs majeurs <strong>d\u2019<a class=\"esk-seo-plu-link\" href=\"https:\/\/www.gold.fr\/news\/tags\/or\">or<\/a><\/strong> en Am\u00e9rique latine avec <a title=\"50 pesos or du Mexique\" href=\"http:\/\/news.gold.fr\/2012\/02\/07\/50-pesos-or-du-mexique\/5496\/\" target=\"_blank\" rel=\"noopener noreferrer\">le Mexique<\/a> et le P\u00e9rou. En 2011, <strong>la quantit\u00e9 d\u2019<a class=\"esk-seo-plu-link\" href=\"https:\/\/www.gold.fr\/news\/tags\/or\">or<\/a><\/strong> export\u00e9 s\u2019est \u00e9lev\u00e9e de 31.4% en valeur, ce qui correspond \u00e0 une hausse de 2.8 milliards de dollars. Le gouvernement Colombien a encourag\u00e9 <strong>l\u2019exploitation nationale de l\u2019<a class=\"esk-seo-plu-link\" href=\"https:\/\/www.gold.fr\/news\/tags\/or\">or<\/a><\/strong> pour contrer les grandes compagnies qui emportent l\u2019<a class=\"esk-seo-plu-link\" href=\"https:\/\/www.gold.fr\/news\/tags\/or\">or<\/a> pour le transformer et le faire revenir en Colombie \u00e0 un prix beaucoup plus \u00e9lev\u00e9. Dans ce contexte, les chercheurs sont persuad\u00e9s qu\u2019en travaillant eux m\u00eame ce m\u00e9tal pr\u00e9cieux, la Colombie pourrait se hisser parmi <a title=\"Or color\u00e9 et joaillerie 1\u00e8re partie\" href=\"http:\/\/news.gold.fr\/2012\/04\/19\/or-colore-et-joaillerie-1ere-partie\/6951\/\" target=\"_blank\" rel=\"noopener noreferrer\">les plus grands exportateurs d\u2019or color\u00e9<\/a>. Cette op\u00e9ration pourrait g\u00e9n\u00e9rer une augmentation consid\u00e9rable des revenus du secteur. Effectivement, le proc\u00e9d\u00e9 mis en place par les chercheurs augmente de fa\u00e7on notable le prix commercial du m\u00e9tal. D\u2019apr\u00e8s les ing\u00e9nieurs, <strong>la valeur de l\u2019<a class=\"esk-seo-plu-link\" href=\"https:\/\/www.gold.fr\/news\/tags\/or\">or<\/a><\/strong> color\u00e9 peut \u00eatre 5 fois plus \u00e9lev\u00e9e que son prix traditionnel.<\/span><\/span><\/p>\n<p style=\"text-align: justify;\"><span style=\"font-size: small;\"><span style=\"font-family: Verdana;\">Toutefois, ce proc\u00e9d\u00e9 n\u2019a pas encore \u00e9t\u00e9 brevet\u00e9 et aucun produit n\u2019a \u00e9t\u00e9 encore commercialis\u00e9. Ils en sont encore \u00e0 la phase exp\u00e9rimentale et quelques prototypes ont \u00e9t\u00e9 pr\u00e9sent\u00e9s. La tendance pr\u00e9dit un radieux avenir pour <strong>le commerce de l\u2019<a class=\"esk-seo-plu-link\" href=\"https:\/\/www.gold.fr\/news\/tags\/or\">or<\/a> color\u00e9<\/strong>. En effet, le caract\u00e8re innovant de cette technique pr\u00e9sente un aspect attractif aussi bien pour les commer\u00e7ants que pour les acheteurs.\u00a0<\/span><\/span><\/p>\n<!-- AddThis Advanced Settings generic via filter on the_content --><!-- AddThis Share Buttons generic via filter on the_content -->","protected":false},"excerpt":{"rendered":"<p>Ils se sont plac\u00e9s dans la zone o\u00f9 se trouvent les principaux gisements d\u2019or en Colombie. En effet, il est important de savoir que ce pays est l\u2019un des producteurs majeurs d\u2019or en Am\u00e9rique latine avec [&hellip;]<\/p>\n","protected":false},"author":18,"featured_media":6970,"comment_status":"closed","ping_status":"closed","sticky":false,"template":"","format":"standard","meta":{"_mbp_gutenberg_autopost":false,"_pgmb_is_evergreen":false,"_pgmb_ap_template_id":0,"footnotes":""},"categories":[6],"tags":[298,76,119],"ppma_author":[2565],"class_list":["post-6969","post","type-post","status-publish","format-standard","has-post-thumbnail","hentry","category-articles-de-presse","tag-colombie","tag-or","tag-valeur-de-lor"],"yoast_head":"<!-- This site is optimized with the Yoast SEO plugin v27.5 - https:\/\/yoast.com\/product\/yoast-seo-wordpress\/ -->\n<title>Or Color\u00e9 et Joaillerie 2e Partie - Gold.fr<\/title>\n<meta name=\"description\" content=\"Or Color\u00e9 et Joaillerie Gisements d\u2019or en Colombie, la valeur de l\u2019or color\u00e9 peut \u00eatre 5 fois plus \u00e9lev\u00e9e que son prix traditionnel\" \/>\n<meta name=\"robots\" content=\"index, follow, max-snippet:-1, max-image-preview:large, max-video-preview:-1\" \/>\n<link rel=\"canonical\" href=\"https:\/\/www.gold.fr\/news\/2012\/04\/20\/or-colore-et-joaillerie-2e-partie\/\" \/>\n<meta property=\"og:locale\" content=\"fr_FR\" \/>\n<meta property=\"og:type\" content=\"article\" \/>\n<meta property=\"og:title\" content=\"Or Color\u00e9 et Joaillerie 2e Partie - Gold.fr\" \/>\n<meta property=\"og:description\" content=\"Or Color\u00e9 et Joaillerie Gisements d\u2019or en Colombie, la valeur de l\u2019or color\u00e9 peut \u00eatre 5 fois plus \u00e9lev\u00e9e que son prix traditionnel\" \/>\n<meta property=\"og:url\" content=\"https:\/\/www.gold.fr\/news\/2012\/04\/20\/or-colore-et-joaillerie-2e-partie\/\" \/>\n<meta property=\"og:site_name\" content=\"Gold.fr\" \/>\n<meta property=\"article:publisher\" content=\"https:\/\/www.facebook.com\/Goldfr\/\" \/>\n<meta property=\"article:published_time\" content=\"2012-04-20T07:24:15+00:00\" \/>\n<meta property=\"article:modified_time\" content=\"2020-06-25T15:26:19+00:00\" \/>\n<meta property=\"og:image\" content=\"https:\/\/www.gold.fr\/news\/wp-content\/uploads\/2012\/04\/Main-color\u00e9-d-or.jpg\" \/>\n\t<meta property=\"og:image:width\" content=\"600\" \/>\n\t<meta property=\"og:image:height\" content=\"400\" \/>\n\t<meta property=\"og:image:type\" content=\"image\/jpeg\" \/>\n<meta name=\"author\" content=\"Comptoir National de l&#039;Or\" \/>\n<meta name=\"twitter:card\" content=\"summary_large_image\" \/>\n<meta name=\"twitter:label1\" content=\"\u00c9crit par\" \/>\n\t<meta name=\"twitter:data1\" content=\"Comptoir National de l&#039;Or\" \/>\n\t<meta name=\"twitter:label2\" content=\"Dur\u00e9e de lecture estim\u00e9e\" \/>\n\t<meta name=\"twitter:data2\" content=\"1 minute\" \/>\n<script type=\"application\/ld+json\" class=\"yoast-schema-graph\">{\"@context\":\"https:\\\/\\\/schema.org\",\"@graph\":[{\"@type\":\"Article\",\"@id\":\"https:\\\/\\\/www.gold.fr\\\/news\\\/2012\\\/04\\\/20\\\/or-colore-et-joaillerie-2e-partie\\\/#article\",\"isPartOf\":{\"@id\":\"https:\\\/\\\/www.gold.fr\\\/news\\\/2012\\\/04\\\/20\\\/or-colore-et-joaillerie-2e-partie\\\/\"},\"author\":{\"name\":\"Comptoir National de l'Or\",\"@id\":\"https:\\\/\\\/www.gold.fr\\\/news\\\/#\\\/schema\\\/person\\\/070491b4b4fb7671bf59b3be20302ce9\"},\"headline\":\"Or Color\u00e9 et Joaillerie 2e Partie\",\"datePublished\":\"2012-04-20T07:24:15+00:00\",\"dateModified\":\"2020-06-25T15:26:19+00:00\",\"mainEntityOfPage\":{\"@id\":\"https:\\\/\\\/www.gold.fr\\\/news\\\/2012\\\/04\\\/20\\\/or-colore-et-joaillerie-2e-partie\\\/\"},\"wordCount\":271,\"image\":{\"@id\":\"https:\\\/\\\/www.gold.fr\\\/news\\\/2012\\\/04\\\/20\\\/or-colore-et-joaillerie-2e-partie\\\/#primaryimage\"},\"thumbnailUrl\":\"https:\\\/\\\/www.gold.fr\\\/news\\\/wp-content\\\/uploads\\\/2012\\\/04\\\/Main-color\u00e9-d-or.jpg\",\"keywords\":[\"colombie\",\"Or\",\"valeur de l'or\"],\"articleSection\":[\"Articles de presse\"],\"inLanguage\":\"fr-FR\"},{\"@type\":\"WebPage\",\"@id\":\"https:\\\/\\\/www.gold.fr\\\/news\\\/2012\\\/04\\\/20\\\/or-colore-et-joaillerie-2e-partie\\\/\",\"url\":\"https:\\\/\\\/www.gold.fr\\\/news\\\/2012\\\/04\\\/20\\\/or-colore-et-joaillerie-2e-partie\\\/\",\"name\":\"Or Color\u00e9 et Joaillerie 2e Partie - Gold.fr\",\"isPartOf\":{\"@id\":\"https:\\\/\\\/www.gold.fr\\\/news\\\/#website\"},\"primaryImageOfPage\":{\"@id\":\"https:\\\/\\\/www.gold.fr\\\/news\\\/2012\\\/04\\\/20\\\/or-colore-et-joaillerie-2e-partie\\\/#primaryimage\"},\"image\":{\"@id\":\"https:\\\/\\\/www.gold.fr\\\/news\\\/2012\\\/04\\\/20\\\/or-colore-et-joaillerie-2e-partie\\\/#primaryimage\"},\"thumbnailUrl\":\"https:\\\/\\\/www.gold.fr\\\/news\\\/wp-content\\\/uploads\\\/2012\\\/04\\\/Main-color\u00e9-d-or.jpg\",\"datePublished\":\"2012-04-20T07:24:15+00:00\",\"dateModified\":\"2020-06-25T15:26:19+00:00\",\"author\":{\"@id\":\"https:\\\/\\\/www.gold.fr\\\/news\\\/#\\\/schema\\\/person\\\/070491b4b4fb7671bf59b3be20302ce9\"},\"description\":\"Or Color\u00e9 et Joaillerie Gisements d\u2019or en Colombie, la valeur de l\u2019or color\u00e9 peut \u00eatre 5 fois plus \u00e9lev\u00e9e que son prix traditionnel\",\"breadcrumb\":{\"@id\":\"https:\\\/\\\/www.gold.fr\\\/news\\\/2012\\\/04\\\/20\\\/or-colore-et-joaillerie-2e-partie\\\/#breadcrumb\"},\"inLanguage\":\"fr-FR\",\"potentialAction\":[{\"@type\":\"ReadAction\",\"target\":[\"https:\\\/\\\/www.gold.fr\\\/news\\\/2012\\\/04\\\/20\\\/or-colore-et-joaillerie-2e-partie\\\/\"]}]},{\"@type\":\"ImageObject\",\"inLanguage\":\"fr-FR\",\"@id\":\"https:\\\/\\\/www.gold.fr\\\/news\\\/2012\\\/04\\\/20\\\/or-colore-et-joaillerie-2e-partie\\\/#primaryimage\",\"url\":\"https:\\\/\\\/www.gold.fr\\\/news\\\/wp-content\\\/uploads\\\/2012\\\/04\\\/Main-color\u00e9-d-or.jpg\",\"contentUrl\":\"https:\\\/\\\/www.gold.fr\\\/news\\\/wp-content\\\/uploads\\\/2012\\\/04\\\/Main-color\u00e9-d-or.jpg\",\"width\":\"600\",\"height\":\"400\",\"caption\":\"Main-color\u00e9-d-or\"},{\"@type\":\"BreadcrumbList\",\"@id\":\"https:\\\/\\\/www.gold.fr\\\/news\\\/2012\\\/04\\\/20\\\/or-colore-et-joaillerie-2e-partie\\\/#breadcrumb\",\"itemListElement\":[{\"@type\":\"ListItem\",\"position\":1,\"name\":\"Accueil\",\"item\":\"https:\\\/\\\/www.gold.fr\\\/\"},{\"@type\":\"ListItem\",\"position\":2,\"name\":\"Actualit\u00e9s\",\"item\":\"https:\\\/\\\/www.gold.fr\\\/news\\\/\"},{\"@type\":\"ListItem\",\"position\":3,\"name\":\"Or Color\u00e9 et Joaillerie 2e Partie\"}]},{\"@type\":\"WebSite\",\"@id\":\"https:\\\/\\\/www.gold.fr\\\/news\\\/#website\",\"url\":\"https:\\\/\\\/www.gold.fr\\\/news\\\/\",\"name\":\"Gold.fr\",\"description\":\"Actualit\u00e9s de l&#039;Or et des m\u00e9taux pr\u00e9cieux\",\"potentialAction\":[{\"@type\":\"SearchAction\",\"target\":{\"@type\":\"EntryPoint\",\"urlTemplate\":\"https:\\\/\\\/www.gold.fr\\\/news\\\/?s={search_term_string}\"},\"query-input\":{\"@type\":\"PropertyValueSpecification\",\"valueRequired\":true,\"valueName\":\"search_term_string\"}}],\"inLanguage\":\"fr-FR\"},{\"@type\":\"Person\",\"@id\":\"https:\\\/\\\/www.gold.fr\\\/news\\\/#\\\/schema\\\/person\\\/070491b4b4fb7671bf59b3be20302ce9\",\"name\":\"Comptoir National de l'Or\",\"image\":{\"@type\":\"ImageObject\",\"inLanguage\":\"fr-FR\",\"@id\":\"https:\\\/\\\/secure.gravatar.com\\\/avatar\\\/0a2867fd5abe37bed95d5a65e9d58f01756e11efc68af9888dfc50cfa7f65948?s=96&d=mm&r=gb490554db0a38188709de567aa58480d\",\"url\":\"https:\\\/\\\/secure.gravatar.com\\\/avatar\\\/0a2867fd5abe37bed95d5a65e9d58f01756e11efc68af9888dfc50cfa7f65948?s=96&d=mm&r=g\",\"contentUrl\":\"https:\\\/\\\/secure.gravatar.com\\\/avatar\\\/0a2867fd5abe37bed95d5a65e9d58f01756e11efc68af9888dfc50cfa7f65948?s=96&d=mm&r=g\",\"caption\":\"Comptoir National de l'Or\"},\"description\":\"Notre r\u00e9daction est constitu\u00e9e de membres experts dans les m\u00e9tiers de l'\u00e9conomie et la gestion, des Responsables d'agence Comptoir National de l'Or, des analystes financiers qui publient r\u00e9guli\u00e8rement des \u00e9tudes sur les politiques des banques centrales, le cours de l'or, prix de l'or, cours de l'argent, prix de l'argent, cours du platine, cours du palladium,... la situation en zone euro et l'impact de la strat\u00e9gie mon\u00e9taire de la FED. Notre \u00e9quipe scrute \u00e9galement une information plus g\u00e9n\u00e9raliste \u00e0 la recherche d'actualit\u00e9 \\\"p\u00e9pite\\\" \u00e0 vous partager. Depuis 5 ans, nous avons publi\u00e9 un peu plus de 4000 articles qui s'adressent \u00e0 un public large et vari\u00e9 ayant pour objectif de satisfaire votre curiosit\u00e9 et de partager avec vous une certaine fascination pour le m\u00e9tal jaune, le rachat d'or, et pour ceux qui veulent investir dans l'or, vendre leur or tout simplement en savoir plus... Pour tous vos achat or et argent, n'h\u00e9sitez pas \u00e0 prendre rendez-vous dans l'un de nos nombreux comptoirs.\",\"sameAs\":[\"https:\\\/\\\/www.gold.fr\"]}]}<\/script>\n<!-- \/ Yoast SEO plugin. -->","yoast_head_json":{"title":"Or Color\u00e9 et Joaillerie 2e Partie - Gold.fr","description":"Or Color\u00e9 et Joaillerie Gisements d\u2019or en Colombie, la valeur de l\u2019or color\u00e9 peut \u00eatre 5 fois plus \u00e9lev\u00e9e que son prix traditionnel","robots":{"index":"index","follow":"follow","max-snippet":"max-snippet:-1","max-image-preview":"max-image-preview:large","max-video-preview":"max-video-preview:-1"},"canonical":"https:\/\/www.gold.fr\/news\/2012\/04\/20\/or-colore-et-joaillerie-2e-partie\/","og_locale":"fr_FR","og_type":"article","og_title":"Or Color\u00e9 et Joaillerie 2e Partie - Gold.fr","og_description":"Or Color\u00e9 et Joaillerie Gisements d\u2019or en Colombie, la valeur de l\u2019or color\u00e9 peut \u00eatre 5 fois plus \u00e9lev\u00e9e que son prix traditionnel","og_url":"https:\/\/www.gold.fr\/news\/2012\/04\/20\/or-colore-et-joaillerie-2e-partie\/","og_site_name":"Gold.fr","article_publisher":"https:\/\/www.facebook.com\/Goldfr\/","article_published_time":"2012-04-20T07:24:15+00:00","article_modified_time":"2020-06-25T15:26:19+00:00","og_image":[{"width":600,"height":400,"url":"https:\/\/www.gold.fr\/news\/wp-content\/uploads\/2012\/04\/Main-color\u00e9-d-or.jpg","type":"image\/jpeg"}],"author":"Comptoir National de l'Or","twitter_card":"summary_large_image","twitter_misc":{"\u00c9crit par":"Comptoir National de l'Or","Dur\u00e9e de lecture estim\u00e9e":"1 minute"},"schema":{"@context":"https:\/\/schema.org","@graph":[{"@type":"Article","@id":"https:\/\/www.gold.fr\/news\/2012\/04\/20\/or-colore-et-joaillerie-2e-partie\/#article","isPartOf":{"@id":"https:\/\/www.gold.fr\/news\/2012\/04\/20\/or-colore-et-joaillerie-2e-partie\/"},"author":{"name":"Comptoir National de l'Or","@id":"https:\/\/www.gold.fr\/news\/#\/schema\/person\/070491b4b4fb7671bf59b3be20302ce9"},"headline":"Or Color\u00e9 et Joaillerie 2e Partie","datePublished":"2012-04-20T07:24:15+00:00","dateModified":"2020-06-25T15:26:19+00:00","mainEntityOfPage":{"@id":"https:\/\/www.gold.fr\/news\/2012\/04\/20\/or-colore-et-joaillerie-2e-partie\/"},"wordCount":271,"image":{"@id":"https:\/\/www.gold.fr\/news\/2012\/04\/20\/or-colore-et-joaillerie-2e-partie\/#primaryimage"},"thumbnailUrl":"https:\/\/www.gold.fr\/news\/wp-content\/uploads\/2012\/04\/Main-color\u00e9-d-or.jpg","keywords":["colombie","Or","valeur de l'or"],"articleSection":["Articles de presse"],"inLanguage":"fr-FR"},{"@type":"WebPage","@id":"https:\/\/www.gold.fr\/news\/2012\/04\/20\/or-colore-et-joaillerie-2e-partie\/","url":"https:\/\/www.gold.fr\/news\/2012\/04\/20\/or-colore-et-joaillerie-2e-partie\/","name":"Or Color\u00e9 et Joaillerie 2e Partie - Gold.fr","isPartOf":{"@id":"https:\/\/www.gold.fr\/news\/#website"},"primaryImageOfPage":{"@id":"https:\/\/www.gold.fr\/news\/2012\/04\/20\/or-colore-et-joaillerie-2e-partie\/#primaryimage"},"image":{"@id":"https:\/\/www.gold.fr\/news\/2012\/04\/20\/or-colore-et-joaillerie-2e-partie\/#primaryimage"},"thumbnailUrl":"https:\/\/www.gold.fr\/news\/wp-content\/uploads\/2012\/04\/Main-color\u00e9-d-or.jpg","datePublished":"2012-04-20T07:24:15+00:00","dateModified":"2020-06-25T15:26:19+00:00","author":{"@id":"https:\/\/www.gold.fr\/news\/#\/schema\/person\/070491b4b4fb7671bf59b3be20302ce9"},"description":"Or Color\u00e9 et Joaillerie Gisements d\u2019or en Colombie, la valeur de l\u2019or color\u00e9 peut \u00eatre 5 fois plus \u00e9lev\u00e9e que son prix traditionnel","breadcrumb":{"@id":"https:\/\/www.gold.fr\/news\/2012\/04\/20\/or-colore-et-joaillerie-2e-partie\/#breadcrumb"},"inLanguage":"fr-FR","potentialAction":[{"@type":"ReadAction","target":["https:\/\/www.gold.fr\/news\/2012\/04\/20\/or-colore-et-joaillerie-2e-partie\/"]}]},{"@type":"ImageObject","inLanguage":"fr-FR","@id":"https:\/\/www.gold.fr\/news\/2012\/04\/20\/or-colore-et-joaillerie-2e-partie\/#primaryimage","url":"https:\/\/www.gold.fr\/news\/wp-content\/uploads\/2012\/04\/Main-color\u00e9-d-or.jpg","contentUrl":"https:\/\/www.gold.fr\/news\/wp-content\/uploads\/2012\/04\/Main-color\u00e9-d-or.jpg","width":"600","height":"400","caption":"Main-color\u00e9-d-or"},{"@type":"BreadcrumbList","@id":"https:\/\/www.gold.fr\/news\/2012\/04\/20\/or-colore-et-joaillerie-2e-partie\/#breadcrumb","itemListElement":[{"@type":"ListItem","position":1,"name":"Accueil","item":"https:\/\/www.gold.fr\/"},{"@type":"ListItem","position":2,"name":"Actualit\u00e9s","item":"https:\/\/www.gold.fr\/news\/"},{"@type":"ListItem","position":3,"name":"Or Color\u00e9 et Joaillerie 2e Partie"}]},{"@type":"WebSite","@id":"https:\/\/www.gold.fr\/news\/#website","url":"https:\/\/www.gold.fr\/news\/","name":"Gold.fr","description":"Actualit\u00e9s de l&#039;Or et des m\u00e9taux pr\u00e9cieux","potentialAction":[{"@type":"SearchAction","target":{"@type":"EntryPoint","urlTemplate":"https:\/\/www.gold.fr\/news\/?s={search_term_string}"},"query-input":{"@type":"PropertyValueSpecification","valueRequired":true,"valueName":"search_term_string"}}],"inLanguage":"fr-FR"},{"@type":"Person","@id":"https:\/\/www.gold.fr\/news\/#\/schema\/person\/070491b4b4fb7671bf59b3be20302ce9","name":"Comptoir National de l'Or","image":{"@type":"ImageObject","inLanguage":"fr-FR","@id":"https:\/\/secure.gravatar.com\/avatar\/0a2867fd5abe37bed95d5a65e9d58f01756e11efc68af9888dfc50cfa7f65948?s=96&d=mm&r=gb490554db0a38188709de567aa58480d","url":"https:\/\/secure.gravatar.com\/avatar\/0a2867fd5abe37bed95d5a65e9d58f01756e11efc68af9888dfc50cfa7f65948?s=96&d=mm&r=g","contentUrl":"https:\/\/secure.gravatar.com\/avatar\/0a2867fd5abe37bed95d5a65e9d58f01756e11efc68af9888dfc50cfa7f65948?s=96&d=mm&r=g","caption":"Comptoir National de l'Or"},"description":"Notre r\u00e9daction est constitu\u00e9e de membres experts dans les m\u00e9tiers de l'\u00e9conomie et la gestion, des Responsables d'agence Comptoir National de l'Or, des analystes financiers qui publient r\u00e9guli\u00e8rement des \u00e9tudes sur les politiques des banques centrales, le cours de l'or, prix de l'or, cours de l'argent, prix de l'argent, cours du platine, cours du palladium,... la situation en zone euro et l'impact de la strat\u00e9gie mon\u00e9taire de la FED. Notre \u00e9quipe scrute \u00e9galement une information plus g\u00e9n\u00e9raliste \u00e0 la recherche d'actualit\u00e9 \"p\u00e9pite\" \u00e0 vous partager. Depuis 5 ans, nous avons publi\u00e9 un peu plus de 4000 articles qui s'adressent \u00e0 un public large et vari\u00e9 ayant pour objectif de satisfaire votre curiosit\u00e9 et de partager avec vous une certaine fascination pour le m\u00e9tal jaune, le rachat d'or, et pour ceux qui veulent investir dans l'or, vendre leur or tout simplement en savoir plus... Pour tous vos achat or et argent, n'h\u00e9sitez pas \u00e0 prendre rendez-vous dans l'un de nos nombreux comptoirs.","sameAs":["https:\/\/www.gold.fr"]}]}},"authors":[{"term_id":2565,"user_id":18,"is_guest":0,"slug":"julie","display_name":"Comptoir National de l'Or","avatar_url":"https:\/\/secure.gravatar.com\/avatar\/713f289e398d35ead876c4a4cc08607f0d6d266058cfc25683fffb6092d0e572?s=96&d=mm&r=g","0":null,"1":"","2":"","3":"","4":"","5":"","6":"","7":"","8":""}],"_links":{"self":[{"href":"https:\/\/www.gold.fr\/news\/wp-json\/wp\/v2\/posts\/6969","targetHints":{"allow":["GET"]}}],"collection":[{"href":"https:\/\/www.gold.fr\/news\/wp-json\/wp\/v2\/posts"}],"about":[{"href":"https:\/\/www.gold.fr\/news\/wp-json\/wp\/v2\/types\/post"}],"author":[{"embeddable":true,"href":"https:\/\/www.gold.fr\/news\/wp-json\/wp\/v2\/users\/18"}],"replies":[{"embeddable":true,"href":"https:\/\/www.gold.fr\/news\/wp-json\/wp\/v2\/comments?post=6969"}],"version-history":[{"count":0,"href":"https:\/\/www.gold.fr\/news\/wp-json\/wp\/v2\/posts\/6969\/revisions"}],"wp:featuredmedia":[{"embeddable":true,"href":"https:\/\/www.gold.fr\/news\/wp-json\/wp\/v2\/media\/6970"}],"wp:attachment":[{"href":"https:\/\/www.gold.fr\/news\/wp-json\/wp\/v2\/media?parent=6969"}],"wp:term":[{"taxonomy":"category","embeddable":true,"href":"https:\/\/www.gold.fr\/news\/wp-json\/wp\/v2\/categories?post=6969"},{"taxonomy":"post_tag","embeddable":true,"href":"https:\/\/www.gold.fr\/news\/wp-json\/wp\/v2\/tags?post=6969"},{"taxonomy":"author","embeddable":true,"href":"https:\/\/www.gold.fr\/news\/wp-json\/wp\/v2\/ppma_author?post=6969"}],"curies":[{"name":"wp","href":"https:\/\/api.w.org\/{rel}","templated":true}]}}