{"id":6935,"date":"2012-04-18T17:00:25","date_gmt":"2012-04-18T15:00:25","guid":{"rendered":"http:\/\/news.gold.fr\/?p=6935"},"modified":"2020-06-29T17:41:21","modified_gmt":"2020-06-29T15:41:21","slug":"les-origines-des-ruees-vers-lor-2","status":"publish","type":"post","link":"https:\/\/www.gold.fr\/news\/2012\/04\/18\/les-origines-des-ruees-vers-lor-2\/","title":{"rendered":"Les origines des ru\u00e9es vers l&rsquo;Or"},"content":{"rendered":"<p style=\"text-align: justify;\"><span style=\"font-size: small;\"><img loading=\"lazy\" decoding=\"async\" class=\"alignleft wp-image-6929 size-thumbnail\" title=\"Or-Azt\u00e8que\" src=\"https:\/\/www.gold.fr\/news\/wp-content\/uploads\/2012\/04\/Or-Azt\u00e8que-298x298.jpg\" alt=\"Or-Azt\u00e8que\" width=\"298\" height=\"298\" align=\"left\" border=\"1\" hspace=\"5\" vspace=\"5\" srcset=\"https:\/\/www.gold.fr\/news\/wp-content\/uploads\/2012\/04\/Or-Azt\u00e8que-298x298.jpg 298w, https:\/\/www.gold.fr\/news\/wp-content\/uploads\/2012\/04\/Or-Azt\u00e8que-1x1.jpg 1w\" sizes=\"auto, (max-width: 298px) 100vw, 298px\" \/><span style=\"font-family: Verdana;\">Quand on entend \u00abru\u00e9e vers l&rsquo;<a class=\"esk-seo-plu-link\" href=\"https:\/\/www.gold.fr\/news\/tags\/or\">Or<\/a> \u00bb, on s&rsquo;attend \u00e0 une pr\u00e9cipitation sur ce m\u00e9tal si pr\u00e9cieux. Pourtant ce n&rsquo;est pas le cas. Ses d\u00e9buts furent assez timides. Au Moyen Age seuls les r\u00e9cits de Marco Polo nous comptent quelques anecdotes !<\/span><\/span><\/p>\n<p><span style=\"font-size: small;\">Mais c&rsquo;est avec Cortez que les choses s&rsquo;acc\u00e9l\u00e8rent. C&rsquo;est au Mexique, qu&rsquo;il y d\u00e9couvre <a title=\"Or Pr\u00e9hispanique\" href=\"http:\/\/news.gold.fr\/2012\/02\/07\/le-musee-de-lor-de-bogota-la-plus-grande-collection-dorfevrerie-prehispanique\/5504\/\" target=\"_blank\" rel=\"noopener noreferrer\"><span style=\"font-family: Verdana;\">l&rsquo;<\/span><\/a><a class=\"esk-seo-plu-link\" href=\"https:\/\/www.gold.fr\/news\/tags\/or\">Or<\/a> des Azt\u00e8ques<\/span><span style=\"font-family: Verdana;\">. On pourra aussi citer Pizarre, au P\u00e9rou, qui lui, d\u00e9couvre l&rsquo;<a class=\"esk-seo-plu-link\" href=\"https:\/\/www.gold.fr\/news\/tags\/or\">Or<\/a> des Incas.<\/span> <span style=\"font-size: small;\">Nous sommes donc au XVI\u00e8me si\u00e8cle, et l&rsquo;El Dorado n&rsquo;est plus un mythe mais une r\u00e9alit\u00e9. Cette cit\u00e9 des <a class=\"esk-seo-plu-link\" href=\"https:\/\/www.gold.fr\/news\/tags\/or\">Ors<\/a> fera don de <strong>300 tonnes d&rsquo;<a class=\"esk-seo-plu-link\" href=\"https:\/\/www.gold.fr\/news\/tags\/or\">Or<\/a> \u00e0 l&rsquo;Espagne en moins de 100 ans !<\/strong><\/span> <span style=\"font-size: small;\">Mais cette ru\u00e9e ne fut pas sans peine et malheur&#8230; Pizarre en fit une ru\u00e9e sanglante et massacra environ 8000 soldats Incas en un seul jour, le 16 novembre 1532.<\/span> <span style=\"font-size: small;\">Mais \u00e0 l&rsquo;oppos\u00e9 des indiens qui pensent que l&rsquo;\u00e9clat de l&rsquo;<a class=\"esk-seo-plu-link\" href=\"https:\/\/www.gold.fr\/news\/tags\/or\">Or<\/a> n&rsquo;a pas de valeur sauf dans son sens divinatoire, les conquistadores recherchaient de l&rsquo;<a class=\"esk-seo-plu-link\" href=\"https:\/\/www.gold.fr\/news\/tags\/or\">Or<\/a> en \u00e9tat brut et ont donc pass\u00e9 tous les tr\u00e9sors incas au four sans en mesurer leur beaut\u00e9.<\/span> <span style=\"font-size: small;\"> C&rsquo;est ainsi que tout l&rsquo;<a class=\"esk-seo-plu-link\" href=\"https:\/\/www.gold.fr\/news\/tags\/or\">Or<\/a> du peuple Inca, constitu\u00e9 de sculptures et de <a class=\"esk-seo-plu-link\" href=\"https:\/\/www.gold.fr\/news\/tags\/monnaie-de-paris\">pi\u00e8ces<\/a> en orf\u00e8vrerie, a fini dans les fours espagnols. <\/span><\/p>\n<!-- AddThis Advanced Settings generic via filter on the_content --><!-- AddThis Share Buttons generic via filter on the_content -->","protected":false},"excerpt":{"rendered":"<p>Quand on entend \u00abru\u00e9e vers l&rsquo;Or \u00bb, on s&rsquo;attend \u00e0 une pr\u00e9cipitation sur ce m\u00e9tal si pr\u00e9cieux. Pourtant ce n&rsquo;est pas le cas. Ses d\u00e9buts furent assez timides. Au Moyen Age seuls les r\u00e9cits de Marco [&hellip;]<\/p>\n","protected":false},"author":43,"featured_media":6929,"comment_status":"closed","ping_status":"closed","sticky":false,"template":"","format":"standard","meta":{"_mbp_gutenberg_autopost":false,"_pgmb_is_evergreen":false,"_pgmb_ap_template_id":0,"footnotes":""},"categories":[6],"tags":[433,435,436,432],"ppma_author":[2562],"class_list":["post-6935","post","type-post","status-publish","format-standard","has-post-thumbnail","hentry","category-articles-de-presse","tag-or-azteque","tag-or-espagne","tag-or-inca","tag-ruee-vers-lor"],"yoast_head":"<!-- This site is optimized with the Yoast SEO plugin v27.5 - https:\/\/yoast.com\/product\/yoast-seo-wordpress\/ -->\n<title>Les origines des ru\u00e9es vers l&#039;Or - Gold.fr<\/title>\n<meta name=\"description\" content=\"Quand on entend ru\u00e9e vers l\u2019Or, on s\u2019attend \u00e0 une pr\u00e9cipitation sur ce m\u00e9tal si pr\u00e9cieux Pourtant ses d\u00e9buts furent assez timides\" \/>\n<meta name=\"robots\" content=\"index, follow, max-snippet:-1, max-image-preview:large, max-video-preview:-1\" \/>\n<link rel=\"canonical\" href=\"https:\/\/www.gold.fr\/news\/2012\/04\/18\/les-origines-des-ruees-vers-lor-2\/\" \/>\n<meta property=\"og:locale\" content=\"fr_FR\" \/>\n<meta property=\"og:type\" content=\"article\" \/>\n<meta property=\"og:title\" content=\"Les origines des ru\u00e9es vers l&#039;Or - Gold.fr\" \/>\n<meta property=\"og:description\" content=\"Quand on entend ru\u00e9e vers l\u2019Or, on s\u2019attend \u00e0 une pr\u00e9cipitation sur ce m\u00e9tal si pr\u00e9cieux Pourtant ses d\u00e9buts furent assez timides\" \/>\n<meta property=\"og:url\" content=\"https:\/\/www.gold.fr\/news\/2012\/04\/18\/les-origines-des-ruees-vers-lor-2\/\" \/>\n<meta property=\"og:site_name\" content=\"Gold.fr\" \/>\n<meta property=\"article:publisher\" content=\"https:\/\/www.facebook.com\/Goldfr\/\" \/>\n<meta property=\"article:published_time\" content=\"2012-04-18T15:00:25+00:00\" \/>\n<meta property=\"article:modified_time\" content=\"2020-06-29T15:41:21+00:00\" \/>\n<meta property=\"og:image\" content=\"https:\/\/www.gold.fr\/news\/wp-content\/uploads\/2012\/04\/Or-Azt\u00e8que.jpg\" \/>\n\t<meta property=\"og:image:width\" content=\"600\" \/>\n\t<meta property=\"og:image:height\" content=\"401\" \/>\n\t<meta property=\"og:image:type\" content=\"image\/jpeg\" \/>\n<meta name=\"author\" content=\"Anthony\" \/>\n<meta name=\"twitter:card\" content=\"summary_large_image\" \/>\n<meta name=\"twitter:label1\" content=\"\u00c9crit par\" \/>\n\t<meta name=\"twitter:data1\" content=\"Samy\" \/>\n\t<meta name=\"twitter:label2\" content=\"Dur\u00e9e de lecture estim\u00e9e\" \/>\n\t<meta name=\"twitter:data2\" content=\"1 minute\" \/>\n<script type=\"application\/ld+json\" class=\"yoast-schema-graph\">{\"@context\":\"https:\\\/\\\/schema.org\",\"@graph\":[{\"@type\":\"Article\",\"@id\":\"https:\\\/\\\/www.gold.fr\\\/news\\\/2012\\\/04\\\/18\\\/les-origines-des-ruees-vers-lor-2\\\/#article\",\"isPartOf\":{\"@id\":\"https:\\\/\\\/www.gold.fr\\\/news\\\/2012\\\/04\\\/18\\\/les-origines-des-ruees-vers-lor-2\\\/\"},\"author\":{\"name\":\"Samy\",\"@id\":\"https:\\\/\\\/www.gold.fr\\\/news\\\/#\\\/schema\\\/person\\\/6a977448ae6ba85f43a46d35fc66f82b\"},\"headline\":\"Les origines des ru\u00e9es vers l&rsquo;Or\",\"datePublished\":\"2012-04-18T15:00:25+00:00\",\"dateModified\":\"2020-06-29T15:41:21+00:00\",\"mainEntityOfPage\":{\"@id\":\"https:\\\/\\\/www.gold.fr\\\/news\\\/2012\\\/04\\\/18\\\/les-origines-des-ruees-vers-lor-2\\\/\"},\"wordCount\":238,\"image\":{\"@id\":\"https:\\\/\\\/www.gold.fr\\\/news\\\/2012\\\/04\\\/18\\\/les-origines-des-ruees-vers-lor-2\\\/#primaryimage\"},\"thumbnailUrl\":\"https:\\\/\\\/www.gold.fr\\\/news\\\/wp-content\\\/uploads\\\/2012\\\/04\\\/Or-Azt\u00e8que.jpg\",\"keywords\":[\"Or Azt\u00e8que\",\"Or Espagne\",\"Or Inca\",\"ru\u00e9e vers l'Or\"],\"articleSection\":[\"Articles de presse\"],\"inLanguage\":\"fr-FR\"},{\"@type\":\"WebPage\",\"@id\":\"https:\\\/\\\/www.gold.fr\\\/news\\\/2012\\\/04\\\/18\\\/les-origines-des-ruees-vers-lor-2\\\/\",\"url\":\"https:\\\/\\\/www.gold.fr\\\/news\\\/2012\\\/04\\\/18\\\/les-origines-des-ruees-vers-lor-2\\\/\",\"name\":\"Les origines des ru\u00e9es vers l'Or - Gold.fr\",\"isPartOf\":{\"@id\":\"https:\\\/\\\/www.gold.fr\\\/news\\\/#website\"},\"primaryImageOfPage\":{\"@id\":\"https:\\\/\\\/www.gold.fr\\\/news\\\/2012\\\/04\\\/18\\\/les-origines-des-ruees-vers-lor-2\\\/#primaryimage\"},\"image\":{\"@id\":\"https:\\\/\\\/www.gold.fr\\\/news\\\/2012\\\/04\\\/18\\\/les-origines-des-ruees-vers-lor-2\\\/#primaryimage\"},\"thumbnailUrl\":\"https:\\\/\\\/www.gold.fr\\\/news\\\/wp-content\\\/uploads\\\/2012\\\/04\\\/Or-Azt\u00e8que.jpg\",\"datePublished\":\"2012-04-18T15:00:25+00:00\",\"dateModified\":\"2020-06-29T15:41:21+00:00\",\"author\":{\"@id\":\"https:\\\/\\\/www.gold.fr\\\/news\\\/#\\\/schema\\\/person\\\/6a977448ae6ba85f43a46d35fc66f82b\"},\"description\":\"Quand on entend ru\u00e9e vers l\u2019Or, on s\u2019attend \u00e0 une pr\u00e9cipitation sur ce m\u00e9tal si pr\u00e9cieux Pourtant ses d\u00e9buts furent assez timides\",\"breadcrumb\":{\"@id\":\"https:\\\/\\\/www.gold.fr\\\/news\\\/2012\\\/04\\\/18\\\/les-origines-des-ruees-vers-lor-2\\\/#breadcrumb\"},\"inLanguage\":\"fr-FR\",\"potentialAction\":[{\"@type\":\"ReadAction\",\"target\":[\"https:\\\/\\\/www.gold.fr\\\/news\\\/2012\\\/04\\\/18\\\/les-origines-des-ruees-vers-lor-2\\\/\"]}]},{\"@type\":\"ImageObject\",\"inLanguage\":\"fr-FR\",\"@id\":\"https:\\\/\\\/www.gold.fr\\\/news\\\/2012\\\/04\\\/18\\\/les-origines-des-ruees-vers-lor-2\\\/#primaryimage\",\"url\":\"https:\\\/\\\/www.gold.fr\\\/news\\\/wp-content\\\/uploads\\\/2012\\\/04\\\/Or-Azt\u00e8que.jpg\",\"contentUrl\":\"https:\\\/\\\/www.gold.fr\\\/news\\\/wp-content\\\/uploads\\\/2012\\\/04\\\/Or-Azt\u00e8que.jpg\",\"width\":\"600\",\"height\":\"401\",\"caption\":\"Or-Azt\u00e8que\"},{\"@type\":\"BreadcrumbList\",\"@id\":\"https:\\\/\\\/www.gold.fr\\\/news\\\/2012\\\/04\\\/18\\\/les-origines-des-ruees-vers-lor-2\\\/#breadcrumb\",\"itemListElement\":[{\"@type\":\"ListItem\",\"position\":1,\"name\":\"Accueil\",\"item\":\"https:\\\/\\\/www.gold.fr\\\/\"},{\"@type\":\"ListItem\",\"position\":2,\"name\":\"Actualit\u00e9s\",\"item\":\"https:\\\/\\\/www.gold.fr\\\/news\\\/\"},{\"@type\":\"ListItem\",\"position\":3,\"name\":\"Les origines des ru\u00e9es vers l&rsquo;Or\"}]},{\"@type\":\"WebSite\",\"@id\":\"https:\\\/\\\/www.gold.fr\\\/news\\\/#website\",\"url\":\"https:\\\/\\\/www.gold.fr\\\/news\\\/\",\"name\":\"Gold.fr\",\"description\":\"Actualit\u00e9s de l&#039;Or et des m\u00e9taux pr\u00e9cieux\",\"potentialAction\":[{\"@type\":\"SearchAction\",\"target\":{\"@type\":\"EntryPoint\",\"urlTemplate\":\"https:\\\/\\\/www.gold.fr\\\/news\\\/?s={search_term_string}\"},\"query-input\":{\"@type\":\"PropertyValueSpecification\",\"valueRequired\":true,\"valueName\":\"search_term_string\"}}],\"inLanguage\":\"fr-FR\"},{\"@type\":\"Person\",\"@id\":\"https:\\\/\\\/www.gold.fr\\\/news\\\/#\\\/schema\\\/person\\\/6a977448ae6ba85f43a46d35fc66f82b\",\"name\":\"Samy\",\"image\":{\"@type\":\"ImageObject\",\"inLanguage\":\"fr-FR\",\"@id\":\"https:\\\/\\\/secure.gravatar.com\\\/avatar\\\/ec3b1ee8da06b98b0d3b7da383393987ae73756a23e0f3ec4c1ea09e0e65804d?s=96&d=mm&r=g9bbe2ee6067d4fa1a1e531a356169f97\",\"url\":\"https:\\\/\\\/secure.gravatar.com\\\/avatar\\\/ec3b1ee8da06b98b0d3b7da383393987ae73756a23e0f3ec4c1ea09e0e65804d?s=96&d=mm&r=g\",\"contentUrl\":\"https:\\\/\\\/secure.gravatar.com\\\/avatar\\\/ec3b1ee8da06b98b0d3b7da383393987ae73756a23e0f3ec4c1ea09e0e65804d?s=96&d=mm&r=g\",\"caption\":\"Samy\"},\"description\":\"Notre r\u00e9daction est constitu\u00e9e de membres experts dans les m\u00e9tiers de l'\u00e9conomie et la gestion, des Responsables d'agence Comptoir National de l'Or, des analystes financiers qui publient r\u00e9guli\u00e8rement des \u00e9tudes sur les politiques des banques centrales, le cours de l'or, le cours de l'argent, cours du platine, cours du palladium... la situation en zone euro et l'impact de la strat\u00e9gie mon\u00e9taire de la FED. Notre \u00e9quipe scrute \u00e9galement une information plus g\u00e9n\u00e9raliste \u00e0 la recherche d'actualit\u00e9 \\\"p\u00e9pite\\\" \u00e0 vous partager. Depuis 5 ans, nous avons publi\u00e9 un peu plus de 4000 articles qui s'adressent \u00e0 un public large et vari\u00e9 ayant pour objectif de satisfaire votre curiosit\u00e9 et de partager avec vous une certaine fascination pour le m\u00e9tal jaune, pour ceux qui veulent investir dans l'or, vendre leur or tout simplement en savoir plus...\"}]}<\/script>\n<!-- \/ Yoast SEO plugin. -->","yoast_head_json":{"title":"Les origines des ru\u00e9es vers l'Or - Gold.fr","description":"Quand on entend ru\u00e9e vers l\u2019Or, on s\u2019attend \u00e0 une pr\u00e9cipitation sur ce m\u00e9tal si pr\u00e9cieux Pourtant ses d\u00e9buts furent assez timides","robots":{"index":"index","follow":"follow","max-snippet":"max-snippet:-1","max-image-preview":"max-image-preview:large","max-video-preview":"max-video-preview:-1"},"canonical":"https:\/\/www.gold.fr\/news\/2012\/04\/18\/les-origines-des-ruees-vers-lor-2\/","og_locale":"fr_FR","og_type":"article","og_title":"Les origines des ru\u00e9es vers l'Or - Gold.fr","og_description":"Quand on entend ru\u00e9e vers l\u2019Or, on s\u2019attend \u00e0 une pr\u00e9cipitation sur ce m\u00e9tal si pr\u00e9cieux Pourtant ses d\u00e9buts furent assez timides","og_url":"https:\/\/www.gold.fr\/news\/2012\/04\/18\/les-origines-des-ruees-vers-lor-2\/","og_site_name":"Gold.fr","article_publisher":"https:\/\/www.facebook.com\/Goldfr\/","article_published_time":"2012-04-18T15:00:25+00:00","article_modified_time":"2020-06-29T15:41:21+00:00","og_image":[{"width":600,"height":401,"url":"https:\/\/www.gold.fr\/news\/wp-content\/uploads\/2012\/04\/Or-Azt\u00e8que.jpg","type":"image\/jpeg"}],"author":"Anthony","twitter_card":"summary_large_image","twitter_misc":{"\u00c9crit par":"Samy","Dur\u00e9e de lecture estim\u00e9e":"1 minute"},"schema":{"@context":"https:\/\/schema.org","@graph":[{"@type":"Article","@id":"https:\/\/www.gold.fr\/news\/2012\/04\/18\/les-origines-des-ruees-vers-lor-2\/#article","isPartOf":{"@id":"https:\/\/www.gold.fr\/news\/2012\/04\/18\/les-origines-des-ruees-vers-lor-2\/"},"author":{"name":"Samy","@id":"https:\/\/www.gold.fr\/news\/#\/schema\/person\/6a977448ae6ba85f43a46d35fc66f82b"},"headline":"Les origines des ru\u00e9es vers l&rsquo;Or","datePublished":"2012-04-18T15:00:25+00:00","dateModified":"2020-06-29T15:41:21+00:00","mainEntityOfPage":{"@id":"https:\/\/www.gold.fr\/news\/2012\/04\/18\/les-origines-des-ruees-vers-lor-2\/"},"wordCount":238,"image":{"@id":"https:\/\/www.gold.fr\/news\/2012\/04\/18\/les-origines-des-ruees-vers-lor-2\/#primaryimage"},"thumbnailUrl":"https:\/\/www.gold.fr\/news\/wp-content\/uploads\/2012\/04\/Or-Azt\u00e8que.jpg","keywords":["Or Azt\u00e8que","Or Espagne","Or Inca","ru\u00e9e vers l'Or"],"articleSection":["Articles de presse"],"inLanguage":"fr-FR"},{"@type":"WebPage","@id":"https:\/\/www.gold.fr\/news\/2012\/04\/18\/les-origines-des-ruees-vers-lor-2\/","url":"https:\/\/www.gold.fr\/news\/2012\/04\/18\/les-origines-des-ruees-vers-lor-2\/","name":"Les origines des ru\u00e9es vers l'Or - Gold.fr","isPartOf":{"@id":"https:\/\/www.gold.fr\/news\/#website"},"primaryImageOfPage":{"@id":"https:\/\/www.gold.fr\/news\/2012\/04\/18\/les-origines-des-ruees-vers-lor-2\/#primaryimage"},"image":{"@id":"https:\/\/www.gold.fr\/news\/2012\/04\/18\/les-origines-des-ruees-vers-lor-2\/#primaryimage"},"thumbnailUrl":"https:\/\/www.gold.fr\/news\/wp-content\/uploads\/2012\/04\/Or-Azt\u00e8que.jpg","datePublished":"2012-04-18T15:00:25+00:00","dateModified":"2020-06-29T15:41:21+00:00","author":{"@id":"https:\/\/www.gold.fr\/news\/#\/schema\/person\/6a977448ae6ba85f43a46d35fc66f82b"},"description":"Quand on entend ru\u00e9e vers l\u2019Or, on s\u2019attend \u00e0 une pr\u00e9cipitation sur ce m\u00e9tal si pr\u00e9cieux Pourtant ses d\u00e9buts furent assez timides","breadcrumb":{"@id":"https:\/\/www.gold.fr\/news\/2012\/04\/18\/les-origines-des-ruees-vers-lor-2\/#breadcrumb"},"inLanguage":"fr-FR","potentialAction":[{"@type":"ReadAction","target":["https:\/\/www.gold.fr\/news\/2012\/04\/18\/les-origines-des-ruees-vers-lor-2\/"]}]},{"@type":"ImageObject","inLanguage":"fr-FR","@id":"https:\/\/www.gold.fr\/news\/2012\/04\/18\/les-origines-des-ruees-vers-lor-2\/#primaryimage","url":"https:\/\/www.gold.fr\/news\/wp-content\/uploads\/2012\/04\/Or-Azt\u00e8que.jpg","contentUrl":"https:\/\/www.gold.fr\/news\/wp-content\/uploads\/2012\/04\/Or-Azt\u00e8que.jpg","width":"600","height":"401","caption":"Or-Azt\u00e8que"},{"@type":"BreadcrumbList","@id":"https:\/\/www.gold.fr\/news\/2012\/04\/18\/les-origines-des-ruees-vers-lor-2\/#breadcrumb","itemListElement":[{"@type":"ListItem","position":1,"name":"Accueil","item":"https:\/\/www.gold.fr\/"},{"@type":"ListItem","position":2,"name":"Actualit\u00e9s","item":"https:\/\/www.gold.fr\/news\/"},{"@type":"ListItem","position":3,"name":"Les origines des ru\u00e9es vers l&rsquo;Or"}]},{"@type":"WebSite","@id":"https:\/\/www.gold.fr\/news\/#website","url":"https:\/\/www.gold.fr\/news\/","name":"Gold.fr","description":"Actualit\u00e9s de l&#039;Or et des m\u00e9taux pr\u00e9cieux","potentialAction":[{"@type":"SearchAction","target":{"@type":"EntryPoint","urlTemplate":"https:\/\/www.gold.fr\/news\/?s={search_term_string}"},"query-input":{"@type":"PropertyValueSpecification","valueRequired":true,"valueName":"search_term_string"}}],"inLanguage":"fr-FR"},{"@type":"Person","@id":"https:\/\/www.gold.fr\/news\/#\/schema\/person\/6a977448ae6ba85f43a46d35fc66f82b","name":"Samy","image":{"@type":"ImageObject","inLanguage":"fr-FR","@id":"https:\/\/secure.gravatar.com\/avatar\/ec3b1ee8da06b98b0d3b7da383393987ae73756a23e0f3ec4c1ea09e0e65804d?s=96&d=mm&r=g9bbe2ee6067d4fa1a1e531a356169f97","url":"https:\/\/secure.gravatar.com\/avatar\/ec3b1ee8da06b98b0d3b7da383393987ae73756a23e0f3ec4c1ea09e0e65804d?s=96&d=mm&r=g","contentUrl":"https:\/\/secure.gravatar.com\/avatar\/ec3b1ee8da06b98b0d3b7da383393987ae73756a23e0f3ec4c1ea09e0e65804d?s=96&d=mm&r=g","caption":"Samy"},"description":"Notre r\u00e9daction est constitu\u00e9e de membres experts dans les m\u00e9tiers de l'\u00e9conomie et la gestion, des Responsables d'agence Comptoir National de l'Or, des analystes financiers qui publient r\u00e9guli\u00e8rement des \u00e9tudes sur les politiques des banques centrales, le cours de l'or, le cours de l'argent, cours du platine, cours du palladium... la situation en zone euro et l'impact de la strat\u00e9gie mon\u00e9taire de la FED. Notre \u00e9quipe scrute \u00e9galement une information plus g\u00e9n\u00e9raliste \u00e0 la recherche d'actualit\u00e9 \"p\u00e9pite\" \u00e0 vous partager. Depuis 5 ans, nous avons publi\u00e9 un peu plus de 4000 articles qui s'adressent \u00e0 un public large et vari\u00e9 ayant pour objectif de satisfaire votre curiosit\u00e9 et de partager avec vous une certaine fascination pour le m\u00e9tal jaune, pour ceux qui veulent investir dans l'or, vendre leur or tout simplement en savoir plus..."}]}},"authors":[{"term_id":2562,"user_id":11,"is_guest":0,"slug":null,"display_name":"Anthony","avatar_url":"https:\/\/secure.gravatar.com\/avatar\/19974f7c75da5f0b217374f3a37eb05031e41aaad4ceb3fe17ada2ab3daf6b95?s=96&d=mm&r=g","0":null,"1":"","2":"","3":"","4":"","5":"","6":"","7":"","8":""}],"_links":{"self":[{"href":"https:\/\/www.gold.fr\/news\/wp-json\/wp\/v2\/posts\/6935","targetHints":{"allow":["GET"]}}],"collection":[{"href":"https:\/\/www.gold.fr\/news\/wp-json\/wp\/v2\/posts"}],"about":[{"href":"https:\/\/www.gold.fr\/news\/wp-json\/wp\/v2\/types\/post"}],"author":[{"embeddable":true,"href":"https:\/\/www.gold.fr\/news\/wp-json\/wp\/v2\/users\/43"}],"replies":[{"embeddable":true,"href":"https:\/\/www.gold.fr\/news\/wp-json\/wp\/v2\/comments?post=6935"}],"version-history":[{"count":0,"href":"https:\/\/www.gold.fr\/news\/wp-json\/wp\/v2\/posts\/6935\/revisions"}],"wp:featuredmedia":[{"embeddable":true,"href":"https:\/\/www.gold.fr\/news\/wp-json\/wp\/v2\/media\/6929"}],"wp:attachment":[{"href":"https:\/\/www.gold.fr\/news\/wp-json\/wp\/v2\/media?parent=6935"}],"wp:term":[{"taxonomy":"category","embeddable":true,"href":"https:\/\/www.gold.fr\/news\/wp-json\/wp\/v2\/categories?post=6935"},{"taxonomy":"post_tag","embeddable":true,"href":"https:\/\/www.gold.fr\/news\/wp-json\/wp\/v2\/tags?post=6935"},{"taxonomy":"author","embeddable":true,"href":"https:\/\/www.gold.fr\/news\/wp-json\/wp\/v2\/ppma_author?post=6935"}],"curies":[{"name":"wp","href":"https:\/\/api.w.org\/{rel}","templated":true}]}}