{"id":6853,"date":"2012-04-16T15:30:37","date_gmt":"2012-04-16T13:30:37","guid":{"rendered":"http:\/\/news.gold.fr\/?p=6853"},"modified":"2021-08-20T16:14:14","modified_gmt":"2021-08-20T14:14:14","slug":"le-comptoir-national-de-lor-part-en-campagne-tv","status":"publish","type":"post","link":"https:\/\/www.gold.fr\/news\/2012\/04\/16\/le-comptoir-national-de-lor-part-en-campagne-tv\/","title":{"rendered":"Le Comptoir National de l\u2019Or part en campagne\u2026 TV !"},"content":{"rendered":"<p style=\"text-align: justify;\"><a href=\"http:\/\/www.youtube.com\/watch?v=pVzT8tHTVRU\" target=\"_blank\" rel=\"noopener noreferrer\"><img loading=\"lazy\" decoding=\"async\" class=\"alignleft size-thumbnail wp-image-6864\" title=\"Campagne-t\u00e9l\u00e9visuelle\" src=\"https:\/\/www.gold.fr\/news\/wp-content\/uploads\/2016\/05\/appli-gold-01.jpg\" alt=\"\" width=\"150\" height=\"150\" align=\"left\" border=\"1\" hspace=\"5\" vspace=\"5\" \/><\/a><span style=\"font-size: small;\"><span style=\"font-family: Verdana;\">Aujourd&rsquo;hui, lundi 16 avril 2012, est \u00e0 marquer dans les annales du Comptoir National de l&rsquo;<a class=\"esk-seo-plu-link\" href=\"https:\/\/www.gold.fr\/news\/tags\/or\">Or<\/a> !<\/span><\/span><\/p>\n<p style=\"text-align: justify;\"><span style=\"font-size: small;\"><span style=\"font-family: Verdana;\">Nous sommes tr\u00e8s heureux de vous annoncez la <strong>diffusion de notre campagne t\u00e9l\u00e9visuelle<\/strong>, d\u00e8s aujourd&rsquo;hui, sur <strong>BFM-TV<\/strong> et <strong>TMC<\/strong>, et \u00e0 partir du 23 avril sur les cha\u00eenes de <strong>France T\u00e9l\u00e9vision<\/strong> (France 2, France 3 et France 5).<\/span><\/span><\/p>\n<p><iframe loading=\"lazy\" src=\"https:\/\/player.vimeo.com\/video\/40411133\" width=\"640\" height=\"360\" frameborder=\"0\" allowfullscreen=\"allowfullscreen\"><\/iframe><\/p>\n<p><a href=\"https:\/\/vimeo.com\/40411133\">Le Comptoir National de l&rsquo;Or &#8211; Gold.fr (Publicit\u00e9 T\u00e9l\u00e9vision 2012)<\/a> from <a href=\"https:\/\/vimeo.com\/comptoirnationaldelor\">Le Comptoir National de l&rsquo;Or<\/a> on <a href=\"https:\/\/vimeo.com\">Vimeo<\/a>.<\/p>\n<p>.<\/p>\n<!-- AddThis Advanced Settings generic via filter on the_content --><!-- AddThis Share Buttons generic via filter on the_content -->","protected":false},"excerpt":{"rendered":"<p>Aujourd&rsquo;hui, lundi 16 avril 2012, est \u00e0 marquer dans les annales du Comptoir National de l&rsquo;Or ! Nous sommes tr\u00e8s heureux de vous annoncez la diffusion de notre campagne t\u00e9l\u00e9visuelle, d\u00e8s aujourd&rsquo;hui, sur BFM-TV et TMC, [&hellip;]<\/p>\n","protected":false},"author":18,"featured_media":6863,"comment_status":"closed","ping_status":"closed","sticky":false,"template":"","format":"standard","meta":{"_mbp_gutenberg_autopost":false,"_pgmb_is_evergreen":false,"_pgmb_ap_template_id":0,"footnotes":""},"categories":[5],"tags":[17,231,76,308,914,912,913,18,464,16],"ppma_author":[2565],"class_list":["post-6853","post","type-post","status-publish","format-standard","has-post-thumbnail","hentry","category-flash-infos","tag-achat-dor","tag-achat-or","tag-or","tag-or-investissement","tag-pub-comptoir-national-de-lor","tag-publicite-comptoir-national-de-lor","tag-spot-tv-comptoir-national-de-lor","tag-vente-dor","tag-vente-or","tag-_comptoirs_"],"yoast_head":"<!-- This site is optimized with the Yoast SEO plugin v27.5 - https:\/\/yoast.com\/product\/yoast-seo-wordpress\/ -->\n<title>Le Comptoir National de l\u2019Or part en campagne\u2026 TV ! - Gold.fr<\/title>\n<meta name=\"description\" content=\"D\u00e9couvrez les campagnes publicitaires du Comptoir National de l&#039;Or. Suivez l&#039;actualit\u00e9 du cours de l&#039;or, cours de l&#039;argent sur Gold\" \/>\n<meta name=\"robots\" content=\"index, follow, max-snippet:-1, max-image-preview:large, max-video-preview:-1\" \/>\n<link rel=\"canonical\" href=\"https:\/\/www.gold.fr\/news\/2012\/04\/16\/le-comptoir-national-de-lor-part-en-campagne-tv\/\" \/>\n<meta property=\"og:locale\" content=\"fr_FR\" \/>\n<meta property=\"og:type\" content=\"article\" \/>\n<meta property=\"og:title\" content=\"Le Comptoir National de l\u2019Or part en campagne\u2026 TV ! - Gold.fr\" \/>\n<meta property=\"og:description\" content=\"D\u00e9couvrez les campagnes publicitaires du Comptoir National de l&#039;Or. Suivez l&#039;actualit\u00e9 du cours de l&#039;or, cours de l&#039;argent sur Gold\" \/>\n<meta property=\"og:url\" content=\"https:\/\/www.gold.fr\/news\/2012\/04\/16\/le-comptoir-national-de-lor-part-en-campagne-tv\/\" \/>\n<meta property=\"og:site_name\" content=\"Gold.fr\" \/>\n<meta property=\"article:publisher\" content=\"https:\/\/www.facebook.com\/Goldfr\/\" \/>\n<meta property=\"article:published_time\" content=\"2012-04-16T13:30:37+00:00\" \/>\n<meta property=\"article:modified_time\" content=\"2021-08-20T14:14:14+00:00\" \/>\n<meta property=\"og:image\" content=\"https:\/\/www.gold.fr\/news\/wp-content\/uploads\/2012\/04\/Campagne-TV.jpg\" \/>\n\t<meta property=\"og:image:width\" content=\"600\" \/>\n\t<meta property=\"og:image:height\" content=\"401\" \/>\n\t<meta property=\"og:image:type\" content=\"image\/jpeg\" \/>\n<meta name=\"author\" content=\"Comptoir National de l&#039;Or\" \/>\n<meta name=\"twitter:card\" content=\"summary_large_image\" \/>\n<meta name=\"twitter:label1\" content=\"\u00c9crit par\" \/>\n\t<meta name=\"twitter:data1\" content=\"Comptoir National de l&#039;Or\" \/>\n<script type=\"application\/ld+json\" class=\"yoast-schema-graph\">{\"@context\":\"https:\\\/\\\/schema.org\",\"@graph\":[{\"@type\":\"Article\",\"@id\":\"https:\\\/\\\/www.gold.fr\\\/news\\\/2012\\\/04\\\/16\\\/le-comptoir-national-de-lor-part-en-campagne-tv\\\/#article\",\"isPartOf\":{\"@id\":\"https:\\\/\\\/www.gold.fr\\\/news\\\/2012\\\/04\\\/16\\\/le-comptoir-national-de-lor-part-en-campagne-tv\\\/\"},\"author\":{\"name\":\"Comptoir National de l'Or\",\"@id\":\"https:\\\/\\\/www.gold.fr\\\/news\\\/#\\\/schema\\\/person\\\/070491b4b4fb7671bf59b3be20302ce9\"},\"headline\":\"Le Comptoir National de l\u2019Or part en campagne\u2026 TV !\",\"datePublished\":\"2012-04-16T13:30:37+00:00\",\"dateModified\":\"2021-08-20T14:14:14+00:00\",\"mainEntityOfPage\":{\"@id\":\"https:\\\/\\\/www.gold.fr\\\/news\\\/2012\\\/04\\\/16\\\/le-comptoir-national-de-lor-part-en-campagne-tv\\\/\"},\"wordCount\":88,\"image\":{\"@id\":\"https:\\\/\\\/www.gold.fr\\\/news\\\/2012\\\/04\\\/16\\\/le-comptoir-national-de-lor-part-en-campagne-tv\\\/#primaryimage\"},\"thumbnailUrl\":\"https:\\\/\\\/www.gold.fr\\\/news\\\/wp-content\\\/uploads\\\/2012\\\/04\\\/Campagne-TV.jpg\",\"keywords\":[\"Achat d'Or\",\"Achat or\",\"Or\",\"Or investissement\",\"pub comptoir national de l'or\",\"publicite comptoir national de l'or\",\"spot tv comptoir national de l'or\",\"Vente d'Or\",\"Vente or\",\"_Comptoirs_\"],\"articleSection\":[\"Flash infos\"],\"inLanguage\":\"fr-FR\"},{\"@type\":\"WebPage\",\"@id\":\"https:\\\/\\\/www.gold.fr\\\/news\\\/2012\\\/04\\\/16\\\/le-comptoir-national-de-lor-part-en-campagne-tv\\\/\",\"url\":\"https:\\\/\\\/www.gold.fr\\\/news\\\/2012\\\/04\\\/16\\\/le-comptoir-national-de-lor-part-en-campagne-tv\\\/\",\"name\":\"Le Comptoir National de l\u2019Or part en campagne\u2026 TV ! - Gold.fr\",\"isPartOf\":{\"@id\":\"https:\\\/\\\/www.gold.fr\\\/news\\\/#website\"},\"primaryImageOfPage\":{\"@id\":\"https:\\\/\\\/www.gold.fr\\\/news\\\/2012\\\/04\\\/16\\\/le-comptoir-national-de-lor-part-en-campagne-tv\\\/#primaryimage\"},\"image\":{\"@id\":\"https:\\\/\\\/www.gold.fr\\\/news\\\/2012\\\/04\\\/16\\\/le-comptoir-national-de-lor-part-en-campagne-tv\\\/#primaryimage\"},\"thumbnailUrl\":\"https:\\\/\\\/www.gold.fr\\\/news\\\/wp-content\\\/uploads\\\/2012\\\/04\\\/Campagne-TV.jpg\",\"datePublished\":\"2012-04-16T13:30:37+00:00\",\"dateModified\":\"2021-08-20T14:14:14+00:00\",\"author\":{\"@id\":\"https:\\\/\\\/www.gold.fr\\\/news\\\/#\\\/schema\\\/person\\\/070491b4b4fb7671bf59b3be20302ce9\"},\"description\":\"D\u00e9couvrez les campagnes publicitaires du Comptoir National de l'Or. Suivez l'actualit\u00e9 du cours de l'or, cours de l'argent sur Gold\",\"breadcrumb\":{\"@id\":\"https:\\\/\\\/www.gold.fr\\\/news\\\/2012\\\/04\\\/16\\\/le-comptoir-national-de-lor-part-en-campagne-tv\\\/#breadcrumb\"},\"inLanguage\":\"fr-FR\",\"potentialAction\":[{\"@type\":\"ReadAction\",\"target\":[\"https:\\\/\\\/www.gold.fr\\\/news\\\/2012\\\/04\\\/16\\\/le-comptoir-national-de-lor-part-en-campagne-tv\\\/\"]}]},{\"@type\":\"ImageObject\",\"inLanguage\":\"fr-FR\",\"@id\":\"https:\\\/\\\/www.gold.fr\\\/news\\\/2012\\\/04\\\/16\\\/le-comptoir-national-de-lor-part-en-campagne-tv\\\/#primaryimage\",\"url\":\"https:\\\/\\\/www.gold.fr\\\/news\\\/wp-content\\\/uploads\\\/2012\\\/04\\\/Campagne-TV.jpg\",\"contentUrl\":\"https:\\\/\\\/www.gold.fr\\\/news\\\/wp-content\\\/uploads\\\/2012\\\/04\\\/Campagne-TV.jpg\",\"width\":\"600\",\"height\":\"401\",\"caption\":\"Campagne-TV\"},{\"@type\":\"BreadcrumbList\",\"@id\":\"https:\\\/\\\/www.gold.fr\\\/news\\\/2012\\\/04\\\/16\\\/le-comptoir-national-de-lor-part-en-campagne-tv\\\/#breadcrumb\",\"itemListElement\":[{\"@type\":\"ListItem\",\"position\":1,\"name\":\"Accueil\",\"item\":\"https:\\\/\\\/www.gold.fr\\\/\"},{\"@type\":\"ListItem\",\"position\":2,\"name\":\"Actualit\u00e9s\",\"item\":\"https:\\\/\\\/www.gold.fr\\\/news\\\/\"},{\"@type\":\"ListItem\",\"position\":3,\"name\":\"Le Comptoir National de l\u2019Or part en campagne\u2026 TV !\"}]},{\"@type\":\"WebSite\",\"@id\":\"https:\\\/\\\/www.gold.fr\\\/news\\\/#website\",\"url\":\"https:\\\/\\\/www.gold.fr\\\/news\\\/\",\"name\":\"Gold.fr\",\"description\":\"Actualit\u00e9s de l&#039;Or et des m\u00e9taux pr\u00e9cieux\",\"potentialAction\":[{\"@type\":\"SearchAction\",\"target\":{\"@type\":\"EntryPoint\",\"urlTemplate\":\"https:\\\/\\\/www.gold.fr\\\/news\\\/?s={search_term_string}\"},\"query-input\":{\"@type\":\"PropertyValueSpecification\",\"valueRequired\":true,\"valueName\":\"search_term_string\"}}],\"inLanguage\":\"fr-FR\"},{\"@type\":\"Person\",\"@id\":\"https:\\\/\\\/www.gold.fr\\\/news\\\/#\\\/schema\\\/person\\\/070491b4b4fb7671bf59b3be20302ce9\",\"name\":\"Comptoir National de l'Or\",\"image\":{\"@type\":\"ImageObject\",\"inLanguage\":\"fr-FR\",\"@id\":\"https:\\\/\\\/secure.gravatar.com\\\/avatar\\\/0a2867fd5abe37bed95d5a65e9d58f01756e11efc68af9888dfc50cfa7f65948?s=96&d=mm&r=gb490554db0a38188709de567aa58480d\",\"url\":\"https:\\\/\\\/secure.gravatar.com\\\/avatar\\\/0a2867fd5abe37bed95d5a65e9d58f01756e11efc68af9888dfc50cfa7f65948?s=96&d=mm&r=g\",\"contentUrl\":\"https:\\\/\\\/secure.gravatar.com\\\/avatar\\\/0a2867fd5abe37bed95d5a65e9d58f01756e11efc68af9888dfc50cfa7f65948?s=96&d=mm&r=g\",\"caption\":\"Comptoir National de l'Or\"},\"description\":\"Notre r\u00e9daction est constitu\u00e9e de membres experts dans les m\u00e9tiers de l'\u00e9conomie et la gestion, des Responsables d'agence Comptoir National de l'Or, des analystes financiers qui publient r\u00e9guli\u00e8rement des \u00e9tudes sur les politiques des banques centrales, le cours de l'or, prix de l'or, cours de l'argent, prix de l'argent, cours du platine, cours du palladium,... la situation en zone euro et l'impact de la strat\u00e9gie mon\u00e9taire de la FED. Notre \u00e9quipe scrute \u00e9galement une information plus g\u00e9n\u00e9raliste \u00e0 la recherche d'actualit\u00e9 \\\"p\u00e9pite\\\" \u00e0 vous partager. Depuis 5 ans, nous avons publi\u00e9 un peu plus de 4000 articles qui s'adressent \u00e0 un public large et vari\u00e9 ayant pour objectif de satisfaire votre curiosit\u00e9 et de partager avec vous une certaine fascination pour le m\u00e9tal jaune, le rachat d'or, et pour ceux qui veulent investir dans l'or, vendre leur or tout simplement en savoir plus... Pour tous vos achat or et argent, n'h\u00e9sitez pas \u00e0 prendre rendez-vous dans l'un de nos nombreux comptoirs.\",\"sameAs\":[\"https:\\\/\\\/www.gold.fr\"]}]}<\/script>\n<!-- \/ Yoast SEO plugin. -->","yoast_head_json":{"title":"Le Comptoir National de l\u2019Or part en campagne\u2026 TV ! - Gold.fr","description":"D\u00e9couvrez les campagnes publicitaires du Comptoir National de l'Or. Suivez l'actualit\u00e9 du cours de l'or, cours de l'argent sur Gold","robots":{"index":"index","follow":"follow","max-snippet":"max-snippet:-1","max-image-preview":"max-image-preview:large","max-video-preview":"max-video-preview:-1"},"canonical":"https:\/\/www.gold.fr\/news\/2012\/04\/16\/le-comptoir-national-de-lor-part-en-campagne-tv\/","og_locale":"fr_FR","og_type":"article","og_title":"Le Comptoir National de l\u2019Or part en campagne\u2026 TV ! - Gold.fr","og_description":"D\u00e9couvrez les campagnes publicitaires du Comptoir National de l'Or. Suivez l'actualit\u00e9 du cours de l'or, cours de l'argent sur Gold","og_url":"https:\/\/www.gold.fr\/news\/2012\/04\/16\/le-comptoir-national-de-lor-part-en-campagne-tv\/","og_site_name":"Gold.fr","article_publisher":"https:\/\/www.facebook.com\/Goldfr\/","article_published_time":"2012-04-16T13:30:37+00:00","article_modified_time":"2021-08-20T14:14:14+00:00","og_image":[{"width":600,"height":401,"url":"https:\/\/www.gold.fr\/news\/wp-content\/uploads\/2012\/04\/Campagne-TV.jpg","type":"image\/jpeg"}],"author":"Comptoir National de l'Or","twitter_card":"summary_large_image","twitter_misc":{"\u00c9crit par":"Comptoir National de l'Or"},"schema":{"@context":"https:\/\/schema.org","@graph":[{"@type":"Article","@id":"https:\/\/www.gold.fr\/news\/2012\/04\/16\/le-comptoir-national-de-lor-part-en-campagne-tv\/#article","isPartOf":{"@id":"https:\/\/www.gold.fr\/news\/2012\/04\/16\/le-comptoir-national-de-lor-part-en-campagne-tv\/"},"author":{"name":"Comptoir National de l'Or","@id":"https:\/\/www.gold.fr\/news\/#\/schema\/person\/070491b4b4fb7671bf59b3be20302ce9"},"headline":"Le Comptoir National de l\u2019Or part en campagne\u2026 TV !","datePublished":"2012-04-16T13:30:37+00:00","dateModified":"2021-08-20T14:14:14+00:00","mainEntityOfPage":{"@id":"https:\/\/www.gold.fr\/news\/2012\/04\/16\/le-comptoir-national-de-lor-part-en-campagne-tv\/"},"wordCount":88,"image":{"@id":"https:\/\/www.gold.fr\/news\/2012\/04\/16\/le-comptoir-national-de-lor-part-en-campagne-tv\/#primaryimage"},"thumbnailUrl":"https:\/\/www.gold.fr\/news\/wp-content\/uploads\/2012\/04\/Campagne-TV.jpg","keywords":["Achat d'Or","Achat or","Or","Or investissement","pub comptoir national de l'or","publicite comptoir national de l'or","spot tv comptoir national de l'or","Vente d'Or","Vente or","_Comptoirs_"],"articleSection":["Flash infos"],"inLanguage":"fr-FR"},{"@type":"WebPage","@id":"https:\/\/www.gold.fr\/news\/2012\/04\/16\/le-comptoir-national-de-lor-part-en-campagne-tv\/","url":"https:\/\/www.gold.fr\/news\/2012\/04\/16\/le-comptoir-national-de-lor-part-en-campagne-tv\/","name":"Le Comptoir National de l\u2019Or part en campagne\u2026 TV ! - Gold.fr","isPartOf":{"@id":"https:\/\/www.gold.fr\/news\/#website"},"primaryImageOfPage":{"@id":"https:\/\/www.gold.fr\/news\/2012\/04\/16\/le-comptoir-national-de-lor-part-en-campagne-tv\/#primaryimage"},"image":{"@id":"https:\/\/www.gold.fr\/news\/2012\/04\/16\/le-comptoir-national-de-lor-part-en-campagne-tv\/#primaryimage"},"thumbnailUrl":"https:\/\/www.gold.fr\/news\/wp-content\/uploads\/2012\/04\/Campagne-TV.jpg","datePublished":"2012-04-16T13:30:37+00:00","dateModified":"2021-08-20T14:14:14+00:00","author":{"@id":"https:\/\/www.gold.fr\/news\/#\/schema\/person\/070491b4b4fb7671bf59b3be20302ce9"},"description":"D\u00e9couvrez les campagnes publicitaires du Comptoir National de l'Or. Suivez l'actualit\u00e9 du cours de l'or, cours de l'argent sur Gold","breadcrumb":{"@id":"https:\/\/www.gold.fr\/news\/2012\/04\/16\/le-comptoir-national-de-lor-part-en-campagne-tv\/#breadcrumb"},"inLanguage":"fr-FR","potentialAction":[{"@type":"ReadAction","target":["https:\/\/www.gold.fr\/news\/2012\/04\/16\/le-comptoir-national-de-lor-part-en-campagne-tv\/"]}]},{"@type":"ImageObject","inLanguage":"fr-FR","@id":"https:\/\/www.gold.fr\/news\/2012\/04\/16\/le-comptoir-national-de-lor-part-en-campagne-tv\/#primaryimage","url":"https:\/\/www.gold.fr\/news\/wp-content\/uploads\/2012\/04\/Campagne-TV.jpg","contentUrl":"https:\/\/www.gold.fr\/news\/wp-content\/uploads\/2012\/04\/Campagne-TV.jpg","width":"600","height":"401","caption":"Campagne-TV"},{"@type":"BreadcrumbList","@id":"https:\/\/www.gold.fr\/news\/2012\/04\/16\/le-comptoir-national-de-lor-part-en-campagne-tv\/#breadcrumb","itemListElement":[{"@type":"ListItem","position":1,"name":"Accueil","item":"https:\/\/www.gold.fr\/"},{"@type":"ListItem","position":2,"name":"Actualit\u00e9s","item":"https:\/\/www.gold.fr\/news\/"},{"@type":"ListItem","position":3,"name":"Le Comptoir National de l\u2019Or part en campagne\u2026 TV !"}]},{"@type":"WebSite","@id":"https:\/\/www.gold.fr\/news\/#website","url":"https:\/\/www.gold.fr\/news\/","name":"Gold.fr","description":"Actualit\u00e9s de l&#039;Or et des m\u00e9taux pr\u00e9cieux","potentialAction":[{"@type":"SearchAction","target":{"@type":"EntryPoint","urlTemplate":"https:\/\/www.gold.fr\/news\/?s={search_term_string}"},"query-input":{"@type":"PropertyValueSpecification","valueRequired":true,"valueName":"search_term_string"}}],"inLanguage":"fr-FR"},{"@type":"Person","@id":"https:\/\/www.gold.fr\/news\/#\/schema\/person\/070491b4b4fb7671bf59b3be20302ce9","name":"Comptoir National de l'Or","image":{"@type":"ImageObject","inLanguage":"fr-FR","@id":"https:\/\/secure.gravatar.com\/avatar\/0a2867fd5abe37bed95d5a65e9d58f01756e11efc68af9888dfc50cfa7f65948?s=96&d=mm&r=gb490554db0a38188709de567aa58480d","url":"https:\/\/secure.gravatar.com\/avatar\/0a2867fd5abe37bed95d5a65e9d58f01756e11efc68af9888dfc50cfa7f65948?s=96&d=mm&r=g","contentUrl":"https:\/\/secure.gravatar.com\/avatar\/0a2867fd5abe37bed95d5a65e9d58f01756e11efc68af9888dfc50cfa7f65948?s=96&d=mm&r=g","caption":"Comptoir National de l'Or"},"description":"Notre r\u00e9daction est constitu\u00e9e de membres experts dans les m\u00e9tiers de l'\u00e9conomie et la gestion, des Responsables d'agence Comptoir National de l'Or, des analystes financiers qui publient r\u00e9guli\u00e8rement des \u00e9tudes sur les politiques des banques centrales, le cours de l'or, prix de l'or, cours de l'argent, prix de l'argent, cours du platine, cours du palladium,... la situation en zone euro et l'impact de la strat\u00e9gie mon\u00e9taire de la FED. Notre \u00e9quipe scrute \u00e9galement une information plus g\u00e9n\u00e9raliste \u00e0 la recherche d'actualit\u00e9 \"p\u00e9pite\" \u00e0 vous partager. Depuis 5 ans, nous avons publi\u00e9 un peu plus de 4000 articles qui s'adressent \u00e0 un public large et vari\u00e9 ayant pour objectif de satisfaire votre curiosit\u00e9 et de partager avec vous une certaine fascination pour le m\u00e9tal jaune, le rachat d'or, et pour ceux qui veulent investir dans l'or, vendre leur or tout simplement en savoir plus... Pour tous vos achat or et argent, n'h\u00e9sitez pas \u00e0 prendre rendez-vous dans l'un de nos nombreux comptoirs.","sameAs":["https:\/\/www.gold.fr"]}]}},"authors":[{"term_id":2565,"user_id":18,"is_guest":0,"slug":"julie","display_name":"Comptoir National de l'Or","avatar_url":"https:\/\/secure.gravatar.com\/avatar\/713f289e398d35ead876c4a4cc08607f0d6d266058cfc25683fffb6092d0e572?s=96&d=mm&r=g","0":null,"1":"","2":"","3":"","4":"","5":"","6":"","7":"","8":""}],"_links":{"self":[{"href":"https:\/\/www.gold.fr\/news\/wp-json\/wp\/v2\/posts\/6853","targetHints":{"allow":["GET"]}}],"collection":[{"href":"https:\/\/www.gold.fr\/news\/wp-json\/wp\/v2\/posts"}],"about":[{"href":"https:\/\/www.gold.fr\/news\/wp-json\/wp\/v2\/types\/post"}],"author":[{"embeddable":true,"href":"https:\/\/www.gold.fr\/news\/wp-json\/wp\/v2\/users\/18"}],"replies":[{"embeddable":true,"href":"https:\/\/www.gold.fr\/news\/wp-json\/wp\/v2\/comments?post=6853"}],"version-history":[{"count":0,"href":"https:\/\/www.gold.fr\/news\/wp-json\/wp\/v2\/posts\/6853\/revisions"}],"wp:featuredmedia":[{"embeddable":true,"href":"https:\/\/www.gold.fr\/news\/wp-json\/wp\/v2\/media\/6863"}],"wp:attachment":[{"href":"https:\/\/www.gold.fr\/news\/wp-json\/wp\/v2\/media?parent=6853"}],"wp:term":[{"taxonomy":"category","embeddable":true,"href":"https:\/\/www.gold.fr\/news\/wp-json\/wp\/v2\/categories?post=6853"},{"taxonomy":"post_tag","embeddable":true,"href":"https:\/\/www.gold.fr\/news\/wp-json\/wp\/v2\/tags?post=6853"},{"taxonomy":"author","embeddable":true,"href":"https:\/\/www.gold.fr\/news\/wp-json\/wp\/v2\/ppma_author?post=6853"}],"curies":[{"name":"wp","href":"https:\/\/api.w.org\/{rel}","templated":true}]}}