{"id":6482,"date":"2012-03-21T19:28:15","date_gmt":"2012-03-21T18:28:15","guid":{"rendered":"http:\/\/news.gold.fr\/?p=6482"},"modified":"2020-06-26T11:18:24","modified_gmt":"2020-06-26T09:18:24","slug":"cours-de-lor-de-bourse-mercredi-21-mars-2012","status":"publish","type":"post","link":"https:\/\/www.gold.fr\/news\/2012\/03\/21\/cours-de-lor-de-bourse-mercredi-21-mars-2012\/","title":{"rendered":"Cours de l&rsquo;or de Bourse \u2013 mercredi 21 mars 2012"},"content":{"rendered":"<p style=\"text-align: justify;\"><a href=\"http:\/\/news.gold.fr\/wp-content\/uploads\/2012\/01\/cours-de-lor1.jpg\"><img loading=\"lazy\" decoding=\"async\" class=\"alignleft size-thumbnail wp-image-5155\" title=\"cours-de-l'or\" src=\"http:\/\/news.gold.fr\/wp-content\/uploads\/2012\/01\/cours-de-lor1-150x150.jpg\" alt=\"\" width=\"150\" height=\"150\" align=\"left\" border=\"1\" hspace=\"5\" vspace=\"5\" \/><\/a><span style=\"font-size: small;\"><span style=\"font-family: Verdana;\"><span style=\"text-align: justify;\">C&rsquo;est peut \u00eatre le d\u00e9but de la reprise anticip\u00e9e par les analystes et professionnels des m\u00e9taux pr\u00e9cieux. Le m\u00e9tal jaune reprend enfin un peu de couleurs. Il est encore trop t\u00f4t pour annoncer <strong>une r\u00e9elle convalescence<\/strong>, mais l&rsquo;optimisme est de rigueur et <strong>l&rsquo;<a class=\"esk-seo-plu-link\" href=\"https:\/\/www.gold.fr\/news\/tags\/or\">or<\/a><\/strong> est en bonne voie de reprendre sa hausse. \u00a0<\/span><br style=\"font-family: Arial, Helvetica, sans-serif; text-align: justify;\" \/><br \/>\n<\/span><\/span><\/p>\n<p><span style=\"text-align: justify;\"><a href=\"http:\/\/news.gold.fr\/2012\/03\/20\/cours-de-lor-de-bourse-mardi-20-mars-2012\/6454\/\">La s\u00e9ance de la veille<\/a> avait \u00e9t\u00e9 cl\u00f4tur\u00e9e avec un cours d\u00e9j\u00e0 encourageant de 1 650 dollars <a href=\"https:\/\/www.gold.fr\/once-en\/\">l&rsquo;once<\/a>. Un net progr\u00e8s par rapport aux cours tr\u00e8s stagnants de la semaine derni\u00e8re. La s\u00e9ance de ce mercredi 21 mars 2012 s&rsquo;ouvre donc sur un nouveau regain d&rsquo;espoir, avec un prix de 1 656.0 dollars pour <strong>chaque once d&rsquo;<a class=\"esk-seo-plu-link\" href=\"https:\/\/www.gold.fr\/news\/tags\/or\">or<\/a><\/strong>. \u00a0<\/span><\/p>\n<p><span style=\"text-align: justify;\">L&rsquo;\u00e9volution du jour est positive (+0,14%), et elle m\u00e8ne le m\u00e9tal jaune \u00e0 un cours honorable de <strong>1 652.30 dollars l&rsquo;once<\/strong>.<\/span><\/p>\n<!-- AddThis Advanced Settings generic via filter on the_content --><!-- AddThis Share Buttons generic via filter on the_content -->","protected":false},"excerpt":{"rendered":"<p>C&rsquo;est peut \u00eatre le d\u00e9but de la reprise anticip\u00e9e par les analystes et professionnels des m\u00e9taux pr\u00e9cieux. Le m\u00e9tal jaune reprend enfin un peu de couleurs. Il est encore trop t\u00f4t pour annoncer une r\u00e9elle convalescence, [&hellip;]<\/p>\n","protected":false},"author":18,"featured_media":4858,"comment_status":"closed","ping_status":"closed","sticky":false,"template":"","format":"standard","meta":{"_mbp_gutenberg_autopost":false,"_pgmb_is_evergreen":false,"_pgmb_ap_template_id":0,"footnotes":""},"categories":[5],"tags":[85,76,84],"ppma_author":[2565],"class_list":["post-6482","post","type-post","status-publish","format-standard","has-post-thumbnail","hentry","category-flash-infos","tag-once-dor","tag-or","tag-cours-de-lor"],"yoast_head":"<!-- This site is optimized with the Yoast SEO plugin v27.5 - https:\/\/yoast.com\/product\/yoast-seo-wordpress\/ -->\n<title>Cours de l&#039;or de Bourse \u2013 mercredi 21 mars 2012 - Gold.fr<\/title>\n<meta name=\"description\" content=\"C&#039;est peut \u00eatre le d\u00e9but de la reprise anticip\u00e9e par les analystes et professionnels des m\u00e9taux pr\u00e9cieux Cours de l\u2019or de Bourse Prix\" \/>\n<meta name=\"robots\" content=\"index, follow, max-snippet:-1, max-image-preview:large, max-video-preview:-1\" \/>\n<link rel=\"canonical\" href=\"https:\/\/www.gold.fr\/news\/2012\/03\/21\/cours-de-lor-de-bourse-mercredi-21-mars-2012\/\" \/>\n<meta property=\"og:locale\" content=\"fr_FR\" \/>\n<meta property=\"og:type\" content=\"article\" \/>\n<meta property=\"og:title\" content=\"Cours de l&#039;or de Bourse \u2013 mercredi 21 mars 2012 - Gold.fr\" \/>\n<meta property=\"og:description\" content=\"C&#039;est peut \u00eatre le d\u00e9but de la reprise anticip\u00e9e par les analystes et professionnels des m\u00e9taux pr\u00e9cieux Cours de l\u2019or de Bourse Prix\" \/>\n<meta property=\"og:url\" content=\"https:\/\/www.gold.fr\/news\/2012\/03\/21\/cours-de-lor-de-bourse-mercredi-21-mars-2012\/\" \/>\n<meta property=\"og:site_name\" content=\"Gold.fr\" \/>\n<meta property=\"article:publisher\" content=\"https:\/\/www.facebook.com\/Goldfr\/\" \/>\n<meta property=\"article:published_time\" content=\"2012-03-21T18:28:15+00:00\" \/>\n<meta property=\"article:modified_time\" content=\"2020-06-26T09:18:24+00:00\" \/>\n<meta property=\"og:image\" content=\"https:\/\/www.gold.fr\/news\/wp-content\/uploads\/2012\/01\/cours-de-lor.jpg\" \/>\n\t<meta property=\"og:image:width\" content=\"600\" \/>\n\t<meta property=\"og:image:height\" content=\"400\" \/>\n\t<meta property=\"og:image:type\" content=\"image\/jpeg\" \/>\n<meta name=\"author\" content=\"Comptoir National de l&#039;Or\" \/>\n<meta name=\"twitter:card\" content=\"summary_large_image\" \/>\n<meta name=\"twitter:label1\" content=\"\u00c9crit par\" \/>\n\t<meta name=\"twitter:data1\" content=\"Comptoir National de l&#039;Or\" \/>\n\t<meta name=\"twitter:label2\" content=\"Dur\u00e9e de lecture estim\u00e9e\" \/>\n\t<meta name=\"twitter:data2\" content=\"1 minute\" \/>\n<script type=\"application\/ld+json\" class=\"yoast-schema-graph\">{\"@context\":\"https:\\\/\\\/schema.org\",\"@graph\":[{\"@type\":\"Article\",\"@id\":\"https:\\\/\\\/www.gold.fr\\\/news\\\/2012\\\/03\\\/21\\\/cours-de-lor-de-bourse-mercredi-21-mars-2012\\\/#article\",\"isPartOf\":{\"@id\":\"https:\\\/\\\/www.gold.fr\\\/news\\\/2012\\\/03\\\/21\\\/cours-de-lor-de-bourse-mercredi-21-mars-2012\\\/\"},\"author\":{\"name\":\"Comptoir National de l'Or\",\"@id\":\"https:\\\/\\\/www.gold.fr\\\/news\\\/#\\\/schema\\\/person\\\/070491b4b4fb7671bf59b3be20302ce9\"},\"headline\":\"Cours de l&rsquo;or de Bourse \u2013 mercredi 21 mars 2012\",\"datePublished\":\"2012-03-21T18:28:15+00:00\",\"dateModified\":\"2020-06-26T09:18:24+00:00\",\"mainEntityOfPage\":{\"@id\":\"https:\\\/\\\/www.gold.fr\\\/news\\\/2012\\\/03\\\/21\\\/cours-de-lor-de-bourse-mercredi-21-mars-2012\\\/\"},\"wordCount\":153,\"image\":{\"@id\":\"https:\\\/\\\/www.gold.fr\\\/news\\\/2012\\\/03\\\/21\\\/cours-de-lor-de-bourse-mercredi-21-mars-2012\\\/#primaryimage\"},\"thumbnailUrl\":\"https:\\\/\\\/www.gold.fr\\\/news\\\/wp-content\\\/uploads\\\/2012\\\/01\\\/cours-de-lor.jpg\",\"keywords\":[\"once d'or\",\"Or\",\"Tout Cours de l'Or\"],\"articleSection\":[\"Flash infos\"],\"inLanguage\":\"fr-FR\"},{\"@type\":\"WebPage\",\"@id\":\"https:\\\/\\\/www.gold.fr\\\/news\\\/2012\\\/03\\\/21\\\/cours-de-lor-de-bourse-mercredi-21-mars-2012\\\/\",\"url\":\"https:\\\/\\\/www.gold.fr\\\/news\\\/2012\\\/03\\\/21\\\/cours-de-lor-de-bourse-mercredi-21-mars-2012\\\/\",\"name\":\"Cours de l'or de Bourse \u2013 mercredi 21 mars 2012 - Gold.fr\",\"isPartOf\":{\"@id\":\"https:\\\/\\\/www.gold.fr\\\/news\\\/#website\"},\"primaryImageOfPage\":{\"@id\":\"https:\\\/\\\/www.gold.fr\\\/news\\\/2012\\\/03\\\/21\\\/cours-de-lor-de-bourse-mercredi-21-mars-2012\\\/#primaryimage\"},\"image\":{\"@id\":\"https:\\\/\\\/www.gold.fr\\\/news\\\/2012\\\/03\\\/21\\\/cours-de-lor-de-bourse-mercredi-21-mars-2012\\\/#primaryimage\"},\"thumbnailUrl\":\"https:\\\/\\\/www.gold.fr\\\/news\\\/wp-content\\\/uploads\\\/2012\\\/01\\\/cours-de-lor.jpg\",\"datePublished\":\"2012-03-21T18:28:15+00:00\",\"dateModified\":\"2020-06-26T09:18:24+00:00\",\"author\":{\"@id\":\"https:\\\/\\\/www.gold.fr\\\/news\\\/#\\\/schema\\\/person\\\/070491b4b4fb7671bf59b3be20302ce9\"},\"description\":\"C'est peut \u00eatre le d\u00e9but de la reprise anticip\u00e9e par les analystes et professionnels des m\u00e9taux pr\u00e9cieux Cours de l\u2019or de Bourse Prix\",\"breadcrumb\":{\"@id\":\"https:\\\/\\\/www.gold.fr\\\/news\\\/2012\\\/03\\\/21\\\/cours-de-lor-de-bourse-mercredi-21-mars-2012\\\/#breadcrumb\"},\"inLanguage\":\"fr-FR\",\"potentialAction\":[{\"@type\":\"ReadAction\",\"target\":[\"https:\\\/\\\/www.gold.fr\\\/news\\\/2012\\\/03\\\/21\\\/cours-de-lor-de-bourse-mercredi-21-mars-2012\\\/\"]}]},{\"@type\":\"ImageObject\",\"inLanguage\":\"fr-FR\",\"@id\":\"https:\\\/\\\/www.gold.fr\\\/news\\\/2012\\\/03\\\/21\\\/cours-de-lor-de-bourse-mercredi-21-mars-2012\\\/#primaryimage\",\"url\":\"https:\\\/\\\/www.gold.fr\\\/news\\\/wp-content\\\/uploads\\\/2012\\\/01\\\/cours-de-lor.jpg\",\"contentUrl\":\"https:\\\/\\\/www.gold.fr\\\/news\\\/wp-content\\\/uploads\\\/2012\\\/01\\\/cours-de-lor.jpg\",\"width\":\"600\",\"height\":\"400\",\"caption\":\"D\u00e9but de mois en \u00e9quilibre pour l\u2019once d\u2019or\"},{\"@type\":\"BreadcrumbList\",\"@id\":\"https:\\\/\\\/www.gold.fr\\\/news\\\/2012\\\/03\\\/21\\\/cours-de-lor-de-bourse-mercredi-21-mars-2012\\\/#breadcrumb\",\"itemListElement\":[{\"@type\":\"ListItem\",\"position\":1,\"name\":\"Accueil\",\"item\":\"https:\\\/\\\/www.gold.fr\\\/\"},{\"@type\":\"ListItem\",\"position\":2,\"name\":\"Actualit\u00e9s\",\"item\":\"https:\\\/\\\/www.gold.fr\\\/news\\\/\"},{\"@type\":\"ListItem\",\"position\":3,\"name\":\"Cours de l&rsquo;or de Bourse \u2013 mercredi 21 mars 2012\"}]},{\"@type\":\"WebSite\",\"@id\":\"https:\\\/\\\/www.gold.fr\\\/news\\\/#website\",\"url\":\"https:\\\/\\\/www.gold.fr\\\/news\\\/\",\"name\":\"Gold.fr\",\"description\":\"Actualit\u00e9s de l&#039;Or et des m\u00e9taux pr\u00e9cieux\",\"potentialAction\":[{\"@type\":\"SearchAction\",\"target\":{\"@type\":\"EntryPoint\",\"urlTemplate\":\"https:\\\/\\\/www.gold.fr\\\/news\\\/?s={search_term_string}\"},\"query-input\":{\"@type\":\"PropertyValueSpecification\",\"valueRequired\":true,\"valueName\":\"search_term_string\"}}],\"inLanguage\":\"fr-FR\"},{\"@type\":\"Person\",\"@id\":\"https:\\\/\\\/www.gold.fr\\\/news\\\/#\\\/schema\\\/person\\\/070491b4b4fb7671bf59b3be20302ce9\",\"name\":\"Comptoir National de l'Or\",\"image\":{\"@type\":\"ImageObject\",\"inLanguage\":\"fr-FR\",\"@id\":\"https:\\\/\\\/secure.gravatar.com\\\/avatar\\\/0a2867fd5abe37bed95d5a65e9d58f01756e11efc68af9888dfc50cfa7f65948?s=96&d=mm&r=gb490554db0a38188709de567aa58480d\",\"url\":\"https:\\\/\\\/secure.gravatar.com\\\/avatar\\\/0a2867fd5abe37bed95d5a65e9d58f01756e11efc68af9888dfc50cfa7f65948?s=96&d=mm&r=g\",\"contentUrl\":\"https:\\\/\\\/secure.gravatar.com\\\/avatar\\\/0a2867fd5abe37bed95d5a65e9d58f01756e11efc68af9888dfc50cfa7f65948?s=96&d=mm&r=g\",\"caption\":\"Comptoir National de l'Or\"},\"description\":\"Notre r\u00e9daction est constitu\u00e9e de membres experts dans les m\u00e9tiers de l'\u00e9conomie et la gestion, des Responsables d'agence Comptoir National de l'Or, des analystes financiers qui publient r\u00e9guli\u00e8rement des \u00e9tudes sur les politiques des banques centrales, le cours de l'or, prix de l'or, cours de l'argent, prix de l'argent, cours du platine, cours du palladium,... la situation en zone euro et l'impact de la strat\u00e9gie mon\u00e9taire de la FED. Notre \u00e9quipe scrute \u00e9galement une information plus g\u00e9n\u00e9raliste \u00e0 la recherche d'actualit\u00e9 \\\"p\u00e9pite\\\" \u00e0 vous partager. Depuis 5 ans, nous avons publi\u00e9 un peu plus de 4000 articles qui s'adressent \u00e0 un public large et vari\u00e9 ayant pour objectif de satisfaire votre curiosit\u00e9 et de partager avec vous une certaine fascination pour le m\u00e9tal jaune, le rachat d'or, et pour ceux qui veulent investir dans l'or, vendre leur or tout simplement en savoir plus... Pour tous vos achat or et argent, n'h\u00e9sitez pas \u00e0 prendre rendez-vous dans l'un de nos nombreux comptoirs.\",\"sameAs\":[\"https:\\\/\\\/www.gold.fr\"]}]}<\/script>\n<!-- \/ Yoast SEO plugin. -->","yoast_head_json":{"title":"Cours de l'or de Bourse \u2013 mercredi 21 mars 2012 - Gold.fr","description":"C'est peut \u00eatre le d\u00e9but de la reprise anticip\u00e9e par les analystes et professionnels des m\u00e9taux pr\u00e9cieux Cours de l\u2019or de Bourse Prix","robots":{"index":"index","follow":"follow","max-snippet":"max-snippet:-1","max-image-preview":"max-image-preview:large","max-video-preview":"max-video-preview:-1"},"canonical":"https:\/\/www.gold.fr\/news\/2012\/03\/21\/cours-de-lor-de-bourse-mercredi-21-mars-2012\/","og_locale":"fr_FR","og_type":"article","og_title":"Cours de l'or de Bourse \u2013 mercredi 21 mars 2012 - Gold.fr","og_description":"C'est peut \u00eatre le d\u00e9but de la reprise anticip\u00e9e par les analystes et professionnels des m\u00e9taux pr\u00e9cieux Cours de l\u2019or de Bourse Prix","og_url":"https:\/\/www.gold.fr\/news\/2012\/03\/21\/cours-de-lor-de-bourse-mercredi-21-mars-2012\/","og_site_name":"Gold.fr","article_publisher":"https:\/\/www.facebook.com\/Goldfr\/","article_published_time":"2012-03-21T18:28:15+00:00","article_modified_time":"2020-06-26T09:18:24+00:00","og_image":[{"width":600,"height":400,"url":"https:\/\/www.gold.fr\/news\/wp-content\/uploads\/2012\/01\/cours-de-lor.jpg","type":"image\/jpeg"}],"author":"Comptoir National de l'Or","twitter_card":"summary_large_image","twitter_misc":{"\u00c9crit par":"Comptoir National de l'Or","Dur\u00e9e de lecture estim\u00e9e":"1 minute"},"schema":{"@context":"https:\/\/schema.org","@graph":[{"@type":"Article","@id":"https:\/\/www.gold.fr\/news\/2012\/03\/21\/cours-de-lor-de-bourse-mercredi-21-mars-2012\/#article","isPartOf":{"@id":"https:\/\/www.gold.fr\/news\/2012\/03\/21\/cours-de-lor-de-bourse-mercredi-21-mars-2012\/"},"author":{"name":"Comptoir National de l'Or","@id":"https:\/\/www.gold.fr\/news\/#\/schema\/person\/070491b4b4fb7671bf59b3be20302ce9"},"headline":"Cours de l&rsquo;or de Bourse \u2013 mercredi 21 mars 2012","datePublished":"2012-03-21T18:28:15+00:00","dateModified":"2020-06-26T09:18:24+00:00","mainEntityOfPage":{"@id":"https:\/\/www.gold.fr\/news\/2012\/03\/21\/cours-de-lor-de-bourse-mercredi-21-mars-2012\/"},"wordCount":153,"image":{"@id":"https:\/\/www.gold.fr\/news\/2012\/03\/21\/cours-de-lor-de-bourse-mercredi-21-mars-2012\/#primaryimage"},"thumbnailUrl":"https:\/\/www.gold.fr\/news\/wp-content\/uploads\/2012\/01\/cours-de-lor.jpg","keywords":["once d'or","Or","Tout Cours de l'Or"],"articleSection":["Flash infos"],"inLanguage":"fr-FR"},{"@type":"WebPage","@id":"https:\/\/www.gold.fr\/news\/2012\/03\/21\/cours-de-lor-de-bourse-mercredi-21-mars-2012\/","url":"https:\/\/www.gold.fr\/news\/2012\/03\/21\/cours-de-lor-de-bourse-mercredi-21-mars-2012\/","name":"Cours de l'or de Bourse \u2013 mercredi 21 mars 2012 - Gold.fr","isPartOf":{"@id":"https:\/\/www.gold.fr\/news\/#website"},"primaryImageOfPage":{"@id":"https:\/\/www.gold.fr\/news\/2012\/03\/21\/cours-de-lor-de-bourse-mercredi-21-mars-2012\/#primaryimage"},"image":{"@id":"https:\/\/www.gold.fr\/news\/2012\/03\/21\/cours-de-lor-de-bourse-mercredi-21-mars-2012\/#primaryimage"},"thumbnailUrl":"https:\/\/www.gold.fr\/news\/wp-content\/uploads\/2012\/01\/cours-de-lor.jpg","datePublished":"2012-03-21T18:28:15+00:00","dateModified":"2020-06-26T09:18:24+00:00","author":{"@id":"https:\/\/www.gold.fr\/news\/#\/schema\/person\/070491b4b4fb7671bf59b3be20302ce9"},"description":"C'est peut \u00eatre le d\u00e9but de la reprise anticip\u00e9e par les analystes et professionnels des m\u00e9taux pr\u00e9cieux Cours de l\u2019or de Bourse Prix","breadcrumb":{"@id":"https:\/\/www.gold.fr\/news\/2012\/03\/21\/cours-de-lor-de-bourse-mercredi-21-mars-2012\/#breadcrumb"},"inLanguage":"fr-FR","potentialAction":[{"@type":"ReadAction","target":["https:\/\/www.gold.fr\/news\/2012\/03\/21\/cours-de-lor-de-bourse-mercredi-21-mars-2012\/"]}]},{"@type":"ImageObject","inLanguage":"fr-FR","@id":"https:\/\/www.gold.fr\/news\/2012\/03\/21\/cours-de-lor-de-bourse-mercredi-21-mars-2012\/#primaryimage","url":"https:\/\/www.gold.fr\/news\/wp-content\/uploads\/2012\/01\/cours-de-lor.jpg","contentUrl":"https:\/\/www.gold.fr\/news\/wp-content\/uploads\/2012\/01\/cours-de-lor.jpg","width":"600","height":"400","caption":"D\u00e9but de mois en \u00e9quilibre pour l\u2019once d\u2019or"},{"@type":"BreadcrumbList","@id":"https:\/\/www.gold.fr\/news\/2012\/03\/21\/cours-de-lor-de-bourse-mercredi-21-mars-2012\/#breadcrumb","itemListElement":[{"@type":"ListItem","position":1,"name":"Accueil","item":"https:\/\/www.gold.fr\/"},{"@type":"ListItem","position":2,"name":"Actualit\u00e9s","item":"https:\/\/www.gold.fr\/news\/"},{"@type":"ListItem","position":3,"name":"Cours de l&rsquo;or de Bourse \u2013 mercredi 21 mars 2012"}]},{"@type":"WebSite","@id":"https:\/\/www.gold.fr\/news\/#website","url":"https:\/\/www.gold.fr\/news\/","name":"Gold.fr","description":"Actualit\u00e9s de l&#039;Or et des m\u00e9taux pr\u00e9cieux","potentialAction":[{"@type":"SearchAction","target":{"@type":"EntryPoint","urlTemplate":"https:\/\/www.gold.fr\/news\/?s={search_term_string}"},"query-input":{"@type":"PropertyValueSpecification","valueRequired":true,"valueName":"search_term_string"}}],"inLanguage":"fr-FR"},{"@type":"Person","@id":"https:\/\/www.gold.fr\/news\/#\/schema\/person\/070491b4b4fb7671bf59b3be20302ce9","name":"Comptoir National de l'Or","image":{"@type":"ImageObject","inLanguage":"fr-FR","@id":"https:\/\/secure.gravatar.com\/avatar\/0a2867fd5abe37bed95d5a65e9d58f01756e11efc68af9888dfc50cfa7f65948?s=96&d=mm&r=gb490554db0a38188709de567aa58480d","url":"https:\/\/secure.gravatar.com\/avatar\/0a2867fd5abe37bed95d5a65e9d58f01756e11efc68af9888dfc50cfa7f65948?s=96&d=mm&r=g","contentUrl":"https:\/\/secure.gravatar.com\/avatar\/0a2867fd5abe37bed95d5a65e9d58f01756e11efc68af9888dfc50cfa7f65948?s=96&d=mm&r=g","caption":"Comptoir National de l'Or"},"description":"Notre r\u00e9daction est constitu\u00e9e de membres experts dans les m\u00e9tiers de l'\u00e9conomie et la gestion, des Responsables d'agence Comptoir National de l'Or, des analystes financiers qui publient r\u00e9guli\u00e8rement des \u00e9tudes sur les politiques des banques centrales, le cours de l'or, prix de l'or, cours de l'argent, prix de l'argent, cours du platine, cours du palladium,... la situation en zone euro et l'impact de la strat\u00e9gie mon\u00e9taire de la FED. Notre \u00e9quipe scrute \u00e9galement une information plus g\u00e9n\u00e9raliste \u00e0 la recherche d'actualit\u00e9 \"p\u00e9pite\" \u00e0 vous partager. Depuis 5 ans, nous avons publi\u00e9 un peu plus de 4000 articles qui s'adressent \u00e0 un public large et vari\u00e9 ayant pour objectif de satisfaire votre curiosit\u00e9 et de partager avec vous une certaine fascination pour le m\u00e9tal jaune, le rachat d'or, et pour ceux qui veulent investir dans l'or, vendre leur or tout simplement en savoir plus... Pour tous vos achat or et argent, n'h\u00e9sitez pas \u00e0 prendre rendez-vous dans l'un de nos nombreux comptoirs.","sameAs":["https:\/\/www.gold.fr"]}]}},"authors":[{"term_id":2565,"user_id":18,"is_guest":0,"slug":"julie","display_name":"Comptoir National de l'Or","avatar_url":"https:\/\/secure.gravatar.com\/avatar\/713f289e398d35ead876c4a4cc08607f0d6d266058cfc25683fffb6092d0e572?s=96&d=mm&r=g","0":null,"1":"","2":"","3":"","4":"","5":"","6":"","7":"","8":""}],"_links":{"self":[{"href":"https:\/\/www.gold.fr\/news\/wp-json\/wp\/v2\/posts\/6482","targetHints":{"allow":["GET"]}}],"collection":[{"href":"https:\/\/www.gold.fr\/news\/wp-json\/wp\/v2\/posts"}],"about":[{"href":"https:\/\/www.gold.fr\/news\/wp-json\/wp\/v2\/types\/post"}],"author":[{"embeddable":true,"href":"https:\/\/www.gold.fr\/news\/wp-json\/wp\/v2\/users\/18"}],"replies":[{"embeddable":true,"href":"https:\/\/www.gold.fr\/news\/wp-json\/wp\/v2\/comments?post=6482"}],"version-history":[{"count":0,"href":"https:\/\/www.gold.fr\/news\/wp-json\/wp\/v2\/posts\/6482\/revisions"}],"wp:featuredmedia":[{"embeddable":true,"href":"https:\/\/www.gold.fr\/news\/wp-json\/wp\/v2\/media\/4858"}],"wp:attachment":[{"href":"https:\/\/www.gold.fr\/news\/wp-json\/wp\/v2\/media?parent=6482"}],"wp:term":[{"taxonomy":"category","embeddable":true,"href":"https:\/\/www.gold.fr\/news\/wp-json\/wp\/v2\/categories?post=6482"},{"taxonomy":"post_tag","embeddable":true,"href":"https:\/\/www.gold.fr\/news\/wp-json\/wp\/v2\/tags?post=6482"},{"taxonomy":"author","embeddable":true,"href":"https:\/\/www.gold.fr\/news\/wp-json\/wp\/v2\/ppma_author?post=6482"}],"curies":[{"name":"wp","href":"https:\/\/api.w.org\/{rel}","templated":true}]}}