{"id":6445,"date":"2012-03-20T09:00:29","date_gmt":"2012-03-20T08:00:29","guid":{"rendered":"http:\/\/news.gold.fr\/?p=6445"},"modified":"2020-06-25T15:29:51","modified_gmt":"2020-06-25T13:29:51","slug":"acheter-de-lor-que-preferent-les-francais","status":"publish","type":"post","link":"https:\/\/www.gold.fr\/news\/2012\/03\/20\/acheter-de-lor-que-preferent-les-francais\/","title":{"rendered":"Acheter de l\u2019or \u2013 Que pr\u00e9f\u00e8rent les fran\u00e7ais ?"},"content":{"rendered":"<p style=\"text-align: justify;\"><a href=\"http:\/\/news.gold.fr\/wp-content\/uploads\/2012\/03\/trashgold.jpg\"><img loading=\"lazy\" decoding=\"async\" class=\"alignleft size-thumbnail wp-image-6447\" title=\"trashgold\" src=\"http:\/\/news.gold.fr\/wp-content\/uploads\/2012\/03\/trashgold-150x150.jpg\" alt=\"\" width=\"150\" height=\"150\" align=\"left\" border=\"1\" hspace=\"5\" vspace=\"5\" \/><\/a><span style=\"font-size: small;\"><span style=\"font-family: Verdana;\"><span style=\"text-align: justify;\">Il faut croire que les fran\u00e7ais ont une nette pr\u00e9f\u00e9rence pour le \u00ab\u00a0concret\u00a0\u00bb. Avec une majorit\u00e9 \u00e9crasante de l\u2019ordre de 34%, les fran\u00e7ais sond\u00e9s privil\u00e9gient clairement <strong>l&rsquo;<a class=\"esk-seo-plu-link\" href=\"https:\/\/www.gold.fr\/news\/tags\/or\">or<\/a> physique<\/strong>. Il est suivi de loin par les bijoux (avec 11%), puis les pi\u00e8ces de monnaie de collection (9%). L&rsquo;<a class=\"esk-seo-plu-link\" href=\"https:\/\/www.gold.fr\/news\/tags\/or\">or<\/a> papier n\u2019arrive, quant \u00e0 lui, \u00e0 recueillir que 8% des votes. Le bas du classement revient \u00e0 l\u2019investissement direct dans les actions de <a href=\"http:\/\/news.gold.fr\/2011\/11\/01\/mines-ou-lingots-d%E2%80%99or-le-choix-des-investisseurs\/3336\/\">mines d\u2019or<\/a> avec seulement 6% des suffrages.<\/span><\/span><\/span><\/p>\n<p style=\"font-family: Arial, Helvetica, sans-serif; text-align: justify;\"><span style=\"font-size: small;\"><span style=\"font-family: Verdana;\">Ce choix est avis\u00e9 dans la mesure o\u00f9 la valeur du m\u00e9tal jaune n&rsquo;intervient que pour environ 40% dans la valeur d&rsquo;une action aurif\u00e8re. Les 60% restants d\u00e9pendent des gisements trouv\u00e9s par l\u2019entreprise concern\u00e9e, les charges de l&rsquo;exploitation de la mine, ou encore, entre autres, les r\u00e9sultats financiers. Les gisements \u00e9tant g\u00e9n\u00e9ralement <a href=\"http:\/\/news.gold.fr\/2011\/10\/20\/un-mur-de-14-km-pour-proteger-l%E2%80%99or-d%E2%80%99abg-en-tanzanie\/2930\/\">situ\u00e9s sur d\u2019autres continents<\/a> (souvent en Afrique), il vous sera difficile d\u2019obtenir les informations n\u00e9cessaires pour juger de la pertinence de votre investissement.<\/span><\/span><\/p>\n<p><span style=\"font-size: small;\"><span style=\"font-family: Verdana;\">Il existe \u00e9galement d\u2019autres moyens <\/span><\/span><a href=\"https:\/\/www.gold.fr\/achat-or\/\"><span style=\"font-size: small;\"><span style=\"font-family: Verdana;\">d\u2019acheter de l\u2019<\/span><\/span><\/a><a class=\"esk-seo-plu-link\" href=\"https:\/\/www.gold.fr\/news\/tags\/or\">or<\/a><span style=\"font-size: small;\"><span style=\"font-family: Verdana;\">. Sachez toutefois qu\u2019il est vivement conseill\u00e9 de laisser ses lingots et pi\u00e8ces d\u2019<a class=\"esk-seo-plu-link\" href=\"https:\/\/www.gold.fr\/news\/tags\/or\">or<\/a> aux soins des coffres de la banque de France. En effet, <strong>les objets d\u2019<a class=\"esk-seo-plu-link\" href=\"https:\/\/www.gold.fr\/news\/tags\/or\">or<\/a><\/strong> perdent consid\u00e9rablement de leur valeur \u00e0 la moindre <strong>usure<\/strong> ou <strong>\u00e9raflure<\/strong>.<\/span><\/span><\/p>\n<!-- AddThis Advanced Settings generic via filter on the_content --><!-- AddThis Share Buttons generic via filter on the_content -->","protected":false},"excerpt":{"rendered":"<p>Il faut croire que les fran\u00e7ais ont une nette pr\u00e9f\u00e9rence pour le \u00ab\u00a0concret\u00a0\u00bb. Avec une majorit\u00e9 \u00e9crasante de l\u2019ordre de 34%, les fran\u00e7ais sond\u00e9s privil\u00e9gient clairement l&rsquo;or physique. Il est suivi de loin par les bijoux [&hellip;]<\/p>\n","protected":false},"author":18,"featured_media":6446,"comment_status":"closed","ping_status":"closed","sticky":false,"template":"","format":"standard","meta":{"_mbp_gutenberg_autopost":false,"_pgmb_is_evergreen":false,"_pgmb_ap_template_id":0,"footnotes":""},"categories":[6],"tags":[17,86,76],"ppma_author":[2565],"class_list":["post-6445","post","type-post","status-publish","format-standard","has-post-thumbnail","hentry","category-articles-de-presse","tag-achat-dor","tag-mine-dor","tag-or"],"yoast_head":"<!-- This site is optimized with the Yoast SEO plugin v27.5 - https:\/\/yoast.com\/product\/yoast-seo-wordpress\/ -->\n<title>Acheter de l\u2019or \u2013 Que pr\u00e9f\u00e8rent les fran\u00e7ais ? - Gold.fr<\/title>\n<meta name=\"description\" content=\"Il faut croire que les fran\u00e7ais ont une nette pr\u00e9f\u00e9rence pour le concret...Acheter de l\u2019or Que pr\u00e9f\u00e8rent les fran\u00e7ais ? Or physique\" \/>\n<meta name=\"robots\" content=\"index, follow, max-snippet:-1, max-image-preview:large, max-video-preview:-1\" \/>\n<link rel=\"canonical\" href=\"https:\/\/www.gold.fr\/news\/2012\/03\/20\/acheter-de-lor-que-preferent-les-francais\/\" \/>\n<meta property=\"og:locale\" content=\"fr_FR\" \/>\n<meta property=\"og:type\" content=\"article\" \/>\n<meta property=\"og:title\" content=\"Acheter de l\u2019or \u2013 Que pr\u00e9f\u00e8rent les fran\u00e7ais ? - Gold.fr\" \/>\n<meta property=\"og:description\" content=\"Il faut croire que les fran\u00e7ais ont une nette pr\u00e9f\u00e9rence pour le concret...Acheter de l\u2019or Que pr\u00e9f\u00e8rent les fran\u00e7ais ? Or physique\" \/>\n<meta property=\"og:url\" content=\"https:\/\/www.gold.fr\/news\/2012\/03\/20\/acheter-de-lor-que-preferent-les-francais\/\" \/>\n<meta property=\"og:site_name\" content=\"Gold.fr\" \/>\n<meta property=\"article:publisher\" content=\"https:\/\/www.facebook.com\/Goldfr\/\" \/>\n<meta property=\"article:published_time\" content=\"2012-03-20T08:00:29+00:00\" \/>\n<meta property=\"article:modified_time\" content=\"2020-06-25T13:29:51+00:00\" \/>\n<meta property=\"og:image\" content=\"https:\/\/www.gold.fr\/news\/wp-content\/uploads\/2012\/03\/LOr-p\u00e9pite.jpg\" \/>\n\t<meta property=\"og:image:width\" content=\"600\" \/>\n\t<meta property=\"og:image:height\" content=\"400\" \/>\n\t<meta property=\"og:image:type\" content=\"image\/jpeg\" \/>\n<meta name=\"author\" content=\"Comptoir National de l&#039;Or\" \/>\n<meta name=\"twitter:card\" content=\"summary_large_image\" \/>\n<meta name=\"twitter:label1\" content=\"\u00c9crit par\" \/>\n\t<meta name=\"twitter:data1\" content=\"Comptoir National de l&#039;Or\" \/>\n\t<meta name=\"twitter:label2\" content=\"Dur\u00e9e de lecture estim\u00e9e\" \/>\n\t<meta name=\"twitter:data2\" content=\"1 minute\" \/>\n<script type=\"application\/ld+json\" class=\"yoast-schema-graph\">{\"@context\":\"https:\\\/\\\/schema.org\",\"@graph\":[{\"@type\":\"Article\",\"@id\":\"https:\\\/\\\/www.gold.fr\\\/news\\\/2012\\\/03\\\/20\\\/acheter-de-lor-que-preferent-les-francais\\\/#article\",\"isPartOf\":{\"@id\":\"https:\\\/\\\/www.gold.fr\\\/news\\\/2012\\\/03\\\/20\\\/acheter-de-lor-que-preferent-les-francais\\\/\"},\"author\":{\"name\":\"Comptoir National de l'Or\",\"@id\":\"https:\\\/\\\/www.gold.fr\\\/news\\\/#\\\/schema\\\/person\\\/070491b4b4fb7671bf59b3be20302ce9\"},\"headline\":\"Acheter de l\u2019or \u2013 Que pr\u00e9f\u00e8rent les fran\u00e7ais ?\",\"datePublished\":\"2012-03-20T08:00:29+00:00\",\"dateModified\":\"2020-06-25T13:29:51+00:00\",\"mainEntityOfPage\":{\"@id\":\"https:\\\/\\\/www.gold.fr\\\/news\\\/2012\\\/03\\\/20\\\/acheter-de-lor-que-preferent-les-francais\\\/\"},\"wordCount\":235,\"image\":{\"@id\":\"https:\\\/\\\/www.gold.fr\\\/news\\\/2012\\\/03\\\/20\\\/acheter-de-lor-que-preferent-les-francais\\\/#primaryimage\"},\"thumbnailUrl\":\"https:\\\/\\\/www.gold.fr\\\/news\\\/wp-content\\\/uploads\\\/2012\\\/03\\\/LOr-p\u00e9pite.jpg\",\"keywords\":[\"Achat d'Or\",\"mine d'or\",\"Or\"],\"articleSection\":[\"Articles de presse\"],\"inLanguage\":\"fr-FR\"},{\"@type\":\"WebPage\",\"@id\":\"https:\\\/\\\/www.gold.fr\\\/news\\\/2012\\\/03\\\/20\\\/acheter-de-lor-que-preferent-les-francais\\\/\",\"url\":\"https:\\\/\\\/www.gold.fr\\\/news\\\/2012\\\/03\\\/20\\\/acheter-de-lor-que-preferent-les-francais\\\/\",\"name\":\"Acheter de l\u2019or \u2013 Que pr\u00e9f\u00e8rent les fran\u00e7ais ? - Gold.fr\",\"isPartOf\":{\"@id\":\"https:\\\/\\\/www.gold.fr\\\/news\\\/#website\"},\"primaryImageOfPage\":{\"@id\":\"https:\\\/\\\/www.gold.fr\\\/news\\\/2012\\\/03\\\/20\\\/acheter-de-lor-que-preferent-les-francais\\\/#primaryimage\"},\"image\":{\"@id\":\"https:\\\/\\\/www.gold.fr\\\/news\\\/2012\\\/03\\\/20\\\/acheter-de-lor-que-preferent-les-francais\\\/#primaryimage\"},\"thumbnailUrl\":\"https:\\\/\\\/www.gold.fr\\\/news\\\/wp-content\\\/uploads\\\/2012\\\/03\\\/LOr-p\u00e9pite.jpg\",\"datePublished\":\"2012-03-20T08:00:29+00:00\",\"dateModified\":\"2020-06-25T13:29:51+00:00\",\"author\":{\"@id\":\"https:\\\/\\\/www.gold.fr\\\/news\\\/#\\\/schema\\\/person\\\/070491b4b4fb7671bf59b3be20302ce9\"},\"description\":\"Il faut croire que les fran\u00e7ais ont une nette pr\u00e9f\u00e9rence pour le concret...Acheter de l\u2019or Que pr\u00e9f\u00e8rent les fran\u00e7ais ? Or physique\",\"breadcrumb\":{\"@id\":\"https:\\\/\\\/www.gold.fr\\\/news\\\/2012\\\/03\\\/20\\\/acheter-de-lor-que-preferent-les-francais\\\/#breadcrumb\"},\"inLanguage\":\"fr-FR\",\"potentialAction\":[{\"@type\":\"ReadAction\",\"target\":[\"https:\\\/\\\/www.gold.fr\\\/news\\\/2012\\\/03\\\/20\\\/acheter-de-lor-que-preferent-les-francais\\\/\"]}]},{\"@type\":\"ImageObject\",\"inLanguage\":\"fr-FR\",\"@id\":\"https:\\\/\\\/www.gold.fr\\\/news\\\/2012\\\/03\\\/20\\\/acheter-de-lor-que-preferent-les-francais\\\/#primaryimage\",\"url\":\"https:\\\/\\\/www.gold.fr\\\/news\\\/wp-content\\\/uploads\\\/2012\\\/03\\\/LOr-p\u00e9pite.jpg\",\"contentUrl\":\"https:\\\/\\\/www.gold.fr\\\/news\\\/wp-content\\\/uploads\\\/2012\\\/03\\\/LOr-p\u00e9pite.jpg\",\"width\":\"600\",\"height\":\"400\",\"caption\":\"Un chercheur amateur trouve une p\u00e9pite de 5kg\"},{\"@type\":\"BreadcrumbList\",\"@id\":\"https:\\\/\\\/www.gold.fr\\\/news\\\/2012\\\/03\\\/20\\\/acheter-de-lor-que-preferent-les-francais\\\/#breadcrumb\",\"itemListElement\":[{\"@type\":\"ListItem\",\"position\":1,\"name\":\"Accueil\",\"item\":\"https:\\\/\\\/www.gold.fr\\\/\"},{\"@type\":\"ListItem\",\"position\":2,\"name\":\"Actualit\u00e9s\",\"item\":\"https:\\\/\\\/www.gold.fr\\\/news\\\/\"},{\"@type\":\"ListItem\",\"position\":3,\"name\":\"Acheter de l\u2019or \u2013 Que pr\u00e9f\u00e8rent les fran\u00e7ais ?\"}]},{\"@type\":\"WebSite\",\"@id\":\"https:\\\/\\\/www.gold.fr\\\/news\\\/#website\",\"url\":\"https:\\\/\\\/www.gold.fr\\\/news\\\/\",\"name\":\"Gold.fr\",\"description\":\"Actualit\u00e9s de l&#039;Or et des m\u00e9taux pr\u00e9cieux\",\"potentialAction\":[{\"@type\":\"SearchAction\",\"target\":{\"@type\":\"EntryPoint\",\"urlTemplate\":\"https:\\\/\\\/www.gold.fr\\\/news\\\/?s={search_term_string}\"},\"query-input\":{\"@type\":\"PropertyValueSpecification\",\"valueRequired\":true,\"valueName\":\"search_term_string\"}}],\"inLanguage\":\"fr-FR\"},{\"@type\":\"Person\",\"@id\":\"https:\\\/\\\/www.gold.fr\\\/news\\\/#\\\/schema\\\/person\\\/070491b4b4fb7671bf59b3be20302ce9\",\"name\":\"Comptoir National de l'Or\",\"image\":{\"@type\":\"ImageObject\",\"inLanguage\":\"fr-FR\",\"@id\":\"https:\\\/\\\/secure.gravatar.com\\\/avatar\\\/0a2867fd5abe37bed95d5a65e9d58f01756e11efc68af9888dfc50cfa7f65948?s=96&d=mm&r=gb490554db0a38188709de567aa58480d\",\"url\":\"https:\\\/\\\/secure.gravatar.com\\\/avatar\\\/0a2867fd5abe37bed95d5a65e9d58f01756e11efc68af9888dfc50cfa7f65948?s=96&d=mm&r=g\",\"contentUrl\":\"https:\\\/\\\/secure.gravatar.com\\\/avatar\\\/0a2867fd5abe37bed95d5a65e9d58f01756e11efc68af9888dfc50cfa7f65948?s=96&d=mm&r=g\",\"caption\":\"Comptoir National de l'Or\"},\"description\":\"Notre r\u00e9daction est constitu\u00e9e de membres experts dans les m\u00e9tiers de l'\u00e9conomie et la gestion, des Responsables d'agence Comptoir National de l'Or, des analystes financiers qui publient r\u00e9guli\u00e8rement des \u00e9tudes sur les politiques des banques centrales, le cours de l'or, prix de l'or, cours de l'argent, prix de l'argent, cours du platine, cours du palladium,... la situation en zone euro et l'impact de la strat\u00e9gie mon\u00e9taire de la FED. Notre \u00e9quipe scrute \u00e9galement une information plus g\u00e9n\u00e9raliste \u00e0 la recherche d'actualit\u00e9 \\\"p\u00e9pite\\\" \u00e0 vous partager. Depuis 5 ans, nous avons publi\u00e9 un peu plus de 4000 articles qui s'adressent \u00e0 un public large et vari\u00e9 ayant pour objectif de satisfaire votre curiosit\u00e9 et de partager avec vous une certaine fascination pour le m\u00e9tal jaune, le rachat d'or, et pour ceux qui veulent investir dans l'or, vendre leur or tout simplement en savoir plus... Pour tous vos achat or et argent, n'h\u00e9sitez pas \u00e0 prendre rendez-vous dans l'un de nos nombreux comptoirs.\",\"sameAs\":[\"https:\\\/\\\/www.gold.fr\"]}]}<\/script>\n<!-- \/ Yoast SEO plugin. -->","yoast_head_json":{"title":"Acheter de l\u2019or \u2013 Que pr\u00e9f\u00e8rent les fran\u00e7ais ? - Gold.fr","description":"Il faut croire que les fran\u00e7ais ont une nette pr\u00e9f\u00e9rence pour le concret...Acheter de l\u2019or Que pr\u00e9f\u00e8rent les fran\u00e7ais ? Or physique","robots":{"index":"index","follow":"follow","max-snippet":"max-snippet:-1","max-image-preview":"max-image-preview:large","max-video-preview":"max-video-preview:-1"},"canonical":"https:\/\/www.gold.fr\/news\/2012\/03\/20\/acheter-de-lor-que-preferent-les-francais\/","og_locale":"fr_FR","og_type":"article","og_title":"Acheter de l\u2019or \u2013 Que pr\u00e9f\u00e8rent les fran\u00e7ais ? - Gold.fr","og_description":"Il faut croire que les fran\u00e7ais ont une nette pr\u00e9f\u00e9rence pour le concret...Acheter de l\u2019or Que pr\u00e9f\u00e8rent les fran\u00e7ais ? Or physique","og_url":"https:\/\/www.gold.fr\/news\/2012\/03\/20\/acheter-de-lor-que-preferent-les-francais\/","og_site_name":"Gold.fr","article_publisher":"https:\/\/www.facebook.com\/Goldfr\/","article_published_time":"2012-03-20T08:00:29+00:00","article_modified_time":"2020-06-25T13:29:51+00:00","og_image":[{"width":600,"height":400,"url":"https:\/\/www.gold.fr\/news\/wp-content\/uploads\/2012\/03\/LOr-p\u00e9pite.jpg","type":"image\/jpeg"}],"author":"Comptoir National de l'Or","twitter_card":"summary_large_image","twitter_misc":{"\u00c9crit par":"Comptoir National de l'Or","Dur\u00e9e de lecture estim\u00e9e":"1 minute"},"schema":{"@context":"https:\/\/schema.org","@graph":[{"@type":"Article","@id":"https:\/\/www.gold.fr\/news\/2012\/03\/20\/acheter-de-lor-que-preferent-les-francais\/#article","isPartOf":{"@id":"https:\/\/www.gold.fr\/news\/2012\/03\/20\/acheter-de-lor-que-preferent-les-francais\/"},"author":{"name":"Comptoir National de l'Or","@id":"https:\/\/www.gold.fr\/news\/#\/schema\/person\/070491b4b4fb7671bf59b3be20302ce9"},"headline":"Acheter de l\u2019or \u2013 Que pr\u00e9f\u00e8rent les fran\u00e7ais ?","datePublished":"2012-03-20T08:00:29+00:00","dateModified":"2020-06-25T13:29:51+00:00","mainEntityOfPage":{"@id":"https:\/\/www.gold.fr\/news\/2012\/03\/20\/acheter-de-lor-que-preferent-les-francais\/"},"wordCount":235,"image":{"@id":"https:\/\/www.gold.fr\/news\/2012\/03\/20\/acheter-de-lor-que-preferent-les-francais\/#primaryimage"},"thumbnailUrl":"https:\/\/www.gold.fr\/news\/wp-content\/uploads\/2012\/03\/LOr-p\u00e9pite.jpg","keywords":["Achat d'Or","mine d'or","Or"],"articleSection":["Articles de presse"],"inLanguage":"fr-FR"},{"@type":"WebPage","@id":"https:\/\/www.gold.fr\/news\/2012\/03\/20\/acheter-de-lor-que-preferent-les-francais\/","url":"https:\/\/www.gold.fr\/news\/2012\/03\/20\/acheter-de-lor-que-preferent-les-francais\/","name":"Acheter de l\u2019or \u2013 Que pr\u00e9f\u00e8rent les fran\u00e7ais ? - Gold.fr","isPartOf":{"@id":"https:\/\/www.gold.fr\/news\/#website"},"primaryImageOfPage":{"@id":"https:\/\/www.gold.fr\/news\/2012\/03\/20\/acheter-de-lor-que-preferent-les-francais\/#primaryimage"},"image":{"@id":"https:\/\/www.gold.fr\/news\/2012\/03\/20\/acheter-de-lor-que-preferent-les-francais\/#primaryimage"},"thumbnailUrl":"https:\/\/www.gold.fr\/news\/wp-content\/uploads\/2012\/03\/LOr-p\u00e9pite.jpg","datePublished":"2012-03-20T08:00:29+00:00","dateModified":"2020-06-25T13:29:51+00:00","author":{"@id":"https:\/\/www.gold.fr\/news\/#\/schema\/person\/070491b4b4fb7671bf59b3be20302ce9"},"description":"Il faut croire que les fran\u00e7ais ont une nette pr\u00e9f\u00e9rence pour le concret...Acheter de l\u2019or Que pr\u00e9f\u00e8rent les fran\u00e7ais ? Or physique","breadcrumb":{"@id":"https:\/\/www.gold.fr\/news\/2012\/03\/20\/acheter-de-lor-que-preferent-les-francais\/#breadcrumb"},"inLanguage":"fr-FR","potentialAction":[{"@type":"ReadAction","target":["https:\/\/www.gold.fr\/news\/2012\/03\/20\/acheter-de-lor-que-preferent-les-francais\/"]}]},{"@type":"ImageObject","inLanguage":"fr-FR","@id":"https:\/\/www.gold.fr\/news\/2012\/03\/20\/acheter-de-lor-que-preferent-les-francais\/#primaryimage","url":"https:\/\/www.gold.fr\/news\/wp-content\/uploads\/2012\/03\/LOr-p\u00e9pite.jpg","contentUrl":"https:\/\/www.gold.fr\/news\/wp-content\/uploads\/2012\/03\/LOr-p\u00e9pite.jpg","width":"600","height":"400","caption":"Un chercheur amateur trouve une p\u00e9pite de 5kg"},{"@type":"BreadcrumbList","@id":"https:\/\/www.gold.fr\/news\/2012\/03\/20\/acheter-de-lor-que-preferent-les-francais\/#breadcrumb","itemListElement":[{"@type":"ListItem","position":1,"name":"Accueil","item":"https:\/\/www.gold.fr\/"},{"@type":"ListItem","position":2,"name":"Actualit\u00e9s","item":"https:\/\/www.gold.fr\/news\/"},{"@type":"ListItem","position":3,"name":"Acheter de l\u2019or \u2013 Que pr\u00e9f\u00e8rent les fran\u00e7ais ?"}]},{"@type":"WebSite","@id":"https:\/\/www.gold.fr\/news\/#website","url":"https:\/\/www.gold.fr\/news\/","name":"Gold.fr","description":"Actualit\u00e9s de l&#039;Or et des m\u00e9taux pr\u00e9cieux","potentialAction":[{"@type":"SearchAction","target":{"@type":"EntryPoint","urlTemplate":"https:\/\/www.gold.fr\/news\/?s={search_term_string}"},"query-input":{"@type":"PropertyValueSpecification","valueRequired":true,"valueName":"search_term_string"}}],"inLanguage":"fr-FR"},{"@type":"Person","@id":"https:\/\/www.gold.fr\/news\/#\/schema\/person\/070491b4b4fb7671bf59b3be20302ce9","name":"Comptoir National de l'Or","image":{"@type":"ImageObject","inLanguage":"fr-FR","@id":"https:\/\/secure.gravatar.com\/avatar\/0a2867fd5abe37bed95d5a65e9d58f01756e11efc68af9888dfc50cfa7f65948?s=96&d=mm&r=gb490554db0a38188709de567aa58480d","url":"https:\/\/secure.gravatar.com\/avatar\/0a2867fd5abe37bed95d5a65e9d58f01756e11efc68af9888dfc50cfa7f65948?s=96&d=mm&r=g","contentUrl":"https:\/\/secure.gravatar.com\/avatar\/0a2867fd5abe37bed95d5a65e9d58f01756e11efc68af9888dfc50cfa7f65948?s=96&d=mm&r=g","caption":"Comptoir National de l'Or"},"description":"Notre r\u00e9daction est constitu\u00e9e de membres experts dans les m\u00e9tiers de l'\u00e9conomie et la gestion, des Responsables d'agence Comptoir National de l'Or, des analystes financiers qui publient r\u00e9guli\u00e8rement des \u00e9tudes sur les politiques des banques centrales, le cours de l'or, prix de l'or, cours de l'argent, prix de l'argent, cours du platine, cours du palladium,... la situation en zone euro et l'impact de la strat\u00e9gie mon\u00e9taire de la FED. Notre \u00e9quipe scrute \u00e9galement une information plus g\u00e9n\u00e9raliste \u00e0 la recherche d'actualit\u00e9 \"p\u00e9pite\" \u00e0 vous partager. Depuis 5 ans, nous avons publi\u00e9 un peu plus de 4000 articles qui s'adressent \u00e0 un public large et vari\u00e9 ayant pour objectif de satisfaire votre curiosit\u00e9 et de partager avec vous une certaine fascination pour le m\u00e9tal jaune, le rachat d'or, et pour ceux qui veulent investir dans l'or, vendre leur or tout simplement en savoir plus... Pour tous vos achat or et argent, n'h\u00e9sitez pas \u00e0 prendre rendez-vous dans l'un de nos nombreux comptoirs.","sameAs":["https:\/\/www.gold.fr"]}]}},"authors":[{"term_id":2565,"user_id":18,"is_guest":0,"slug":"julie","display_name":"Comptoir National de l'Or","avatar_url":"https:\/\/secure.gravatar.com\/avatar\/713f289e398d35ead876c4a4cc08607f0d6d266058cfc25683fffb6092d0e572?s=96&d=mm&r=g","0":null,"1":"","2":"","3":"","4":"","5":"","6":"","7":"","8":""}],"_links":{"self":[{"href":"https:\/\/www.gold.fr\/news\/wp-json\/wp\/v2\/posts\/6445","targetHints":{"allow":["GET"]}}],"collection":[{"href":"https:\/\/www.gold.fr\/news\/wp-json\/wp\/v2\/posts"}],"about":[{"href":"https:\/\/www.gold.fr\/news\/wp-json\/wp\/v2\/types\/post"}],"author":[{"embeddable":true,"href":"https:\/\/www.gold.fr\/news\/wp-json\/wp\/v2\/users\/18"}],"replies":[{"embeddable":true,"href":"https:\/\/www.gold.fr\/news\/wp-json\/wp\/v2\/comments?post=6445"}],"version-history":[{"count":0,"href":"https:\/\/www.gold.fr\/news\/wp-json\/wp\/v2\/posts\/6445\/revisions"}],"wp:featuredmedia":[{"embeddable":true,"href":"https:\/\/www.gold.fr\/news\/wp-json\/wp\/v2\/media\/6446"}],"wp:attachment":[{"href":"https:\/\/www.gold.fr\/news\/wp-json\/wp\/v2\/media?parent=6445"}],"wp:term":[{"taxonomy":"category","embeddable":true,"href":"https:\/\/www.gold.fr\/news\/wp-json\/wp\/v2\/categories?post=6445"},{"taxonomy":"post_tag","embeddable":true,"href":"https:\/\/www.gold.fr\/news\/wp-json\/wp\/v2\/tags?post=6445"},{"taxonomy":"author","embeddable":true,"href":"https:\/\/www.gold.fr\/news\/wp-json\/wp\/v2\/ppma_author?post=6445"}],"curies":[{"name":"wp","href":"https:\/\/api.w.org\/{rel}","templated":true}]}}