{"id":6443,"date":"2012-03-19T19:41:27","date_gmt":"2012-03-19T18:41:27","guid":{"rendered":"http:\/\/news.gold.fr\/?p=6443"},"modified":"2020-06-25T14:16:04","modified_gmt":"2020-06-25T12:16:04","slug":"cours-de-lor-de-bourse-lundi-19-mars-2012","status":"publish","type":"post","link":"https:\/\/www.gold.fr\/news\/2012\/03\/19\/cours-de-lor-de-bourse-lundi-19-mars-2012\/","title":{"rendered":"Cours de l&rsquo;or de Bourse \u2013 lundi 19 mars 2012"},"content":{"rendered":"<p style=\"text-align: justify;\"><a href=\"http:\/\/news.gold.fr\/wp-content\/uploads\/2012\/02\/cours-de-lor.jpg\"><img loading=\"lazy\" decoding=\"async\" class=\"alignleft size-thumbnail wp-image-5489\" title=\"cours-de-l'or\" src=\"http:\/\/news.gold.fr\/wp-content\/uploads\/2012\/02\/cours-de-lor-150x150.jpg\" alt=\"\" width=\"150\" height=\"150\" align=\"left\" border=\"1\" hspace=\"5\" vspace=\"5\" \/><\/a><span style=\"font-size: small;\"><span style=\"font-family: Verdana;\"><span style=\"text-align: justify;\">Aucun changement notable, en ce d\u00e9but de semaine. Le m\u00e9tal jaune continue \u00e0 faire du surplace, dans <strong>une zone limit\u00e9e entre les 1\u00a0650 et les 1\u00a0660 dollars<\/strong>. Le march\u00e9 aurif\u00e8re est comme \u00ab\u00a0gel\u00e9\u00a0\u00bb, dans l\u2019attente d\u2019une annonce politico-\u00e9conomique qui serait \u00e0 m\u00eame d\u2019avoir l\u2019influence escompt\u00e9e sur <\/span><\/span><\/span><span style=\"text-align: justify;\"><a href=\"https:\/\/www.gold.fr\/cours-prix-de-l-or\/\"><span style=\"font-size: small;\"><span style=\"font-family: Verdana;\">le cours de l\u2019<\/span><\/span><\/a><a class=\"esk-seo-plu-link\" href=\"https:\/\/www.gold.fr\/news\/tags\/or\">or<\/a>.<\/span><span style=\"font-size: small;\"><span style=\"font-family: Verdana;\"><br style=\"font-family: Arial, Helvetica, sans-serif; text-align: justify;\" \/><br \/>\n<\/span><\/span><\/p>\n<p style=\"text-align: justify;\"><span style=\"font-size: small;\"><span style=\"font-family: Verdana;\"><span style=\"text-align: justify;\">Apr\u00e8s avoir cl\u00f4tur\u00e9 la veille sur un cours de 1 655.30 dollars <\/span><\/span><\/span><span style=\"text-align: justify;\"><a href=\"https:\/\/www.gold.fr\/once-en\/\"><span style=\"font-size: small;\"><span style=\"font-family: Verdana;\">l\u2019once<\/span><\/span><\/a><span style=\"font-size: small;\"><span style=\"font-family: Verdana;\">, le m\u00e9tal jaune a inaugur\u00e9 la s\u00e9ance de ce lundi 19 mars 2012 avec un prix quasi identique de 1\u00a0654. L\u2019\u00e9volution du jour est tr\u00e8s l\u00e9g\u00e8re, menant la relique barbare vers <strong>un cours imperceptiblement baissier<\/strong> de 1\u00a0655 dollars <strong>l\u2019once<\/strong> (soir -0.02%).<\/span><\/span><\/span><\/p>\n<!-- AddThis Advanced Settings generic via filter on the_content --><!-- AddThis Share Buttons generic via filter on the_content -->","protected":false},"excerpt":{"rendered":"<p>Aucun changement notable, en ce d\u00e9but de semaine. Le m\u00e9tal jaune continue \u00e0 faire du surplace, dans une zone limit\u00e9e entre les 1\u00a0650 et les 1\u00a0660 dollars. Le march\u00e9 aurif\u00e8re est comme \u00ab\u00a0gel\u00e9\u00a0\u00bb, dans l\u2019attente d\u2019une [&hellip;]<\/p>\n","protected":false},"author":18,"featured_media":3978,"comment_status":"closed","ping_status":"closed","sticky":false,"template":"","format":"standard","meta":{"_mbp_gutenberg_autopost":false,"_pgmb_is_evergreen":false,"_pgmb_ap_template_id":0,"footnotes":""},"categories":[5],"tags":[85,76,127,84],"ppma_author":[2565],"class_list":["post-6443","post","type-post","status-publish","format-standard","has-post-thumbnail","hentry","category-flash-infos","tag-once-dor","tag-or","tag-tendance-baissiere","tag-cours-de-lor"],"yoast_head":"<!-- This site is optimized with the Yoast SEO plugin v27.5 - https:\/\/yoast.com\/product\/yoast-seo-wordpress\/ -->\n<title>Cours de l&#039;or de Bourse \u2013 lundi 19 mars 2012 - Gold.fr<\/title>\n<meta name=\"description\" content=\"Apr\u00e8s avoir cl\u00f4tur\u00e9 la veille sur un cours de 1 655.30 dollars l\u2019once, le m\u00e9tal jaune a inaugur\u00e9 la s\u00e9ance de ce lundi 19 mars 2012\" \/>\n<meta name=\"robots\" content=\"index, follow, max-snippet:-1, max-image-preview:large, max-video-preview:-1\" \/>\n<link rel=\"canonical\" href=\"https:\/\/www.gold.fr\/news\/2012\/03\/19\/cours-de-lor-de-bourse-lundi-19-mars-2012\/\" \/>\n<meta property=\"og:locale\" content=\"fr_FR\" \/>\n<meta property=\"og:type\" content=\"article\" \/>\n<meta property=\"og:title\" content=\"Cours de l&#039;or de Bourse \u2013 lundi 19 mars 2012 - Gold.fr\" \/>\n<meta property=\"og:description\" content=\"Apr\u00e8s avoir cl\u00f4tur\u00e9 la veille sur un cours de 1 655.30 dollars l\u2019once, le m\u00e9tal jaune a inaugur\u00e9 la s\u00e9ance de ce lundi 19 mars 2012\" \/>\n<meta property=\"og:url\" content=\"https:\/\/www.gold.fr\/news\/2012\/03\/19\/cours-de-lor-de-bourse-lundi-19-mars-2012\/\" \/>\n<meta property=\"og:site_name\" content=\"Gold.fr\" \/>\n<meta property=\"article:publisher\" content=\"https:\/\/www.facebook.com\/Goldfr\/\" \/>\n<meta property=\"article:published_time\" content=\"2012-03-19T18:41:27+00:00\" \/>\n<meta property=\"article:modified_time\" content=\"2020-06-25T12:16:04+00:00\" \/>\n<meta property=\"og:image\" content=\"https:\/\/www.gold.fr\/news\/wp-content\/uploads\/2011\/11\/cours-de-lor6.jpg\" \/>\n\t<meta property=\"og:image:width\" content=\"600\" \/>\n\t<meta property=\"og:image:height\" content=\"400\" \/>\n\t<meta property=\"og:image:type\" content=\"image\/jpeg\" \/>\n<meta name=\"author\" content=\"Comptoir National de l&#039;Or\" \/>\n<meta name=\"twitter:card\" content=\"summary_large_image\" \/>\n<meta name=\"twitter:label1\" content=\"\u00c9crit par\" \/>\n\t<meta name=\"twitter:data1\" content=\"Comptoir National de l&#039;Or\" \/>\n\t<meta name=\"twitter:label2\" content=\"Dur\u00e9e de lecture estim\u00e9e\" \/>\n\t<meta name=\"twitter:data2\" content=\"1 minute\" \/>\n<script type=\"application\/ld+json\" class=\"yoast-schema-graph\">{\"@context\":\"https:\\\/\\\/schema.org\",\"@graph\":[{\"@type\":\"Article\",\"@id\":\"https:\\\/\\\/www.gold.fr\\\/news\\\/2012\\\/03\\\/19\\\/cours-de-lor-de-bourse-lundi-19-mars-2012\\\/#article\",\"isPartOf\":{\"@id\":\"https:\\\/\\\/www.gold.fr\\\/news\\\/2012\\\/03\\\/19\\\/cours-de-lor-de-bourse-lundi-19-mars-2012\\\/\"},\"author\":{\"name\":\"Comptoir National de l'Or\",\"@id\":\"https:\\\/\\\/www.gold.fr\\\/news\\\/#\\\/schema\\\/person\\\/070491b4b4fb7671bf59b3be20302ce9\"},\"headline\":\"Cours de l&rsquo;or de Bourse \u2013 lundi 19 mars 2012\",\"datePublished\":\"2012-03-19T18:41:27+00:00\",\"dateModified\":\"2020-06-25T12:16:04+00:00\",\"mainEntityOfPage\":{\"@id\":\"https:\\\/\\\/www.gold.fr\\\/news\\\/2012\\\/03\\\/19\\\/cours-de-lor-de-bourse-lundi-19-mars-2012\\\/\"},\"wordCount\":124,\"image\":{\"@id\":\"https:\\\/\\\/www.gold.fr\\\/news\\\/2012\\\/03\\\/19\\\/cours-de-lor-de-bourse-lundi-19-mars-2012\\\/#primaryimage\"},\"thumbnailUrl\":\"https:\\\/\\\/www.gold.fr\\\/news\\\/wp-content\\\/uploads\\\/2011\\\/11\\\/cours-de-lor6.jpg\",\"keywords\":[\"once d'or\",\"Or\",\"tendance baissi\u00e8re\",\"Tout Cours de l'Or\"],\"articleSection\":[\"Flash infos\"],\"inLanguage\":\"fr-FR\"},{\"@type\":\"WebPage\",\"@id\":\"https:\\\/\\\/www.gold.fr\\\/news\\\/2012\\\/03\\\/19\\\/cours-de-lor-de-bourse-lundi-19-mars-2012\\\/\",\"url\":\"https:\\\/\\\/www.gold.fr\\\/news\\\/2012\\\/03\\\/19\\\/cours-de-lor-de-bourse-lundi-19-mars-2012\\\/\",\"name\":\"Cours de l'or de Bourse \u2013 lundi 19 mars 2012 - Gold.fr\",\"isPartOf\":{\"@id\":\"https:\\\/\\\/www.gold.fr\\\/news\\\/#website\"},\"primaryImageOfPage\":{\"@id\":\"https:\\\/\\\/www.gold.fr\\\/news\\\/2012\\\/03\\\/19\\\/cours-de-lor-de-bourse-lundi-19-mars-2012\\\/#primaryimage\"},\"image\":{\"@id\":\"https:\\\/\\\/www.gold.fr\\\/news\\\/2012\\\/03\\\/19\\\/cours-de-lor-de-bourse-lundi-19-mars-2012\\\/#primaryimage\"},\"thumbnailUrl\":\"https:\\\/\\\/www.gold.fr\\\/news\\\/wp-content\\\/uploads\\\/2011\\\/11\\\/cours-de-lor6.jpg\",\"datePublished\":\"2012-03-19T18:41:27+00:00\",\"dateModified\":\"2020-06-25T12:16:04+00:00\",\"author\":{\"@id\":\"https:\\\/\\\/www.gold.fr\\\/news\\\/#\\\/schema\\\/person\\\/070491b4b4fb7671bf59b3be20302ce9\"},\"description\":\"Apr\u00e8s avoir cl\u00f4tur\u00e9 la veille sur un cours de 1 655.30 dollars l\u2019once, le m\u00e9tal jaune a inaugur\u00e9 la s\u00e9ance de ce lundi 19 mars 2012\",\"breadcrumb\":{\"@id\":\"https:\\\/\\\/www.gold.fr\\\/news\\\/2012\\\/03\\\/19\\\/cours-de-lor-de-bourse-lundi-19-mars-2012\\\/#breadcrumb\"},\"inLanguage\":\"fr-FR\",\"potentialAction\":[{\"@type\":\"ReadAction\",\"target\":[\"https:\\\/\\\/www.gold.fr\\\/news\\\/2012\\\/03\\\/19\\\/cours-de-lor-de-bourse-lundi-19-mars-2012\\\/\"]}]},{\"@type\":\"ImageObject\",\"inLanguage\":\"fr-FR\",\"@id\":\"https:\\\/\\\/www.gold.fr\\\/news\\\/2012\\\/03\\\/19\\\/cours-de-lor-de-bourse-lundi-19-mars-2012\\\/#primaryimage\",\"url\":\"https:\\\/\\\/www.gold.fr\\\/news\\\/wp-content\\\/uploads\\\/2011\\\/11\\\/cours-de-lor6.jpg\",\"contentUrl\":\"https:\\\/\\\/www.gold.fr\\\/news\\\/wp-content\\\/uploads\\\/2011\\\/11\\\/cours-de-lor6.jpg\",\"width\":\"600\",\"height\":\"400\",\"caption\":\"Or physique\\\/boursier : Les 2 piliers au soutien\"},{\"@type\":\"BreadcrumbList\",\"@id\":\"https:\\\/\\\/www.gold.fr\\\/news\\\/2012\\\/03\\\/19\\\/cours-de-lor-de-bourse-lundi-19-mars-2012\\\/#breadcrumb\",\"itemListElement\":[{\"@type\":\"ListItem\",\"position\":1,\"name\":\"Accueil\",\"item\":\"https:\\\/\\\/www.gold.fr\\\/\"},{\"@type\":\"ListItem\",\"position\":2,\"name\":\"Actualit\u00e9s\",\"item\":\"https:\\\/\\\/www.gold.fr\\\/news\\\/\"},{\"@type\":\"ListItem\",\"position\":3,\"name\":\"Cours de l&rsquo;or de Bourse \u2013 lundi 19 mars 2012\"}]},{\"@type\":\"WebSite\",\"@id\":\"https:\\\/\\\/www.gold.fr\\\/news\\\/#website\",\"url\":\"https:\\\/\\\/www.gold.fr\\\/news\\\/\",\"name\":\"Gold.fr\",\"description\":\"Actualit\u00e9s de l&#039;Or et des m\u00e9taux pr\u00e9cieux\",\"potentialAction\":[{\"@type\":\"SearchAction\",\"target\":{\"@type\":\"EntryPoint\",\"urlTemplate\":\"https:\\\/\\\/www.gold.fr\\\/news\\\/?s={search_term_string}\"},\"query-input\":{\"@type\":\"PropertyValueSpecification\",\"valueRequired\":true,\"valueName\":\"search_term_string\"}}],\"inLanguage\":\"fr-FR\"},{\"@type\":\"Person\",\"@id\":\"https:\\\/\\\/www.gold.fr\\\/news\\\/#\\\/schema\\\/person\\\/070491b4b4fb7671bf59b3be20302ce9\",\"name\":\"Comptoir National de l'Or\",\"image\":{\"@type\":\"ImageObject\",\"inLanguage\":\"fr-FR\",\"@id\":\"https:\\\/\\\/secure.gravatar.com\\\/avatar\\\/0a2867fd5abe37bed95d5a65e9d58f01756e11efc68af9888dfc50cfa7f65948?s=96&d=mm&r=gb490554db0a38188709de567aa58480d\",\"url\":\"https:\\\/\\\/secure.gravatar.com\\\/avatar\\\/0a2867fd5abe37bed95d5a65e9d58f01756e11efc68af9888dfc50cfa7f65948?s=96&d=mm&r=g\",\"contentUrl\":\"https:\\\/\\\/secure.gravatar.com\\\/avatar\\\/0a2867fd5abe37bed95d5a65e9d58f01756e11efc68af9888dfc50cfa7f65948?s=96&d=mm&r=g\",\"caption\":\"Comptoir National de l'Or\"},\"description\":\"Notre r\u00e9daction est constitu\u00e9e de membres experts dans les m\u00e9tiers de l'\u00e9conomie et la gestion, des Responsables d'agence Comptoir National de l'Or, des analystes financiers qui publient r\u00e9guli\u00e8rement des \u00e9tudes sur les politiques des banques centrales, le cours de l'or, prix de l'or, cours de l'argent, prix de l'argent, cours du platine, cours du palladium,... la situation en zone euro et l'impact de la strat\u00e9gie mon\u00e9taire de la FED. Notre \u00e9quipe scrute \u00e9galement une information plus g\u00e9n\u00e9raliste \u00e0 la recherche d'actualit\u00e9 \\\"p\u00e9pite\\\" \u00e0 vous partager. Depuis 5 ans, nous avons publi\u00e9 un peu plus de 4000 articles qui s'adressent \u00e0 un public large et vari\u00e9 ayant pour objectif de satisfaire votre curiosit\u00e9 et de partager avec vous une certaine fascination pour le m\u00e9tal jaune, le rachat d'or, et pour ceux qui veulent investir dans l'or, vendre leur or tout simplement en savoir plus... Pour tous vos achat or et argent, n'h\u00e9sitez pas \u00e0 prendre rendez-vous dans l'un de nos nombreux comptoirs.\",\"sameAs\":[\"https:\\\/\\\/www.gold.fr\"]}]}<\/script>\n<!-- \/ Yoast SEO plugin. -->","yoast_head_json":{"title":"Cours de l'or de Bourse \u2013 lundi 19 mars 2012 - Gold.fr","description":"Apr\u00e8s avoir cl\u00f4tur\u00e9 la veille sur un cours de 1 655.30 dollars l\u2019once, le m\u00e9tal jaune a inaugur\u00e9 la s\u00e9ance de ce lundi 19 mars 2012","robots":{"index":"index","follow":"follow","max-snippet":"max-snippet:-1","max-image-preview":"max-image-preview:large","max-video-preview":"max-video-preview:-1"},"canonical":"https:\/\/www.gold.fr\/news\/2012\/03\/19\/cours-de-lor-de-bourse-lundi-19-mars-2012\/","og_locale":"fr_FR","og_type":"article","og_title":"Cours de l'or de Bourse \u2013 lundi 19 mars 2012 - Gold.fr","og_description":"Apr\u00e8s avoir cl\u00f4tur\u00e9 la veille sur un cours de 1 655.30 dollars l\u2019once, le m\u00e9tal jaune a inaugur\u00e9 la s\u00e9ance de ce lundi 19 mars 2012","og_url":"https:\/\/www.gold.fr\/news\/2012\/03\/19\/cours-de-lor-de-bourse-lundi-19-mars-2012\/","og_site_name":"Gold.fr","article_publisher":"https:\/\/www.facebook.com\/Goldfr\/","article_published_time":"2012-03-19T18:41:27+00:00","article_modified_time":"2020-06-25T12:16:04+00:00","og_image":[{"width":600,"height":400,"url":"https:\/\/www.gold.fr\/news\/wp-content\/uploads\/2011\/11\/cours-de-lor6.jpg","type":"image\/jpeg"}],"author":"Comptoir National de l'Or","twitter_card":"summary_large_image","twitter_misc":{"\u00c9crit par":"Comptoir National de l'Or","Dur\u00e9e de lecture estim\u00e9e":"1 minute"},"schema":{"@context":"https:\/\/schema.org","@graph":[{"@type":"Article","@id":"https:\/\/www.gold.fr\/news\/2012\/03\/19\/cours-de-lor-de-bourse-lundi-19-mars-2012\/#article","isPartOf":{"@id":"https:\/\/www.gold.fr\/news\/2012\/03\/19\/cours-de-lor-de-bourse-lundi-19-mars-2012\/"},"author":{"name":"Comptoir National de l'Or","@id":"https:\/\/www.gold.fr\/news\/#\/schema\/person\/070491b4b4fb7671bf59b3be20302ce9"},"headline":"Cours de l&rsquo;or de Bourse \u2013 lundi 19 mars 2012","datePublished":"2012-03-19T18:41:27+00:00","dateModified":"2020-06-25T12:16:04+00:00","mainEntityOfPage":{"@id":"https:\/\/www.gold.fr\/news\/2012\/03\/19\/cours-de-lor-de-bourse-lundi-19-mars-2012\/"},"wordCount":124,"image":{"@id":"https:\/\/www.gold.fr\/news\/2012\/03\/19\/cours-de-lor-de-bourse-lundi-19-mars-2012\/#primaryimage"},"thumbnailUrl":"https:\/\/www.gold.fr\/news\/wp-content\/uploads\/2011\/11\/cours-de-lor6.jpg","keywords":["once d'or","Or","tendance baissi\u00e8re","Tout Cours de l'Or"],"articleSection":["Flash infos"],"inLanguage":"fr-FR"},{"@type":"WebPage","@id":"https:\/\/www.gold.fr\/news\/2012\/03\/19\/cours-de-lor-de-bourse-lundi-19-mars-2012\/","url":"https:\/\/www.gold.fr\/news\/2012\/03\/19\/cours-de-lor-de-bourse-lundi-19-mars-2012\/","name":"Cours de l'or de Bourse \u2013 lundi 19 mars 2012 - Gold.fr","isPartOf":{"@id":"https:\/\/www.gold.fr\/news\/#website"},"primaryImageOfPage":{"@id":"https:\/\/www.gold.fr\/news\/2012\/03\/19\/cours-de-lor-de-bourse-lundi-19-mars-2012\/#primaryimage"},"image":{"@id":"https:\/\/www.gold.fr\/news\/2012\/03\/19\/cours-de-lor-de-bourse-lundi-19-mars-2012\/#primaryimage"},"thumbnailUrl":"https:\/\/www.gold.fr\/news\/wp-content\/uploads\/2011\/11\/cours-de-lor6.jpg","datePublished":"2012-03-19T18:41:27+00:00","dateModified":"2020-06-25T12:16:04+00:00","author":{"@id":"https:\/\/www.gold.fr\/news\/#\/schema\/person\/070491b4b4fb7671bf59b3be20302ce9"},"description":"Apr\u00e8s avoir cl\u00f4tur\u00e9 la veille sur un cours de 1 655.30 dollars l\u2019once, le m\u00e9tal jaune a inaugur\u00e9 la s\u00e9ance de ce lundi 19 mars 2012","breadcrumb":{"@id":"https:\/\/www.gold.fr\/news\/2012\/03\/19\/cours-de-lor-de-bourse-lundi-19-mars-2012\/#breadcrumb"},"inLanguage":"fr-FR","potentialAction":[{"@type":"ReadAction","target":["https:\/\/www.gold.fr\/news\/2012\/03\/19\/cours-de-lor-de-bourse-lundi-19-mars-2012\/"]}]},{"@type":"ImageObject","inLanguage":"fr-FR","@id":"https:\/\/www.gold.fr\/news\/2012\/03\/19\/cours-de-lor-de-bourse-lundi-19-mars-2012\/#primaryimage","url":"https:\/\/www.gold.fr\/news\/wp-content\/uploads\/2011\/11\/cours-de-lor6.jpg","contentUrl":"https:\/\/www.gold.fr\/news\/wp-content\/uploads\/2011\/11\/cours-de-lor6.jpg","width":"600","height":"400","caption":"Or physique\/boursier : Les 2 piliers au soutien"},{"@type":"BreadcrumbList","@id":"https:\/\/www.gold.fr\/news\/2012\/03\/19\/cours-de-lor-de-bourse-lundi-19-mars-2012\/#breadcrumb","itemListElement":[{"@type":"ListItem","position":1,"name":"Accueil","item":"https:\/\/www.gold.fr\/"},{"@type":"ListItem","position":2,"name":"Actualit\u00e9s","item":"https:\/\/www.gold.fr\/news\/"},{"@type":"ListItem","position":3,"name":"Cours de l&rsquo;or de Bourse \u2013 lundi 19 mars 2012"}]},{"@type":"WebSite","@id":"https:\/\/www.gold.fr\/news\/#website","url":"https:\/\/www.gold.fr\/news\/","name":"Gold.fr","description":"Actualit\u00e9s de l&#039;Or et des m\u00e9taux pr\u00e9cieux","potentialAction":[{"@type":"SearchAction","target":{"@type":"EntryPoint","urlTemplate":"https:\/\/www.gold.fr\/news\/?s={search_term_string}"},"query-input":{"@type":"PropertyValueSpecification","valueRequired":true,"valueName":"search_term_string"}}],"inLanguage":"fr-FR"},{"@type":"Person","@id":"https:\/\/www.gold.fr\/news\/#\/schema\/person\/070491b4b4fb7671bf59b3be20302ce9","name":"Comptoir National de l'Or","image":{"@type":"ImageObject","inLanguage":"fr-FR","@id":"https:\/\/secure.gravatar.com\/avatar\/0a2867fd5abe37bed95d5a65e9d58f01756e11efc68af9888dfc50cfa7f65948?s=96&d=mm&r=gb490554db0a38188709de567aa58480d","url":"https:\/\/secure.gravatar.com\/avatar\/0a2867fd5abe37bed95d5a65e9d58f01756e11efc68af9888dfc50cfa7f65948?s=96&d=mm&r=g","contentUrl":"https:\/\/secure.gravatar.com\/avatar\/0a2867fd5abe37bed95d5a65e9d58f01756e11efc68af9888dfc50cfa7f65948?s=96&d=mm&r=g","caption":"Comptoir National de l'Or"},"description":"Notre r\u00e9daction est constitu\u00e9e de membres experts dans les m\u00e9tiers de l'\u00e9conomie et la gestion, des Responsables d'agence Comptoir National de l'Or, des analystes financiers qui publient r\u00e9guli\u00e8rement des \u00e9tudes sur les politiques des banques centrales, le cours de l'or, prix de l'or, cours de l'argent, prix de l'argent, cours du platine, cours du palladium,... la situation en zone euro et l'impact de la strat\u00e9gie mon\u00e9taire de la FED. Notre \u00e9quipe scrute \u00e9galement une information plus g\u00e9n\u00e9raliste \u00e0 la recherche d'actualit\u00e9 \"p\u00e9pite\" \u00e0 vous partager. Depuis 5 ans, nous avons publi\u00e9 un peu plus de 4000 articles qui s'adressent \u00e0 un public large et vari\u00e9 ayant pour objectif de satisfaire votre curiosit\u00e9 et de partager avec vous une certaine fascination pour le m\u00e9tal jaune, le rachat d'or, et pour ceux qui veulent investir dans l'or, vendre leur or tout simplement en savoir plus... Pour tous vos achat or et argent, n'h\u00e9sitez pas \u00e0 prendre rendez-vous dans l'un de nos nombreux comptoirs.","sameAs":["https:\/\/www.gold.fr"]}]}},"authors":[{"term_id":2565,"user_id":18,"is_guest":0,"slug":"julie","display_name":"Comptoir National de l'Or","avatar_url":"https:\/\/secure.gravatar.com\/avatar\/713f289e398d35ead876c4a4cc08607f0d6d266058cfc25683fffb6092d0e572?s=96&d=mm&r=g","0":null,"1":"","2":"","3":"","4":"","5":"","6":"","7":"","8":""}],"_links":{"self":[{"href":"https:\/\/www.gold.fr\/news\/wp-json\/wp\/v2\/posts\/6443","targetHints":{"allow":["GET"]}}],"collection":[{"href":"https:\/\/www.gold.fr\/news\/wp-json\/wp\/v2\/posts"}],"about":[{"href":"https:\/\/www.gold.fr\/news\/wp-json\/wp\/v2\/types\/post"}],"author":[{"embeddable":true,"href":"https:\/\/www.gold.fr\/news\/wp-json\/wp\/v2\/users\/18"}],"replies":[{"embeddable":true,"href":"https:\/\/www.gold.fr\/news\/wp-json\/wp\/v2\/comments?post=6443"}],"version-history":[{"count":0,"href":"https:\/\/www.gold.fr\/news\/wp-json\/wp\/v2\/posts\/6443\/revisions"}],"wp:featuredmedia":[{"embeddable":true,"href":"https:\/\/www.gold.fr\/news\/wp-json\/wp\/v2\/media\/3978"}],"wp:attachment":[{"href":"https:\/\/www.gold.fr\/news\/wp-json\/wp\/v2\/media?parent=6443"}],"wp:term":[{"taxonomy":"category","embeddable":true,"href":"https:\/\/www.gold.fr\/news\/wp-json\/wp\/v2\/categories?post=6443"},{"taxonomy":"post_tag","embeddable":true,"href":"https:\/\/www.gold.fr\/news\/wp-json\/wp\/v2\/tags?post=6443"},{"taxonomy":"author","embeddable":true,"href":"https:\/\/www.gold.fr\/news\/wp-json\/wp\/v2\/ppma_author?post=6443"}],"curies":[{"name":"wp","href":"https:\/\/api.w.org\/{rel}","templated":true}]}}