{"id":6434,"date":"2012-03-16T13:00:45","date_gmt":"2012-03-16T12:00:45","guid":{"rendered":"http:\/\/news.gold.fr\/?p=6434"},"modified":"2020-06-25T14:15:16","modified_gmt":"2020-06-25T12:15:16","slug":"reprise-de-lor-bilan-de-la-chute","status":"publish","type":"post","link":"https:\/\/www.gold.fr\/news\/2012\/03\/16\/reprise-de-lor-bilan-de-la-chute\/","title":{"rendered":"Reprise de l\u2019or \u2013 Bilan de la chute"},"content":{"rendered":"<p style=\"text-align: justify;\"><a href=\"http:\/\/news.gold.fr\/wp-content\/uploads\/2012\/03\/Dollar-Liberty-20.jpg\"><img loading=\"lazy\" decoding=\"async\" class=\"alignleft size-thumbnail wp-image-6435\" title=\"Dollar-Liberty-20\" src=\"http:\/\/news.gold.fr\/wp-content\/uploads\/2012\/03\/Dollar-Liberty-20-150x150.jpg\" alt=\"\" width=\"150\" height=\"150\" align=\"left\" border=\"1\" hspace=\"5\" vspace=\"5\" srcset=\"https:\/\/www.gold.fr\/news\/wp-content\/uploads\/2012\/03\/Dollar-Liberty-20-150x150.jpg 150w, https:\/\/www.gold.fr\/news\/wp-content\/uploads\/2012\/03\/Dollar-Liberty-20-80x80.jpg 80w, https:\/\/www.gold.fr\/news\/wp-content\/uploads\/2012\/03\/Dollar-Liberty-20-1x1.jpg 1w, https:\/\/www.gold.fr\/news\/wp-content\/uploads\/2012\/03\/Dollar-Liberty-20.jpg 200w\" sizes=\"auto, (max-width: 150px) 100vw, 150px\" \/><\/a><span style=\"font-size: small;\"><span style=\"font-family: Verdana;\"><span style=\"text-align: justify;\">Le plus gros de la crise semble \u00eatre d\u00e9j\u00e0 pass\u00e9. Le m\u00e9tal jaune aurait, selon les analyses, fini d\u2019encaisser la premi\u00e8re s\u00e9v\u00e8re correction de l\u2019ann\u00e9e. Il est temps de faire un premier bilan.<\/span><\/span><\/span><\/p>\n<p style=\"font-family: Arial, Helvetica, sans-serif; text-align: justify;\"><span style=\"font-size: small;\"><span style=\"font-family: Verdana;\">La principale cause \u00e0 l\u2019origine de <a href=\"http:\/\/news.gold.fr\/2012\/03\/13\/baisse-de-lor-autopsie-dune-chute-inattendue\/6350\/\">la baisse consid\u00e9rable du prix de l\u2019or<\/a> demeure le discours pour le moins surprenant de Ben Bernanke, pr\u00e9sident de la r\u00e9serve f\u00e9d\u00e9rale am\u00e9ricaine. Surprenant par son silence, surtout. Les experts d\u2019ING d\u00e9claraient, en d\u00e9but de semaine, que \u00ab le dernier discours de Ben Bernanke sur le Livre beige de la Fed a surpris certains investisseurs par <a href=\"http:\/\/news.gold.fr\/2012\/03\/14\/la-remontee-de-lor-depend-elle-du-qe3\/6391\/\">le manque de r\u00e9f\u00e9rence explicite au QE3<\/a>, tout en minimisant les risques imm\u00e9diats d&rsquo;inflation \u00bb. Du coup, bon nombre d\u2019investisseurs sp\u00e9culatifs r\u00e9cemment introduits ont \u00e9t\u00e9 conduits \u00e0 ressortir du march\u00e9.<\/span><\/span><\/p>\n<p style=\"font-family: Arial, Helvetica, sans-serif; text-align: justify;\"><span style=\"font-size: small;\"><span style=\"font-family: Verdana;\">De plus, le volet de la cr\u00e9ation d&#8217;emplois aux Etats-Unis a connu, durant le mois de f\u00e9vrier, un rebond significatif ce qui a eu pour effet de consolider <strong>la pression baissi\u00e8re<\/strong> exerc\u00e9e r\u00e9cemment sur la relique barbare. La logique de cette d\u00e9duction prend racine dans le lien direct entre ce rebond des chiffres de l\u2019emploi et la probabilit\u00e9 ainsi automatiquement r\u00e9duite du lancement d&rsquo;un QE3.<\/span><\/span><\/p>\n<p style=\"font-family: Arial, Helvetica, sans-serif; text-align: justify;\"><span style=\"font-size: small;\"><span style=\"font-family: Verdana;\">Mais la reprise d\u00e9j\u00e0 anticip\u00e9e du m\u00e9tal jaune s\u2019appuie essentiellement sur les nouvelles op\u00e9rations mon\u00e9taires dilutives de la part des banques centrales. Sans compter <strong>la demande mondiale \u00e9mergente du m\u00e9tal jaune<\/strong>, dont la Chine et l&rsquo;Inde sont les principaux leaders.<\/span><\/span><\/p>\n<!-- AddThis Advanced Settings generic via filter on the_content --><!-- AddThis Share Buttons generic via filter on the_content -->","protected":false},"excerpt":{"rendered":"<p>Le plus gros de la crise semble \u00eatre d\u00e9j\u00e0 pass\u00e9. Le m\u00e9tal jaune aurait, selon les analyses, fini d\u2019encaisser la premi\u00e8re s\u00e9v\u00e8re correction de l\u2019ann\u00e9e. Il est temps de faire un premier bilan. La principale cause [&hellip;]<\/p>\n","protected":false},"author":18,"featured_media":6436,"comment_status":"closed","ping_status":"closed","sticky":false,"template":"","format":"standard","meta":{"_mbp_gutenberg_autopost":false,"_pgmb_is_evergreen":false,"_pgmb_ap_template_id":0,"footnotes":""},"categories":[6],"tags":[146,144,263,83,416],"ppma_author":[2565],"class_list":["post-6434","post","type-post","status-publish","format-standard","has-post-thumbnail","hentry","category-articles-de-presse","tag-chine","tag-fed","tag-inde","tag-prix-de-lor","tag-qc3"],"yoast_head":"<!-- This site is optimized with the Yoast SEO plugin v27.5 - https:\/\/yoast.com\/product\/yoast-seo-wordpress\/ -->\n<title>Reprise de l\u2019or \u2013 Bilan de la chute - Gold.fr<\/title>\n<meta name=\"description\" content=\"Reprise de l\u2019or Bilan de la chute, La principale cause \u00e0 l\u2019origine de la baisse du prix de l\u2019or demeure le discours de Ben Bernanke\" \/>\n<meta name=\"robots\" content=\"index, follow, max-snippet:-1, max-image-preview:large, max-video-preview:-1\" \/>\n<link rel=\"canonical\" href=\"https:\/\/www.gold.fr\/news\/2012\/03\/16\/reprise-de-lor-bilan-de-la-chute\/\" \/>\n<meta property=\"og:locale\" content=\"fr_FR\" \/>\n<meta property=\"og:type\" content=\"article\" \/>\n<meta property=\"og:title\" content=\"Reprise de l\u2019or \u2013 Bilan de la chute - Gold.fr\" \/>\n<meta property=\"og:description\" content=\"Reprise de l\u2019or Bilan de la chute, La principale cause \u00e0 l\u2019origine de la baisse du prix de l\u2019or demeure le discours de Ben Bernanke\" \/>\n<meta property=\"og:url\" content=\"https:\/\/www.gold.fr\/news\/2012\/03\/16\/reprise-de-lor-bilan-de-la-chute\/\" \/>\n<meta property=\"og:site_name\" content=\"Gold.fr\" \/>\n<meta property=\"article:publisher\" content=\"https:\/\/www.facebook.com\/Goldfr\/\" \/>\n<meta property=\"article:published_time\" content=\"2012-03-16T12:00:45+00:00\" \/>\n<meta property=\"article:modified_time\" content=\"2020-06-25T12:15:16+00:00\" \/>\n<meta property=\"og:image\" content=\"https:\/\/www.gold.fr\/news\/wp-content\/uploads\/2012\/03\/or.jpg\" \/>\n\t<meta property=\"og:image:width\" content=\"600\" \/>\n\t<meta property=\"og:image:height\" content=\"400\" \/>\n\t<meta property=\"og:image:type\" content=\"image\/jpeg\" \/>\n<meta name=\"author\" content=\"Comptoir National de l&#039;Or\" \/>\n<meta name=\"twitter:card\" content=\"summary_large_image\" \/>\n<meta name=\"twitter:label1\" content=\"\u00c9crit par\" \/>\n\t<meta name=\"twitter:data1\" content=\"Comptoir National de l&#039;Or\" \/>\n\t<meta name=\"twitter:label2\" content=\"Dur\u00e9e de lecture estim\u00e9e\" \/>\n\t<meta name=\"twitter:data2\" content=\"1 minute\" \/>\n<script type=\"application\/ld+json\" class=\"yoast-schema-graph\">{\"@context\":\"https:\\\/\\\/schema.org\",\"@graph\":[{\"@type\":\"Article\",\"@id\":\"https:\\\/\\\/www.gold.fr\\\/news\\\/2012\\\/03\\\/16\\\/reprise-de-lor-bilan-de-la-chute\\\/#article\",\"isPartOf\":{\"@id\":\"https:\\\/\\\/www.gold.fr\\\/news\\\/2012\\\/03\\\/16\\\/reprise-de-lor-bilan-de-la-chute\\\/\"},\"author\":{\"name\":\"Comptoir National de l'Or\",\"@id\":\"https:\\\/\\\/www.gold.fr\\\/news\\\/#\\\/schema\\\/person\\\/070491b4b4fb7671bf59b3be20302ce9\"},\"headline\":\"Reprise de l\u2019or \u2013 Bilan de la chute\",\"datePublished\":\"2012-03-16T12:00:45+00:00\",\"dateModified\":\"2020-06-25T12:15:16+00:00\",\"mainEntityOfPage\":{\"@id\":\"https:\\\/\\\/www.gold.fr\\\/news\\\/2012\\\/03\\\/16\\\/reprise-de-lor-bilan-de-la-chute\\\/\"},\"wordCount\":278,\"image\":{\"@id\":\"https:\\\/\\\/www.gold.fr\\\/news\\\/2012\\\/03\\\/16\\\/reprise-de-lor-bilan-de-la-chute\\\/#primaryimage\"},\"thumbnailUrl\":\"https:\\\/\\\/www.gold.fr\\\/news\\\/wp-content\\\/uploads\\\/2012\\\/03\\\/or.jpg\",\"keywords\":[\"chine\",\"fed\",\"Inde\",\"prix de l'or\",\"QC3\"],\"articleSection\":[\"Articles de presse\"],\"inLanguage\":\"fr-FR\"},{\"@type\":\"WebPage\",\"@id\":\"https:\\\/\\\/www.gold.fr\\\/news\\\/2012\\\/03\\\/16\\\/reprise-de-lor-bilan-de-la-chute\\\/\",\"url\":\"https:\\\/\\\/www.gold.fr\\\/news\\\/2012\\\/03\\\/16\\\/reprise-de-lor-bilan-de-la-chute\\\/\",\"name\":\"Reprise de l\u2019or \u2013 Bilan de la chute - Gold.fr\",\"isPartOf\":{\"@id\":\"https:\\\/\\\/www.gold.fr\\\/news\\\/#website\"},\"primaryImageOfPage\":{\"@id\":\"https:\\\/\\\/www.gold.fr\\\/news\\\/2012\\\/03\\\/16\\\/reprise-de-lor-bilan-de-la-chute\\\/#primaryimage\"},\"image\":{\"@id\":\"https:\\\/\\\/www.gold.fr\\\/news\\\/2012\\\/03\\\/16\\\/reprise-de-lor-bilan-de-la-chute\\\/#primaryimage\"},\"thumbnailUrl\":\"https:\\\/\\\/www.gold.fr\\\/news\\\/wp-content\\\/uploads\\\/2012\\\/03\\\/or.jpg\",\"datePublished\":\"2012-03-16T12:00:45+00:00\",\"dateModified\":\"2020-06-25T12:15:16+00:00\",\"author\":{\"@id\":\"https:\\\/\\\/www.gold.fr\\\/news\\\/#\\\/schema\\\/person\\\/070491b4b4fb7671bf59b3be20302ce9\"},\"description\":\"Reprise de l\u2019or Bilan de la chute, La principale cause \u00e0 l\u2019origine de la baisse du prix de l\u2019or demeure le discours de Ben Bernanke\",\"breadcrumb\":{\"@id\":\"https:\\\/\\\/www.gold.fr\\\/news\\\/2012\\\/03\\\/16\\\/reprise-de-lor-bilan-de-la-chute\\\/#breadcrumb\"},\"inLanguage\":\"fr-FR\",\"potentialAction\":[{\"@type\":\"ReadAction\",\"target\":[\"https:\\\/\\\/www.gold.fr\\\/news\\\/2012\\\/03\\\/16\\\/reprise-de-lor-bilan-de-la-chute\\\/\"]}]},{\"@type\":\"ImageObject\",\"inLanguage\":\"fr-FR\",\"@id\":\"https:\\\/\\\/www.gold.fr\\\/news\\\/2012\\\/03\\\/16\\\/reprise-de-lor-bilan-de-la-chute\\\/#primaryimage\",\"url\":\"https:\\\/\\\/www.gold.fr\\\/news\\\/wp-content\\\/uploads\\\/2012\\\/03\\\/or.jpg\",\"contentUrl\":\"https:\\\/\\\/www.gold.fr\\\/news\\\/wp-content\\\/uploads\\\/2012\\\/03\\\/or.jpg\",\"width\":\"600\",\"height\":\"400\",\"caption\":\"or deco\"},{\"@type\":\"BreadcrumbList\",\"@id\":\"https:\\\/\\\/www.gold.fr\\\/news\\\/2012\\\/03\\\/16\\\/reprise-de-lor-bilan-de-la-chute\\\/#breadcrumb\",\"itemListElement\":[{\"@type\":\"ListItem\",\"position\":1,\"name\":\"Accueil\",\"item\":\"https:\\\/\\\/www.gold.fr\\\/\"},{\"@type\":\"ListItem\",\"position\":2,\"name\":\"Actualit\u00e9s\",\"item\":\"https:\\\/\\\/www.gold.fr\\\/news\\\/\"},{\"@type\":\"ListItem\",\"position\":3,\"name\":\"Reprise de l\u2019or \u2013 Bilan de la chute\"}]},{\"@type\":\"WebSite\",\"@id\":\"https:\\\/\\\/www.gold.fr\\\/news\\\/#website\",\"url\":\"https:\\\/\\\/www.gold.fr\\\/news\\\/\",\"name\":\"Gold.fr\",\"description\":\"Actualit\u00e9s de l&#039;Or et des m\u00e9taux pr\u00e9cieux\",\"potentialAction\":[{\"@type\":\"SearchAction\",\"target\":{\"@type\":\"EntryPoint\",\"urlTemplate\":\"https:\\\/\\\/www.gold.fr\\\/news\\\/?s={search_term_string}\"},\"query-input\":{\"@type\":\"PropertyValueSpecification\",\"valueRequired\":true,\"valueName\":\"search_term_string\"}}],\"inLanguage\":\"fr-FR\"},{\"@type\":\"Person\",\"@id\":\"https:\\\/\\\/www.gold.fr\\\/news\\\/#\\\/schema\\\/person\\\/070491b4b4fb7671bf59b3be20302ce9\",\"name\":\"Comptoir National de l'Or\",\"image\":{\"@type\":\"ImageObject\",\"inLanguage\":\"fr-FR\",\"@id\":\"https:\\\/\\\/secure.gravatar.com\\\/avatar\\\/0a2867fd5abe37bed95d5a65e9d58f01756e11efc68af9888dfc50cfa7f65948?s=96&d=mm&r=gb490554db0a38188709de567aa58480d\",\"url\":\"https:\\\/\\\/secure.gravatar.com\\\/avatar\\\/0a2867fd5abe37bed95d5a65e9d58f01756e11efc68af9888dfc50cfa7f65948?s=96&d=mm&r=g\",\"contentUrl\":\"https:\\\/\\\/secure.gravatar.com\\\/avatar\\\/0a2867fd5abe37bed95d5a65e9d58f01756e11efc68af9888dfc50cfa7f65948?s=96&d=mm&r=g\",\"caption\":\"Comptoir National de l'Or\"},\"description\":\"Notre r\u00e9daction est constitu\u00e9e de membres experts dans les m\u00e9tiers de l'\u00e9conomie et la gestion, des Responsables d'agence Comptoir National de l'Or, des analystes financiers qui publient r\u00e9guli\u00e8rement des \u00e9tudes sur les politiques des banques centrales, le cours de l'or, prix de l'or, cours de l'argent, prix de l'argent, cours du platine, cours du palladium,... la situation en zone euro et l'impact de la strat\u00e9gie mon\u00e9taire de la FED. Notre \u00e9quipe scrute \u00e9galement une information plus g\u00e9n\u00e9raliste \u00e0 la recherche d'actualit\u00e9 \\\"p\u00e9pite\\\" \u00e0 vous partager. Depuis 5 ans, nous avons publi\u00e9 un peu plus de 4000 articles qui s'adressent \u00e0 un public large et vari\u00e9 ayant pour objectif de satisfaire votre curiosit\u00e9 et de partager avec vous une certaine fascination pour le m\u00e9tal jaune, le rachat d'or, et pour ceux qui veulent investir dans l'or, vendre leur or tout simplement en savoir plus... Pour tous vos achat or et argent, n'h\u00e9sitez pas \u00e0 prendre rendez-vous dans l'un de nos nombreux comptoirs.\",\"sameAs\":[\"https:\\\/\\\/www.gold.fr\"]}]}<\/script>\n<!-- \/ Yoast SEO plugin. -->","yoast_head_json":{"title":"Reprise de l\u2019or \u2013 Bilan de la chute - Gold.fr","description":"Reprise de l\u2019or Bilan de la chute, La principale cause \u00e0 l\u2019origine de la baisse du prix de l\u2019or demeure le discours de Ben Bernanke","robots":{"index":"index","follow":"follow","max-snippet":"max-snippet:-1","max-image-preview":"max-image-preview:large","max-video-preview":"max-video-preview:-1"},"canonical":"https:\/\/www.gold.fr\/news\/2012\/03\/16\/reprise-de-lor-bilan-de-la-chute\/","og_locale":"fr_FR","og_type":"article","og_title":"Reprise de l\u2019or \u2013 Bilan de la chute - Gold.fr","og_description":"Reprise de l\u2019or Bilan de la chute, La principale cause \u00e0 l\u2019origine de la baisse du prix de l\u2019or demeure le discours de Ben Bernanke","og_url":"https:\/\/www.gold.fr\/news\/2012\/03\/16\/reprise-de-lor-bilan-de-la-chute\/","og_site_name":"Gold.fr","article_publisher":"https:\/\/www.facebook.com\/Goldfr\/","article_published_time":"2012-03-16T12:00:45+00:00","article_modified_time":"2020-06-25T12:15:16+00:00","og_image":[{"width":600,"height":400,"url":"https:\/\/www.gold.fr\/news\/wp-content\/uploads\/2012\/03\/or.jpg","type":"image\/jpeg"}],"author":"Comptoir National de l'Or","twitter_card":"summary_large_image","twitter_misc":{"\u00c9crit par":"Comptoir National de l'Or","Dur\u00e9e de lecture estim\u00e9e":"1 minute"},"schema":{"@context":"https:\/\/schema.org","@graph":[{"@type":"Article","@id":"https:\/\/www.gold.fr\/news\/2012\/03\/16\/reprise-de-lor-bilan-de-la-chute\/#article","isPartOf":{"@id":"https:\/\/www.gold.fr\/news\/2012\/03\/16\/reprise-de-lor-bilan-de-la-chute\/"},"author":{"name":"Comptoir National de l'Or","@id":"https:\/\/www.gold.fr\/news\/#\/schema\/person\/070491b4b4fb7671bf59b3be20302ce9"},"headline":"Reprise de l\u2019or \u2013 Bilan de la chute","datePublished":"2012-03-16T12:00:45+00:00","dateModified":"2020-06-25T12:15:16+00:00","mainEntityOfPage":{"@id":"https:\/\/www.gold.fr\/news\/2012\/03\/16\/reprise-de-lor-bilan-de-la-chute\/"},"wordCount":278,"image":{"@id":"https:\/\/www.gold.fr\/news\/2012\/03\/16\/reprise-de-lor-bilan-de-la-chute\/#primaryimage"},"thumbnailUrl":"https:\/\/www.gold.fr\/news\/wp-content\/uploads\/2012\/03\/or.jpg","keywords":["chine","fed","Inde","prix de l'or","QC3"],"articleSection":["Articles de presse"],"inLanguage":"fr-FR"},{"@type":"WebPage","@id":"https:\/\/www.gold.fr\/news\/2012\/03\/16\/reprise-de-lor-bilan-de-la-chute\/","url":"https:\/\/www.gold.fr\/news\/2012\/03\/16\/reprise-de-lor-bilan-de-la-chute\/","name":"Reprise de l\u2019or \u2013 Bilan de la chute - Gold.fr","isPartOf":{"@id":"https:\/\/www.gold.fr\/news\/#website"},"primaryImageOfPage":{"@id":"https:\/\/www.gold.fr\/news\/2012\/03\/16\/reprise-de-lor-bilan-de-la-chute\/#primaryimage"},"image":{"@id":"https:\/\/www.gold.fr\/news\/2012\/03\/16\/reprise-de-lor-bilan-de-la-chute\/#primaryimage"},"thumbnailUrl":"https:\/\/www.gold.fr\/news\/wp-content\/uploads\/2012\/03\/or.jpg","datePublished":"2012-03-16T12:00:45+00:00","dateModified":"2020-06-25T12:15:16+00:00","author":{"@id":"https:\/\/www.gold.fr\/news\/#\/schema\/person\/070491b4b4fb7671bf59b3be20302ce9"},"description":"Reprise de l\u2019or Bilan de la chute, La principale cause \u00e0 l\u2019origine de la baisse du prix de l\u2019or demeure le discours de Ben Bernanke","breadcrumb":{"@id":"https:\/\/www.gold.fr\/news\/2012\/03\/16\/reprise-de-lor-bilan-de-la-chute\/#breadcrumb"},"inLanguage":"fr-FR","potentialAction":[{"@type":"ReadAction","target":["https:\/\/www.gold.fr\/news\/2012\/03\/16\/reprise-de-lor-bilan-de-la-chute\/"]}]},{"@type":"ImageObject","inLanguage":"fr-FR","@id":"https:\/\/www.gold.fr\/news\/2012\/03\/16\/reprise-de-lor-bilan-de-la-chute\/#primaryimage","url":"https:\/\/www.gold.fr\/news\/wp-content\/uploads\/2012\/03\/or.jpg","contentUrl":"https:\/\/www.gold.fr\/news\/wp-content\/uploads\/2012\/03\/or.jpg","width":"600","height":"400","caption":"or deco"},{"@type":"BreadcrumbList","@id":"https:\/\/www.gold.fr\/news\/2012\/03\/16\/reprise-de-lor-bilan-de-la-chute\/#breadcrumb","itemListElement":[{"@type":"ListItem","position":1,"name":"Accueil","item":"https:\/\/www.gold.fr\/"},{"@type":"ListItem","position":2,"name":"Actualit\u00e9s","item":"https:\/\/www.gold.fr\/news\/"},{"@type":"ListItem","position":3,"name":"Reprise de l\u2019or \u2013 Bilan de la chute"}]},{"@type":"WebSite","@id":"https:\/\/www.gold.fr\/news\/#website","url":"https:\/\/www.gold.fr\/news\/","name":"Gold.fr","description":"Actualit\u00e9s de l&#039;Or et des m\u00e9taux pr\u00e9cieux","potentialAction":[{"@type":"SearchAction","target":{"@type":"EntryPoint","urlTemplate":"https:\/\/www.gold.fr\/news\/?s={search_term_string}"},"query-input":{"@type":"PropertyValueSpecification","valueRequired":true,"valueName":"search_term_string"}}],"inLanguage":"fr-FR"},{"@type":"Person","@id":"https:\/\/www.gold.fr\/news\/#\/schema\/person\/070491b4b4fb7671bf59b3be20302ce9","name":"Comptoir National de l'Or","image":{"@type":"ImageObject","inLanguage":"fr-FR","@id":"https:\/\/secure.gravatar.com\/avatar\/0a2867fd5abe37bed95d5a65e9d58f01756e11efc68af9888dfc50cfa7f65948?s=96&d=mm&r=gb490554db0a38188709de567aa58480d","url":"https:\/\/secure.gravatar.com\/avatar\/0a2867fd5abe37bed95d5a65e9d58f01756e11efc68af9888dfc50cfa7f65948?s=96&d=mm&r=g","contentUrl":"https:\/\/secure.gravatar.com\/avatar\/0a2867fd5abe37bed95d5a65e9d58f01756e11efc68af9888dfc50cfa7f65948?s=96&d=mm&r=g","caption":"Comptoir National de l'Or"},"description":"Notre r\u00e9daction est constitu\u00e9e de membres experts dans les m\u00e9tiers de l'\u00e9conomie et la gestion, des Responsables d'agence Comptoir National de l'Or, des analystes financiers qui publient r\u00e9guli\u00e8rement des \u00e9tudes sur les politiques des banques centrales, le cours de l'or, prix de l'or, cours de l'argent, prix de l'argent, cours du platine, cours du palladium,... la situation en zone euro et l'impact de la strat\u00e9gie mon\u00e9taire de la FED. Notre \u00e9quipe scrute \u00e9galement une information plus g\u00e9n\u00e9raliste \u00e0 la recherche d'actualit\u00e9 \"p\u00e9pite\" \u00e0 vous partager. Depuis 5 ans, nous avons publi\u00e9 un peu plus de 4000 articles qui s'adressent \u00e0 un public large et vari\u00e9 ayant pour objectif de satisfaire votre curiosit\u00e9 et de partager avec vous une certaine fascination pour le m\u00e9tal jaune, le rachat d'or, et pour ceux qui veulent investir dans l'or, vendre leur or tout simplement en savoir plus... Pour tous vos achat or et argent, n'h\u00e9sitez pas \u00e0 prendre rendez-vous dans l'un de nos nombreux comptoirs.","sameAs":["https:\/\/www.gold.fr"]}]}},"authors":[{"term_id":2565,"user_id":18,"is_guest":0,"slug":"julie","display_name":"Comptoir National de l'Or","avatar_url":"https:\/\/secure.gravatar.com\/avatar\/713f289e398d35ead876c4a4cc08607f0d6d266058cfc25683fffb6092d0e572?s=96&d=mm&r=g","0":null,"1":"","2":"","3":"","4":"","5":"","6":"","7":"","8":""}],"_links":{"self":[{"href":"https:\/\/www.gold.fr\/news\/wp-json\/wp\/v2\/posts\/6434","targetHints":{"allow":["GET"]}}],"collection":[{"href":"https:\/\/www.gold.fr\/news\/wp-json\/wp\/v2\/posts"}],"about":[{"href":"https:\/\/www.gold.fr\/news\/wp-json\/wp\/v2\/types\/post"}],"author":[{"embeddable":true,"href":"https:\/\/www.gold.fr\/news\/wp-json\/wp\/v2\/users\/18"}],"replies":[{"embeddable":true,"href":"https:\/\/www.gold.fr\/news\/wp-json\/wp\/v2\/comments?post=6434"}],"version-history":[{"count":0,"href":"https:\/\/www.gold.fr\/news\/wp-json\/wp\/v2\/posts\/6434\/revisions"}],"wp:featuredmedia":[{"embeddable":true,"href":"https:\/\/www.gold.fr\/news\/wp-json\/wp\/v2\/media\/6436"}],"wp:attachment":[{"href":"https:\/\/www.gold.fr\/news\/wp-json\/wp\/v2\/media?parent=6434"}],"wp:term":[{"taxonomy":"category","embeddable":true,"href":"https:\/\/www.gold.fr\/news\/wp-json\/wp\/v2\/categories?post=6434"},{"taxonomy":"post_tag","embeddable":true,"href":"https:\/\/www.gold.fr\/news\/wp-json\/wp\/v2\/tags?post=6434"},{"taxonomy":"author","embeddable":true,"href":"https:\/\/www.gold.fr\/news\/wp-json\/wp\/v2\/ppma_author?post=6434"}],"curies":[{"name":"wp","href":"https:\/\/api.w.org\/{rel}","templated":true}]}}