{"id":6186,"date":"2012-03-05T18:19:14","date_gmt":"2012-03-05T17:19:14","guid":{"rendered":"http:\/\/news.gold.fr\/?p=6186"},"modified":"2020-06-25T15:09:51","modified_gmt":"2020-06-25T13:09:51","slug":"cours-de-lor-de-bourse-lundi-5-mars-2012","status":"publish","type":"post","link":"https:\/\/www.gold.fr\/news\/2012\/03\/05\/cours-de-lor-de-bourse-lundi-5-mars-2012\/","title":{"rendered":"Cours de l&rsquo;or de Bourse \u2013 Lundi 5 mars 2012"},"content":{"rendered":"<p style=\"text-align: justify;\"><a href=\"http:\/\/news.gold.fr\/wp-content\/uploads\/2012\/02\/Cours-de-lOr.jpg\"><img loading=\"lazy\" decoding=\"async\" class=\"alignleft size-thumbnail wp-image-5519\" title=\"Cours-de-l'Or\" src=\"http:\/\/news.gold.fr\/wp-content\/uploads\/2012\/02\/Cours-de-lOr-150x150.jpg\" alt=\"\" width=\"150\" height=\"150\" align=\"left\" border=\"1\" hspace=\"5\" vspace=\"5\" \/><\/a><span style=\"font-family: Verdana;\"><span style=\"font-size: small;\">La phase de correction joue les prolongations en ce d\u00e9but de semaine. La barre des 1\u00a0700 dollars est encore maintenue, <\/span><\/span><span style=\"font-size: small;\"><a href=\"http:\/\/news.gold.fr\/2012\/03\/04\/lor-en-etat-de-choc-2e-partie\/6152\/\"><span style=\"font-family: Verdana;\">mais jusqu\u2019\u00e0 quand\u00a0?<\/span><\/a><\/span><span style=\"font-family: Verdana;\"><span style=\"font-size: small;\"> Telle est la question de la semaine.<\/span><\/span><\/p>\n<p>\u00a0<span style=\"font-family: Verdana;\"><span style=\"font-size: small;\">Apr\u00e8s une cl\u00f4ture la veille \u00e0 1 711.<a class=\"esk-seo-plu-link\" href=\"https:\/\/www.gold.fr\/news\/tags\/piece-dor\">20 dollars<\/a> <\/span><\/span><a href=\"https:\/\/www.gold.fr\/once-en\/\"><span style=\"font-family: Verdana;\"><span style=\"font-size: small;\">l\u2019once<\/span><\/span><\/a><span style=\"font-family: Verdana;\"><span style=\"font-size: small;\">, l\u2019<strong><a class=\"esk-seo-plu-link\" href=\"https:\/\/www.gold.fr\/news\/tags\/or\">or<\/a><\/strong> a ouvert la s\u00e9ance de ce lundi 5 mars 2012 avec <strong>un cours largement baissier<\/strong> de 1\u00a0698 dollars. La tendance a n\u00e9anmoins vite fait de s\u2019inverser en cours de journ\u00e9e, atteignant m\u00eame les 1\u00a0705 dollars.<\/span><\/span><\/p>\n<p><span style=\"font-family: Verdana;\"><span style=\"font-size: small;\">Le m\u00e9tal jaune cl\u00f4turera toutefois la s\u00e9ance du jour sur une note <strong>globalement baissi\u00e8re<\/strong>. Le cours, en fin de s\u00e9ance, est de 1 703.70 dollars <strong>l\u2019once<\/strong>, marquant une \u00e9volution n\u00e9gative de l\u2019ordre de -0.44%.<\/span><\/span><\/p>\n<p>&nbsp;<\/p>\n<!-- AddThis Advanced Settings generic via filter on the_content --><!-- AddThis Share Buttons generic via filter on the_content -->","protected":false},"excerpt":{"rendered":"<p>La phase de correction joue les prolongations en ce d\u00e9but de semaine. La barre des 1\u00a0700 dollars est encore maintenue, mais jusqu\u2019\u00e0 quand\u00a0? Telle est la question de la semaine. \u00a0Apr\u00e8s une cl\u00f4ture la veille \u00e0 [&hellip;]<\/p>\n","protected":false},"author":18,"featured_media":5593,"comment_status":"closed","ping_status":"closed","sticky":false,"template":"","format":"standard","meta":{"_mbp_gutenberg_autopost":false,"_pgmb_is_evergreen":false,"_pgmb_ap_template_id":0,"footnotes":""},"categories":[5],"tags":[76,84],"ppma_author":[2565],"class_list":["post-6186","post","type-post","status-publish","format-standard","has-post-thumbnail","hentry","category-flash-infos","tag-or","tag-cours-de-lor"],"yoast_head":"<!-- This site is optimized with the Yoast SEO plugin v27.5 - https:\/\/yoast.com\/product\/yoast-seo-wordpress\/ -->\n<title>Cours de l&#039;or de Bourse \u2013 Lundi 5 mars 2012 - Gold.fr<\/title>\n<meta name=\"description\" content=\"La phase de correction joue les prolongations en ce d\u00e9but de semaine. Cours de l\u2019or de Bourse, Lundi 5 mars 2012 Evolution Prix de l&#039;Or\" \/>\n<meta name=\"robots\" content=\"index, follow, max-snippet:-1, max-image-preview:large, max-video-preview:-1\" \/>\n<link rel=\"canonical\" href=\"https:\/\/www.gold.fr\/news\/2012\/03\/05\/cours-de-lor-de-bourse-lundi-5-mars-2012\/\" \/>\n<meta property=\"og:locale\" content=\"fr_FR\" \/>\n<meta property=\"og:type\" content=\"article\" \/>\n<meta property=\"og:title\" content=\"Cours de l&#039;or de Bourse \u2013 Lundi 5 mars 2012 - Gold.fr\" \/>\n<meta property=\"og:description\" content=\"La phase de correction joue les prolongations en ce d\u00e9but de semaine. Cours de l\u2019or de Bourse, Lundi 5 mars 2012 Evolution Prix de l&#039;Or\" \/>\n<meta property=\"og:url\" content=\"https:\/\/www.gold.fr\/news\/2012\/03\/05\/cours-de-lor-de-bourse-lundi-5-mars-2012\/\" \/>\n<meta property=\"og:site_name\" content=\"Gold.fr\" \/>\n<meta property=\"article:publisher\" content=\"https:\/\/www.facebook.com\/Goldfr\/\" \/>\n<meta property=\"article:published_time\" content=\"2012-03-05T17:19:14+00:00\" \/>\n<meta property=\"article:modified_time\" content=\"2020-06-25T13:09:51+00:00\" \/>\n<meta property=\"og:image\" content=\"https:\/\/www.gold.fr\/news\/wp-content\/uploads\/2012\/02\/boussole-dor.jpg\" \/>\n\t<meta property=\"og:image:width\" content=\"600\" \/>\n\t<meta property=\"og:image:height\" content=\"400\" \/>\n\t<meta property=\"og:image:type\" content=\"image\/jpeg\" \/>\n<meta name=\"author\" content=\"Comptoir National de l&#039;Or\" \/>\n<meta name=\"twitter:card\" content=\"summary_large_image\" \/>\n<meta name=\"twitter:label1\" content=\"\u00c9crit par\" \/>\n\t<meta name=\"twitter:data1\" content=\"Comptoir National de l&#039;Or\" \/>\n\t<meta name=\"twitter:label2\" content=\"Dur\u00e9e de lecture estim\u00e9e\" \/>\n\t<meta name=\"twitter:data2\" content=\"1 minute\" \/>\n<script type=\"application\/ld+json\" class=\"yoast-schema-graph\">{\"@context\":\"https:\\\/\\\/schema.org\",\"@graph\":[{\"@type\":\"Article\",\"@id\":\"https:\\\/\\\/www.gold.fr\\\/news\\\/2012\\\/03\\\/05\\\/cours-de-lor-de-bourse-lundi-5-mars-2012\\\/#article\",\"isPartOf\":{\"@id\":\"https:\\\/\\\/www.gold.fr\\\/news\\\/2012\\\/03\\\/05\\\/cours-de-lor-de-bourse-lundi-5-mars-2012\\\/\"},\"author\":{\"name\":\"Comptoir National de l'Or\",\"@id\":\"https:\\\/\\\/www.gold.fr\\\/news\\\/#\\\/schema\\\/person\\\/070491b4b4fb7671bf59b3be20302ce9\"},\"headline\":\"Cours de l&rsquo;or de Bourse \u2013 Lundi 5 mars 2012\",\"datePublished\":\"2012-03-05T17:19:14+00:00\",\"dateModified\":\"2020-06-25T13:09:51+00:00\",\"mainEntityOfPage\":{\"@id\":\"https:\\\/\\\/www.gold.fr\\\/news\\\/2012\\\/03\\\/05\\\/cours-de-lor-de-bourse-lundi-5-mars-2012\\\/\"},\"wordCount\":127,\"image\":{\"@id\":\"https:\\\/\\\/www.gold.fr\\\/news\\\/2012\\\/03\\\/05\\\/cours-de-lor-de-bourse-lundi-5-mars-2012\\\/#primaryimage\"},\"thumbnailUrl\":\"https:\\\/\\\/www.gold.fr\\\/news\\\/wp-content\\\/uploads\\\/2012\\\/02\\\/boussole-dor.jpg\",\"keywords\":[\"Or\",\"Tout Cours de l'Or\"],\"articleSection\":[\"Flash infos\"],\"inLanguage\":\"fr-FR\"},{\"@type\":\"WebPage\",\"@id\":\"https:\\\/\\\/www.gold.fr\\\/news\\\/2012\\\/03\\\/05\\\/cours-de-lor-de-bourse-lundi-5-mars-2012\\\/\",\"url\":\"https:\\\/\\\/www.gold.fr\\\/news\\\/2012\\\/03\\\/05\\\/cours-de-lor-de-bourse-lundi-5-mars-2012\\\/\",\"name\":\"Cours de l'or de Bourse \u2013 Lundi 5 mars 2012 - Gold.fr\",\"isPartOf\":{\"@id\":\"https:\\\/\\\/www.gold.fr\\\/news\\\/#website\"},\"primaryImageOfPage\":{\"@id\":\"https:\\\/\\\/www.gold.fr\\\/news\\\/2012\\\/03\\\/05\\\/cours-de-lor-de-bourse-lundi-5-mars-2012\\\/#primaryimage\"},\"image\":{\"@id\":\"https:\\\/\\\/www.gold.fr\\\/news\\\/2012\\\/03\\\/05\\\/cours-de-lor-de-bourse-lundi-5-mars-2012\\\/#primaryimage\"},\"thumbnailUrl\":\"https:\\\/\\\/www.gold.fr\\\/news\\\/wp-content\\\/uploads\\\/2012\\\/02\\\/boussole-dor.jpg\",\"datePublished\":\"2012-03-05T17:19:14+00:00\",\"dateModified\":\"2020-06-25T13:09:51+00:00\",\"author\":{\"@id\":\"https:\\\/\\\/www.gold.fr\\\/news\\\/#\\\/schema\\\/person\\\/070491b4b4fb7671bf59b3be20302ce9\"},\"description\":\"La phase de correction joue les prolongations en ce d\u00e9but de semaine. Cours de l\u2019or de Bourse, Lundi 5 mars 2012 Evolution Prix de l'Or\",\"breadcrumb\":{\"@id\":\"https:\\\/\\\/www.gold.fr\\\/news\\\/2012\\\/03\\\/05\\\/cours-de-lor-de-bourse-lundi-5-mars-2012\\\/#breadcrumb\"},\"inLanguage\":\"fr-FR\",\"potentialAction\":[{\"@type\":\"ReadAction\",\"target\":[\"https:\\\/\\\/www.gold.fr\\\/news\\\/2012\\\/03\\\/05\\\/cours-de-lor-de-bourse-lundi-5-mars-2012\\\/\"]}]},{\"@type\":\"ImageObject\",\"inLanguage\":\"fr-FR\",\"@id\":\"https:\\\/\\\/www.gold.fr\\\/news\\\/2012\\\/03\\\/05\\\/cours-de-lor-de-bourse-lundi-5-mars-2012\\\/#primaryimage\",\"url\":\"https:\\\/\\\/www.gold.fr\\\/news\\\/wp-content\\\/uploads\\\/2012\\\/02\\\/boussole-dor.jpg\",\"contentUrl\":\"https:\\\/\\\/www.gold.fr\\\/news\\\/wp-content\\\/uploads\\\/2012\\\/02\\\/boussole-dor.jpg\",\"width\":\"600\",\"height\":\"400\",\"caption\":\"boussole-d'or\"},{\"@type\":\"BreadcrumbList\",\"@id\":\"https:\\\/\\\/www.gold.fr\\\/news\\\/2012\\\/03\\\/05\\\/cours-de-lor-de-bourse-lundi-5-mars-2012\\\/#breadcrumb\",\"itemListElement\":[{\"@type\":\"ListItem\",\"position\":1,\"name\":\"Accueil\",\"item\":\"https:\\\/\\\/www.gold.fr\\\/\"},{\"@type\":\"ListItem\",\"position\":2,\"name\":\"Actualit\u00e9s\",\"item\":\"https:\\\/\\\/www.gold.fr\\\/news\\\/\"},{\"@type\":\"ListItem\",\"position\":3,\"name\":\"Cours de l&rsquo;or de Bourse \u2013 Lundi 5 mars 2012\"}]},{\"@type\":\"WebSite\",\"@id\":\"https:\\\/\\\/www.gold.fr\\\/news\\\/#website\",\"url\":\"https:\\\/\\\/www.gold.fr\\\/news\\\/\",\"name\":\"Gold.fr\",\"description\":\"Actualit\u00e9s de l&#039;Or et des m\u00e9taux pr\u00e9cieux\",\"potentialAction\":[{\"@type\":\"SearchAction\",\"target\":{\"@type\":\"EntryPoint\",\"urlTemplate\":\"https:\\\/\\\/www.gold.fr\\\/news\\\/?s={search_term_string}\"},\"query-input\":{\"@type\":\"PropertyValueSpecification\",\"valueRequired\":true,\"valueName\":\"search_term_string\"}}],\"inLanguage\":\"fr-FR\"},{\"@type\":\"Person\",\"@id\":\"https:\\\/\\\/www.gold.fr\\\/news\\\/#\\\/schema\\\/person\\\/070491b4b4fb7671bf59b3be20302ce9\",\"name\":\"Comptoir National de l'Or\",\"image\":{\"@type\":\"ImageObject\",\"inLanguage\":\"fr-FR\",\"@id\":\"https:\\\/\\\/secure.gravatar.com\\\/avatar\\\/0a2867fd5abe37bed95d5a65e9d58f01756e11efc68af9888dfc50cfa7f65948?s=96&d=mm&r=gb490554db0a38188709de567aa58480d\",\"url\":\"https:\\\/\\\/secure.gravatar.com\\\/avatar\\\/0a2867fd5abe37bed95d5a65e9d58f01756e11efc68af9888dfc50cfa7f65948?s=96&d=mm&r=g\",\"contentUrl\":\"https:\\\/\\\/secure.gravatar.com\\\/avatar\\\/0a2867fd5abe37bed95d5a65e9d58f01756e11efc68af9888dfc50cfa7f65948?s=96&d=mm&r=g\",\"caption\":\"Comptoir National de l'Or\"},\"description\":\"Notre r\u00e9daction est constitu\u00e9e de membres experts dans les m\u00e9tiers de l'\u00e9conomie et la gestion, des Responsables d'agence Comptoir National de l'Or, des analystes financiers qui publient r\u00e9guli\u00e8rement des \u00e9tudes sur les politiques des banques centrales, le cours de l'or, prix de l'or, cours de l'argent, prix de l'argent, cours du platine, cours du palladium,... la situation en zone euro et l'impact de la strat\u00e9gie mon\u00e9taire de la FED. Notre \u00e9quipe scrute \u00e9galement une information plus g\u00e9n\u00e9raliste \u00e0 la recherche d'actualit\u00e9 \\\"p\u00e9pite\\\" \u00e0 vous partager. Depuis 5 ans, nous avons publi\u00e9 un peu plus de 4000 articles qui s'adressent \u00e0 un public large et vari\u00e9 ayant pour objectif de satisfaire votre curiosit\u00e9 et de partager avec vous une certaine fascination pour le m\u00e9tal jaune, le rachat d'or, et pour ceux qui veulent investir dans l'or, vendre leur or tout simplement en savoir plus... Pour tous vos achat or et argent, n'h\u00e9sitez pas \u00e0 prendre rendez-vous dans l'un de nos nombreux comptoirs.\",\"sameAs\":[\"https:\\\/\\\/www.gold.fr\"]}]}<\/script>\n<!-- \/ Yoast SEO plugin. -->","yoast_head_json":{"title":"Cours de l'or de Bourse \u2013 Lundi 5 mars 2012 - Gold.fr","description":"La phase de correction joue les prolongations en ce d\u00e9but de semaine. Cours de l\u2019or de Bourse, Lundi 5 mars 2012 Evolution Prix de l'Or","robots":{"index":"index","follow":"follow","max-snippet":"max-snippet:-1","max-image-preview":"max-image-preview:large","max-video-preview":"max-video-preview:-1"},"canonical":"https:\/\/www.gold.fr\/news\/2012\/03\/05\/cours-de-lor-de-bourse-lundi-5-mars-2012\/","og_locale":"fr_FR","og_type":"article","og_title":"Cours de l'or de Bourse \u2013 Lundi 5 mars 2012 - Gold.fr","og_description":"La phase de correction joue les prolongations en ce d\u00e9but de semaine. Cours de l\u2019or de Bourse, Lundi 5 mars 2012 Evolution Prix de l'Or","og_url":"https:\/\/www.gold.fr\/news\/2012\/03\/05\/cours-de-lor-de-bourse-lundi-5-mars-2012\/","og_site_name":"Gold.fr","article_publisher":"https:\/\/www.facebook.com\/Goldfr\/","article_published_time":"2012-03-05T17:19:14+00:00","article_modified_time":"2020-06-25T13:09:51+00:00","og_image":[{"width":600,"height":400,"url":"https:\/\/www.gold.fr\/news\/wp-content\/uploads\/2012\/02\/boussole-dor.jpg","type":"image\/jpeg"}],"author":"Comptoir National de l'Or","twitter_card":"summary_large_image","twitter_misc":{"\u00c9crit par":"Comptoir National de l'Or","Dur\u00e9e de lecture estim\u00e9e":"1 minute"},"schema":{"@context":"https:\/\/schema.org","@graph":[{"@type":"Article","@id":"https:\/\/www.gold.fr\/news\/2012\/03\/05\/cours-de-lor-de-bourse-lundi-5-mars-2012\/#article","isPartOf":{"@id":"https:\/\/www.gold.fr\/news\/2012\/03\/05\/cours-de-lor-de-bourse-lundi-5-mars-2012\/"},"author":{"name":"Comptoir National de l'Or","@id":"https:\/\/www.gold.fr\/news\/#\/schema\/person\/070491b4b4fb7671bf59b3be20302ce9"},"headline":"Cours de l&rsquo;or de Bourse \u2013 Lundi 5 mars 2012","datePublished":"2012-03-05T17:19:14+00:00","dateModified":"2020-06-25T13:09:51+00:00","mainEntityOfPage":{"@id":"https:\/\/www.gold.fr\/news\/2012\/03\/05\/cours-de-lor-de-bourse-lundi-5-mars-2012\/"},"wordCount":127,"image":{"@id":"https:\/\/www.gold.fr\/news\/2012\/03\/05\/cours-de-lor-de-bourse-lundi-5-mars-2012\/#primaryimage"},"thumbnailUrl":"https:\/\/www.gold.fr\/news\/wp-content\/uploads\/2012\/02\/boussole-dor.jpg","keywords":["Or","Tout Cours de l'Or"],"articleSection":["Flash infos"],"inLanguage":"fr-FR"},{"@type":"WebPage","@id":"https:\/\/www.gold.fr\/news\/2012\/03\/05\/cours-de-lor-de-bourse-lundi-5-mars-2012\/","url":"https:\/\/www.gold.fr\/news\/2012\/03\/05\/cours-de-lor-de-bourse-lundi-5-mars-2012\/","name":"Cours de l'or de Bourse \u2013 Lundi 5 mars 2012 - Gold.fr","isPartOf":{"@id":"https:\/\/www.gold.fr\/news\/#website"},"primaryImageOfPage":{"@id":"https:\/\/www.gold.fr\/news\/2012\/03\/05\/cours-de-lor-de-bourse-lundi-5-mars-2012\/#primaryimage"},"image":{"@id":"https:\/\/www.gold.fr\/news\/2012\/03\/05\/cours-de-lor-de-bourse-lundi-5-mars-2012\/#primaryimage"},"thumbnailUrl":"https:\/\/www.gold.fr\/news\/wp-content\/uploads\/2012\/02\/boussole-dor.jpg","datePublished":"2012-03-05T17:19:14+00:00","dateModified":"2020-06-25T13:09:51+00:00","author":{"@id":"https:\/\/www.gold.fr\/news\/#\/schema\/person\/070491b4b4fb7671bf59b3be20302ce9"},"description":"La phase de correction joue les prolongations en ce d\u00e9but de semaine. Cours de l\u2019or de Bourse, Lundi 5 mars 2012 Evolution Prix de l'Or","breadcrumb":{"@id":"https:\/\/www.gold.fr\/news\/2012\/03\/05\/cours-de-lor-de-bourse-lundi-5-mars-2012\/#breadcrumb"},"inLanguage":"fr-FR","potentialAction":[{"@type":"ReadAction","target":["https:\/\/www.gold.fr\/news\/2012\/03\/05\/cours-de-lor-de-bourse-lundi-5-mars-2012\/"]}]},{"@type":"ImageObject","inLanguage":"fr-FR","@id":"https:\/\/www.gold.fr\/news\/2012\/03\/05\/cours-de-lor-de-bourse-lundi-5-mars-2012\/#primaryimage","url":"https:\/\/www.gold.fr\/news\/wp-content\/uploads\/2012\/02\/boussole-dor.jpg","contentUrl":"https:\/\/www.gold.fr\/news\/wp-content\/uploads\/2012\/02\/boussole-dor.jpg","width":"600","height":"400","caption":"boussole-d'or"},{"@type":"BreadcrumbList","@id":"https:\/\/www.gold.fr\/news\/2012\/03\/05\/cours-de-lor-de-bourse-lundi-5-mars-2012\/#breadcrumb","itemListElement":[{"@type":"ListItem","position":1,"name":"Accueil","item":"https:\/\/www.gold.fr\/"},{"@type":"ListItem","position":2,"name":"Actualit\u00e9s","item":"https:\/\/www.gold.fr\/news\/"},{"@type":"ListItem","position":3,"name":"Cours de l&rsquo;or de Bourse \u2013 Lundi 5 mars 2012"}]},{"@type":"WebSite","@id":"https:\/\/www.gold.fr\/news\/#website","url":"https:\/\/www.gold.fr\/news\/","name":"Gold.fr","description":"Actualit\u00e9s de l&#039;Or et des m\u00e9taux pr\u00e9cieux","potentialAction":[{"@type":"SearchAction","target":{"@type":"EntryPoint","urlTemplate":"https:\/\/www.gold.fr\/news\/?s={search_term_string}"},"query-input":{"@type":"PropertyValueSpecification","valueRequired":true,"valueName":"search_term_string"}}],"inLanguage":"fr-FR"},{"@type":"Person","@id":"https:\/\/www.gold.fr\/news\/#\/schema\/person\/070491b4b4fb7671bf59b3be20302ce9","name":"Comptoir National de l'Or","image":{"@type":"ImageObject","inLanguage":"fr-FR","@id":"https:\/\/secure.gravatar.com\/avatar\/0a2867fd5abe37bed95d5a65e9d58f01756e11efc68af9888dfc50cfa7f65948?s=96&d=mm&r=gb490554db0a38188709de567aa58480d","url":"https:\/\/secure.gravatar.com\/avatar\/0a2867fd5abe37bed95d5a65e9d58f01756e11efc68af9888dfc50cfa7f65948?s=96&d=mm&r=g","contentUrl":"https:\/\/secure.gravatar.com\/avatar\/0a2867fd5abe37bed95d5a65e9d58f01756e11efc68af9888dfc50cfa7f65948?s=96&d=mm&r=g","caption":"Comptoir National de l'Or"},"description":"Notre r\u00e9daction est constitu\u00e9e de membres experts dans les m\u00e9tiers de l'\u00e9conomie et la gestion, des Responsables d'agence Comptoir National de l'Or, des analystes financiers qui publient r\u00e9guli\u00e8rement des \u00e9tudes sur les politiques des banques centrales, le cours de l'or, prix de l'or, cours de l'argent, prix de l'argent, cours du platine, cours du palladium,... la situation en zone euro et l'impact de la strat\u00e9gie mon\u00e9taire de la FED. Notre \u00e9quipe scrute \u00e9galement une information plus g\u00e9n\u00e9raliste \u00e0 la recherche d'actualit\u00e9 \"p\u00e9pite\" \u00e0 vous partager. Depuis 5 ans, nous avons publi\u00e9 un peu plus de 4000 articles qui s'adressent \u00e0 un public large et vari\u00e9 ayant pour objectif de satisfaire votre curiosit\u00e9 et de partager avec vous une certaine fascination pour le m\u00e9tal jaune, le rachat d'or, et pour ceux qui veulent investir dans l'or, vendre leur or tout simplement en savoir plus... Pour tous vos achat or et argent, n'h\u00e9sitez pas \u00e0 prendre rendez-vous dans l'un de nos nombreux comptoirs.","sameAs":["https:\/\/www.gold.fr"]}]}},"authors":[{"term_id":2565,"user_id":18,"is_guest":0,"slug":"julie","display_name":"Comptoir National de l'Or","avatar_url":"https:\/\/secure.gravatar.com\/avatar\/713f289e398d35ead876c4a4cc08607f0d6d266058cfc25683fffb6092d0e572?s=96&d=mm&r=g","0":null,"1":"","2":"","3":"","4":"","5":"","6":"","7":"","8":""}],"_links":{"self":[{"href":"https:\/\/www.gold.fr\/news\/wp-json\/wp\/v2\/posts\/6186","targetHints":{"allow":["GET"]}}],"collection":[{"href":"https:\/\/www.gold.fr\/news\/wp-json\/wp\/v2\/posts"}],"about":[{"href":"https:\/\/www.gold.fr\/news\/wp-json\/wp\/v2\/types\/post"}],"author":[{"embeddable":true,"href":"https:\/\/www.gold.fr\/news\/wp-json\/wp\/v2\/users\/18"}],"replies":[{"embeddable":true,"href":"https:\/\/www.gold.fr\/news\/wp-json\/wp\/v2\/comments?post=6186"}],"version-history":[{"count":0,"href":"https:\/\/www.gold.fr\/news\/wp-json\/wp\/v2\/posts\/6186\/revisions"}],"wp:featuredmedia":[{"embeddable":true,"href":"https:\/\/www.gold.fr\/news\/wp-json\/wp\/v2\/media\/5593"}],"wp:attachment":[{"href":"https:\/\/www.gold.fr\/news\/wp-json\/wp\/v2\/media?parent=6186"}],"wp:term":[{"taxonomy":"category","embeddable":true,"href":"https:\/\/www.gold.fr\/news\/wp-json\/wp\/v2\/categories?post=6186"},{"taxonomy":"post_tag","embeddable":true,"href":"https:\/\/www.gold.fr\/news\/wp-json\/wp\/v2\/tags?post=6186"},{"taxonomy":"author","embeddable":true,"href":"https:\/\/www.gold.fr\/news\/wp-json\/wp\/v2\/ppma_author?post=6186"}],"curies":[{"name":"wp","href":"https:\/\/api.w.org\/{rel}","templated":true}]}}