{"id":6161,"date":"2012-03-05T13:00:48","date_gmt":"2012-03-05T12:00:48","guid":{"rendered":"http:\/\/news.gold.fr\/?p=6161"},"modified":"2020-06-29T16:41:31","modified_gmt":"2020-06-29T14:41:31","slug":"correction-de-lor","status":"publish","type":"post","link":"https:\/\/www.gold.fr\/news\/2012\/03\/05\/correction-de-lor\/","title":{"rendered":"Correction du cours de l&rsquo;Or"},"content":{"rendered":"<p style=\"text-align: justify;\"><img loading=\"lazy\" decoding=\"async\" class=\"alignleft size-thumbnail wp-image-2989\" title=\"Correction de l'or\" src=\"http:\/\/news.gold.fr\/wp-content\/uploads\/2011\/10\/Chaine-or-150x150.jpg\" alt=\"\" width=\"150\" height=\"150\" align=\"left\" border=\"1\" hspace=\"5\" vspace=\"5\" \/><span style=\"font-size: small;\"><span style=\"font-family: Verdana;\">Ce matin,<strong> l\u2019once d\u2019<a class=\"esk-seo-plu-link\" href=\"https:\/\/www.gold.fr\/news\/tags\/or\">Or<\/a> a r\u00e9ussi \u00e0 pr\u00e9server <\/strong><\/span><\/span><strong><a title=\"Cours de l'Or\" href=\"https:\/\/www.gold.fr\/once-en\/\" target=\"_blank\" rel=\"noopener noreferrer\"><span style=\"font-size: small;\"><span style=\"font-family: Verdana;\">la barre des 1.700 dollars<\/span><\/span><\/a><\/strong><span style=\"font-size: small;\"><span style=\"font-family: Verdana;\"> sur le march\u00e9 londonien.<br \/>\nApr\u00e8s la chute s\u00e9v\u00e8re qu\u2019elle a subi en deux jours (- 100 dollars), l\u2019once d\u2019<a class=\"esk-seo-plu-link\" href=\"https:\/\/www.gold.fr\/news\/tags\/or\">or<\/a> cotait \u00e0 1.714,5 dollars au terme du premier <a class=\"esk-seo-plu-link\" href=\"https:\/\/www.gold.fr\/news\/tags\/cours-de-lor\">fixing<\/a> de ce vendredi \u00e0 Londres. Ce <a class=\"esk-seo-plu-link\" href=\"https:\/\/www.gold.fr\/news\/tags\/cours-de-lor\">fixing<\/a> correspond \u00e0 une l\u00e9g\u00e8re augmentation par rapport \u00e0 la veille.<\/span><\/span><span style=\"font-family: Verdana; font-size: small;\"><br \/>\n<\/span><\/p>\n<p style=\"text-align: justify;\"><span style=\"font-size: small;\"><span style=\"font-family: Verdana;\">Il est ind\u00e9niable que le mouvement de correction survenu ces derniers jours est d\u2019une amplitude exceptionnelle. <strong>Une chute de 100 dollars n\u2019a jamais \u00e9t\u00e9 enregistr\u00e9e<\/strong> depuis l\u2019effondrement de Lehman en Septembre 2008, atteste ScotiaMocatta.<\/span><\/span><\/p>\n<p style=\"text-align: justify;\"><span style=\"font-size: small;\"><span style=\"font-family: Verdana;\">Triland Metals affirme que la demande physique en <a class=\"esk-seo-plu-link\" href=\"https:\/\/www.gold.fr\/news\/tags\/or\">Or<\/a> s\u2019est accrue sur le march\u00e9 au comptant lorsque l\u2019once a r\u00e9ussi \u00e0 revenir autour des 1.700 dollars. Cette tendance a \u00e9t\u00e9 confirm\u00e9e par les n\u00e9gociants suisses de MKS qui rapportent qu\u2019en Asie, les joailliers, les courtiers et investisseurs se sont ru\u00e9s sur l\u2019<a class=\"esk-seo-plu-link\" href=\"https:\/\/www.gold.fr\/news\/tags\/or\">Or<\/a> pour profiter de cette chute de prix.<\/span><\/span><\/p>\n<!-- AddThis Advanced Settings generic via filter on the_content --><!-- AddThis Share Buttons generic via filter on the_content -->","protected":false},"excerpt":{"rendered":"<p>Ce matin, l\u2019once d\u2019Or a r\u00e9ussi \u00e0 pr\u00e9server la barre des 1.700 dollars sur le march\u00e9 londonien. Apr\u00e8s la chute s\u00e9v\u00e8re qu\u2019elle a subi en deux jours (- 100 dollars), l\u2019once d\u2019or cotait \u00e0 1.714,5 dollars [&hellip;]<\/p>\n","protected":false},"author":11,"featured_media":2989,"comment_status":"closed","ping_status":"closed","sticky":false,"template":"","format":"standard","meta":{"_mbp_gutenberg_autopost":false,"_pgmb_is_evergreen":false,"_pgmb_ap_template_id":0,"footnotes":""},"categories":[4],"tags":[90,385],"ppma_author":[2562],"class_list":["post-6161","post","type-post","status-publish","format-standard","has-post-thumbnail","hentry","category-analyses-economiques","tag-correction-de-lor","tag-cours-de-lor-de-bourse"],"yoast_head":"<!-- This site is optimized with the Yoast SEO plugin v27.5 - https:\/\/yoast.com\/product\/yoast-seo-wordpress\/ -->\n<title>Correction du cours de l&#039;Or - Gold.fr<\/title>\n<meta name=\"description\" content=\"L\u2019once d\u2019Or a r\u00e9ussi \u00e0 pr\u00e9server la barre des 1700$ sur le march\u00e9 londonien Apr\u00e8s la chute s\u00e9v\u00e8re qu\u2019elle a subi en deux jours (-100 dollars)\" \/>\n<meta name=\"robots\" content=\"index, follow, max-snippet:-1, max-image-preview:large, max-video-preview:-1\" \/>\n<link rel=\"canonical\" href=\"https:\/\/www.gold.fr\/news\/2012\/03\/05\/correction-de-lor\/\" \/>\n<meta property=\"og:locale\" content=\"fr_FR\" \/>\n<meta property=\"og:type\" content=\"article\" \/>\n<meta property=\"og:title\" content=\"Correction du cours de l&#039;Or - Gold.fr\" \/>\n<meta property=\"og:description\" content=\"L\u2019once d\u2019Or a r\u00e9ussi \u00e0 pr\u00e9server la barre des 1700$ sur le march\u00e9 londonien Apr\u00e8s la chute s\u00e9v\u00e8re qu\u2019elle a subi en deux jours (-100 dollars)\" \/>\n<meta property=\"og:url\" content=\"https:\/\/www.gold.fr\/news\/2012\/03\/05\/correction-de-lor\/\" \/>\n<meta property=\"og:site_name\" content=\"Gold.fr\" \/>\n<meta property=\"article:publisher\" content=\"https:\/\/www.facebook.com\/Goldfr\/\" \/>\n<meta property=\"article:published_time\" content=\"2012-03-05T12:00:48+00:00\" \/>\n<meta property=\"article:modified_time\" content=\"2020-06-29T14:41:31+00:00\" \/>\n<meta property=\"og:image\" content=\"https:\/\/www.gold.fr\/news\/wp-content\/uploads\/2011\/10\/Chaine-or.jpg\" \/>\n\t<meta property=\"og:image:width\" content=\"600\" \/>\n\t<meta property=\"og:image:height\" content=\"590\" \/>\n\t<meta property=\"og:image:type\" content=\"image\/jpeg\" \/>\n<meta name=\"author\" content=\"Anthony\" \/>\n<meta name=\"twitter:card\" content=\"summary_large_image\" \/>\n<meta name=\"twitter:label1\" content=\"\u00c9crit par\" \/>\n\t<meta name=\"twitter:data1\" content=\"Anthony\" \/>\n\t<meta name=\"twitter:label2\" content=\"Dur\u00e9e de lecture estim\u00e9e\" \/>\n\t<meta name=\"twitter:data2\" content=\"1 minute\" \/>\n<script type=\"application\/ld+json\" class=\"yoast-schema-graph\">{\"@context\":\"https:\\\/\\\/schema.org\",\"@graph\":[{\"@type\":\"Article\",\"@id\":\"https:\\\/\\\/www.gold.fr\\\/news\\\/2012\\\/03\\\/05\\\/correction-de-lor\\\/#article\",\"isPartOf\":{\"@id\":\"https:\\\/\\\/www.gold.fr\\\/news\\\/2012\\\/03\\\/05\\\/correction-de-lor\\\/\"},\"author\":{\"name\":\"Anthony\",\"@id\":\"https:\\\/\\\/www.gold.fr\\\/news\\\/#\\\/schema\\\/person\\\/feb6458ffd7bceeeb4e228398c34fbe5\"},\"headline\":\"Correction du cours de l&rsquo;Or\",\"datePublished\":\"2012-03-05T12:00:48+00:00\",\"dateModified\":\"2020-06-29T14:41:31+00:00\",\"mainEntityOfPage\":{\"@id\":\"https:\\\/\\\/www.gold.fr\\\/news\\\/2012\\\/03\\\/05\\\/correction-de-lor\\\/\"},\"wordCount\":170,\"image\":{\"@id\":\"https:\\\/\\\/www.gold.fr\\\/news\\\/2012\\\/03\\\/05\\\/correction-de-lor\\\/#primaryimage\"},\"thumbnailUrl\":\"https:\\\/\\\/www.gold.fr\\\/news\\\/wp-content\\\/uploads\\\/2011\\\/10\\\/Chaine-or.jpg\",\"keywords\":[\"correction de l'or\",\"cours de l'or de bourse\"],\"articleSection\":[\"Analyses Economiques\"],\"inLanguage\":\"fr-FR\"},{\"@type\":\"WebPage\",\"@id\":\"https:\\\/\\\/www.gold.fr\\\/news\\\/2012\\\/03\\\/05\\\/correction-de-lor\\\/\",\"url\":\"https:\\\/\\\/www.gold.fr\\\/news\\\/2012\\\/03\\\/05\\\/correction-de-lor\\\/\",\"name\":\"Correction du cours de l'Or - Gold.fr\",\"isPartOf\":{\"@id\":\"https:\\\/\\\/www.gold.fr\\\/news\\\/#website\"},\"primaryImageOfPage\":{\"@id\":\"https:\\\/\\\/www.gold.fr\\\/news\\\/2012\\\/03\\\/05\\\/correction-de-lor\\\/#primaryimage\"},\"image\":{\"@id\":\"https:\\\/\\\/www.gold.fr\\\/news\\\/2012\\\/03\\\/05\\\/correction-de-lor\\\/#primaryimage\"},\"thumbnailUrl\":\"https:\\\/\\\/www.gold.fr\\\/news\\\/wp-content\\\/uploads\\\/2011\\\/10\\\/Chaine-or.jpg\",\"datePublished\":\"2012-03-05T12:00:48+00:00\",\"dateModified\":\"2020-06-29T14:41:31+00:00\",\"author\":{\"@id\":\"https:\\\/\\\/www.gold.fr\\\/news\\\/#\\\/schema\\\/person\\\/feb6458ffd7bceeeb4e228398c34fbe5\"},\"description\":\"L\u2019once d\u2019Or a r\u00e9ussi \u00e0 pr\u00e9server la barre des 1700$ sur le march\u00e9 londonien Apr\u00e8s la chute s\u00e9v\u00e8re qu\u2019elle a subi en deux jours (-100 dollars)\",\"breadcrumb\":{\"@id\":\"https:\\\/\\\/www.gold.fr\\\/news\\\/2012\\\/03\\\/05\\\/correction-de-lor\\\/#breadcrumb\"},\"inLanguage\":\"fr-FR\",\"potentialAction\":[{\"@type\":\"ReadAction\",\"target\":[\"https:\\\/\\\/www.gold.fr\\\/news\\\/2012\\\/03\\\/05\\\/correction-de-lor\\\/\"]}]},{\"@type\":\"ImageObject\",\"inLanguage\":\"fr-FR\",\"@id\":\"https:\\\/\\\/www.gold.fr\\\/news\\\/2012\\\/03\\\/05\\\/correction-de-lor\\\/#primaryimage\",\"url\":\"https:\\\/\\\/www.gold.fr\\\/news\\\/wp-content\\\/uploads\\\/2011\\\/10\\\/Chaine-or.jpg\",\"contentUrl\":\"https:\\\/\\\/www.gold.fr\\\/news\\\/wp-content\\\/uploads\\\/2011\\\/10\\\/Chaine-or.jpg\",\"width\":\"600\",\"height\":\"590\",\"caption\":\"Nouvelle sanction s\u00e9v\u00e8re pour Barclays\"},{\"@type\":\"BreadcrumbList\",\"@id\":\"https:\\\/\\\/www.gold.fr\\\/news\\\/2012\\\/03\\\/05\\\/correction-de-lor\\\/#breadcrumb\",\"itemListElement\":[{\"@type\":\"ListItem\",\"position\":1,\"name\":\"Accueil\",\"item\":\"https:\\\/\\\/www.gold.fr\\\/\"},{\"@type\":\"ListItem\",\"position\":2,\"name\":\"Actualit\u00e9s\",\"item\":\"https:\\\/\\\/www.gold.fr\\\/news\\\/\"},{\"@type\":\"ListItem\",\"position\":3,\"name\":\"Correction du cours de l&rsquo;Or\"}]},{\"@type\":\"WebSite\",\"@id\":\"https:\\\/\\\/www.gold.fr\\\/news\\\/#website\",\"url\":\"https:\\\/\\\/www.gold.fr\\\/news\\\/\",\"name\":\"Gold.fr\",\"description\":\"Actualit\u00e9s de l&#039;Or et des m\u00e9taux pr\u00e9cieux\",\"potentialAction\":[{\"@type\":\"SearchAction\",\"target\":{\"@type\":\"EntryPoint\",\"urlTemplate\":\"https:\\\/\\\/www.gold.fr\\\/news\\\/?s={search_term_string}\"},\"query-input\":{\"@type\":\"PropertyValueSpecification\",\"valueRequired\":true,\"valueName\":\"search_term_string\"}}],\"inLanguage\":\"fr-FR\"},{\"@type\":\"Person\",\"@id\":\"https:\\\/\\\/www.gold.fr\\\/news\\\/#\\\/schema\\\/person\\\/feb6458ffd7bceeeb4e228398c34fbe5\",\"name\":\"Anthony\",\"image\":{\"@type\":\"ImageObject\",\"inLanguage\":\"fr-FR\",\"@id\":\"https:\\\/\\\/secure.gravatar.com\\\/avatar\\\/19974f7c75da5f0b217374f3a37eb05031e41aaad4ceb3fe17ada2ab3daf6b95?s=96&d=mm&r=gbc5324aff3d366843e00df00c899c1a8\",\"url\":\"https:\\\/\\\/secure.gravatar.com\\\/avatar\\\/19974f7c75da5f0b217374f3a37eb05031e41aaad4ceb3fe17ada2ab3daf6b95?s=96&d=mm&r=g\",\"contentUrl\":\"https:\\\/\\\/secure.gravatar.com\\\/avatar\\\/19974f7c75da5f0b217374f3a37eb05031e41aaad4ceb3fe17ada2ab3daf6b95?s=96&d=mm&r=g\",\"caption\":\"Anthony\"},\"description\":\"Notre r\u00e9daction est constitu\u00e9e de membres experts dans les m\u00e9tiers de l'\u00e9conomie et la gestion, des Responsables d'agence Comptoir National de l'Or, des analystes financiers qui publient r\u00e9guli\u00e8rement des \u00e9tudes sur les politiques des banques centrales, le cours de l'or, le cours de l'argent, cours du platine, cours du palladium... la situation en zone euro et l'impact de la strat\u00e9gie mon\u00e9taire de la FED. Notre \u00e9quipe scrute \u00e9galement une information plus g\u00e9n\u00e9raliste \u00e0 la recherche d'actualit\u00e9 \\\"p\u00e9pite\\\" \u00e0 vous partager. Depuis 5 ans, nous avons publi\u00e9 un peu plus de 4000 articles qui s'adressent \u00e0 un public large et vari\u00e9 ayant pour objectif de satisfaire votre curiosit\u00e9 et de partager avec vous une certaine fascination pour le m\u00e9tal jaune, pour ceux qui veulent investir dans l'or, vendre leur or tout simplement en savoir plus...\",\"sameAs\":[\"https:\\\/\\\/www.gold.fr\\\/news\"]}]}<\/script>\n<!-- \/ Yoast SEO plugin. -->","yoast_head_json":{"title":"Correction du cours de l'Or - Gold.fr","description":"L\u2019once d\u2019Or a r\u00e9ussi \u00e0 pr\u00e9server la barre des 1700$ sur le march\u00e9 londonien Apr\u00e8s la chute s\u00e9v\u00e8re qu\u2019elle a subi en deux jours (-100 dollars)","robots":{"index":"index","follow":"follow","max-snippet":"max-snippet:-1","max-image-preview":"max-image-preview:large","max-video-preview":"max-video-preview:-1"},"canonical":"https:\/\/www.gold.fr\/news\/2012\/03\/05\/correction-de-lor\/","og_locale":"fr_FR","og_type":"article","og_title":"Correction du cours de l'Or - Gold.fr","og_description":"L\u2019once d\u2019Or a r\u00e9ussi \u00e0 pr\u00e9server la barre des 1700$ sur le march\u00e9 londonien Apr\u00e8s la chute s\u00e9v\u00e8re qu\u2019elle a subi en deux jours (-100 dollars)","og_url":"https:\/\/www.gold.fr\/news\/2012\/03\/05\/correction-de-lor\/","og_site_name":"Gold.fr","article_publisher":"https:\/\/www.facebook.com\/Goldfr\/","article_published_time":"2012-03-05T12:00:48+00:00","article_modified_time":"2020-06-29T14:41:31+00:00","og_image":[{"width":600,"height":590,"url":"https:\/\/www.gold.fr\/news\/wp-content\/uploads\/2011\/10\/Chaine-or.jpg","type":"image\/jpeg"}],"author":"Anthony","twitter_card":"summary_large_image","twitter_misc":{"\u00c9crit par":"Anthony","Dur\u00e9e de lecture estim\u00e9e":"1 minute"},"schema":{"@context":"https:\/\/schema.org","@graph":[{"@type":"Article","@id":"https:\/\/www.gold.fr\/news\/2012\/03\/05\/correction-de-lor\/#article","isPartOf":{"@id":"https:\/\/www.gold.fr\/news\/2012\/03\/05\/correction-de-lor\/"},"author":{"name":"Anthony","@id":"https:\/\/www.gold.fr\/news\/#\/schema\/person\/feb6458ffd7bceeeb4e228398c34fbe5"},"headline":"Correction du cours de l&rsquo;Or","datePublished":"2012-03-05T12:00:48+00:00","dateModified":"2020-06-29T14:41:31+00:00","mainEntityOfPage":{"@id":"https:\/\/www.gold.fr\/news\/2012\/03\/05\/correction-de-lor\/"},"wordCount":170,"image":{"@id":"https:\/\/www.gold.fr\/news\/2012\/03\/05\/correction-de-lor\/#primaryimage"},"thumbnailUrl":"https:\/\/www.gold.fr\/news\/wp-content\/uploads\/2011\/10\/Chaine-or.jpg","keywords":["correction de l'or","cours de l'or de bourse"],"articleSection":["Analyses Economiques"],"inLanguage":"fr-FR"},{"@type":"WebPage","@id":"https:\/\/www.gold.fr\/news\/2012\/03\/05\/correction-de-lor\/","url":"https:\/\/www.gold.fr\/news\/2012\/03\/05\/correction-de-lor\/","name":"Correction du cours de l'Or - Gold.fr","isPartOf":{"@id":"https:\/\/www.gold.fr\/news\/#website"},"primaryImageOfPage":{"@id":"https:\/\/www.gold.fr\/news\/2012\/03\/05\/correction-de-lor\/#primaryimage"},"image":{"@id":"https:\/\/www.gold.fr\/news\/2012\/03\/05\/correction-de-lor\/#primaryimage"},"thumbnailUrl":"https:\/\/www.gold.fr\/news\/wp-content\/uploads\/2011\/10\/Chaine-or.jpg","datePublished":"2012-03-05T12:00:48+00:00","dateModified":"2020-06-29T14:41:31+00:00","author":{"@id":"https:\/\/www.gold.fr\/news\/#\/schema\/person\/feb6458ffd7bceeeb4e228398c34fbe5"},"description":"L\u2019once d\u2019Or a r\u00e9ussi \u00e0 pr\u00e9server la barre des 1700$ sur le march\u00e9 londonien Apr\u00e8s la chute s\u00e9v\u00e8re qu\u2019elle a subi en deux jours (-100 dollars)","breadcrumb":{"@id":"https:\/\/www.gold.fr\/news\/2012\/03\/05\/correction-de-lor\/#breadcrumb"},"inLanguage":"fr-FR","potentialAction":[{"@type":"ReadAction","target":["https:\/\/www.gold.fr\/news\/2012\/03\/05\/correction-de-lor\/"]}]},{"@type":"ImageObject","inLanguage":"fr-FR","@id":"https:\/\/www.gold.fr\/news\/2012\/03\/05\/correction-de-lor\/#primaryimage","url":"https:\/\/www.gold.fr\/news\/wp-content\/uploads\/2011\/10\/Chaine-or.jpg","contentUrl":"https:\/\/www.gold.fr\/news\/wp-content\/uploads\/2011\/10\/Chaine-or.jpg","width":"600","height":"590","caption":"Nouvelle sanction s\u00e9v\u00e8re pour Barclays"},{"@type":"BreadcrumbList","@id":"https:\/\/www.gold.fr\/news\/2012\/03\/05\/correction-de-lor\/#breadcrumb","itemListElement":[{"@type":"ListItem","position":1,"name":"Accueil","item":"https:\/\/www.gold.fr\/"},{"@type":"ListItem","position":2,"name":"Actualit\u00e9s","item":"https:\/\/www.gold.fr\/news\/"},{"@type":"ListItem","position":3,"name":"Correction du cours de l&rsquo;Or"}]},{"@type":"WebSite","@id":"https:\/\/www.gold.fr\/news\/#website","url":"https:\/\/www.gold.fr\/news\/","name":"Gold.fr","description":"Actualit\u00e9s de l&#039;Or et des m\u00e9taux pr\u00e9cieux","potentialAction":[{"@type":"SearchAction","target":{"@type":"EntryPoint","urlTemplate":"https:\/\/www.gold.fr\/news\/?s={search_term_string}"},"query-input":{"@type":"PropertyValueSpecification","valueRequired":true,"valueName":"search_term_string"}}],"inLanguage":"fr-FR"},{"@type":"Person","@id":"https:\/\/www.gold.fr\/news\/#\/schema\/person\/feb6458ffd7bceeeb4e228398c34fbe5","name":"Anthony","image":{"@type":"ImageObject","inLanguage":"fr-FR","@id":"https:\/\/secure.gravatar.com\/avatar\/19974f7c75da5f0b217374f3a37eb05031e41aaad4ceb3fe17ada2ab3daf6b95?s=96&d=mm&r=gbc5324aff3d366843e00df00c899c1a8","url":"https:\/\/secure.gravatar.com\/avatar\/19974f7c75da5f0b217374f3a37eb05031e41aaad4ceb3fe17ada2ab3daf6b95?s=96&d=mm&r=g","contentUrl":"https:\/\/secure.gravatar.com\/avatar\/19974f7c75da5f0b217374f3a37eb05031e41aaad4ceb3fe17ada2ab3daf6b95?s=96&d=mm&r=g","caption":"Anthony"},"description":"Notre r\u00e9daction est constitu\u00e9e de membres experts dans les m\u00e9tiers de l'\u00e9conomie et la gestion, des Responsables d'agence Comptoir National de l'Or, des analystes financiers qui publient r\u00e9guli\u00e8rement des \u00e9tudes sur les politiques des banques centrales, le cours de l'or, le cours de l'argent, cours du platine, cours du palladium... la situation en zone euro et l'impact de la strat\u00e9gie mon\u00e9taire de la FED. Notre \u00e9quipe scrute \u00e9galement une information plus g\u00e9n\u00e9raliste \u00e0 la recherche d'actualit\u00e9 \"p\u00e9pite\" \u00e0 vous partager. Depuis 5 ans, nous avons publi\u00e9 un peu plus de 4000 articles qui s'adressent \u00e0 un public large et vari\u00e9 ayant pour objectif de satisfaire votre curiosit\u00e9 et de partager avec vous une certaine fascination pour le m\u00e9tal jaune, pour ceux qui veulent investir dans l'or, vendre leur or tout simplement en savoir plus...","sameAs":["https:\/\/www.gold.fr\/news"]}]}},"authors":[{"term_id":2562,"user_id":11,"is_guest":0,"slug":"anthony","display_name":"Anthony","avatar_url":"https:\/\/secure.gravatar.com\/avatar\/19974f7c75da5f0b217374f3a37eb05031e41aaad4ceb3fe17ada2ab3daf6b95?s=96&d=mm&r=g","0":null,"1":"","2":"","3":"","4":"","5":"","6":"","7":"","8":""}],"_links":{"self":[{"href":"https:\/\/www.gold.fr\/news\/wp-json\/wp\/v2\/posts\/6161","targetHints":{"allow":["GET"]}}],"collection":[{"href":"https:\/\/www.gold.fr\/news\/wp-json\/wp\/v2\/posts"}],"about":[{"href":"https:\/\/www.gold.fr\/news\/wp-json\/wp\/v2\/types\/post"}],"author":[{"embeddable":true,"href":"https:\/\/www.gold.fr\/news\/wp-json\/wp\/v2\/users\/11"}],"replies":[{"embeddable":true,"href":"https:\/\/www.gold.fr\/news\/wp-json\/wp\/v2\/comments?post=6161"}],"version-history":[{"count":0,"href":"https:\/\/www.gold.fr\/news\/wp-json\/wp\/v2\/posts\/6161\/revisions"}],"wp:featuredmedia":[{"embeddable":true,"href":"https:\/\/www.gold.fr\/news\/wp-json\/wp\/v2\/media\/2989"}],"wp:attachment":[{"href":"https:\/\/www.gold.fr\/news\/wp-json\/wp\/v2\/media?parent=6161"}],"wp:term":[{"taxonomy":"category","embeddable":true,"href":"https:\/\/www.gold.fr\/news\/wp-json\/wp\/v2\/categories?post=6161"},{"taxonomy":"post_tag","embeddable":true,"href":"https:\/\/www.gold.fr\/news\/wp-json\/wp\/v2\/tags?post=6161"},{"taxonomy":"author","embeddable":true,"href":"https:\/\/www.gold.fr\/news\/wp-json\/wp\/v2\/ppma_author?post=6161"}],"curies":[{"name":"wp","href":"https:\/\/api.w.org\/{rel}","templated":true}]}}