{"id":5664,"date":"2012-02-11T14:47:03","date_gmt":"2012-02-11T13:47:03","guid":{"rendered":"http:\/\/news.gold.fr\/?p=5664"},"modified":"2020-06-25T16:35:01","modified_gmt":"2020-06-25T14:35:01","slug":"entree-en-exploitation-dune-nouvelle-mine-dor-au-congo-dici-la-fin-2012","status":"publish","type":"post","link":"https:\/\/www.gold.fr\/news\/2012\/02\/11\/entree-en-exploitation-dune-nouvelle-mine-dor-au-congo-dici-la-fin-2012\/","title":{"rendered":"Entr\u00e9e en exploitation d\u2019une nouvelle mine d\u2019or au Congo d&rsquo;ici la fin 2012"},"content":{"rendered":"<p style=\"text-align: justify;\"><a href=\"http:\/\/news.gold.fr\/wp-content\/uploads\/2012\/02\/fonte-dor.jpg\"><img loading=\"lazy\" decoding=\"async\" class=\"alignleft size-thumbnail wp-image-5666\" title=\"fonte-dor\" src=\"http:\/\/news.gold.fr\/wp-content\/uploads\/2012\/02\/fonte-dor-150x150.jpg\" alt=\"\" width=\"150\" height=\"150\" align=\"left\" border=\"1\" hspace=\"5\" vspace=\"5\" \/><\/a><\/p>\n<p><span style=\"font-family: Verdana;\"><span style=\"text-align: justify;\">Apr\u00e8s s\u2019\u00eatre int\u00e9ress\u00e9s au Ghana, la C\u00f4te d\u2019Ivoire et le Mali, les deux principaux miniers sud-africains, <strong>Randgold et Anglogold<\/strong>, se sont tourn\u00e9s vers <strong>les richesses sous-terraines du Congo<\/strong>, o\u00f9 le chantier d\u2019une toute nouvelle mine, situ\u00e9e dans la province de Kibali, progresse rapidement et devrait acc\u00e9der en phase d\u2019exploitation d\u2019ici la fin de l\u2019ann\u00e9e.<\/span><\/span><\/p>\n<p><span style=\"font-family: Verdana;\">Selon les pr\u00e9visions des g\u00e9ologues, la mine devrait avoir <strong>un rendement de pas moins de 20 tonnes d\u2019<\/strong><\/span><span style=\"font-family: Verdana;\"><strong><a class=\"esk-seo-plu-link\" href=\"https:\/\/www.gold.fr\/news\/tags\/or\">or<\/a><\/strong><\/span><span style=\"font-family: Verdana;\"> par an et ce, jusqu\u2019en 2031 ! Les promoteurs des g\u00e9ants miniers Anglogold et Randgold pr\u00e9cisent que plus de la moiti\u00e9 des b\u00e9n\u00e9fices (52%) produits par la mine resteront au Congo sous forme de <strong>taxes et de dividendes<\/strong>. Tandis que <strong>48% seront per\u00e7us par les actionnaires<\/strong>.<\/span><\/p>\n<p style=\"font-family: Arial, Helvetica, sans-serif; text-align: justify;\"><span style=\"font-family: Verdana;\">Cependant, il aura fallu faire preuve de beaucoup de persuasion et de bonne volont\u00e9 pour faire accepter cette mine aux populations locales. En effet, l\u2019ouverture de <strong>la mine<\/strong> \u00e0 provoqu\u00e9 la d\u00e9localisation de deux villages complets et d\u2019un cimeti\u00e8re. En contrepartie, les investisseurs ont donc fait construire deux nouveaux villages, une \u00e9glise et deux \u00e9coles.<br \/>\n<\/span><\/p>\n<p style=\"font-family: Arial, Helvetica, sans-serif; text-align: justify;\"><span style=\"font-family: Verdana;\">Ceci \u00e9tant la partie la plus facile, puisque la v\u00e9ritable difficult\u00e9 vient de la position g\u00e9ographique m\u00eame de la mine, qui se situe au Nord Est du Congo, zone particuli\u00e8rement instable \u00e0 cause des groupes arm\u00e9s qui y s\u00e9vissent. Le PDG de Randgold fait cependant enti\u00e8re confiance au gouvernement Congolais pour assurer la s\u00e9curit\u00e9 et l\u2019ordre\u2026<\/span><\/p>\n<!-- AddThis Advanced Settings generic via filter on the_content --><!-- AddThis Share Buttons generic via filter on the_content -->","protected":false},"excerpt":{"rendered":"<p>Apr\u00e8s s\u2019\u00eatre int\u00e9ress\u00e9s au Ghana, la C\u00f4te d\u2019Ivoire et le Mali, les deux principaux miniers sud-africains, Randgold et Anglogold, se sont tourn\u00e9s vers les richesses sous-terraines du Congo, o\u00f9 le chantier d\u2019une toute nouvelle mine, situ\u00e9e [&hellip;]<\/p>\n","protected":false},"author":18,"featured_media":5667,"comment_status":"closed","ping_status":"closed","sticky":false,"template":"","format":"standard","meta":{"_mbp_gutenberg_autopost":false,"_pgmb_is_evergreen":false,"_pgmb_ap_template_id":0,"footnotes":""},"categories":[6],"tags":[313,76,84],"ppma_author":[2565],"class_list":["post-5664","post","type-post","status-publish","format-standard","has-post-thumbnail","hentry","category-articles-de-presse","tag-congo","tag-or","tag-cours-de-lor"],"yoast_head":"<!-- This site is optimized with the Yoast SEO plugin v27.5 - https:\/\/yoast.com\/product\/yoast-seo-wordpress\/ -->\n<title>Entr\u00e9e en exploitation d\u2019une nouvelle mine d\u2019or au Congo d&#039;ici la fin 2012 - Gold.fr<\/title>\n<meta name=\"description\" content=\"Apr\u00e8s s\u2019\u00eatre int\u00e9ress\u00e9s au Ghana, la C\u00f4te d\u2019Ivoire, le Mali, les deux principaux miniers, Entr\u00e9e d\u2019une nouvelle mine d\u2019or au Congo\" \/>\n<meta name=\"robots\" content=\"index, follow, max-snippet:-1, max-image-preview:large, max-video-preview:-1\" \/>\n<link rel=\"canonical\" href=\"https:\/\/www.gold.fr\/news\/2012\/02\/11\/entree-en-exploitation-dune-nouvelle-mine-dor-au-congo-dici-la-fin-2012\/\" \/>\n<meta property=\"og:locale\" content=\"fr_FR\" \/>\n<meta property=\"og:type\" content=\"article\" \/>\n<meta property=\"og:title\" content=\"Entr\u00e9e en exploitation d\u2019une nouvelle mine d\u2019or au Congo d&#039;ici la fin 2012 - Gold.fr\" \/>\n<meta property=\"og:description\" content=\"Apr\u00e8s s\u2019\u00eatre int\u00e9ress\u00e9s au Ghana, la C\u00f4te d\u2019Ivoire, le Mali, les deux principaux miniers, Entr\u00e9e d\u2019une nouvelle mine d\u2019or au Congo\" \/>\n<meta property=\"og:url\" content=\"https:\/\/www.gold.fr\/news\/2012\/02\/11\/entree-en-exploitation-dune-nouvelle-mine-dor-au-congo-dici-la-fin-2012\/\" \/>\n<meta property=\"og:site_name\" content=\"Gold.fr\" \/>\n<meta property=\"article:publisher\" content=\"https:\/\/www.facebook.com\/Goldfr\/\" \/>\n<meta property=\"article:published_time\" content=\"2012-02-11T13:47:03+00:00\" \/>\n<meta property=\"article:modified_time\" content=\"2020-06-25T14:35:01+00:00\" \/>\n<meta property=\"og:image\" content=\"https:\/\/www.gold.fr\/news\/wp-content\/uploads\/2012\/02\/mine-dor.jpg\" \/>\n\t<meta property=\"og:image:width\" content=\"800\" \/>\n\t<meta property=\"og:image:height\" content=\"407\" \/>\n\t<meta property=\"og:image:type\" content=\"image\/jpeg\" \/>\n<meta name=\"author\" content=\"Comptoir National de l&#039;Or\" \/>\n<meta name=\"twitter:card\" content=\"summary_large_image\" \/>\n<meta name=\"twitter:label1\" content=\"\u00c9crit par\" \/>\n\t<meta name=\"twitter:data1\" content=\"Comptoir National de l&#039;Or\" \/>\n\t<meta name=\"twitter:label2\" content=\"Dur\u00e9e de lecture estim\u00e9e\" \/>\n\t<meta name=\"twitter:data2\" content=\"1 minute\" \/>\n<script type=\"application\/ld+json\" class=\"yoast-schema-graph\">{\"@context\":\"https:\\\/\\\/schema.org\",\"@graph\":[{\"@type\":\"Article\",\"@id\":\"https:\\\/\\\/www.gold.fr\\\/news\\\/2012\\\/02\\\/11\\\/entree-en-exploitation-dune-nouvelle-mine-dor-au-congo-dici-la-fin-2012\\\/#article\",\"isPartOf\":{\"@id\":\"https:\\\/\\\/www.gold.fr\\\/news\\\/2012\\\/02\\\/11\\\/entree-en-exploitation-dune-nouvelle-mine-dor-au-congo-dici-la-fin-2012\\\/\"},\"author\":{\"name\":\"Comptoir National de l'Or\",\"@id\":\"https:\\\/\\\/www.gold.fr\\\/news\\\/#\\\/schema\\\/person\\\/070491b4b4fb7671bf59b3be20302ce9\"},\"headline\":\"Entr\u00e9e en exploitation d\u2019une nouvelle mine d\u2019or au Congo d&rsquo;ici la fin 2012\",\"datePublished\":\"2012-02-11T13:47:03+00:00\",\"dateModified\":\"2020-06-25T14:35:01+00:00\",\"mainEntityOfPage\":{\"@id\":\"https:\\\/\\\/www.gold.fr\\\/news\\\/2012\\\/02\\\/11\\\/entree-en-exploitation-dune-nouvelle-mine-dor-au-congo-dici-la-fin-2012\\\/\"},\"wordCount\":274,\"image\":{\"@id\":\"https:\\\/\\\/www.gold.fr\\\/news\\\/2012\\\/02\\\/11\\\/entree-en-exploitation-dune-nouvelle-mine-dor-au-congo-dici-la-fin-2012\\\/#primaryimage\"},\"thumbnailUrl\":\"https:\\\/\\\/www.gold.fr\\\/news\\\/wp-content\\\/uploads\\\/2012\\\/02\\\/mine-dor.jpg\",\"keywords\":[\"congo\",\"Or\",\"Tout Cours de l'Or\"],\"articleSection\":[\"Articles de presse\"],\"inLanguage\":\"fr-FR\"},{\"@type\":\"WebPage\",\"@id\":\"https:\\\/\\\/www.gold.fr\\\/news\\\/2012\\\/02\\\/11\\\/entree-en-exploitation-dune-nouvelle-mine-dor-au-congo-dici-la-fin-2012\\\/\",\"url\":\"https:\\\/\\\/www.gold.fr\\\/news\\\/2012\\\/02\\\/11\\\/entree-en-exploitation-dune-nouvelle-mine-dor-au-congo-dici-la-fin-2012\\\/\",\"name\":\"Entr\u00e9e en exploitation d\u2019une nouvelle mine d\u2019or au Congo d'ici la fin 2012 - Gold.fr\",\"isPartOf\":{\"@id\":\"https:\\\/\\\/www.gold.fr\\\/news\\\/#website\"},\"primaryImageOfPage\":{\"@id\":\"https:\\\/\\\/www.gold.fr\\\/news\\\/2012\\\/02\\\/11\\\/entree-en-exploitation-dune-nouvelle-mine-dor-au-congo-dici-la-fin-2012\\\/#primaryimage\"},\"image\":{\"@id\":\"https:\\\/\\\/www.gold.fr\\\/news\\\/2012\\\/02\\\/11\\\/entree-en-exploitation-dune-nouvelle-mine-dor-au-congo-dici-la-fin-2012\\\/#primaryimage\"},\"thumbnailUrl\":\"https:\\\/\\\/www.gold.fr\\\/news\\\/wp-content\\\/uploads\\\/2012\\\/02\\\/mine-dor.jpg\",\"datePublished\":\"2012-02-11T13:47:03+00:00\",\"dateModified\":\"2020-06-25T14:35:01+00:00\",\"author\":{\"@id\":\"https:\\\/\\\/www.gold.fr\\\/news\\\/#\\\/schema\\\/person\\\/070491b4b4fb7671bf59b3be20302ce9\"},\"description\":\"Apr\u00e8s s\u2019\u00eatre int\u00e9ress\u00e9s au Ghana, la C\u00f4te d\u2019Ivoire, le Mali, les deux principaux miniers, Entr\u00e9e d\u2019une nouvelle mine d\u2019or au Congo\",\"breadcrumb\":{\"@id\":\"https:\\\/\\\/www.gold.fr\\\/news\\\/2012\\\/02\\\/11\\\/entree-en-exploitation-dune-nouvelle-mine-dor-au-congo-dici-la-fin-2012\\\/#breadcrumb\"},\"inLanguage\":\"fr-FR\",\"potentialAction\":[{\"@type\":\"ReadAction\",\"target\":[\"https:\\\/\\\/www.gold.fr\\\/news\\\/2012\\\/02\\\/11\\\/entree-en-exploitation-dune-nouvelle-mine-dor-au-congo-dici-la-fin-2012\\\/\"]}]},{\"@type\":\"ImageObject\",\"inLanguage\":\"fr-FR\",\"@id\":\"https:\\\/\\\/www.gold.fr\\\/news\\\/2012\\\/02\\\/11\\\/entree-en-exploitation-dune-nouvelle-mine-dor-au-congo-dici-la-fin-2012\\\/#primaryimage\",\"url\":\"https:\\\/\\\/www.gold.fr\\\/news\\\/wp-content\\\/uploads\\\/2012\\\/02\\\/mine-dor.jpg\",\"contentUrl\":\"https:\\\/\\\/www.gold.fr\\\/news\\\/wp-content\\\/uploads\\\/2012\\\/02\\\/mine-dor.jpg\",\"width\":\"800\",\"height\":\"407\",\"caption\":\"mine-dor\"},{\"@type\":\"BreadcrumbList\",\"@id\":\"https:\\\/\\\/www.gold.fr\\\/news\\\/2012\\\/02\\\/11\\\/entree-en-exploitation-dune-nouvelle-mine-dor-au-congo-dici-la-fin-2012\\\/#breadcrumb\",\"itemListElement\":[{\"@type\":\"ListItem\",\"position\":1,\"name\":\"Accueil\",\"item\":\"https:\\\/\\\/www.gold.fr\\\/\"},{\"@type\":\"ListItem\",\"position\":2,\"name\":\"Actualit\u00e9s\",\"item\":\"https:\\\/\\\/www.gold.fr\\\/news\\\/\"},{\"@type\":\"ListItem\",\"position\":3,\"name\":\"Entr\u00e9e en exploitation d\u2019une nouvelle mine d\u2019or au Congo d&rsquo;ici la fin 2012\"}]},{\"@type\":\"WebSite\",\"@id\":\"https:\\\/\\\/www.gold.fr\\\/news\\\/#website\",\"url\":\"https:\\\/\\\/www.gold.fr\\\/news\\\/\",\"name\":\"Gold.fr\",\"description\":\"Actualit\u00e9s de l&#039;Or et des m\u00e9taux pr\u00e9cieux\",\"potentialAction\":[{\"@type\":\"SearchAction\",\"target\":{\"@type\":\"EntryPoint\",\"urlTemplate\":\"https:\\\/\\\/www.gold.fr\\\/news\\\/?s={search_term_string}\"},\"query-input\":{\"@type\":\"PropertyValueSpecification\",\"valueRequired\":true,\"valueName\":\"search_term_string\"}}],\"inLanguage\":\"fr-FR\"},{\"@type\":\"Person\",\"@id\":\"https:\\\/\\\/www.gold.fr\\\/news\\\/#\\\/schema\\\/person\\\/070491b4b4fb7671bf59b3be20302ce9\",\"name\":\"Comptoir National de l'Or\",\"image\":{\"@type\":\"ImageObject\",\"inLanguage\":\"fr-FR\",\"@id\":\"https:\\\/\\\/secure.gravatar.com\\\/avatar\\\/0a2867fd5abe37bed95d5a65e9d58f01756e11efc68af9888dfc50cfa7f65948?s=96&d=mm&r=gb490554db0a38188709de567aa58480d\",\"url\":\"https:\\\/\\\/secure.gravatar.com\\\/avatar\\\/0a2867fd5abe37bed95d5a65e9d58f01756e11efc68af9888dfc50cfa7f65948?s=96&d=mm&r=g\",\"contentUrl\":\"https:\\\/\\\/secure.gravatar.com\\\/avatar\\\/0a2867fd5abe37bed95d5a65e9d58f01756e11efc68af9888dfc50cfa7f65948?s=96&d=mm&r=g\",\"caption\":\"Comptoir National de l'Or\"},\"description\":\"Notre r\u00e9daction est constitu\u00e9e de membres experts dans les m\u00e9tiers de l'\u00e9conomie et la gestion, des Responsables d'agence Comptoir National de l'Or, des analystes financiers qui publient r\u00e9guli\u00e8rement des \u00e9tudes sur les politiques des banques centrales, le cours de l'or, prix de l'or, cours de l'argent, prix de l'argent, cours du platine, cours du palladium,... la situation en zone euro et l'impact de la strat\u00e9gie mon\u00e9taire de la FED. Notre \u00e9quipe scrute \u00e9galement une information plus g\u00e9n\u00e9raliste \u00e0 la recherche d'actualit\u00e9 \\\"p\u00e9pite\\\" \u00e0 vous partager. Depuis 5 ans, nous avons publi\u00e9 un peu plus de 4000 articles qui s'adressent \u00e0 un public large et vari\u00e9 ayant pour objectif de satisfaire votre curiosit\u00e9 et de partager avec vous une certaine fascination pour le m\u00e9tal jaune, le rachat d'or, et pour ceux qui veulent investir dans l'or, vendre leur or tout simplement en savoir plus... Pour tous vos achat or et argent, n'h\u00e9sitez pas \u00e0 prendre rendez-vous dans l'un de nos nombreux comptoirs.\",\"sameAs\":[\"https:\\\/\\\/www.gold.fr\"]}]}<\/script>\n<!-- \/ Yoast SEO plugin. -->","yoast_head_json":{"title":"Entr\u00e9e en exploitation d\u2019une nouvelle mine d\u2019or au Congo d'ici la fin 2012 - Gold.fr","description":"Apr\u00e8s s\u2019\u00eatre int\u00e9ress\u00e9s au Ghana, la C\u00f4te d\u2019Ivoire, le Mali, les deux principaux miniers, Entr\u00e9e d\u2019une nouvelle mine d\u2019or au Congo","robots":{"index":"index","follow":"follow","max-snippet":"max-snippet:-1","max-image-preview":"max-image-preview:large","max-video-preview":"max-video-preview:-1"},"canonical":"https:\/\/www.gold.fr\/news\/2012\/02\/11\/entree-en-exploitation-dune-nouvelle-mine-dor-au-congo-dici-la-fin-2012\/","og_locale":"fr_FR","og_type":"article","og_title":"Entr\u00e9e en exploitation d\u2019une nouvelle mine d\u2019or au Congo d'ici la fin 2012 - Gold.fr","og_description":"Apr\u00e8s s\u2019\u00eatre int\u00e9ress\u00e9s au Ghana, la C\u00f4te d\u2019Ivoire, le Mali, les deux principaux miniers, Entr\u00e9e d\u2019une nouvelle mine d\u2019or au Congo","og_url":"https:\/\/www.gold.fr\/news\/2012\/02\/11\/entree-en-exploitation-dune-nouvelle-mine-dor-au-congo-dici-la-fin-2012\/","og_site_name":"Gold.fr","article_publisher":"https:\/\/www.facebook.com\/Goldfr\/","article_published_time":"2012-02-11T13:47:03+00:00","article_modified_time":"2020-06-25T14:35:01+00:00","og_image":[{"width":800,"height":407,"url":"https:\/\/www.gold.fr\/news\/wp-content\/uploads\/2012\/02\/mine-dor.jpg","type":"image\/jpeg"}],"author":"Comptoir National de l'Or","twitter_card":"summary_large_image","twitter_misc":{"\u00c9crit par":"Comptoir National de l'Or","Dur\u00e9e de lecture estim\u00e9e":"1 minute"},"schema":{"@context":"https:\/\/schema.org","@graph":[{"@type":"Article","@id":"https:\/\/www.gold.fr\/news\/2012\/02\/11\/entree-en-exploitation-dune-nouvelle-mine-dor-au-congo-dici-la-fin-2012\/#article","isPartOf":{"@id":"https:\/\/www.gold.fr\/news\/2012\/02\/11\/entree-en-exploitation-dune-nouvelle-mine-dor-au-congo-dici-la-fin-2012\/"},"author":{"name":"Comptoir National de l'Or","@id":"https:\/\/www.gold.fr\/news\/#\/schema\/person\/070491b4b4fb7671bf59b3be20302ce9"},"headline":"Entr\u00e9e en exploitation d\u2019une nouvelle mine d\u2019or au Congo d&rsquo;ici la fin 2012","datePublished":"2012-02-11T13:47:03+00:00","dateModified":"2020-06-25T14:35:01+00:00","mainEntityOfPage":{"@id":"https:\/\/www.gold.fr\/news\/2012\/02\/11\/entree-en-exploitation-dune-nouvelle-mine-dor-au-congo-dici-la-fin-2012\/"},"wordCount":274,"image":{"@id":"https:\/\/www.gold.fr\/news\/2012\/02\/11\/entree-en-exploitation-dune-nouvelle-mine-dor-au-congo-dici-la-fin-2012\/#primaryimage"},"thumbnailUrl":"https:\/\/www.gold.fr\/news\/wp-content\/uploads\/2012\/02\/mine-dor.jpg","keywords":["congo","Or","Tout Cours de l'Or"],"articleSection":["Articles de presse"],"inLanguage":"fr-FR"},{"@type":"WebPage","@id":"https:\/\/www.gold.fr\/news\/2012\/02\/11\/entree-en-exploitation-dune-nouvelle-mine-dor-au-congo-dici-la-fin-2012\/","url":"https:\/\/www.gold.fr\/news\/2012\/02\/11\/entree-en-exploitation-dune-nouvelle-mine-dor-au-congo-dici-la-fin-2012\/","name":"Entr\u00e9e en exploitation d\u2019une nouvelle mine d\u2019or au Congo d'ici la fin 2012 - Gold.fr","isPartOf":{"@id":"https:\/\/www.gold.fr\/news\/#website"},"primaryImageOfPage":{"@id":"https:\/\/www.gold.fr\/news\/2012\/02\/11\/entree-en-exploitation-dune-nouvelle-mine-dor-au-congo-dici-la-fin-2012\/#primaryimage"},"image":{"@id":"https:\/\/www.gold.fr\/news\/2012\/02\/11\/entree-en-exploitation-dune-nouvelle-mine-dor-au-congo-dici-la-fin-2012\/#primaryimage"},"thumbnailUrl":"https:\/\/www.gold.fr\/news\/wp-content\/uploads\/2012\/02\/mine-dor.jpg","datePublished":"2012-02-11T13:47:03+00:00","dateModified":"2020-06-25T14:35:01+00:00","author":{"@id":"https:\/\/www.gold.fr\/news\/#\/schema\/person\/070491b4b4fb7671bf59b3be20302ce9"},"description":"Apr\u00e8s s\u2019\u00eatre int\u00e9ress\u00e9s au Ghana, la C\u00f4te d\u2019Ivoire, le Mali, les deux principaux miniers, Entr\u00e9e d\u2019une nouvelle mine d\u2019or au Congo","breadcrumb":{"@id":"https:\/\/www.gold.fr\/news\/2012\/02\/11\/entree-en-exploitation-dune-nouvelle-mine-dor-au-congo-dici-la-fin-2012\/#breadcrumb"},"inLanguage":"fr-FR","potentialAction":[{"@type":"ReadAction","target":["https:\/\/www.gold.fr\/news\/2012\/02\/11\/entree-en-exploitation-dune-nouvelle-mine-dor-au-congo-dici-la-fin-2012\/"]}]},{"@type":"ImageObject","inLanguage":"fr-FR","@id":"https:\/\/www.gold.fr\/news\/2012\/02\/11\/entree-en-exploitation-dune-nouvelle-mine-dor-au-congo-dici-la-fin-2012\/#primaryimage","url":"https:\/\/www.gold.fr\/news\/wp-content\/uploads\/2012\/02\/mine-dor.jpg","contentUrl":"https:\/\/www.gold.fr\/news\/wp-content\/uploads\/2012\/02\/mine-dor.jpg","width":"800","height":"407","caption":"mine-dor"},{"@type":"BreadcrumbList","@id":"https:\/\/www.gold.fr\/news\/2012\/02\/11\/entree-en-exploitation-dune-nouvelle-mine-dor-au-congo-dici-la-fin-2012\/#breadcrumb","itemListElement":[{"@type":"ListItem","position":1,"name":"Accueil","item":"https:\/\/www.gold.fr\/"},{"@type":"ListItem","position":2,"name":"Actualit\u00e9s","item":"https:\/\/www.gold.fr\/news\/"},{"@type":"ListItem","position":3,"name":"Entr\u00e9e en exploitation d\u2019une nouvelle mine d\u2019or au Congo d&rsquo;ici la fin 2012"}]},{"@type":"WebSite","@id":"https:\/\/www.gold.fr\/news\/#website","url":"https:\/\/www.gold.fr\/news\/","name":"Gold.fr","description":"Actualit\u00e9s de l&#039;Or et des m\u00e9taux pr\u00e9cieux","potentialAction":[{"@type":"SearchAction","target":{"@type":"EntryPoint","urlTemplate":"https:\/\/www.gold.fr\/news\/?s={search_term_string}"},"query-input":{"@type":"PropertyValueSpecification","valueRequired":true,"valueName":"search_term_string"}}],"inLanguage":"fr-FR"},{"@type":"Person","@id":"https:\/\/www.gold.fr\/news\/#\/schema\/person\/070491b4b4fb7671bf59b3be20302ce9","name":"Comptoir National de l'Or","image":{"@type":"ImageObject","inLanguage":"fr-FR","@id":"https:\/\/secure.gravatar.com\/avatar\/0a2867fd5abe37bed95d5a65e9d58f01756e11efc68af9888dfc50cfa7f65948?s=96&d=mm&r=gb490554db0a38188709de567aa58480d","url":"https:\/\/secure.gravatar.com\/avatar\/0a2867fd5abe37bed95d5a65e9d58f01756e11efc68af9888dfc50cfa7f65948?s=96&d=mm&r=g","contentUrl":"https:\/\/secure.gravatar.com\/avatar\/0a2867fd5abe37bed95d5a65e9d58f01756e11efc68af9888dfc50cfa7f65948?s=96&d=mm&r=g","caption":"Comptoir National de l'Or"},"description":"Notre r\u00e9daction est constitu\u00e9e de membres experts dans les m\u00e9tiers de l'\u00e9conomie et la gestion, des Responsables d'agence Comptoir National de l'Or, des analystes financiers qui publient r\u00e9guli\u00e8rement des \u00e9tudes sur les politiques des banques centrales, le cours de l'or, prix de l'or, cours de l'argent, prix de l'argent, cours du platine, cours du palladium,... la situation en zone euro et l'impact de la strat\u00e9gie mon\u00e9taire de la FED. Notre \u00e9quipe scrute \u00e9galement une information plus g\u00e9n\u00e9raliste \u00e0 la recherche d'actualit\u00e9 \"p\u00e9pite\" \u00e0 vous partager. Depuis 5 ans, nous avons publi\u00e9 un peu plus de 4000 articles qui s'adressent \u00e0 un public large et vari\u00e9 ayant pour objectif de satisfaire votre curiosit\u00e9 et de partager avec vous une certaine fascination pour le m\u00e9tal jaune, le rachat d'or, et pour ceux qui veulent investir dans l'or, vendre leur or tout simplement en savoir plus... Pour tous vos achat or et argent, n'h\u00e9sitez pas \u00e0 prendre rendez-vous dans l'un de nos nombreux comptoirs.","sameAs":["https:\/\/www.gold.fr"]}]}},"authors":[{"term_id":2565,"user_id":18,"is_guest":0,"slug":"julie","display_name":"Comptoir National de l'Or","avatar_url":"https:\/\/secure.gravatar.com\/avatar\/713f289e398d35ead876c4a4cc08607f0d6d266058cfc25683fffb6092d0e572?s=96&d=mm&r=g","0":null,"1":"","2":"","3":"","4":"","5":"","6":"","7":"","8":""}],"_links":{"self":[{"href":"https:\/\/www.gold.fr\/news\/wp-json\/wp\/v2\/posts\/5664","targetHints":{"allow":["GET"]}}],"collection":[{"href":"https:\/\/www.gold.fr\/news\/wp-json\/wp\/v2\/posts"}],"about":[{"href":"https:\/\/www.gold.fr\/news\/wp-json\/wp\/v2\/types\/post"}],"author":[{"embeddable":true,"href":"https:\/\/www.gold.fr\/news\/wp-json\/wp\/v2\/users\/18"}],"replies":[{"embeddable":true,"href":"https:\/\/www.gold.fr\/news\/wp-json\/wp\/v2\/comments?post=5664"}],"version-history":[{"count":0,"href":"https:\/\/www.gold.fr\/news\/wp-json\/wp\/v2\/posts\/5664\/revisions"}],"wp:featuredmedia":[{"embeddable":true,"href":"https:\/\/www.gold.fr\/news\/wp-json\/wp\/v2\/media\/5667"}],"wp:attachment":[{"href":"https:\/\/www.gold.fr\/news\/wp-json\/wp\/v2\/media?parent=5664"}],"wp:term":[{"taxonomy":"category","embeddable":true,"href":"https:\/\/www.gold.fr\/news\/wp-json\/wp\/v2\/categories?post=5664"},{"taxonomy":"post_tag","embeddable":true,"href":"https:\/\/www.gold.fr\/news\/wp-json\/wp\/v2\/tags?post=5664"},{"taxonomy":"author","embeddable":true,"href":"https:\/\/www.gold.fr\/news\/wp-json\/wp\/v2\/ppma_author?post=5664"}],"curies":[{"name":"wp","href":"https:\/\/api.w.org\/{rel}","templated":true}]}}