{"id":5557,"date":"2012-02-09T17:00:59","date_gmt":"2012-02-09T16:00:59","guid":{"rendered":"http:\/\/news.gold.fr\/?p=5557"},"modified":"2017-11-02T11:36:37","modified_gmt":"2017-11-02T10:36:37","slug":"hausse-du-cours-de-lor-demande-chinoise-en-cause","status":"publish","type":"post","link":"https:\/\/www.gold.fr\/news\/2012\/02\/09\/hausse-du-cours-de-lor-demande-chinoise-en-cause\/","title":{"rendered":"Hausse du cours de l&rsquo;Or: Demande Chinoise en cause"},"content":{"rendered":"<p style=\"text-align: justify; \"><img loading=\"lazy\" decoding=\"async\" title=\"nouvel-an-chinois\" width=\"150\" height=\"150\" class=\"alignleft size-thumbnail wp-image-5569\" vspace=\"5\" hspace=\"5\" border=\"1\" align=\"left\" alt=\"\" src=\"http:\/\/news.gold.fr\/wp-content\/uploads\/2012\/02\/nouvel-an-chinois-150x150.jpg\" \/><span style=\"font-size: small; \"><span style=\"font-family: Verdana; \"><span style=\"text-align: justify; \">Les professionnels de l&rsquo;&eacute;conomie de Natixis ont annonc&eacute; que la hausse du <\/span><\/span><\/span><span style=\"font-size: small; \"><span style=\"font-family: Verdana; \"><span style=\"text-align: justify; \"><a target=\"_blank\" title=\"Cours de l'Or\" href=\"https:\/\/www.gold.fr\/cours-prix-de-l-or\/\"><strong><a href='https:\/\/www.gold.fr\/news\/tags\/cours-de-lor' class='esk-seo-plu-link'>cours de l&rsquo;Or<\/a><\/strong><\/a>, &agrave; priori attribu&eacute; &agrave; la <\/span><\/span><\/span><span style=\"font-size: small; \"><span style=\"text-align: justify; \"><a target=\"_blank\" title=\"Demande Chinoise\" href=\"http:\/\/news.gold.fr\/2012\/02\/09\/le-cours-de-lor-continue-detre-appuye-par-les-pays-emergents\/5540\/\"><span style=\"font-family: Verdana; \">forte demande chinoise (f&ecirc;te du nouvel an) comme &eacute;voqu&eacute; ce matin<\/span><\/a><\/span><\/span><span style=\"font-size: small; \"><span style=\"font-family: Verdana; \"><span style=\"text-align: justify; \">, semble se confirmer.<\/span><\/span><\/span><\/p>\n<p style=\"text-align: justify; \"><span style=\"font-size: smaller; \"><span style=\"font-size: small; \"><span style=\"font-family: Verdana; \"> <\/span><\/span><\/span><\/p>\n<p style=\"text-align: justify; \"><span style=\"font-size: small; \"><span style=\"font-family: Verdana; \"><span style=\"text-align: justify; \">A P&eacute;kin, la commission du commerce a pr&eacute;cis&eacute; que pendant la semaine du nouvel an, <strong>les ventes d&rsquo;<a href='https:\/\/www.gold.fr\/news\/tags\/or' class='esk-seo-plu-link'>or<\/a> sont mont&eacute;es de pr&egrave;s de 50%<\/strong> en glissement annuel. Des statistiques provenant de la m&ecirc;me source pr&eacute;cisent que les<strong> importations d&rsquo;<a href='https:\/\/www.gold.fr\/news\/tags\/or' class='esk-seo-plu-link'>Or<\/a> d&rsquo;Inde<\/strong> se sont<strong> accrues de 20% en 2011 &agrave; 1224 tonnes<\/strong>.<\/span><\/span><\/span><\/p>\n<p style=\"text-align: justify; \"><span style=\"font-size: small; \"><span style=\"font-family: Verdana; \"><span style=\"text-align: justify; \">Pour mieux comprendre les fluctuations du march&eacute;, il est n&eacute;cessaire de savoir que la Chine et l&rsquo;Inde sont les deux principaux acheteurs d&rsquo;<a href='https:\/\/www.gold.fr\/news\/tags\/or' class='esk-seo-plu-link'>Or<\/a> au monde.&nbsp;<\/span><\/span><\/span><\/p>\n<p style=\"text-align: justify; \"><span style=\"font-size: small; \"><span style=\"font-family: Verdana; \"><span style=\"text-align: justify; \">Du c&ocirc;t&eacute; des ETF (fonds indiciels c&ocirc;t&eacute;s en bourse) aurif&egrave;res, t&eacute;moin ind&eacute;niable de l&rsquo;app&eacute;tit des investisseurs &laquo;&nbsp;longue dur&eacute;e&nbsp;&raquo; pour l&rsquo;<a href='https:\/\/www.gold.fr\/news\/tags\/or' class='esk-seo-plu-link'>Or<\/a>,&nbsp; une stabilit&eacute; dans les encours du SPDR Gold Shares am&eacute;ricain a &eacute;t&eacute; not&eacute;e &agrave; 1277.14 tonnes, <\/span><\/span><\/span><span style=\"font-family: Arial; \"><span style=\"font-size: smaller; \"><span style=\"text-align: justify; \"><a target=\"_blank\" title=\"cours de l'Or lundi 6 f&eacute;vrier\" href=\"http:\/\/news.gold.fr\/2012\/02\/06\/cours-de-lor-du-lundi-06-fevrier-2012\/5487\/\"><span style=\"font-size: small; \"><span style=\"font-family: Verdana; \">lundi 6 f&eacute;vrier<\/span><\/span><\/a><\/span><span style=\"font-size: small; \"><span style=\"font-family: Verdana; \"><span style=\"text-align: justify; \"> au soir.<\/span><\/span><\/span><\/span><\/span><font face=\"Verdana\" size=\"2\"><br \/>  <\/font><\/p>\n<!-- AddThis Advanced Settings generic via filter on the_content --><!-- AddThis Share Buttons generic via filter on the_content -->","protected":false},"excerpt":{"rendered":"<p>Les professionnels de l&rsquo;&eacute;conomie de Natixis ont annonc&eacute; que la hausse du cours de l&rsquo;Or, &agrave; priori attribu&eacute; &agrave; la forte demande chinoise (f&ecirc;te du nouvel an) comme &eacute;voqu&eacute; ce matin, semble se confirmer. A P&eacute;kin, [&hellip;]<\/p>\n","protected":false},"author":11,"featured_media":5569,"comment_status":"open","ping_status":"open","sticky":false,"template":"","format":"standard","meta":{"_mbp_gutenberg_autopost":false,"_pgmb_is_evergreen":false,"_pgmb_ap_template_id":0,"footnotes":""},"categories":[6],"tags":[146,120,84],"ppma_author":[2562],"class_list":["post-5557","post","type-post","status-publish","format-standard","has-post-thumbnail","hentry","category-articles-de-presse","tag-chine","tag-hausse-de-lor","tag-cours-de-lor"],"yoast_head":"<!-- This site is optimized with the Yoast SEO plugin v27.5 - https:\/\/yoast.com\/product\/yoast-seo-wordpress\/ -->\n<title>Hausse du cours de l&#039;Or: Demande Chinoise en cause - Gold.fr<\/title>\n<meta name=\"robots\" content=\"index, follow, max-snippet:-1, max-image-preview:large, max-video-preview:-1\" \/>\n<link rel=\"canonical\" href=\"https:\/\/www.gold.fr\/news\/2012\/02\/09\/hausse-du-cours-de-lor-demande-chinoise-en-cause\/\" \/>\n<meta property=\"og:locale\" content=\"fr_FR\" \/>\n<meta property=\"og:type\" content=\"article\" \/>\n<meta property=\"og:title\" content=\"Hausse du cours de l&#039;Or: Demande Chinoise en cause - Gold.fr\" \/>\n<meta property=\"og:description\" content=\"Les professionnels de l&rsquo;&eacute;conomie de Natixis ont annonc&eacute; que la hausse du cours de l&rsquo;Or, &agrave; priori attribu&eacute; &agrave; la forte demande chinoise (f&ecirc;te du nouvel an) comme &eacute;voqu&eacute; ce matin, semble se confirmer. A P&eacute;kin, [&hellip;]\" \/>\n<meta property=\"og:url\" content=\"https:\/\/www.gold.fr\/news\/2012\/02\/09\/hausse-du-cours-de-lor-demande-chinoise-en-cause\/\" \/>\n<meta property=\"og:site_name\" content=\"Gold.fr\" \/>\n<meta property=\"article:publisher\" content=\"https:\/\/www.facebook.com\/Goldfr\/\" \/>\n<meta property=\"article:published_time\" content=\"2012-02-09T16:00:59+00:00\" \/>\n<meta property=\"article:modified_time\" content=\"2017-11-02T10:36:37+00:00\" \/>\n<meta property=\"og:image\" content=\"https:\/\/www.gold.fr\/news\/wp-content\/uploads\/2012\/02\/nouvel-an-chinois.jpg\" \/>\n\t<meta property=\"og:image:width\" content=\"600\" \/>\n\t<meta property=\"og:image:height\" content=\"400\" \/>\n\t<meta property=\"og:image:type\" content=\"image\/jpeg\" \/>\n<meta name=\"author\" content=\"Anthony\" \/>\n<meta name=\"twitter:card\" content=\"summary_large_image\" \/>\n<meta name=\"twitter:label1\" content=\"\u00c9crit par\" \/>\n\t<meta name=\"twitter:data1\" content=\"Anthony\" \/>\n\t<meta name=\"twitter:label2\" content=\"Dur\u00e9e de lecture estim\u00e9e\" \/>\n\t<meta name=\"twitter:data2\" content=\"1 minute\" \/>\n<script type=\"application\/ld+json\" class=\"yoast-schema-graph\">{\"@context\":\"https:\\\/\\\/schema.org\",\"@graph\":[{\"@type\":\"Article\",\"@id\":\"https:\\\/\\\/www.gold.fr\\\/news\\\/2012\\\/02\\\/09\\\/hausse-du-cours-de-lor-demande-chinoise-en-cause\\\/#article\",\"isPartOf\":{\"@id\":\"https:\\\/\\\/www.gold.fr\\\/news\\\/2012\\\/02\\\/09\\\/hausse-du-cours-de-lor-demande-chinoise-en-cause\\\/\"},\"author\":{\"name\":\"Anthony\",\"@id\":\"https:\\\/\\\/www.gold.fr\\\/news\\\/#\\\/schema\\\/person\\\/feb6458ffd7bceeeb4e228398c34fbe5\"},\"headline\":\"Hausse du cours de l&rsquo;Or: Demande Chinoise en cause\",\"datePublished\":\"2012-02-09T16:00:59+00:00\",\"dateModified\":\"2017-11-02T10:36:37+00:00\",\"mainEntityOfPage\":{\"@id\":\"https:\\\/\\\/www.gold.fr\\\/news\\\/2012\\\/02\\\/09\\\/hausse-du-cours-de-lor-demande-chinoise-en-cause\\\/\"},\"wordCount\":226,\"commentCount\":1,\"image\":{\"@id\":\"https:\\\/\\\/www.gold.fr\\\/news\\\/2012\\\/02\\\/09\\\/hausse-du-cours-de-lor-demande-chinoise-en-cause\\\/#primaryimage\"},\"thumbnailUrl\":\"https:\\\/\\\/www.gold.fr\\\/news\\\/wp-content\\\/uploads\\\/2012\\\/02\\\/nouvel-an-chinois.jpg\",\"keywords\":[\"chine\",\"hausse de l'or\",\"Tout Cours de l'Or\"],\"articleSection\":[\"Articles de presse\"],\"inLanguage\":\"fr-FR\"},{\"@type\":\"WebPage\",\"@id\":\"https:\\\/\\\/www.gold.fr\\\/news\\\/2012\\\/02\\\/09\\\/hausse-du-cours-de-lor-demande-chinoise-en-cause\\\/\",\"url\":\"https:\\\/\\\/www.gold.fr\\\/news\\\/2012\\\/02\\\/09\\\/hausse-du-cours-de-lor-demande-chinoise-en-cause\\\/\",\"name\":\"Hausse du cours de l'Or: Demande Chinoise en cause - Gold.fr\",\"isPartOf\":{\"@id\":\"https:\\\/\\\/www.gold.fr\\\/news\\\/#website\"},\"primaryImageOfPage\":{\"@id\":\"https:\\\/\\\/www.gold.fr\\\/news\\\/2012\\\/02\\\/09\\\/hausse-du-cours-de-lor-demande-chinoise-en-cause\\\/#primaryimage\"},\"image\":{\"@id\":\"https:\\\/\\\/www.gold.fr\\\/news\\\/2012\\\/02\\\/09\\\/hausse-du-cours-de-lor-demande-chinoise-en-cause\\\/#primaryimage\"},\"thumbnailUrl\":\"https:\\\/\\\/www.gold.fr\\\/news\\\/wp-content\\\/uploads\\\/2012\\\/02\\\/nouvel-an-chinois.jpg\",\"datePublished\":\"2012-02-09T16:00:59+00:00\",\"dateModified\":\"2017-11-02T10:36:37+00:00\",\"author\":{\"@id\":\"https:\\\/\\\/www.gold.fr\\\/news\\\/#\\\/schema\\\/person\\\/feb6458ffd7bceeeb4e228398c34fbe5\"},\"breadcrumb\":{\"@id\":\"https:\\\/\\\/www.gold.fr\\\/news\\\/2012\\\/02\\\/09\\\/hausse-du-cours-de-lor-demande-chinoise-en-cause\\\/#breadcrumb\"},\"inLanguage\":\"fr-FR\",\"potentialAction\":[{\"@type\":\"ReadAction\",\"target\":[\"https:\\\/\\\/www.gold.fr\\\/news\\\/2012\\\/02\\\/09\\\/hausse-du-cours-de-lor-demande-chinoise-en-cause\\\/\"]}]},{\"@type\":\"ImageObject\",\"inLanguage\":\"fr-FR\",\"@id\":\"https:\\\/\\\/www.gold.fr\\\/news\\\/2012\\\/02\\\/09\\\/hausse-du-cours-de-lor-demande-chinoise-en-cause\\\/#primaryimage\",\"url\":\"https:\\\/\\\/www.gold.fr\\\/news\\\/wp-content\\\/uploads\\\/2012\\\/02\\\/nouvel-an-chinois.jpg\",\"contentUrl\":\"https:\\\/\\\/www.gold.fr\\\/news\\\/wp-content\\\/uploads\\\/2012\\\/02\\\/nouvel-an-chinois.jpg\",\"width\":\"600\",\"height\":\"400\",\"caption\":\"nouvel-an-chinois\"},{\"@type\":\"BreadcrumbList\",\"@id\":\"https:\\\/\\\/www.gold.fr\\\/news\\\/2012\\\/02\\\/09\\\/hausse-du-cours-de-lor-demande-chinoise-en-cause\\\/#breadcrumb\",\"itemListElement\":[{\"@type\":\"ListItem\",\"position\":1,\"name\":\"Accueil\",\"item\":\"https:\\\/\\\/www.gold.fr\\\/\"},{\"@type\":\"ListItem\",\"position\":2,\"name\":\"Actualit\u00e9s\",\"item\":\"https:\\\/\\\/www.gold.fr\\\/news\\\/\"},{\"@type\":\"ListItem\",\"position\":3,\"name\":\"Hausse du cours de l&rsquo;Or: Demande Chinoise en cause\"}]},{\"@type\":\"WebSite\",\"@id\":\"https:\\\/\\\/www.gold.fr\\\/news\\\/#website\",\"url\":\"https:\\\/\\\/www.gold.fr\\\/news\\\/\",\"name\":\"Gold.fr\",\"description\":\"Actualit\u00e9s de l&#039;Or et des m\u00e9taux pr\u00e9cieux\",\"potentialAction\":[{\"@type\":\"SearchAction\",\"target\":{\"@type\":\"EntryPoint\",\"urlTemplate\":\"https:\\\/\\\/www.gold.fr\\\/news\\\/?s={search_term_string}\"},\"query-input\":{\"@type\":\"PropertyValueSpecification\",\"valueRequired\":true,\"valueName\":\"search_term_string\"}}],\"inLanguage\":\"fr-FR\"},{\"@type\":\"Person\",\"@id\":\"https:\\\/\\\/www.gold.fr\\\/news\\\/#\\\/schema\\\/person\\\/feb6458ffd7bceeeb4e228398c34fbe5\",\"name\":\"Anthony\",\"image\":{\"@type\":\"ImageObject\",\"inLanguage\":\"fr-FR\",\"@id\":\"https:\\\/\\\/secure.gravatar.com\\\/avatar\\\/19974f7c75da5f0b217374f3a37eb05031e41aaad4ceb3fe17ada2ab3daf6b95?s=96&d=mm&r=gbc5324aff3d366843e00df00c899c1a8\",\"url\":\"https:\\\/\\\/secure.gravatar.com\\\/avatar\\\/19974f7c75da5f0b217374f3a37eb05031e41aaad4ceb3fe17ada2ab3daf6b95?s=96&d=mm&r=g\",\"contentUrl\":\"https:\\\/\\\/secure.gravatar.com\\\/avatar\\\/19974f7c75da5f0b217374f3a37eb05031e41aaad4ceb3fe17ada2ab3daf6b95?s=96&d=mm&r=g\",\"caption\":\"Anthony\"},\"description\":\"Notre r\u00e9daction est constitu\u00e9e de membres experts dans les m\u00e9tiers de l'\u00e9conomie et la gestion, des Responsables d'agence Comptoir National de l'Or, des analystes financiers qui publient r\u00e9guli\u00e8rement des \u00e9tudes sur les politiques des banques centrales, le cours de l'or, le cours de l'argent, cours du platine, cours du palladium... la situation en zone euro et l'impact de la strat\u00e9gie mon\u00e9taire de la FED. Notre \u00e9quipe scrute \u00e9galement une information plus g\u00e9n\u00e9raliste \u00e0 la recherche d'actualit\u00e9 \\\"p\u00e9pite\\\" \u00e0 vous partager. Depuis 5 ans, nous avons publi\u00e9 un peu plus de 4000 articles qui s'adressent \u00e0 un public large et vari\u00e9 ayant pour objectif de satisfaire votre curiosit\u00e9 et de partager avec vous une certaine fascination pour le m\u00e9tal jaune, pour ceux qui veulent investir dans l'or, vendre leur or tout simplement en savoir plus...\",\"sameAs\":[\"https:\\\/\\\/www.gold.fr\\\/news\"]}]}<\/script>\n<!-- \/ Yoast SEO plugin. -->","yoast_head_json":{"title":"Hausse du cours de l'Or: Demande Chinoise en cause - Gold.fr","robots":{"index":"index","follow":"follow","max-snippet":"max-snippet:-1","max-image-preview":"max-image-preview:large","max-video-preview":"max-video-preview:-1"},"canonical":"https:\/\/www.gold.fr\/news\/2012\/02\/09\/hausse-du-cours-de-lor-demande-chinoise-en-cause\/","og_locale":"fr_FR","og_type":"article","og_title":"Hausse du cours de l'Or: Demande Chinoise en cause - Gold.fr","og_description":"Les professionnels de l&rsquo;&eacute;conomie de Natixis ont annonc&eacute; que la hausse du cours de l&rsquo;Or, &agrave; priori attribu&eacute; &agrave; la forte demande chinoise (f&ecirc;te du nouvel an) comme &eacute;voqu&eacute; ce matin, semble se confirmer. A P&eacute;kin, [&hellip;]","og_url":"https:\/\/www.gold.fr\/news\/2012\/02\/09\/hausse-du-cours-de-lor-demande-chinoise-en-cause\/","og_site_name":"Gold.fr","article_publisher":"https:\/\/www.facebook.com\/Goldfr\/","article_published_time":"2012-02-09T16:00:59+00:00","article_modified_time":"2017-11-02T10:36:37+00:00","og_image":[{"width":600,"height":400,"url":"https:\/\/www.gold.fr\/news\/wp-content\/uploads\/2012\/02\/nouvel-an-chinois.jpg","type":"image\/jpeg"}],"author":"Anthony","twitter_card":"summary_large_image","twitter_misc":{"\u00c9crit par":"Anthony","Dur\u00e9e de lecture estim\u00e9e":"1 minute"},"schema":{"@context":"https:\/\/schema.org","@graph":[{"@type":"Article","@id":"https:\/\/www.gold.fr\/news\/2012\/02\/09\/hausse-du-cours-de-lor-demande-chinoise-en-cause\/#article","isPartOf":{"@id":"https:\/\/www.gold.fr\/news\/2012\/02\/09\/hausse-du-cours-de-lor-demande-chinoise-en-cause\/"},"author":{"name":"Anthony","@id":"https:\/\/www.gold.fr\/news\/#\/schema\/person\/feb6458ffd7bceeeb4e228398c34fbe5"},"headline":"Hausse du cours de l&rsquo;Or: Demande Chinoise en cause","datePublished":"2012-02-09T16:00:59+00:00","dateModified":"2017-11-02T10:36:37+00:00","mainEntityOfPage":{"@id":"https:\/\/www.gold.fr\/news\/2012\/02\/09\/hausse-du-cours-de-lor-demande-chinoise-en-cause\/"},"wordCount":226,"commentCount":1,"image":{"@id":"https:\/\/www.gold.fr\/news\/2012\/02\/09\/hausse-du-cours-de-lor-demande-chinoise-en-cause\/#primaryimage"},"thumbnailUrl":"https:\/\/www.gold.fr\/news\/wp-content\/uploads\/2012\/02\/nouvel-an-chinois.jpg","keywords":["chine","hausse de l'or","Tout Cours de l'Or"],"articleSection":["Articles de presse"],"inLanguage":"fr-FR"},{"@type":"WebPage","@id":"https:\/\/www.gold.fr\/news\/2012\/02\/09\/hausse-du-cours-de-lor-demande-chinoise-en-cause\/","url":"https:\/\/www.gold.fr\/news\/2012\/02\/09\/hausse-du-cours-de-lor-demande-chinoise-en-cause\/","name":"Hausse du cours de l'Or: Demande Chinoise en cause - Gold.fr","isPartOf":{"@id":"https:\/\/www.gold.fr\/news\/#website"},"primaryImageOfPage":{"@id":"https:\/\/www.gold.fr\/news\/2012\/02\/09\/hausse-du-cours-de-lor-demande-chinoise-en-cause\/#primaryimage"},"image":{"@id":"https:\/\/www.gold.fr\/news\/2012\/02\/09\/hausse-du-cours-de-lor-demande-chinoise-en-cause\/#primaryimage"},"thumbnailUrl":"https:\/\/www.gold.fr\/news\/wp-content\/uploads\/2012\/02\/nouvel-an-chinois.jpg","datePublished":"2012-02-09T16:00:59+00:00","dateModified":"2017-11-02T10:36:37+00:00","author":{"@id":"https:\/\/www.gold.fr\/news\/#\/schema\/person\/feb6458ffd7bceeeb4e228398c34fbe5"},"breadcrumb":{"@id":"https:\/\/www.gold.fr\/news\/2012\/02\/09\/hausse-du-cours-de-lor-demande-chinoise-en-cause\/#breadcrumb"},"inLanguage":"fr-FR","potentialAction":[{"@type":"ReadAction","target":["https:\/\/www.gold.fr\/news\/2012\/02\/09\/hausse-du-cours-de-lor-demande-chinoise-en-cause\/"]}]},{"@type":"ImageObject","inLanguage":"fr-FR","@id":"https:\/\/www.gold.fr\/news\/2012\/02\/09\/hausse-du-cours-de-lor-demande-chinoise-en-cause\/#primaryimage","url":"https:\/\/www.gold.fr\/news\/wp-content\/uploads\/2012\/02\/nouvel-an-chinois.jpg","contentUrl":"https:\/\/www.gold.fr\/news\/wp-content\/uploads\/2012\/02\/nouvel-an-chinois.jpg","width":"600","height":"400","caption":"nouvel-an-chinois"},{"@type":"BreadcrumbList","@id":"https:\/\/www.gold.fr\/news\/2012\/02\/09\/hausse-du-cours-de-lor-demande-chinoise-en-cause\/#breadcrumb","itemListElement":[{"@type":"ListItem","position":1,"name":"Accueil","item":"https:\/\/www.gold.fr\/"},{"@type":"ListItem","position":2,"name":"Actualit\u00e9s","item":"https:\/\/www.gold.fr\/news\/"},{"@type":"ListItem","position":3,"name":"Hausse du cours de l&rsquo;Or: Demande Chinoise en cause"}]},{"@type":"WebSite","@id":"https:\/\/www.gold.fr\/news\/#website","url":"https:\/\/www.gold.fr\/news\/","name":"Gold.fr","description":"Actualit\u00e9s de l&#039;Or et des m\u00e9taux pr\u00e9cieux","potentialAction":[{"@type":"SearchAction","target":{"@type":"EntryPoint","urlTemplate":"https:\/\/www.gold.fr\/news\/?s={search_term_string}"},"query-input":{"@type":"PropertyValueSpecification","valueRequired":true,"valueName":"search_term_string"}}],"inLanguage":"fr-FR"},{"@type":"Person","@id":"https:\/\/www.gold.fr\/news\/#\/schema\/person\/feb6458ffd7bceeeb4e228398c34fbe5","name":"Anthony","image":{"@type":"ImageObject","inLanguage":"fr-FR","@id":"https:\/\/secure.gravatar.com\/avatar\/19974f7c75da5f0b217374f3a37eb05031e41aaad4ceb3fe17ada2ab3daf6b95?s=96&d=mm&r=gbc5324aff3d366843e00df00c899c1a8","url":"https:\/\/secure.gravatar.com\/avatar\/19974f7c75da5f0b217374f3a37eb05031e41aaad4ceb3fe17ada2ab3daf6b95?s=96&d=mm&r=g","contentUrl":"https:\/\/secure.gravatar.com\/avatar\/19974f7c75da5f0b217374f3a37eb05031e41aaad4ceb3fe17ada2ab3daf6b95?s=96&d=mm&r=g","caption":"Anthony"},"description":"Notre r\u00e9daction est constitu\u00e9e de membres experts dans les m\u00e9tiers de l'\u00e9conomie et la gestion, des Responsables d'agence Comptoir National de l'Or, des analystes financiers qui publient r\u00e9guli\u00e8rement des \u00e9tudes sur les politiques des banques centrales, le cours de l'or, le cours de l'argent, cours du platine, cours du palladium... la situation en zone euro et l'impact de la strat\u00e9gie mon\u00e9taire de la FED. Notre \u00e9quipe scrute \u00e9galement une information plus g\u00e9n\u00e9raliste \u00e0 la recherche d'actualit\u00e9 \"p\u00e9pite\" \u00e0 vous partager. Depuis 5 ans, nous avons publi\u00e9 un peu plus de 4000 articles qui s'adressent \u00e0 un public large et vari\u00e9 ayant pour objectif de satisfaire votre curiosit\u00e9 et de partager avec vous une certaine fascination pour le m\u00e9tal jaune, pour ceux qui veulent investir dans l'or, vendre leur or tout simplement en savoir plus...","sameAs":["https:\/\/www.gold.fr\/news"]}]}},"authors":[{"term_id":2562,"user_id":11,"is_guest":0,"slug":"anthony","display_name":"Anthony","avatar_url":"https:\/\/secure.gravatar.com\/avatar\/19974f7c75da5f0b217374f3a37eb05031e41aaad4ceb3fe17ada2ab3daf6b95?s=96&d=mm&r=g","0":null,"1":"","2":"","3":"","4":"","5":"","6":"","7":"","8":""}],"_links":{"self":[{"href":"https:\/\/www.gold.fr\/news\/wp-json\/wp\/v2\/posts\/5557","targetHints":{"allow":["GET"]}}],"collection":[{"href":"https:\/\/www.gold.fr\/news\/wp-json\/wp\/v2\/posts"}],"about":[{"href":"https:\/\/www.gold.fr\/news\/wp-json\/wp\/v2\/types\/post"}],"author":[{"embeddable":true,"href":"https:\/\/www.gold.fr\/news\/wp-json\/wp\/v2\/users\/11"}],"replies":[{"embeddable":true,"href":"https:\/\/www.gold.fr\/news\/wp-json\/wp\/v2\/comments?post=5557"}],"version-history":[{"count":0,"href":"https:\/\/www.gold.fr\/news\/wp-json\/wp\/v2\/posts\/5557\/revisions"}],"wp:featuredmedia":[{"embeddable":true,"href":"https:\/\/www.gold.fr\/news\/wp-json\/wp\/v2\/media\/5569"}],"wp:attachment":[{"href":"https:\/\/www.gold.fr\/news\/wp-json\/wp\/v2\/media?parent=5557"}],"wp:term":[{"taxonomy":"category","embeddable":true,"href":"https:\/\/www.gold.fr\/news\/wp-json\/wp\/v2\/categories?post=5557"},{"taxonomy":"post_tag","embeddable":true,"href":"https:\/\/www.gold.fr\/news\/wp-json\/wp\/v2\/tags?post=5557"},{"taxonomy":"author","embeddable":true,"href":"https:\/\/www.gold.fr\/news\/wp-json\/wp\/v2\/ppma_author?post=5557"}],"curies":[{"name":"wp","href":"https:\/\/api.w.org\/{rel}","templated":true}]}}